{"id":38076,"date":"2017-03-16T14:29:15","date_gmt":"2017-03-16T13:29:15","guid":{"rendered":"http:\/\/likemetkovic.hr\/?p=38076"},"modified":"2017-03-23T09:05:38","modified_gmt":"2017-03-23T08:05:38","slug":"rodeni-metkovac-istaknuti-hdzovac-zaposlen-hp-nakon-sto-uzeo-veliku-otpremninu","status":"publish","type":"post","link":"https:\/\/likemetkovic.hr\/portal\/rodeni-metkovac-istaknuti-hdzovac-zaposlen-hp-nakon-sto-uzeo-veliku-otpremninu\/","title":{"rendered":"Ro\u0111eni Metkovac i istaknuti HDZ-ovac ponovo zaposlen u HP nakon \u0161to je uzeo veliku otpremninu!"},"content":{"rendered":"<p><strong>Mario Bebi\u0107<\/strong> (HDZ), biv\u0161i pomo\u0107nik ministrice rada i mirovinskog sustava Nade \u0160iki\u0107 i sada\u0161njeg ministra Tomislava \u0106ori\u0107a, nakon \u0161to ga je Vlada <strong>Andreja Plenkovi\u0107<\/strong>a 12. sije\u010dnja razrije\u0161ila du\u017enosti, zaposlio se na direktorskom mjestu u dr\u017eavnoj tvrtki HP \u2013 Hrvatska po\u0161ta javlja<a href=\"http:\/\/www.telegram.hr\/politika-kriminal\/otkrili-smo-da-je-ovaj-gospodin-iz-hdz-a-novi-direktor-u-hrvatskoj-posti-sto-ne-bi-bila-neka-vijest-da-tamo-vec-nije-dobio-otkaz-i-otpremninu\/\"><strong> telegram.hr<\/strong><\/a>.<br \/>\nTa vijest ne bi bila vrijedna pa\u017enje da Bebi\u0107, kao direktor, ve\u0107 nije radio u Hrvatskoj po\u0161ti i da mu na odlasku nije ispla\u0107ena pristojna otpremnina. Telegramu je potvr\u0111eno da se Mario Bebi\u0107 pro\u0161loga mjeseca zaposlio u Hrvatskoj po\u0161ti na mjestu izvr\u0161nog direktora Divizije mre\u017ea.<br \/>\nPrimljen je bez natje\u010daja, \u0161to je, tvrdi <strong>Jo Kempen<\/strong>, direktorica Ureda za korporativne komunikacije, posve legitimno jer ta dr\u017eavna tvrtka nije obveznik raspisivanja natje\u010daja, s obzirom da \u201dkontinuirano posluje s rizikom pronalaska menad\u017eerskog kadra\u201d i s obzirom na ograni\u010dene pla\u0107e. Zato je, tvrde u Hrvatskoj po\u0161ti, Bebi\u0107u ponu\u0111eno zaposlenje, pa je on nakon razrje\u0161enje u Vladi, do\u0161ao u tu dr\u017eavnu tvrtku.<br \/>\n\u0160est neto pla\u0107a u iznosu 114.318 kuna<br \/>\nMario Bebi\u0107 razrije\u0161en je s mjesta izvr\u0161nog direktora Ureda za upravljanje ljudskim resursima u svibnju 2012. godine, odlukom tada\u0161nje Uprave HP- Hrvatske po\u0161te d.d., nakon \u0161to je tri godine obavljao taj posao. Izglasano mu je nepovjerenje, a s obzirom da je imao takav ugovor, Hrvatska po\u0161ta isplatila mu je otpremninu. Dobio je \u0161est neto pla\u0107a u ukupnom iznosu od 114.318,85 kuna.<br \/>\nNo, to nije bila zapreka da se u velja\u010di ove godine ponovno vrati u Hrvatsku po\u0161tu. \u0160tovi\u0161e, u HP-u ka\u017eu kako je to \u201dna sre\u0107u poslodavca\u201d, s obzirom da Bebi\u0107, kako tvrde, \u201dizuzetno dobro poznaje sustav poslovanja tvrtke, te je svojim prija\u0161njim radom uvelike pridonio poslovanju i najve\u0107oj transformaciji tvrtke koja je opstala na tr\u017ei\u0161tu\u201d. Nejasno je, onda, kako ga je pored takvih kvaliteta biv\u0161a uprava Hrvatske po\u0161te razrije\u0161ila.<br \/>\nSada u Hrvatskoj po\u0161ti ne kriju zadovoljstvo njegovim povratkom jer, ka\u017ee Jo Kempen direktorica Ureda za korporativne komunikacije, \u201dnjegovo zaposlenje u HP \u2013 Hrvatskoj po\u0161ti zna\u010di osna\u017eivanje tima i poslovanja, a specifi\u010dno i ostvarenje potencijala sna\u017enijeg poslovanja po\u0161tanskih ureda\u201d.<br \/>\nOvaj Metkovac (osnovnu i srednju \u0161kolu zavr\u0161io je u Metkovi\u0107u) ima zanimljivu karijeru. U Ministarstvo rada i mirovinskog sustava, za kratkotrajne Vlade<strong> Tihomira Ore\u0161kovi\u0107a<\/strong>, do\u0161ao je iz Hrvatske demokratske zajednice. U toj je stranci radio godinu dana. Kako stoji u njegovoj imovinskoj kartici, zaposlenje u HDZ-u, na mjestu zamjenika voditelja odjela, trajalo je od 20. velja\u010de 2015. do odlaska u spomenuto ministarstvo.<br \/>\nBebi\u0107, po struci psiholog, nije neva\u017ena osoba u HDZ-u. Osim \u0161to je godinu dana profesionalno radio u toj stranci, <strong>Mario Bebi\u0107<\/strong>, u vrijeme dok je na \u010delu HDZ-a bio<strong> Tomislav Karamarko<\/strong>, bio je jedan od njegovih savjetnika na parlamentarnim izborima 2013. godine.<br \/>\nNjegovih savjetni\u010dkih usluga nije se odrekao ni premijer i sada\u0161nji predsjednik HDZ-a, <strong>Andrej Plenkovi\u0107<\/strong>. On ga je, kako je nedavno objavio T-portal, izabrao u uski krug svojih savjetnika za lokalne izbore u svibnju.<br \/>\nMario Bebi\u0107 u\u017eiva i sna\u017enu potporu Kaptola: bio je dugogodi\u0161nji \u0161ef Caritasa u Zadru, a jedno vrijeme obna\u0161ao je i du\u017enost ravnatelja hrvatskog Caritasa.<\/p>\n<p><span style=\"color: #999999;\"><em>Foto: zadarski.hr<\/em><\/span><\/p>\n","protected":false},"excerpt":{"rendered":"<p>Mario Bebi\u0107 (HDZ), biv\u0161i pomo\u0107nik ministrice rada i mirovinskog sustava Nade \u0160iki\u0107 i sada\u0161njeg ministra Tomislava \u0106ori\u0107a, nakon \u0161to ga je Vlada Andreja Plenkovi\u0107a 12. sije\u010dnja razrije\u0161ila du\u017enosti, zaposlio se na direktorskom mjestu u dr\u017eavnoj tvrtki HP \u2013 Hrvatska po\u0161ta javlja telegram.hr. Ta vijest ne bi bila vrijedna pa\u017enje da Bebi\u0107, kao direktor, ve\u0107 nije [&hellip;]<\/p>\n","protected":false},"author":7,"featured_media":38077,"comment_status":"open","ping_status":"open","sticky":false,"template":"","format":"standard","meta":{"footnotes":""},"categories":[296,290],"tags":[415,488],"class_list":{"0":"post-38076","1":"post","2":"type-post","3":"status-publish","4":"format-standard","5":"has-post-thumbnail","7":"category-ab","8":"category-politika","9":"tag-hdz","10":"tag-mario-bebic"},"yoast_head":"<!-- This site is optimized with the Yoast SEO plugin v25.2 - https:\/\/yoast.com\/wordpress\/plugins\/seo\/ -->\n<title>Ro\u0111eni Metkovac i istaknuti HDZ-ovac ponovo zaposlen u HP nakon \u0161to je uzeo veliku otpremninu! - likemetkovic.hr<\/title>\n<meta name=\"robots\" content=\"index, follow, max-snippet:-1, max-image-preview:large, max-video-preview:-1\" \/>\n<link rel=\"canonical\" href=\"https:\/\/likemetkovic.hr\/rodeni-metkovac-istaknuti-hdzovac-zaposlen-hp-nakon-sto-uzeo-veliku-otpremninu\/\" \/>\n<meta property=\"og:locale\" content=\"hr_HR\" \/>\n<meta property=\"og:type\" content=\"article\" \/>\n<meta property=\"og:title\" content=\"Ro\u0111eni Metkovac i istaknuti HDZ-ovac ponovo zaposlen u HP nakon \u0161to je uzeo veliku otpremninu! - likemetkovic.hr\" \/>\n<meta property=\"og:description\" content=\"Mario Bebi\u0107 (HDZ), biv\u0161i pomo\u0107nik ministrice rada i mirovinskog sustava Nade \u0160iki\u0107 i sada\u0161njeg ministra Tomislava \u0106ori\u0107a, nakon \u0161to ga je Vlada Andreja Plenkovi\u0107a 12. sije\u010dnja razrije\u0161ila du\u017enosti, zaposlio se na direktorskom mjestu u dr\u017eavnoj tvrtki HP \u2013 Hrvatska po\u0161ta javlja telegram.hr. Ta vijest ne bi bila vrijedna pa\u017enje da Bebi\u0107, kao direktor, ve\u0107 nije [&hellip;]\" \/>\n<meta property=\"og:url\" content=\"https:\/\/likemetkovic.hr\/rodeni-metkovac-istaknuti-hdzovac-zaposlen-hp-nakon-sto-uzeo-veliku-otpremninu\/\" \/>\n<meta property=\"og:site_name\" content=\"likemetkovic.hr\" \/>\n<meta property=\"article:publisher\" content=\"https:\/\/www.facebook.com\/likemetkovic.hr\/\" \/>\n<meta property=\"article:published_time\" content=\"2017-03-16T13:29:15+00:00\" \/>\n<meta property=\"article:modified_time\" content=\"2017-03-23T08:05:38+00:00\" \/>\n<meta property=\"og:image\" content=\"https:\/\/likemetkovic.hr\/wp-content\/uploads\/2017\/03\/bebic_mario.jpg\" \/>\n\t<meta property=\"og:image:width\" content=\"879\" \/>\n\t<meta property=\"og:image:height\" content=\"608\" \/>\n\t<meta property=\"og:image:type\" content=\"image\/jpeg\" \/>\n<meta name=\"author\" content=\"LIKEmetkovic.hr\" \/>\n<meta name=\"twitter:card\" content=\"summary_large_image\" \/>\n<meta name=\"twitter:label1\" content=\"Napisao\/la\" \/>\n\t<meta name=\"twitter:data1\" content=\"LIKEmetkovic.hr\" \/>\n\t<meta name=\"twitter:label2\" content=\"Procijenjeno vrijeme \u010ditanja\" \/>\n\t<meta name=\"twitter:data2\" content=\"3 minute\" \/>\n<script type=\"application\/ld+json\" class=\"yoast-schema-graph\">{\"@context\":\"https:\/\/schema.org\",\"@graph\":[{\"@type\":\"WebPage\",\"@id\":\"https:\/\/likemetkovic.hr\/rodeni-metkovac-istaknuti-hdzovac-zaposlen-hp-nakon-sto-uzeo-veliku-otpremninu\/\",\"url\":\"https:\/\/likemetkovic.hr\/rodeni-metkovac-istaknuti-hdzovac-zaposlen-hp-nakon-sto-uzeo-veliku-otpremninu\/\",\"name\":\"Ro\u0111eni Metkovac i istaknuti HDZ-ovac ponovo zaposlen u HP nakon \u0161to je uzeo veliku otpremninu! - likemetkovic.hr\",\"isPartOf\":{\"@id\":\"https:\/\/likemetkovic.hr\/#website\"},\"primaryImageOfPage\":{\"@id\":\"https:\/\/likemetkovic.hr\/rodeni-metkovac-istaknuti-hdzovac-zaposlen-hp-nakon-sto-uzeo-veliku-otpremninu\/#primaryimage\"},\"image\":{\"@id\":\"https:\/\/likemetkovic.hr\/rodeni-metkovac-istaknuti-hdzovac-zaposlen-hp-nakon-sto-uzeo-veliku-otpremninu\/#primaryimage\"},\"thumbnailUrl\":\"https:\/\/likemetkovic.hr\/portal\/wp-content\/uploads\/2017\/03\/bebic_mario.jpg\",\"datePublished\":\"2017-03-16T13:29:15+00:00\",\"dateModified\":\"2017-03-23T08:05:38+00:00\",\"author\":{\"@id\":\"https:\/\/likemetkovic.hr\/#\/schema\/person\/a42711f3385a0e2be6f7e0443bfb28f0\"},\"breadcrumb\":{\"@id\":\"https:\/\/likemetkovic.hr\/rodeni-metkovac-istaknuti-hdzovac-zaposlen-hp-nakon-sto-uzeo-veliku-otpremninu\/#breadcrumb\"},\"inLanguage\":\"hr\",\"potentialAction\":[{\"@type\":\"ReadAction\",\"target\":[\"https:\/\/likemetkovic.hr\/rodeni-metkovac-istaknuti-hdzovac-zaposlen-hp-nakon-sto-uzeo-veliku-otpremninu\/\"]}]},{\"@type\":\"ImageObject\",\"inLanguage\":\"hr\",\"@id\":\"https:\/\/likemetkovic.hr\/rodeni-metkovac-istaknuti-hdzovac-zaposlen-hp-nakon-sto-uzeo-veliku-otpremninu\/#primaryimage\",\"url\":\"https:\/\/likemetkovic.hr\/portal\/wp-content\/uploads\/2017\/03\/bebic_mario.jpg\",\"contentUrl\":\"https:\/\/likemetkovic.hr\/portal\/wp-content\/uploads\/2017\/03\/bebic_mario.jpg\",\"width\":879,\"height\":608,\"caption\":\"Foto: zadarski.hr\"},{\"@type\":\"BreadcrumbList\",\"@id\":\"https:\/\/likemetkovic.hr\/rodeni-metkovac-istaknuti-hdzovac-zaposlen-hp-nakon-sto-uzeo-veliku-otpremninu\/#breadcrumb\",\"itemListElement\":[{\"@type\":\"ListItem\",\"position\":1,\"name\":\"Po\u010detna stranica\",\"item\":\"https:\/\/likemetkovic.hr\/portal\/\"},{\"@type\":\"ListItem\",\"position\":2,\"name\":\"Ro\u0111eni Metkovac i istaknuti HDZ-ovac ponovo zaposlen u HP nakon \u0161to je uzeo veliku otpremninu!\"}]},{\"@type\":\"WebSite\",\"@id\":\"https:\/\/likemetkovic.hr\/#website\",\"url\":\"https:\/\/likemetkovic.hr\/\",\"name\":\"likemetkovic.hr\",\"description\":\"Misli pozitivno... \u010ditaj LIKE\",\"potentialAction\":[{\"@type\":\"SearchAction\",\"target\":{\"@type\":\"EntryPoint\",\"urlTemplate\":\"https:\/\/likemetkovic.hr\/?s={search_term_string}\"},\"query-input\":{\"@type\":\"PropertyValueSpecification\",\"valueRequired\":true,\"valueName\":\"search_term_string\"}}],\"inLanguage\":\"hr\"},{\"@type\":\"Person\",\"@id\":\"https:\/\/likemetkovic.hr\/#\/schema\/person\/a42711f3385a0e2be6f7e0443bfb28f0\",\"name\":\"LIKEmetkovic.hr\",\"sameAs\":[\"http:\/\/likemetkovic.hr\"],\"url\":\"https:\/\/likemetkovic.hr\/portal\/author\/likemetkovic-hr\/\"}]}<\/script>\n<!-- \/ Yoast SEO plugin. -->","yoast_head_json":{"title":"Ro\u0111eni Metkovac i istaknuti HDZ-ovac ponovo zaposlen u HP nakon \u0161to je uzeo veliku otpremninu! - likemetkovic.hr","robots":{"index":"index","follow":"follow","max-snippet":"max-snippet:-1","max-image-preview":"max-image-preview:large","max-video-preview":"max-video-preview:-1"},"canonical":"https:\/\/likemetkovic.hr\/rodeni-metkovac-istaknuti-hdzovac-zaposlen-hp-nakon-sto-uzeo-veliku-otpremninu\/","og_locale":"hr_HR","og_type":"article","og_title":"Ro\u0111eni Metkovac i istaknuti HDZ-ovac ponovo zaposlen u HP nakon \u0161to je uzeo veliku otpremninu! - likemetkovic.hr","og_description":"Mario Bebi\u0107 (HDZ), biv\u0161i pomo\u0107nik ministrice rada i mirovinskog sustava Nade \u0160iki\u0107 i sada\u0161njeg ministra Tomislava \u0106ori\u0107a, nakon \u0161to ga je Vlada Andreja Plenkovi\u0107a 12. sije\u010dnja razrije\u0161ila du\u017enosti, zaposlio se na direktorskom mjestu u dr\u017eavnoj tvrtki HP \u2013 Hrvatska po\u0161ta javlja telegram.hr. Ta vijest ne bi bila vrijedna pa\u017enje da Bebi\u0107, kao direktor, ve\u0107 nije [&hellip;]","og_url":"https:\/\/likemetkovic.hr\/rodeni-metkovac-istaknuti-hdzovac-zaposlen-hp-nakon-sto-uzeo-veliku-otpremninu\/","og_site_name":"likemetkovic.hr","article_publisher":"https:\/\/www.facebook.com\/likemetkovic.hr\/","article_published_time":"2017-03-16T13:29:15+00:00","article_modified_time":"2017-03-23T08:05:38+00:00","og_image":[{"width":879,"height":608,"url":"https:\/\/likemetkovic.hr\/wp-content\/uploads\/2017\/03\/bebic_mario.jpg","type":"image\/jpeg"}],"author":"LIKEmetkovic.hr","twitter_card":"summary_large_image","twitter_misc":{"Napisao\/la":"LIKEmetkovic.hr","Procijenjeno vrijeme \u010ditanja":"3 minute"},"schema":{"@context":"https:\/\/schema.org","@graph":[{"@type":"WebPage","@id":"https:\/\/likemetkovic.hr\/rodeni-metkovac-istaknuti-hdzovac-zaposlen-hp-nakon-sto-uzeo-veliku-otpremninu\/","url":"https:\/\/likemetkovic.hr\/rodeni-metkovac-istaknuti-hdzovac-zaposlen-hp-nakon-sto-uzeo-veliku-otpremninu\/","name":"Ro\u0111eni Metkovac i istaknuti HDZ-ovac ponovo zaposlen u HP nakon \u0161to je uzeo veliku otpremninu! - likemetkovic.hr","isPartOf":{"@id":"https:\/\/likemetkovic.hr\/#website"},"primaryImageOfPage":{"@id":"https:\/\/likemetkovic.hr\/rodeni-metkovac-istaknuti-hdzovac-zaposlen-hp-nakon-sto-uzeo-veliku-otpremninu\/#primaryimage"},"image":{"@id":"https:\/\/likemetkovic.hr\/rodeni-metkovac-istaknuti-hdzovac-zaposlen-hp-nakon-sto-uzeo-veliku-otpremninu\/#primaryimage"},"thumbnailUrl":"https:\/\/likemetkovic.hr\/portal\/wp-content\/uploads\/2017\/03\/bebic_mario.jpg","datePublished":"2017-03-16T13:29:15+00:00","dateModified":"2017-03-23T08:05:38+00:00","author":{"@id":"https:\/\/likemetkovic.hr\/#\/schema\/person\/a42711f3385a0e2be6f7e0443bfb28f0"},"breadcrumb":{"@id":"https:\/\/likemetkovic.hr\/rodeni-metkovac-istaknuti-hdzovac-zaposlen-hp-nakon-sto-uzeo-veliku-otpremninu\/#breadcrumb"},"inLanguage":"hr","potentialAction":[{"@type":"ReadAction","target":["https:\/\/likemetkovic.hr\/rodeni-metkovac-istaknuti-hdzovac-zaposlen-hp-nakon-sto-uzeo-veliku-otpremninu\/"]}]},{"@type":"ImageObject","inLanguage":"hr","@id":"https:\/\/likemetkovic.hr\/rodeni-metkovac-istaknuti-hdzovac-zaposlen-hp-nakon-sto-uzeo-veliku-otpremninu\/#primaryimage","url":"https:\/\/likemetkovic.hr\/portal\/wp-content\/uploads\/2017\/03\/bebic_mario.jpg","contentUrl":"https:\/\/likemetkovic.hr\/portal\/wp-content\/uploads\/2017\/03\/bebic_mario.jpg","width":879,"height":608,"caption":"Foto: zadarski.hr"},{"@type":"BreadcrumbList","@id":"https:\/\/likemetkovic.hr\/rodeni-metkovac-istaknuti-hdzovac-zaposlen-hp-nakon-sto-uzeo-veliku-otpremninu\/#breadcrumb","itemListElement":[{"@type":"ListItem","position":1,"name":"Po\u010detna stranica","item":"https:\/\/likemetkovic.hr\/portal\/"},{"@type":"ListItem","position":2,"name":"Ro\u0111eni Metkovac i istaknuti HDZ-ovac ponovo zaposlen u HP nakon \u0161to je uzeo veliku otpremninu!"}]},{"@type":"WebSite","@id":"https:\/\/likemetkovic.hr\/#website","url":"https:\/\/likemetkovic.hr\/","name":"likemetkovic.hr","description":"Misli pozitivno... \u010ditaj LIKE","potentialAction":[{"@type":"SearchAction","target":{"@type":"EntryPoint","urlTemplate":"https:\/\/likemetkovic.hr\/?s={search_term_string}"},"query-input":{"@type":"PropertyValueSpecification","valueRequired":true,"valueName":"search_term_string"}}],"inLanguage":"hr"},{"@type":"Person","@id":"https:\/\/likemetkovic.hr\/#\/schema\/person\/a42711f3385a0e2be6f7e0443bfb28f0","name":"LIKEmetkovic.hr","sameAs":["http:\/\/likemetkovic.hr"],"url":"https:\/\/likemetkovic.hr\/portal\/author\/likemetkovic-hr\/"}]}},"_links":{"self":[{"href":"https:\/\/likemetkovic.hr\/portal\/wp-json\/wp\/v2\/posts\/38076","targetHints":{"allow":["GET"]}}],"collection":[{"href":"https:\/\/likemetkovic.hr\/portal\/wp-json\/wp\/v2\/posts"}],"about":[{"href":"https:\/\/likemetkovic.hr\/portal\/wp-json\/wp\/v2\/types\/post"}],"author":[{"embeddable":true,"href":"https:\/\/likemetkovic.hr\/portal\/wp-json\/wp\/v2\/users\/7"}],"replies":[{"embeddable":true,"href":"https:\/\/likemetkovic.hr\/portal\/wp-json\/wp\/v2\/comments?post=38076"}],"version-history":[{"count":0,"href":"https:\/\/likemetkovic.hr\/portal\/wp-json\/wp\/v2\/posts\/38076\/revisions"}],"wp:featuredmedia":[{"embeddable":true,"href":"https:\/\/likemetkovic.hr\/portal\/wp-json\/wp\/v2\/media\/38077"}],"wp:attachment":[{"href":"https:\/\/likemetkovic.hr\/portal\/wp-json\/wp\/v2\/media?parent=38076"}],"wp:term":[{"taxonomy":"category","embeddable":true,"href":"https:\/\/likemetkovic.hr\/portal\/wp-json\/wp\/v2\/categories?post=38076"},{"taxonomy":"post_tag","embeddable":true,"href":"https:\/\/likemetkovic.hr\/portal\/wp-json\/wp\/v2\/tags?post=38076"}],"curies":[{"name":"wp","href":"https:\/\/api.w.org\/{rel}","templated":true}]}}