{"id":38159,"date":"2017-03-17T20:05:45","date_gmt":"2017-03-17T19:05:45","guid":{"rendered":"http:\/\/likemetkovic.hr\/?p=38159"},"modified":"2017-03-17T20:05:45","modified_gmt":"2017-03-17T19:05:45","slug":"50-godina-deklaracije-nazivu-polozaju-hrvatskoga-knjizevnog-jezika","status":"publish","type":"post","link":"https:\/\/likemetkovic.hr\/portal\/50-godina-deklaracije-nazivu-polozaju-hrvatskoga-knjizevnog-jezika\/","title":{"rendered":"50 godina od \u201cDeklaracije o nazivu i polo\u017eaju hrvatskoga knji\u017eevnog jezika\u201d"},"content":{"rendered":"<p>Danas je 50. obljetnica glasovite \u201cDeklaracije o nazivu i polo\u017eaju hrvatskoga knji\u017eevnog jezika\u201d, izjave kojom su hrvatske kulturne i znanstvene ustanove zahtijevale jednakopravan polo\u017eaj hrvatskoga jezika u komunisti\u010dkoj Jugoslaviji te njegovo slobodno oblikovanje u skladu s hrvatskom tradicijom i punu afirmacija hrvatskoga jezika u svim podru\u010djima \u017eivota.<\/p>\n<p>Jugoslavenski komunisti\u010dki re\u017eim Deklaraciju je osudio, a mnoge njezine potpisnike razli\u010ditim \u0161ikaniranjem i progonom sankcionirao.<\/p>\n<p>Deklaracija je sastavljena 9. o\u017eujka 1967. u Matici hrvatskoj, a nju je potom prihvatila ve\u0107ina hrvatskih kulturnih i znanstvenih ustanova i potpisao ve\u0107i broj javnih i kulturnih djelatnika.<\/p>\n<p>Deklaracija o nazivu i polo\u017eaju hrvatskoga knji\u017eevnog jezika objavljena je u tjedniku Telegram 17. o\u017eujka 1967. \u00a0Potpisalo ju je osamnaest hrvatskih znanstvenih i kulturnih ustanova.<\/p>\n<p>Tekst Deklaracije sastavila je tjedan dana prije u prostorijama Matice hrvatske skupina znanstvenika, knji\u017eevnih i kulturnih radnika \u2013 Miroslav Brandt, Dalibor Brozovi\u0107, Radoslav Kati\u010di\u0107, Tomislav Ladan, Slavko Mihali\u0107, Slavko Pave\u0161i\u0107 i Vlatko Pavleti\u0107, a Upravni odbor Matice hrvatske tekst je 13. o\u017eujka 1967. prihvatio i razaslao na potpisivanje.<\/p>\n<p>Ve\u0107 15. o\u017eujka Deklaraciju je potpisalo tada\u0161nje Dru\u0161tvo knji\u017eevnika Hrvatske, a ubrzo zatim i druge ustanove.<\/p>\n<p>Deklaracija polazi od stava da na\u010delo nacionalnog suvereniteta i potpune ravnopravnosti naroda obuhva\u0107a i pravo svakog od naroda da \u010duva sve atribute nacionalnog postojanja i da razvija ne samo privrednu nego i kulturnu djelatnost.<\/p>\n<p>\u201cMe\u0111u tim atributima odsudno va\u017enu ulogu ima vlastito nacionalno ime jezika kojim se hrvatski narod slu\u017ei, jer je neotu\u0111ivo pravo svakoga naroda da svoj jezik naziva vlastitim imenom, bez obzira radi li se o filolo\u0161kom fenomenu koji u obliku zasebne jezi\u010dne varijante ili \u010dak u cijelosti pripada i nekom drugom narodu\u201d, stajalo je u Deklaraciji.<\/p>\n<p>U njoj se konstatira i da su stanovite nepreciznosti u formulacijama novosadskog \u201cdogovora\u201d omogu\u0107ile da u praksi budu zaobila\u017eena, iskrivljavana i kr\u0161ena osnovna na\u010dela tog dogovora; pojavila se i koncepcija jedinstvenoga \u201cdr\u017eavnog jezika\u201d, pri \u010demu je ta uloga u praksi bila namijenjena srpskom knji\u017eevnom jeziku, \u0161to je ostvarivano preko sredstava javne i masovne komunikacije, jezi\u010dnom praksom u JNA, saveznoj upravi, zakonodavstvu, diplomaciji i politi\u010dkim organizacijama.<\/p>\n<p>Time se hrvatski knji\u017eevni jezik potiskuje u neravnopravan polo\u017eaj lokalnog narje\u010dja. Stoga su hrvatske kulturne i znanstvene ustanove zahtijevale da se Ustavom utvrdi javna i nedvojbena jednakost i jednakpravnost \u010detiriju knji\u017eevnih jezika u SFRJ \u2013 slovenskoga, hrvatskoga, srpskoga i makedonskoga, te da se adekvatnom formulacijom osiguraju i prava jezika narodnosti.<\/p>\n<p>Kao drugi zahtjev navedeno je osiguravanje dosljedne primjene hrvatskoga knji\u017eevnog jezika u \u0161kolstvu, novinstvu, javnom i politi\u010dkom \u017eivotu, na radiju i televiziji, kad god se radi o hrvatskom stanovni\u0161tvu, te da slu\u017ebenici, nastavnici i javni radnici, bez obzira na to otkud potjecali, slu\u017ebeno upotrebljavaju knji\u017eevni jezik sredine u kojoj djeluju.<\/p>\n<p>Jedan od sastavlja\u010da Deklaracije prof. Dalibor Brozovi\u0107 u jednom je svom tekstu (Glasnik, 16. o\u017eujka 1992., str. 35-36) ocijenio kako je prije pojave Deklaracije o nazivu i polo\u017eaju hrvatskoga jezika moralo do\u0107i do promjena u svjetskoj lingvistici i op\u0107oj slavistici, ali i kod nas u hrvatskoj filologiji.<\/p>\n<p>Naime, kako je u poratnom razdoblju vode\u0107u ulogu u hrvatskoj jezikoslovnoj znanosti preuzeo Ljudevit Jonke, on je izvr\u0161io temeljitu reviziju znanstvenih jezi\u010dnih pogleda na sredinu i osobitu drugu polovicu 19. stolje\u0107a \u2013 od Preporoda do 1900., podsjetio je Brozovi\u0107 dodav\u0161i kako je to bio preduvjet da se mo\u017ee krenuti dalje.<\/p>\n<p>U \u0161ezdesetim su se godinama, naglasio je, svagdje u svijetu ra\u0161irile sociolingvisti\u010dke <a id=\"xClaimOglasId-389485-2\" class=\"xClaimClass\" target=\"_blank\"><\/a>ideje potekle iz ameri\u010dkih, \u010de\u0161kih, njema\u010dkih i ruskih izvora u pedesetim godinama, istaknuo je dodav\u0161i kako je sljede\u0107i nara\u0161taj hrvatskih lingvista prihvatio te teorije i okupljen oko Zagreba\u010dkoga lingvisti\u010dkog kruga i \u010dasopisa \u201cJezik\u201d, u kojem Jonkea na uredni\u010dkom mjestu naslje\u0111uje Stjepan Babi\u0107, izgra\u0111uje teorijsko obrazlo\u017eenje za hrvatsku jezi\u010dnu individualnost i \u0161to se ti\u010de knji\u017eevnog jezika i \u0161to se ti\u010de jezika uop\u0107e.<\/p>\n<p>\u201cZa to je bilo potrebno dvoje: dokazati da je za jezi\u010dni standard bitniji ljudski kolektiv (u na\u0161em slu\u010daju hrvatski narod) koji ne izgra\u0111uje normu same jezi\u010dne \u010dinjenice na kojima se ta norma gradi i drugo: dokazati da suvremeno \u0161tokavsko narje\u010dje nije po podrijetlu jedinstveno, nego da je stara zapadna \u0161tokav\u0161tina bila na razvojnom startu jedinicom ravnopravnom s kajkav\u0161tinom, \u010dakav\u0161tinom i isto\u010dnom \u0161tokav\u0161tinom. Sa znanstvene je strane problem bio time rije\u0161en, ostalo je samo da se to <a id=\"xClaimOglasId-385617-4\" class=\"xClaimClass\" target=\"_blank\"><\/a>rje\u0161enje prihvati u hrvatskom dru\u0161tvu i me\u0111unarodnoj znanosti\u201d, napisao je Brozovi\u0107.<\/p>\n<p>Podsjetio je kako to nije i\u0161lo lako jer je unitaristi\u010dki i velikosrpski pritisak, pomognut dogmatskim snagama, bio vrlo sna\u017ean pa je prijetila ozbiljna opasnost da vlast u uvjetima pune kontrole izolira hrvatske intelektualce i od masa i od svijeta te se u ti\u0161ini izvr\u0161i jezi\u010dna asimilacija hrvatskoga naroda s pomo\u0107u <a id=\"xClaimOglasId-386637-3\" class=\"xClaimClass\" target=\"_blank\"><\/a>\u0161kola i svih mogu\u0107ih medija.<\/p>\n<p>Kad bi to jednom bio svr\u0161en \u010din, bilo bi strahovito ote\u017eano hrvatsko jezi\u010dno osamostaljenje \u010dak i u slu\u010daju politi\u010dkoga oslobo\u0111enja, ocijenio je dodav\u0161i kako je sve \u0161to se doga\u0111alo nakon takozvanoga novosadskog \u201cdogovora\u201d i po izlasku novosadskoga pravopisa davalo nade jugounitarizmu.<\/p>\n<p>Deklaracija je onemogu\u0107ila takav <a id=\"xClaimOglasId-389655-1\" class=\"xClaimClass\" target=\"_blank\"><\/a>razvoj i to je njezina bitna jezi\u010dna zasluga, ocijenio je.<\/p>\n<p>Smatra kako sama Deklaracija ima jo\u0161 mnoge druge dru\u0161tvene, politi\u010dke, kulturne pa i jezi\u010dne aspekte, ali ovaj \u0161to ga je iznio \u201cu \u010disto jezi\u010dnom pogledu je najva\u017eniji\u201d. Upravo se on bitno odrazio u naj\u0161irim hrvatskim masama, izvanredno je podigao njihovu svijest i samosvijest i ni\u0161ta vi\u0161e nije moglo biti kao prije, naglasio je.<\/p>\n<p>Deklaraciju su odmah napale unitaristi\u010dke snage u politi\u010dkom rukovodstvu Hrvatske, okupljene oko Milo\u0161a \u017danka, koje su zahtijevale o\u0161tre mjere protiv institucija i pojedinaca potpisnika Deklaracije. O njoj je raspravljalo i partijsko rukovodstvo SFRJ, a tamo je prevladalo mi\u0161ljenje da svi potpisnici Deklaracije moraju biti ka\u017enjeni jer je jugoslavenska Partija Deklaraciju ocijenila \u201cpoliti\u010dki \u0161tetnim nacionalisti\u010dkim \u010dinom\u201d.<\/p>\n<p>Deklaraciju su potpisale najva\u017enije hrvatske kulturne i znanstvene institucije: Matica hrvatska, Dru\u0161tvo knji\u017eevnika Hrvatske, PEN-klub, Hrvatsko filolo\u0161ko dru\u0161tvo, Odjel za filologiju JAZU, Odjel za suvremenu knji\u017eevnost JAZU, Institut za jezik JAZU, Institut za knji\u017eevnost i teatrologiju JAZU, Katedra za suvremeni hrvatskosrpski jezik Filozofskoga fakulteta u Zadru, Katedra za suvremeni hrvatskosrpski jezik Filozofskoga fakulteta u Zagrebu, Katedra za povijest hrvatskog jezika i dijalektologiju Filozofskoga fakulteta u Zagrebu, Katedra za jugoslavenske knji\u017eevnosti Filozofskoga fakulteta u Zadru, Katedra za stariju hrvatsku knji\u017eevnost Filozofskoga fakulteta u Zagrebu, Katedra za noviju hrvatsku knji\u017eevnost Filozofskoga fakulteta u Zagrebu, Institut za lingvistiku Filozofskoga fakulteta u Zagrebu, Institut za nauku o knji\u017eevnosti Filozofskoga fakulteta u Zagrebu, Staroslavenski institut u Zagrebu i Dru\u0161tvo knji\u017eevnih prevodilaca Hrvatske.<\/p>\n","protected":false},"excerpt":{"rendered":"<p>Danas je 50. obljetnica glasovite \u201cDeklaracije o nazivu i polo\u017eaju hrvatskoga knji\u017eevnog jezika\u201d, izjave kojom su hrvatske kulturne i znanstvene ustanove zahtijevale jednakopravan polo\u017eaj hrvatskoga jezika u komunisti\u010dkoj Jugoslaviji te njegovo slobodno oblikovanje u skladu s hrvatskom tradicijom i punu afirmacija hrvatskoga jezika u svim podru\u010djima \u017eivota. Jugoslavenski komunisti\u010dki re\u017eim Deklaraciju je osudio, a mnoge [&hellip;]<\/p>\n","protected":false},"author":7,"featured_media":38160,"comment_status":"open","ping_status":"open","sticky":false,"template":"","format":"standard","meta":{"footnotes":""},"categories":[296,71],"tags":[],"class_list":{"0":"post-38159","1":"post","2":"type-post","3":"status-publish","4":"format-standard","5":"has-post-thumbnail","7":"category-ab","8":"category-svega-po-malo"},"yoast_head":"<!-- This site is optimized with the Yoast SEO plugin v25.2 - https:\/\/yoast.com\/wordpress\/plugins\/seo\/ -->\n<title>50 godina od \u201cDeklaracije o nazivu i polo\u017eaju hrvatskoga knji\u017eevnog jezika\u201d - likemetkovic.hr<\/title>\n<meta name=\"robots\" content=\"index, follow, max-snippet:-1, max-image-preview:large, max-video-preview:-1\" \/>\n<link rel=\"canonical\" href=\"https:\/\/likemetkovic.hr\/50-godina-deklaracije-nazivu-polozaju-hrvatskoga-knjizevnog-jezika\/\" \/>\n<meta property=\"og:locale\" content=\"hr_HR\" \/>\n<meta property=\"og:type\" content=\"article\" \/>\n<meta property=\"og:title\" content=\"50 godina od \u201cDeklaracije o nazivu i polo\u017eaju hrvatskoga knji\u017eevnog jezika\u201d - likemetkovic.hr\" \/>\n<meta property=\"og:description\" content=\"Danas je 50. obljetnica glasovite \u201cDeklaracije o nazivu i polo\u017eaju hrvatskoga knji\u017eevnog jezika\u201d, izjave kojom su hrvatske kulturne i znanstvene ustanove zahtijevale jednakopravan polo\u017eaj hrvatskoga jezika u komunisti\u010dkoj Jugoslaviji te njegovo slobodno oblikovanje u skladu s hrvatskom tradicijom i punu afirmacija hrvatskoga jezika u svim podru\u010djima \u017eivota. Jugoslavenski komunisti\u010dki re\u017eim Deklaraciju je osudio, a mnoge [&hellip;]\" \/>\n<meta property=\"og:url\" content=\"https:\/\/likemetkovic.hr\/50-godina-deklaracije-nazivu-polozaju-hrvatskoga-knjizevnog-jezika\/\" \/>\n<meta property=\"og:site_name\" content=\"likemetkovic.hr\" \/>\n<meta property=\"article:publisher\" content=\"https:\/\/www.facebook.com\/likemetkovic.hr\/\" \/>\n<meta property=\"article:published_time\" content=\"2017-03-17T19:05:45+00:00\" \/>\n<meta property=\"og:image\" content=\"https:\/\/likemetkovic.hr\/wp-content\/uploads\/2017\/03\/deklaracija.jpg\" \/>\n\t<meta property=\"og:image:width\" content=\"930\" \/>\n\t<meta property=\"og:image:height\" content=\"600\" \/>\n\t<meta property=\"og:image:type\" content=\"image\/jpeg\" \/>\n<meta name=\"author\" content=\"LIKEmetkovic.hr\" \/>\n<meta name=\"twitter:card\" content=\"summary_large_image\" \/>\n<meta name=\"twitter:label1\" content=\"Napisao\/la\" \/>\n\t<meta name=\"twitter:data1\" content=\"LIKEmetkovic.hr\" \/>\n\t<meta name=\"twitter:label2\" content=\"Procijenjeno vrijeme \u010ditanja\" \/>\n\t<meta name=\"twitter:data2\" content=\"6 minuta\" \/>\n<script type=\"application\/ld+json\" class=\"yoast-schema-graph\">{\"@context\":\"https:\/\/schema.org\",\"@graph\":[{\"@type\":\"WebPage\",\"@id\":\"https:\/\/likemetkovic.hr\/50-godina-deklaracije-nazivu-polozaju-hrvatskoga-knjizevnog-jezika\/\",\"url\":\"https:\/\/likemetkovic.hr\/50-godina-deklaracije-nazivu-polozaju-hrvatskoga-knjizevnog-jezika\/\",\"name\":\"50 godina od \u201cDeklaracije o nazivu i polo\u017eaju hrvatskoga knji\u017eevnog jezika\u201d - likemetkovic.hr\",\"isPartOf\":{\"@id\":\"https:\/\/likemetkovic.hr\/#website\"},\"primaryImageOfPage\":{\"@id\":\"https:\/\/likemetkovic.hr\/50-godina-deklaracije-nazivu-polozaju-hrvatskoga-knjizevnog-jezika\/#primaryimage\"},\"image\":{\"@id\":\"https:\/\/likemetkovic.hr\/50-godina-deklaracije-nazivu-polozaju-hrvatskoga-knjizevnog-jezika\/#primaryimage\"},\"thumbnailUrl\":\"https:\/\/likemetkovic.hr\/portal\/wp-content\/uploads\/2017\/03\/deklaracija.jpg\",\"datePublished\":\"2017-03-17T19:05:45+00:00\",\"author\":{\"@id\":\"https:\/\/likemetkovic.hr\/#\/schema\/person\/a42711f3385a0e2be6f7e0443bfb28f0\"},\"breadcrumb\":{\"@id\":\"https:\/\/likemetkovic.hr\/50-godina-deklaracije-nazivu-polozaju-hrvatskoga-knjizevnog-jezika\/#breadcrumb\"},\"inLanguage\":\"hr\",\"potentialAction\":[{\"@type\":\"ReadAction\",\"target\":[\"https:\/\/likemetkovic.hr\/50-godina-deklaracije-nazivu-polozaju-hrvatskoga-knjizevnog-jezika\/\"]}]},{\"@type\":\"ImageObject\",\"inLanguage\":\"hr\",\"@id\":\"https:\/\/likemetkovic.hr\/50-godina-deklaracije-nazivu-polozaju-hrvatskoga-knjizevnog-jezika\/#primaryimage\",\"url\":\"https:\/\/likemetkovic.hr\/portal\/wp-content\/uploads\/2017\/03\/deklaracija.jpg\",\"contentUrl\":\"https:\/\/likemetkovic.hr\/portal\/wp-content\/uploads\/2017\/03\/deklaracija.jpg\",\"width\":930,\"height\":600},{\"@type\":\"BreadcrumbList\",\"@id\":\"https:\/\/likemetkovic.hr\/50-godina-deklaracije-nazivu-polozaju-hrvatskoga-knjizevnog-jezika\/#breadcrumb\",\"itemListElement\":[{\"@type\":\"ListItem\",\"position\":1,\"name\":\"Po\u010detna stranica\",\"item\":\"https:\/\/likemetkovic.hr\/portal\/\"},{\"@type\":\"ListItem\",\"position\":2,\"name\":\"50 godina od \u201cDeklaracije o nazivu i polo\u017eaju hrvatskoga knji\u017eevnog jezika\u201d\"}]},{\"@type\":\"WebSite\",\"@id\":\"https:\/\/likemetkovic.hr\/#website\",\"url\":\"https:\/\/likemetkovic.hr\/\",\"name\":\"likemetkovic.hr\",\"description\":\"Misli pozitivno... \u010ditaj LIKE\",\"potentialAction\":[{\"@type\":\"SearchAction\",\"target\":{\"@type\":\"EntryPoint\",\"urlTemplate\":\"https:\/\/likemetkovic.hr\/?s={search_term_string}\"},\"query-input\":{\"@type\":\"PropertyValueSpecification\",\"valueRequired\":true,\"valueName\":\"search_term_string\"}}],\"inLanguage\":\"hr\"},{\"@type\":\"Person\",\"@id\":\"https:\/\/likemetkovic.hr\/#\/schema\/person\/a42711f3385a0e2be6f7e0443bfb28f0\",\"name\":\"LIKEmetkovic.hr\",\"sameAs\":[\"http:\/\/likemetkovic.hr\"],\"url\":\"https:\/\/likemetkovic.hr\/portal\/author\/likemetkovic-hr\/\"}]}<\/script>\n<!-- \/ Yoast SEO plugin. -->","yoast_head_json":{"title":"50 godina od \u201cDeklaracije o nazivu i polo\u017eaju hrvatskoga knji\u017eevnog jezika\u201d - likemetkovic.hr","robots":{"index":"index","follow":"follow","max-snippet":"max-snippet:-1","max-image-preview":"max-image-preview:large","max-video-preview":"max-video-preview:-1"},"canonical":"https:\/\/likemetkovic.hr\/50-godina-deklaracije-nazivu-polozaju-hrvatskoga-knjizevnog-jezika\/","og_locale":"hr_HR","og_type":"article","og_title":"50 godina od \u201cDeklaracije o nazivu i polo\u017eaju hrvatskoga knji\u017eevnog jezika\u201d - likemetkovic.hr","og_description":"Danas je 50. obljetnica glasovite \u201cDeklaracije o nazivu i polo\u017eaju hrvatskoga knji\u017eevnog jezika\u201d, izjave kojom su hrvatske kulturne i znanstvene ustanove zahtijevale jednakopravan polo\u017eaj hrvatskoga jezika u komunisti\u010dkoj Jugoslaviji te njegovo slobodno oblikovanje u skladu s hrvatskom tradicijom i punu afirmacija hrvatskoga jezika u svim podru\u010djima \u017eivota. Jugoslavenski komunisti\u010dki re\u017eim Deklaraciju je osudio, a mnoge [&hellip;]","og_url":"https:\/\/likemetkovic.hr\/50-godina-deklaracije-nazivu-polozaju-hrvatskoga-knjizevnog-jezika\/","og_site_name":"likemetkovic.hr","article_publisher":"https:\/\/www.facebook.com\/likemetkovic.hr\/","article_published_time":"2017-03-17T19:05:45+00:00","og_image":[{"width":930,"height":600,"url":"https:\/\/likemetkovic.hr\/wp-content\/uploads\/2017\/03\/deklaracija.jpg","type":"image\/jpeg"}],"author":"LIKEmetkovic.hr","twitter_card":"summary_large_image","twitter_misc":{"Napisao\/la":"LIKEmetkovic.hr","Procijenjeno vrijeme \u010ditanja":"6 minuta"},"schema":{"@context":"https:\/\/schema.org","@graph":[{"@type":"WebPage","@id":"https:\/\/likemetkovic.hr\/50-godina-deklaracije-nazivu-polozaju-hrvatskoga-knjizevnog-jezika\/","url":"https:\/\/likemetkovic.hr\/50-godina-deklaracije-nazivu-polozaju-hrvatskoga-knjizevnog-jezika\/","name":"50 godina od \u201cDeklaracije o nazivu i polo\u017eaju hrvatskoga knji\u017eevnog jezika\u201d - likemetkovic.hr","isPartOf":{"@id":"https:\/\/likemetkovic.hr\/#website"},"primaryImageOfPage":{"@id":"https:\/\/likemetkovic.hr\/50-godina-deklaracije-nazivu-polozaju-hrvatskoga-knjizevnog-jezika\/#primaryimage"},"image":{"@id":"https:\/\/likemetkovic.hr\/50-godina-deklaracije-nazivu-polozaju-hrvatskoga-knjizevnog-jezika\/#primaryimage"},"thumbnailUrl":"https:\/\/likemetkovic.hr\/portal\/wp-content\/uploads\/2017\/03\/deklaracija.jpg","datePublished":"2017-03-17T19:05:45+00:00","author":{"@id":"https:\/\/likemetkovic.hr\/#\/schema\/person\/a42711f3385a0e2be6f7e0443bfb28f0"},"breadcrumb":{"@id":"https:\/\/likemetkovic.hr\/50-godina-deklaracije-nazivu-polozaju-hrvatskoga-knjizevnog-jezika\/#breadcrumb"},"inLanguage":"hr","potentialAction":[{"@type":"ReadAction","target":["https:\/\/likemetkovic.hr\/50-godina-deklaracije-nazivu-polozaju-hrvatskoga-knjizevnog-jezika\/"]}]},{"@type":"ImageObject","inLanguage":"hr","@id":"https:\/\/likemetkovic.hr\/50-godina-deklaracije-nazivu-polozaju-hrvatskoga-knjizevnog-jezika\/#primaryimage","url":"https:\/\/likemetkovic.hr\/portal\/wp-content\/uploads\/2017\/03\/deklaracija.jpg","contentUrl":"https:\/\/likemetkovic.hr\/portal\/wp-content\/uploads\/2017\/03\/deklaracija.jpg","width":930,"height":600},{"@type":"BreadcrumbList","@id":"https:\/\/likemetkovic.hr\/50-godina-deklaracije-nazivu-polozaju-hrvatskoga-knjizevnog-jezika\/#breadcrumb","itemListElement":[{"@type":"ListItem","position":1,"name":"Po\u010detna stranica","item":"https:\/\/likemetkovic.hr\/portal\/"},{"@type":"ListItem","position":2,"name":"50 godina od \u201cDeklaracije o nazivu i polo\u017eaju hrvatskoga knji\u017eevnog jezika\u201d"}]},{"@type":"WebSite","@id":"https:\/\/likemetkovic.hr\/#website","url":"https:\/\/likemetkovic.hr\/","name":"likemetkovic.hr","description":"Misli pozitivno... \u010ditaj LIKE","potentialAction":[{"@type":"SearchAction","target":{"@type":"EntryPoint","urlTemplate":"https:\/\/likemetkovic.hr\/?s={search_term_string}"},"query-input":{"@type":"PropertyValueSpecification","valueRequired":true,"valueName":"search_term_string"}}],"inLanguage":"hr"},{"@type":"Person","@id":"https:\/\/likemetkovic.hr\/#\/schema\/person\/a42711f3385a0e2be6f7e0443bfb28f0","name":"LIKEmetkovic.hr","sameAs":["http:\/\/likemetkovic.hr"],"url":"https:\/\/likemetkovic.hr\/portal\/author\/likemetkovic-hr\/"}]}},"_links":{"self":[{"href":"https:\/\/likemetkovic.hr\/portal\/wp-json\/wp\/v2\/posts\/38159","targetHints":{"allow":["GET"]}}],"collection":[{"href":"https:\/\/likemetkovic.hr\/portal\/wp-json\/wp\/v2\/posts"}],"about":[{"href":"https:\/\/likemetkovic.hr\/portal\/wp-json\/wp\/v2\/types\/post"}],"author":[{"embeddable":true,"href":"https:\/\/likemetkovic.hr\/portal\/wp-json\/wp\/v2\/users\/7"}],"replies":[{"embeddable":true,"href":"https:\/\/likemetkovic.hr\/portal\/wp-json\/wp\/v2\/comments?post=38159"}],"version-history":[{"count":0,"href":"https:\/\/likemetkovic.hr\/portal\/wp-json\/wp\/v2\/posts\/38159\/revisions"}],"wp:featuredmedia":[{"embeddable":true,"href":"https:\/\/likemetkovic.hr\/portal\/wp-json\/wp\/v2\/media\/38160"}],"wp:attachment":[{"href":"https:\/\/likemetkovic.hr\/portal\/wp-json\/wp\/v2\/media?parent=38159"}],"wp:term":[{"taxonomy":"category","embeddable":true,"href":"https:\/\/likemetkovic.hr\/portal\/wp-json\/wp\/v2\/categories?post=38159"},{"taxonomy":"post_tag","embeddable":true,"href":"https:\/\/likemetkovic.hr\/portal\/wp-json\/wp\/v2\/tags?post=38159"}],"curies":[{"name":"wp","href":"https:\/\/api.w.org\/{rel}","templated":true}]}}