{"id":38171,"date":"2017-03-17T23:08:55","date_gmt":"2017-03-17T22:08:55","guid":{"rendered":"http:\/\/likemetkovic.hr\/?p=38171"},"modified":"2017-03-17T23:09:22","modified_gmt":"2017-03-17T22:09:22","slug":"domagoj-vidovic-predstavio-knjigu-rodu-jezikom-pokoja-fraska-dubrovniku","status":"publish","type":"post","link":"https:\/\/likemetkovic.hr\/portal\/domagoj-vidovic-predstavio-knjigu-rodu-jezikom-pokoja-fraska-dubrovniku\/","title":{"rendered":"Domagoj Vidovi\u0107 predstavio svoju knjigu \u201eO rodu jezikom i pokoja fra\u0161ka\u201c u Dubrovniku"},"content":{"rendered":"<p>Znanstveno-humoristi\u010dnim predstavljanjem knjige \u201eO rodu jezikom i pokoja fra\u0161ka\u201c dr. sc. Domagoja Vidovi\u0107a, voditelja Podru\u017enice Instituta za hrvatski jezik i jezikoslovlje u Metkovi\u0107u, u \u010detvrtak, 16. o\u017eujka, nastavljen je program obilje\u017eavanja Mjeseca hrvatskoga jezika u\u00a0Dubrova\u010dkim\u00a0knji\u017enicama.<\/p>\n<p>Uz autora o knjizi su govorili i dr. sc. Ivana Lovri\u0107 Jovi\u0107, voditeljica Podru\u017enice Instituta za hrvatski jezik i jezikoslovlje u Dubrovniku te Boris Njavro, knji\u017eevnik, novinar i predsjednik Dru\u0161tva dubrova\u010dkih pisaca.<\/p>\n<p>Za Domagoja Vidovi\u0107a Lovri\u0107 Jovi\u0107 isti\u010de kako je \u201eprvenstveno onomasti\u010dar, to zna\u010di da istra\u017euje imena luda \u0161to se nalaze posvuda. Prije svega istra\u017euje sve \u0161to je ikad na ovim prostorima nazvano imenom koje se danas pi\u0161e velikim po\u010detnim slovom. (\u2026) Onomastika se dijeli na podgrane antroponomastiku koja prou\u010dava imena ljudi te toponomastiku koja istra\u017euje imena mjesta\u201c.<\/p>\n<p>Knjiga \u201eO rodu jezikom i pokoja fra\u0161ka\u201c sastavljena je od dvjestotinjak \u010dlanaka objavljenih u kulturnome tjedniku Hrvatsko slovo u period od 2011. do 2015., a tiskana je u autorovoj nakladi. \u201cRelativno slobodarstvo u izboru tjedne teme ovu knjigu \u010dini raspojasanom i raznolikom, visoko obavijesnom i ne redundantnom. Za svaki naslov dobijemu njegovu redukciju, u kulinarskome smislu rije\u010di. Pritom Domagojeva re\u010denica ne nagomilava takozvana u\u010dene rije\u010di ve\u0107 se \u010ditatelju nudi pitomo i po\u0161teno\u201d zaklju\u010dila je Lovri\u0107 Jovi\u0107.<\/p>\n<p>Posljednje predavanje u okviru programa Mjeseca hrvatskoga jezika od\u017eat \u0107e dr. sc. Ivana Lovri\u0107 Jovi\u0107 na temu \u201eHo\u0107e li svetkovnik istisnuti festanjula? Filolo\u0161ke bilje\u0161ke o dubrova\u010dkome vokabularu\u201c u petak, 17. o\u017eujak, u 18 sati u \u010citaonici Narodne knji\u017enice Grad.<\/p>\n","protected":false},"excerpt":{"rendered":"<p>Znanstveno-humoristi\u010dnim predstavljanjem knjige \u201eO rodu jezikom i pokoja fra\u0161ka\u201c dr. sc. Domagoja Vidovi\u0107a, voditelja Podru\u017enice Instituta za hrvatski jezik i jezikoslovlje u Metkovi\u0107u, u \u010detvrtak, 16. o\u017eujka, nastavljen je program obilje\u017eavanja Mjeseca hrvatskoga jezika u\u00a0Dubrova\u010dkim\u00a0knji\u017enicama. Uz autora o knjizi su govorili i dr. sc. Ivana Lovri\u0107 Jovi\u0107, voditeljica Podru\u017enice Instituta za hrvatski jezik i jezikoslovlje [&hellip;]<\/p>\n","protected":false},"author":7,"featured_media":38172,"comment_status":"open","ping_status":"open","sticky":false,"template":"","format":"standard","meta":{"footnotes":""},"categories":[296,71],"tags":[479],"class_list":{"0":"post-38171","1":"post","2":"type-post","3":"status-publish","4":"format-standard","5":"has-post-thumbnail","7":"category-ab","8":"category-svega-po-malo","9":"tag-domagoj-vidovic"},"yoast_head":"<!-- This site is optimized with the Yoast SEO plugin v25.2 - https:\/\/yoast.com\/wordpress\/plugins\/seo\/ -->\n<title>Domagoj Vidovi\u0107 predstavio svoju knjigu \u201eO rodu jezikom i pokoja fra\u0161ka\u201c u Dubrovniku - likemetkovic.hr<\/title>\n<meta name=\"robots\" content=\"index, follow, max-snippet:-1, max-image-preview:large, max-video-preview:-1\" \/>\n<link rel=\"canonical\" href=\"https:\/\/likemetkovic.hr\/domagoj-vidovic-predstavio-knjigu-rodu-jezikom-pokoja-fraska-dubrovniku\/\" \/>\n<meta property=\"og:locale\" content=\"hr_HR\" \/>\n<meta property=\"og:type\" content=\"article\" \/>\n<meta property=\"og:title\" content=\"Domagoj Vidovi\u0107 predstavio svoju knjigu \u201eO rodu jezikom i pokoja fra\u0161ka\u201c u Dubrovniku - likemetkovic.hr\" \/>\n<meta property=\"og:description\" content=\"Znanstveno-humoristi\u010dnim predstavljanjem knjige \u201eO rodu jezikom i pokoja fra\u0161ka\u201c dr. sc. Domagoja Vidovi\u0107a, voditelja Podru\u017enice Instituta za hrvatski jezik i jezikoslovlje u Metkovi\u0107u, u \u010detvrtak, 16. o\u017eujka, nastavljen je program obilje\u017eavanja Mjeseca hrvatskoga jezika u\u00a0Dubrova\u010dkim\u00a0knji\u017enicama. Uz autora o knjizi su govorili i dr. sc. Ivana Lovri\u0107 Jovi\u0107, voditeljica Podru\u017enice Instituta za hrvatski jezik i jezikoslovlje [&hellip;]\" \/>\n<meta property=\"og:url\" content=\"https:\/\/likemetkovic.hr\/domagoj-vidovic-predstavio-knjigu-rodu-jezikom-pokoja-fraska-dubrovniku\/\" \/>\n<meta property=\"og:site_name\" content=\"likemetkovic.hr\" \/>\n<meta property=\"article:publisher\" content=\"https:\/\/www.facebook.com\/likemetkovic.hr\/\" \/>\n<meta property=\"article:published_time\" content=\"2017-03-17T22:08:55+00:00\" \/>\n<meta property=\"article:modified_time\" content=\"2017-03-17T22:09:22+00:00\" \/>\n<meta property=\"og:image\" content=\"https:\/\/likemetkovic.hr\/wp-content\/uploads\/2017\/03\/domagoj-vidovic_o-rodu-8172-780x520.jpg\" \/>\n\t<meta property=\"og:image:width\" content=\"900\" \/>\n\t<meta property=\"og:image:height\" content=\"600\" \/>\n\t<meta property=\"og:image:type\" content=\"image\/jpeg\" \/>\n<meta name=\"author\" content=\"LIKEmetkovic.hr\" \/>\n<meta name=\"twitter:card\" content=\"summary_large_image\" \/>\n<meta name=\"twitter:label1\" content=\"Napisao\/la\" \/>\n\t<meta name=\"twitter:data1\" content=\"LIKEmetkovic.hr\" \/>\n\t<meta name=\"twitter:label2\" content=\"Procijenjeno vrijeme \u010ditanja\" \/>\n\t<meta name=\"twitter:data2\" content=\"1 minuta\" \/>\n<script type=\"application\/ld+json\" class=\"yoast-schema-graph\">{\"@context\":\"https:\/\/schema.org\",\"@graph\":[{\"@type\":\"WebPage\",\"@id\":\"https:\/\/likemetkovic.hr\/domagoj-vidovic-predstavio-knjigu-rodu-jezikom-pokoja-fraska-dubrovniku\/\",\"url\":\"https:\/\/likemetkovic.hr\/domagoj-vidovic-predstavio-knjigu-rodu-jezikom-pokoja-fraska-dubrovniku\/\",\"name\":\"Domagoj Vidovi\u0107 predstavio svoju knjigu \u201eO rodu jezikom i pokoja fra\u0161ka\u201c u Dubrovniku - likemetkovic.hr\",\"isPartOf\":{\"@id\":\"https:\/\/likemetkovic.hr\/#website\"},\"primaryImageOfPage\":{\"@id\":\"https:\/\/likemetkovic.hr\/domagoj-vidovic-predstavio-knjigu-rodu-jezikom-pokoja-fraska-dubrovniku\/#primaryimage\"},\"image\":{\"@id\":\"https:\/\/likemetkovic.hr\/domagoj-vidovic-predstavio-knjigu-rodu-jezikom-pokoja-fraska-dubrovniku\/#primaryimage\"},\"thumbnailUrl\":\"https:\/\/likemetkovic.hr\/portal\/wp-content\/uploads\/2017\/03\/domagoj-vidovic_o-rodu-8172-780x520.jpg\",\"datePublished\":\"2017-03-17T22:08:55+00:00\",\"dateModified\":\"2017-03-17T22:09:22+00:00\",\"author\":{\"@id\":\"https:\/\/likemetkovic.hr\/#\/schema\/person\/a42711f3385a0e2be6f7e0443bfb28f0\"},\"breadcrumb\":{\"@id\":\"https:\/\/likemetkovic.hr\/domagoj-vidovic-predstavio-knjigu-rodu-jezikom-pokoja-fraska-dubrovniku\/#breadcrumb\"},\"inLanguage\":\"hr\",\"potentialAction\":[{\"@type\":\"ReadAction\",\"target\":[\"https:\/\/likemetkovic.hr\/domagoj-vidovic-predstavio-knjigu-rodu-jezikom-pokoja-fraska-dubrovniku\/\"]}]},{\"@type\":\"ImageObject\",\"inLanguage\":\"hr\",\"@id\":\"https:\/\/likemetkovic.hr\/domagoj-vidovic-predstavio-knjigu-rodu-jezikom-pokoja-fraska-dubrovniku\/#primaryimage\",\"url\":\"https:\/\/likemetkovic.hr\/portal\/wp-content\/uploads\/2017\/03\/domagoj-vidovic_o-rodu-8172-780x520.jpg\",\"contentUrl\":\"https:\/\/likemetkovic.hr\/portal\/wp-content\/uploads\/2017\/03\/domagoj-vidovic_o-rodu-8172-780x520.jpg\",\"width\":900,\"height\":600},{\"@type\":\"BreadcrumbList\",\"@id\":\"https:\/\/likemetkovic.hr\/domagoj-vidovic-predstavio-knjigu-rodu-jezikom-pokoja-fraska-dubrovniku\/#breadcrumb\",\"itemListElement\":[{\"@type\":\"ListItem\",\"position\":1,\"name\":\"Po\u010detna stranica\",\"item\":\"https:\/\/likemetkovic.hr\/portal\/\"},{\"@type\":\"ListItem\",\"position\":2,\"name\":\"Domagoj Vidovi\u0107 predstavio svoju knjigu \u201eO rodu jezikom i pokoja fra\u0161ka\u201c u Dubrovniku\"}]},{\"@type\":\"WebSite\",\"@id\":\"https:\/\/likemetkovic.hr\/#website\",\"url\":\"https:\/\/likemetkovic.hr\/\",\"name\":\"likemetkovic.hr\",\"description\":\"Misli pozitivno... \u010ditaj LIKE\",\"potentialAction\":[{\"@type\":\"SearchAction\",\"target\":{\"@type\":\"EntryPoint\",\"urlTemplate\":\"https:\/\/likemetkovic.hr\/?s={search_term_string}\"},\"query-input\":{\"@type\":\"PropertyValueSpecification\",\"valueRequired\":true,\"valueName\":\"search_term_string\"}}],\"inLanguage\":\"hr\"},{\"@type\":\"Person\",\"@id\":\"https:\/\/likemetkovic.hr\/#\/schema\/person\/a42711f3385a0e2be6f7e0443bfb28f0\",\"name\":\"LIKEmetkovic.hr\",\"sameAs\":[\"http:\/\/likemetkovic.hr\"],\"url\":\"https:\/\/likemetkovic.hr\/portal\/author\/likemetkovic-hr\/\"}]}<\/script>\n<!-- \/ Yoast SEO plugin. -->","yoast_head_json":{"title":"Domagoj Vidovi\u0107 predstavio svoju knjigu \u201eO rodu jezikom i pokoja fra\u0161ka\u201c u Dubrovniku - likemetkovic.hr","robots":{"index":"index","follow":"follow","max-snippet":"max-snippet:-1","max-image-preview":"max-image-preview:large","max-video-preview":"max-video-preview:-1"},"canonical":"https:\/\/likemetkovic.hr\/domagoj-vidovic-predstavio-knjigu-rodu-jezikom-pokoja-fraska-dubrovniku\/","og_locale":"hr_HR","og_type":"article","og_title":"Domagoj Vidovi\u0107 predstavio svoju knjigu \u201eO rodu jezikom i pokoja fra\u0161ka\u201c u Dubrovniku - likemetkovic.hr","og_description":"Znanstveno-humoristi\u010dnim predstavljanjem knjige \u201eO rodu jezikom i pokoja fra\u0161ka\u201c dr. sc. Domagoja Vidovi\u0107a, voditelja Podru\u017enice Instituta za hrvatski jezik i jezikoslovlje u Metkovi\u0107u, u \u010detvrtak, 16. o\u017eujka, nastavljen je program obilje\u017eavanja Mjeseca hrvatskoga jezika u\u00a0Dubrova\u010dkim\u00a0knji\u017enicama. Uz autora o knjizi su govorili i dr. sc. Ivana Lovri\u0107 Jovi\u0107, voditeljica Podru\u017enice Instituta za hrvatski jezik i jezikoslovlje [&hellip;]","og_url":"https:\/\/likemetkovic.hr\/domagoj-vidovic-predstavio-knjigu-rodu-jezikom-pokoja-fraska-dubrovniku\/","og_site_name":"likemetkovic.hr","article_publisher":"https:\/\/www.facebook.com\/likemetkovic.hr\/","article_published_time":"2017-03-17T22:08:55+00:00","article_modified_time":"2017-03-17T22:09:22+00:00","og_image":[{"width":900,"height":600,"url":"https:\/\/likemetkovic.hr\/wp-content\/uploads\/2017\/03\/domagoj-vidovic_o-rodu-8172-780x520.jpg","type":"image\/jpeg"}],"author":"LIKEmetkovic.hr","twitter_card":"summary_large_image","twitter_misc":{"Napisao\/la":"LIKEmetkovic.hr","Procijenjeno vrijeme \u010ditanja":"1 minuta"},"schema":{"@context":"https:\/\/schema.org","@graph":[{"@type":"WebPage","@id":"https:\/\/likemetkovic.hr\/domagoj-vidovic-predstavio-knjigu-rodu-jezikom-pokoja-fraska-dubrovniku\/","url":"https:\/\/likemetkovic.hr\/domagoj-vidovic-predstavio-knjigu-rodu-jezikom-pokoja-fraska-dubrovniku\/","name":"Domagoj Vidovi\u0107 predstavio svoju knjigu \u201eO rodu jezikom i pokoja fra\u0161ka\u201c u Dubrovniku - likemetkovic.hr","isPartOf":{"@id":"https:\/\/likemetkovic.hr\/#website"},"primaryImageOfPage":{"@id":"https:\/\/likemetkovic.hr\/domagoj-vidovic-predstavio-knjigu-rodu-jezikom-pokoja-fraska-dubrovniku\/#primaryimage"},"image":{"@id":"https:\/\/likemetkovic.hr\/domagoj-vidovic-predstavio-knjigu-rodu-jezikom-pokoja-fraska-dubrovniku\/#primaryimage"},"thumbnailUrl":"https:\/\/likemetkovic.hr\/portal\/wp-content\/uploads\/2017\/03\/domagoj-vidovic_o-rodu-8172-780x520.jpg","datePublished":"2017-03-17T22:08:55+00:00","dateModified":"2017-03-17T22:09:22+00:00","author":{"@id":"https:\/\/likemetkovic.hr\/#\/schema\/person\/a42711f3385a0e2be6f7e0443bfb28f0"},"breadcrumb":{"@id":"https:\/\/likemetkovic.hr\/domagoj-vidovic-predstavio-knjigu-rodu-jezikom-pokoja-fraska-dubrovniku\/#breadcrumb"},"inLanguage":"hr","potentialAction":[{"@type":"ReadAction","target":["https:\/\/likemetkovic.hr\/domagoj-vidovic-predstavio-knjigu-rodu-jezikom-pokoja-fraska-dubrovniku\/"]}]},{"@type":"ImageObject","inLanguage":"hr","@id":"https:\/\/likemetkovic.hr\/domagoj-vidovic-predstavio-knjigu-rodu-jezikom-pokoja-fraska-dubrovniku\/#primaryimage","url":"https:\/\/likemetkovic.hr\/portal\/wp-content\/uploads\/2017\/03\/domagoj-vidovic_o-rodu-8172-780x520.jpg","contentUrl":"https:\/\/likemetkovic.hr\/portal\/wp-content\/uploads\/2017\/03\/domagoj-vidovic_o-rodu-8172-780x520.jpg","width":900,"height":600},{"@type":"BreadcrumbList","@id":"https:\/\/likemetkovic.hr\/domagoj-vidovic-predstavio-knjigu-rodu-jezikom-pokoja-fraska-dubrovniku\/#breadcrumb","itemListElement":[{"@type":"ListItem","position":1,"name":"Po\u010detna stranica","item":"https:\/\/likemetkovic.hr\/portal\/"},{"@type":"ListItem","position":2,"name":"Domagoj Vidovi\u0107 predstavio svoju knjigu \u201eO rodu jezikom i pokoja fra\u0161ka\u201c u Dubrovniku"}]},{"@type":"WebSite","@id":"https:\/\/likemetkovic.hr\/#website","url":"https:\/\/likemetkovic.hr\/","name":"likemetkovic.hr","description":"Misli pozitivno... \u010ditaj LIKE","potentialAction":[{"@type":"SearchAction","target":{"@type":"EntryPoint","urlTemplate":"https:\/\/likemetkovic.hr\/?s={search_term_string}"},"query-input":{"@type":"PropertyValueSpecification","valueRequired":true,"valueName":"search_term_string"}}],"inLanguage":"hr"},{"@type":"Person","@id":"https:\/\/likemetkovic.hr\/#\/schema\/person\/a42711f3385a0e2be6f7e0443bfb28f0","name":"LIKEmetkovic.hr","sameAs":["http:\/\/likemetkovic.hr"],"url":"https:\/\/likemetkovic.hr\/portal\/author\/likemetkovic-hr\/"}]}},"_links":{"self":[{"href":"https:\/\/likemetkovic.hr\/portal\/wp-json\/wp\/v2\/posts\/38171","targetHints":{"allow":["GET"]}}],"collection":[{"href":"https:\/\/likemetkovic.hr\/portal\/wp-json\/wp\/v2\/posts"}],"about":[{"href":"https:\/\/likemetkovic.hr\/portal\/wp-json\/wp\/v2\/types\/post"}],"author":[{"embeddable":true,"href":"https:\/\/likemetkovic.hr\/portal\/wp-json\/wp\/v2\/users\/7"}],"replies":[{"embeddable":true,"href":"https:\/\/likemetkovic.hr\/portal\/wp-json\/wp\/v2\/comments?post=38171"}],"version-history":[{"count":0,"href":"https:\/\/likemetkovic.hr\/portal\/wp-json\/wp\/v2\/posts\/38171\/revisions"}],"wp:featuredmedia":[{"embeddable":true,"href":"https:\/\/likemetkovic.hr\/portal\/wp-json\/wp\/v2\/media\/38172"}],"wp:attachment":[{"href":"https:\/\/likemetkovic.hr\/portal\/wp-json\/wp\/v2\/media?parent=38171"}],"wp:term":[{"taxonomy":"category","embeddable":true,"href":"https:\/\/likemetkovic.hr\/portal\/wp-json\/wp\/v2\/categories?post=38171"},{"taxonomy":"post_tag","embeddable":true,"href":"https:\/\/likemetkovic.hr\/portal\/wp-json\/wp\/v2\/tags?post=38171"}],"curies":[{"name":"wp","href":"https:\/\/api.w.org\/{rel}","templated":true}]}}