{"id":38346,"date":"2017-03-20T12:27:56","date_gmt":"2017-03-20T11:27:56","guid":{"rendered":"http:\/\/likemetkovic.hr\/?p=38346"},"modified":"2018-06-06T16:49:05","modified_gmt":"2018-06-06T14:49:05","slug":"foto-arheoloskom-muzeju-narona-vidu-otvorena-izlozba-bracke-stine","status":"publish","type":"post","link":"https:\/\/likemetkovic.hr\/portal\/foto-arheoloskom-muzeju-narona-vidu-otvorena-izlozba-bracke-stine\/","title":{"rendered":"[FOTO] U Arheolo\u0161kom muzeju &#8220;Narona&#8221; u Vidu otvorena izlo\u017eba &#8220;BRA\u010cKE STINE&#8221;"},"content":{"rendered":"<p>Izlo\u017eba\u00a0<em>Bra\u010dke stine<\/em>\u00a0je zami\u0161ljena kao edukativna izlo\u017eba koja donosi prikaz bra\u010dkih kamenoloma, alata, tehnike va\u0111enja i obrade kamena te dva filma. Prvi put je postavljena pod naslovom\u00a0<em>Marmore Lavdata Brattia<\/em>, 2015. g. u Muzeju grada Splita, povodom svjetskog kongresa\u00a0<em>ASMOSIA<\/em>, koji se bavi prou\u010davanjem mramora i drugih vrsta kamena kori\u0161tenog u anti\u010dko doba. Po\u0161to je Republika Hrvatska bila doma\u0107in ove svjetske manifestacije \u017eelja nam je bila upoznati svjetsku elitu, koja se bavi kamenom, s jednim relativno malim otokom, tako bogatim kvalitetnim i raznovrsnim kamenom, a to je na\u0161 otok Bra\u010d.<\/p>\n<p>Na izlo\u017ebi je prikazano oko 20 kamenoloma. Neki su poznati jo\u0161 iz anti\u010dkog doba, kao \u0161to su\u00a0<em>Plate<\/em>,\u00a0<em>Rasohe<\/em>\u00a0i\u00a0<em>Stra\u017ei\u0161\u0107<\/em>. Iz tih se \u201ekava\u201c vadio ili kako Bra\u010dani ka\u017eu \u201ebrao\u201c kamen za Dioklecijanovu pala\u010du. U srednjem vijeku poznat je kamenolom iz Pu\u010di\u0161\u0107a. Od tog su kamena renesansni kipari kao \u0161to je Juraj Dalmatinac, Nikola Firentinac, Andrija Ale\u0161i i drugi vrsni majstori gradili \u0161ibensku i trogirsku katedralu. Tako kvalitetan kamen poznat po nazivu\u00a0<em>Veselje<\/em>\u00a0uspore\u0111uju s mramorom. Danas su otvoreni novi kamenolomi iz kojih se crpe razli\u010dite vrste kamena kako po boji, \u0161arama i kvaliteti. Uglavnom slu\u017ee kao gra\u0111evinski materijal, a oni ne\u0161to kvalitetniji za izradu kamene plastike, oltara, skulptura, nadgrobnih spomenika i sl.<\/p>\n<p>Izlo\u017eba je bogato ilustrirana crte\u017eima na kojima je do\u010daran rad u kamenolomu. Prikazane su tehnike i alati koji su se onda upotrebljavali. Na jednoj maketi prikazana je organizacija posla oko transporta kamenih blokova u anti\u010dkoj luci. Donosimo karakteristi\u010dne alate koji su se koristili prilikom va\u0111enja i obrade kamena. Vidjet \u0107emo da se alat tijekom stolje\u0107a nije promijenio, jer se i danas kamenoklesari s takvim koriste.<\/p>\n<p>Na izlo\u017ebi se prikazuju dva filma. Animirani film\u00a0<em>Od kamenoloma do pala\u010de<\/em>, prikazuje sve faze va\u0111enja kamena u jednom od bra\u010dkih kamenoloma, transport do broda, lu\u010dku infrastrukturu, izgled broda, plovidbu, iskrcavanje te ugradnju. Drugi film na\u0161eg Neretvanina Vlatka Filipovi\u0107a pod naslovom\u00a0<em>Hop Jan<\/em>\u00a0iz 1967. g. prikazuje svu muku va\u0111enja kamenih blokova iz pu\u010di\u0161kog kamenoloma na otoku Bra\u010du.<\/p>\n<p>Reakcije posjetitelja izlo\u017ebe u Splitu su bile odli\u010dne. Osim onih koji se profesionalno bave ovim zanatima veliko zanimanje su pokazala \u0161kolska djeca te \u0161ira publika, koju je zanimala primjena i vrste bra\u010dkog kamena te nabava alata za klesarske radove.<\/p>\n<p>Za\u0161to mi je drago da je ova izlo\u017eba postavljena u Arheolo\u0161kom muzeju Narona? Ako pogledamo naronitanske bedeme, Augusteum sa svojim skulpturama, ostatke zidova anti\u010dke arhitekture, ranokr\u0161\u0107anske bazilike ili obli\u017enji rimski kastrum na lokalitetu Mogorjelo vidjet \u0107emo da se u velikim koli\u010dinama koristio kamen i to kvalitetan kamen. Siguran sam da to nije kamen iz uvoza, da nije dolazio iz dalekih kamenoloma, ve\u0107 poznavaju\u0107i anti\u010dku ekonomiju, siguran sam da je negdje u okolici dana\u0161njeg Vida postojao jedan veliki kamenolom ili vi\u0161e njih, samo ih treba prona\u0107i.<\/p>\n<p>Autor izlo\u017ebe:<strong> Ivo Donelli<\/strong><\/p>\n\r\n                <style type=\"text\/css\">\r\n                    \r\n                    #tdi_1  .td-doubleSlider-2 .td-item1 {\r\n                        background: url(https:\/\/likemetkovic.hr\/portal\/wp-content\/uploads\/2017\/03\/MG_8743-80x60.jpg) 0 0 no-repeat;\r\n                    }\r\n                    #tdi_1  .td-doubleSlider-2 .td-item2 {\r\n                        background: url(https:\/\/likemetkovic.hr\/portal\/wp-content\/uploads\/2017\/03\/MG_8755-80x60.jpg) 0 0 no-repeat;\r\n                    }\r\n                    #tdi_1  .td-doubleSlider-2 .td-item3 {\r\n                        background: url(https:\/\/likemetkovic.hr\/portal\/wp-content\/uploads\/2017\/03\/MG_8778-80x60.jpg) 0 0 no-repeat;\r\n                    }\r\n                <\/style>\r\n\r\n                <div id=\"tdi_1\" class=\"td-gallery td-slide-on-2-columns\">\r\n                    <div class=\"post_td_gallery\">\r\n                        <div class=\"td-gallery-slide-top\">\r\n                           <div class=\"td-gallery-title\"><\/div>\r\n\r\n                            <div class=\"td-gallery-controls-wrapper\">\r\n                                <div class=\"td-gallery-slide-count\"><span class=\"td-gallery-slide-item-focus\">1<\/span> of 3<\/div>\r\n                                <div class=\"td-gallery-slide-prev-next-but\">\r\n                                    <i class = \"td-icon-left doubleSliderPrevButton\"><\/i>\r\n                                    <i class = \"td-icon-right doubleSliderNextButton\"><\/i>\r\n                                <\/div>\r\n                            <\/div>\r\n                        <\/div>\r\n\r\n                        <div class = \"td-doubleSlider-1 \">\r\n                            <div class = \"td-slider\">\r\n                                \r\n                    <div class = \"td-slide-item td-item1\">\r\n                        <figure class=\"td-slide-galery-figure td-slide-popup-gallery\">\r\n                            <a class=\"slide-gallery-image-link\" href=\"https:\/\/likemetkovic.hr\/portal\/wp-content\/uploads\/2017\/03\/MG_8743.jpg\" title=\"_MG_8743\"  data-caption=\"\"  data-description=\"\">\r\n                                <img decoding=\"async\" src=\"https:\/\/likemetkovic.hr\/portal\/wp-content\/uploads\/2017\/03\/MG_8743-630x420.jpg\" srcset=\"https:\/\/likemetkovic.hr\/portal\/wp-content\/uploads\/2017\/03\/MG_8743-630x420.jpg 630w, https:\/\/likemetkovic.hr\/portal\/wp-content\/uploads\/2017\/03\/MG_8743-800x534.jpg 800w, https:\/\/likemetkovic.hr\/portal\/wp-content\/uploads\/2017\/03\/MG_8743-768x512.jpg 768w, https:\/\/likemetkovic.hr\/portal\/wp-content\/uploads\/2017\/03\/MG_8743-1200x800.jpg 1200w, https:\/\/likemetkovic.hr\/portal\/wp-content\/uploads\/2017\/03\/MG_8743-696x464.jpg 696w, https:\/\/likemetkovic.hr\/portal\/wp-content\/uploads\/2017\/03\/MG_8743-1068x712.jpg 1068w, https:\/\/likemetkovic.hr\/portal\/wp-content\/uploads\/2017\/03\/MG_8743.jpg 1366w\" sizes=\"(max-width: 630px) 100vw, 630px\" alt=\"\">\r\n                            <\/a>\r\n                            \r\n                        <\/figure>\r\n                    <\/div>\r\n                    <div class = \"td-slide-item td-item2\">\r\n                        <figure class=\"td-slide-galery-figure td-slide-popup-gallery\">\r\n                            <a class=\"slide-gallery-image-link\" href=\"https:\/\/likemetkovic.hr\/portal\/wp-content\/uploads\/2017\/03\/MG_8755.jpg\" title=\"_MG_8755\"  data-caption=\"\"  data-description=\"\">\r\n                                <img decoding=\"async\" src=\"https:\/\/likemetkovic.hr\/portal\/wp-content\/uploads\/2017\/03\/MG_8755-630x420.jpg\" srcset=\"https:\/\/likemetkovic.hr\/portal\/wp-content\/uploads\/2017\/03\/MG_8755-630x420.jpg 630w, https:\/\/likemetkovic.hr\/portal\/wp-content\/uploads\/2017\/03\/MG_8755-800x534.jpg 800w, https:\/\/likemetkovic.hr\/portal\/wp-content\/uploads\/2017\/03\/MG_8755-768x512.jpg 768w, https:\/\/likemetkovic.hr\/portal\/wp-content\/uploads\/2017\/03\/MG_8755-1200x800.jpg 1200w, https:\/\/likemetkovic.hr\/portal\/wp-content\/uploads\/2017\/03\/MG_8755-696x464.jpg 696w, https:\/\/likemetkovic.hr\/portal\/wp-content\/uploads\/2017\/03\/MG_8755-1068x712.jpg 1068w, https:\/\/likemetkovic.hr\/portal\/wp-content\/uploads\/2017\/03\/MG_8755.jpg 1366w\" sizes=\"(max-width: 630px) 100vw, 630px\" alt=\"\">\r\n                            <\/a>\r\n                            \r\n                        <\/figure>\r\n                    <\/div>\r\n                    <div class = \"td-slide-item td-item3\">\r\n                        <figure class=\"td-slide-galery-figure td-slide-popup-gallery\">\r\n                            <a class=\"slide-gallery-image-link\" href=\"https:\/\/likemetkovic.hr\/portal\/wp-content\/uploads\/2017\/03\/MG_8778.jpg\" title=\"_MG_8778\"  data-caption=\"\"  data-description=\"\">\r\n                                <img decoding=\"async\" src=\"https:\/\/likemetkovic.hr\/portal\/wp-content\/uploads\/2017\/03\/MG_8778-630x420.jpg\" srcset=\"https:\/\/likemetkovic.hr\/portal\/wp-content\/uploads\/2017\/03\/MG_8778-630x420.jpg 630w, https:\/\/likemetkovic.hr\/portal\/wp-content\/uploads\/2017\/03\/MG_8778-800x534.jpg 800w, https:\/\/likemetkovic.hr\/portal\/wp-content\/uploads\/2017\/03\/MG_8778-768x512.jpg 768w, https:\/\/likemetkovic.hr\/portal\/wp-content\/uploads\/2017\/03\/MG_8778-1200x800.jpg 1200w, https:\/\/likemetkovic.hr\/portal\/wp-content\/uploads\/2017\/03\/MG_8778-696x464.jpg 696w, https:\/\/likemetkovic.hr\/portal\/wp-content\/uploads\/2017\/03\/MG_8778-1068x712.jpg 1068w, https:\/\/likemetkovic.hr\/portal\/wp-content\/uploads\/2017\/03\/MG_8778.jpg 1366w\" sizes=\"(max-width: 630px) 100vw, 630px\" alt=\"\">\r\n                            <\/a>\r\n                            \r\n                        <\/figure>\r\n                    <\/div>\r\n                            <\/div>\r\n                        <\/div>\r\n\r\n                        <div class = \"td-doubleSlider-2\">\r\n                            <div class = \"td-slider\">\r\n                                \r\n                    <div class = \"td-button td-item1\">\r\n                        <div class = \"td-border\"><\/div>\r\n                    <\/div>\r\n                    <div class = \"td-button td-item2\">\r\n                        <div class = \"td-border\"><\/div>\r\n                    <\/div>\r\n                    <div class = \"td-button td-item3\">\r\n                        <div class = \"td-border\"><\/div>\r\n                    <\/div>\r\n                            <\/div>\r\n                        <\/div>\r\n\r\n                    <\/div>\r\n\r\n                <\/div>\r\n                \n","protected":false},"excerpt":{"rendered":"<p>Izlo\u017eba\u00a0Bra\u010dke stine\u00a0je zami\u0161ljena kao edukativna izlo\u017eba koja donosi prikaz bra\u010dkih kamenoloma, alata, tehnike va\u0111enja i obrade kamena te dva filma. Prvi put je postavljena pod naslovom\u00a0Marmore Lavdata Brattia, 2015. g. u Muzeju grada Splita, povodom svjetskog kongresa\u00a0ASMOSIA, koji se bavi prou\u010davanjem mramora i drugih vrsta kamena kori\u0161tenog u anti\u010dko doba. Po\u0161to je Republika Hrvatska bila [&hellip;]<\/p>\n","protected":false},"author":7,"featured_media":38349,"comment_status":"open","ping_status":"open","sticky":false,"template":"","format":"standard","meta":{"footnotes":""},"categories":[283,11],"tags":[509],"class_list":{"0":"post-38346","1":"post","2":"type-post","3":"status-publish","4":"format-standard","5":"has-post-thumbnail","7":"category-a","8":"category-metkovic-dolina","9":"tag-arheoloski-muzej-narona-vid"},"yoast_head":"<!-- This site is optimized with the Yoast SEO plugin v25.2 - https:\/\/yoast.com\/wordpress\/plugins\/seo\/ -->\n<title>[FOTO] U Arheolo\u0161kom muzeju &quot;Narona&quot; u Vidu otvorena izlo\u017eba &quot;BRA\u010cKE STINE&quot; - likemetkovic.hr<\/title>\n<meta name=\"robots\" content=\"index, follow, max-snippet:-1, max-image-preview:large, max-video-preview:-1\" \/>\n<link rel=\"canonical\" href=\"https:\/\/likemetkovic.hr\/foto-arheoloskom-muzeju-narona-vidu-otvorena-izlozba-bracke-stine\/\" \/>\n<meta property=\"og:locale\" content=\"hr_HR\" \/>\n<meta property=\"og:type\" content=\"article\" \/>\n<meta property=\"og:title\" content=\"[FOTO] U Arheolo\u0161kom muzeju &quot;Narona&quot; u Vidu otvorena izlo\u017eba &quot;BRA\u010cKE STINE&quot; - likemetkovic.hr\" \/>\n<meta property=\"og:description\" content=\"Izlo\u017eba\u00a0Bra\u010dke stine\u00a0je zami\u0161ljena kao edukativna izlo\u017eba koja donosi prikaz bra\u010dkih kamenoloma, alata, tehnike va\u0111enja i obrade kamena te dva filma. Prvi put je postavljena pod naslovom\u00a0Marmore Lavdata Brattia, 2015. g. u Muzeju grada Splita, povodom svjetskog kongresa\u00a0ASMOSIA, koji se bavi prou\u010davanjem mramora i drugih vrsta kamena kori\u0161tenog u anti\u010dko doba. Po\u0161to je Republika Hrvatska bila [&hellip;]\" \/>\n<meta property=\"og:url\" content=\"https:\/\/likemetkovic.hr\/foto-arheoloskom-muzeju-narona-vidu-otvorena-izlozba-bracke-stine\/\" \/>\n<meta property=\"og:site_name\" content=\"likemetkovic.hr\" \/>\n<meta property=\"article:publisher\" content=\"https:\/\/www.facebook.com\/likemetkovic.hr\/\" \/>\n<meta property=\"article:published_time\" content=\"2017-03-20T11:27:56+00:00\" \/>\n<meta property=\"article:modified_time\" content=\"2018-06-06T14:49:05+00:00\" \/>\n<meta property=\"og:image\" content=\"https:\/\/likemetkovic.hr\/wp-content\/uploads\/2017\/03\/MG_8755.jpg\" \/>\n\t<meta property=\"og:image:width\" content=\"1366\" \/>\n\t<meta property=\"og:image:height\" content=\"911\" \/>\n\t<meta property=\"og:image:type\" content=\"image\/jpeg\" \/>\n<meta name=\"author\" content=\"LIKEmetkovic.hr\" \/>\n<meta name=\"twitter:card\" content=\"summary_large_image\" \/>\n<meta name=\"twitter:label1\" content=\"Napisao\/la\" \/>\n\t<meta name=\"twitter:data1\" content=\"LIKEmetkovic.hr\" \/>\n\t<meta name=\"twitter:label2\" content=\"Procijenjeno vrijeme \u010ditanja\" \/>\n\t<meta name=\"twitter:data2\" content=\"3 minute\" \/>\n<script type=\"application\/ld+json\" class=\"yoast-schema-graph\">{\"@context\":\"https:\/\/schema.org\",\"@graph\":[{\"@type\":\"WebPage\",\"@id\":\"https:\/\/likemetkovic.hr\/foto-arheoloskom-muzeju-narona-vidu-otvorena-izlozba-bracke-stine\/\",\"url\":\"https:\/\/likemetkovic.hr\/foto-arheoloskom-muzeju-narona-vidu-otvorena-izlozba-bracke-stine\/\",\"name\":\"[FOTO] U Arheolo\u0161kom muzeju \\\"Narona\\\" u Vidu otvorena izlo\u017eba \\\"BRA\u010cKE STINE\\\" - likemetkovic.hr\",\"isPartOf\":{\"@id\":\"https:\/\/likemetkovic.hr\/#website\"},\"primaryImageOfPage\":{\"@id\":\"https:\/\/likemetkovic.hr\/foto-arheoloskom-muzeju-narona-vidu-otvorena-izlozba-bracke-stine\/#primaryimage\"},\"image\":{\"@id\":\"https:\/\/likemetkovic.hr\/foto-arheoloskom-muzeju-narona-vidu-otvorena-izlozba-bracke-stine\/#primaryimage\"},\"thumbnailUrl\":\"https:\/\/likemetkovic.hr\/portal\/wp-content\/uploads\/2017\/03\/MG_8755.jpg\",\"datePublished\":\"2017-03-20T11:27:56+00:00\",\"dateModified\":\"2018-06-06T14:49:05+00:00\",\"author\":{\"@id\":\"https:\/\/likemetkovic.hr\/#\/schema\/person\/a42711f3385a0e2be6f7e0443bfb28f0\"},\"breadcrumb\":{\"@id\":\"https:\/\/likemetkovic.hr\/foto-arheoloskom-muzeju-narona-vidu-otvorena-izlozba-bracke-stine\/#breadcrumb\"},\"inLanguage\":\"hr\",\"potentialAction\":[{\"@type\":\"ReadAction\",\"target\":[\"https:\/\/likemetkovic.hr\/foto-arheoloskom-muzeju-narona-vidu-otvorena-izlozba-bracke-stine\/\"]}]},{\"@type\":\"ImageObject\",\"inLanguage\":\"hr\",\"@id\":\"https:\/\/likemetkovic.hr\/foto-arheoloskom-muzeju-narona-vidu-otvorena-izlozba-bracke-stine\/#primaryimage\",\"url\":\"https:\/\/likemetkovic.hr\/portal\/wp-content\/uploads\/2017\/03\/MG_8755.jpg\",\"contentUrl\":\"https:\/\/likemetkovic.hr\/portal\/wp-content\/uploads\/2017\/03\/MG_8755.jpg\",\"width\":1366,\"height\":911},{\"@type\":\"BreadcrumbList\",\"@id\":\"https:\/\/likemetkovic.hr\/foto-arheoloskom-muzeju-narona-vidu-otvorena-izlozba-bracke-stine\/#breadcrumb\",\"itemListElement\":[{\"@type\":\"ListItem\",\"position\":1,\"name\":\"Po\u010detna stranica\",\"item\":\"https:\/\/likemetkovic.hr\/portal\/\"},{\"@type\":\"ListItem\",\"position\":2,\"name\":\"[FOTO] U Arheolo\u0161kom muzeju &#8220;Narona&#8221; u Vidu otvorena izlo\u017eba &#8220;BRA\u010cKE STINE&#8221;\"}]},{\"@type\":\"WebSite\",\"@id\":\"https:\/\/likemetkovic.hr\/#website\",\"url\":\"https:\/\/likemetkovic.hr\/\",\"name\":\"likemetkovic.hr\",\"description\":\"Misli pozitivno... \u010ditaj LIKE\",\"potentialAction\":[{\"@type\":\"SearchAction\",\"target\":{\"@type\":\"EntryPoint\",\"urlTemplate\":\"https:\/\/likemetkovic.hr\/?s={search_term_string}\"},\"query-input\":{\"@type\":\"PropertyValueSpecification\",\"valueRequired\":true,\"valueName\":\"search_term_string\"}}],\"inLanguage\":\"hr\"},{\"@type\":\"Person\",\"@id\":\"https:\/\/likemetkovic.hr\/#\/schema\/person\/a42711f3385a0e2be6f7e0443bfb28f0\",\"name\":\"LIKEmetkovic.hr\",\"sameAs\":[\"http:\/\/likemetkovic.hr\"],\"url\":\"https:\/\/likemetkovic.hr\/portal\/author\/likemetkovic-hr\/\"}]}<\/script>\n<!-- \/ Yoast SEO plugin. -->","yoast_head_json":{"title":"[FOTO] U Arheolo\u0161kom muzeju \"Narona\" u Vidu otvorena izlo\u017eba \"BRA\u010cKE STINE\" - likemetkovic.hr","robots":{"index":"index","follow":"follow","max-snippet":"max-snippet:-1","max-image-preview":"max-image-preview:large","max-video-preview":"max-video-preview:-1"},"canonical":"https:\/\/likemetkovic.hr\/foto-arheoloskom-muzeju-narona-vidu-otvorena-izlozba-bracke-stine\/","og_locale":"hr_HR","og_type":"article","og_title":"[FOTO] U Arheolo\u0161kom muzeju \"Narona\" u Vidu otvorena izlo\u017eba \"BRA\u010cKE STINE\" - likemetkovic.hr","og_description":"Izlo\u017eba\u00a0Bra\u010dke stine\u00a0je zami\u0161ljena kao edukativna izlo\u017eba koja donosi prikaz bra\u010dkih kamenoloma, alata, tehnike va\u0111enja i obrade kamena te dva filma. Prvi put je postavljena pod naslovom\u00a0Marmore Lavdata Brattia, 2015. g. u Muzeju grada Splita, povodom svjetskog kongresa\u00a0ASMOSIA, koji se bavi prou\u010davanjem mramora i drugih vrsta kamena kori\u0161tenog u anti\u010dko doba. Po\u0161to je Republika Hrvatska bila [&hellip;]","og_url":"https:\/\/likemetkovic.hr\/foto-arheoloskom-muzeju-narona-vidu-otvorena-izlozba-bracke-stine\/","og_site_name":"likemetkovic.hr","article_publisher":"https:\/\/www.facebook.com\/likemetkovic.hr\/","article_published_time":"2017-03-20T11:27:56+00:00","article_modified_time":"2018-06-06T14:49:05+00:00","og_image":[{"width":1366,"height":911,"url":"https:\/\/likemetkovic.hr\/wp-content\/uploads\/2017\/03\/MG_8755.jpg","type":"image\/jpeg"}],"author":"LIKEmetkovic.hr","twitter_card":"summary_large_image","twitter_misc":{"Napisao\/la":"LIKEmetkovic.hr","Procijenjeno vrijeme \u010ditanja":"3 minute"},"schema":{"@context":"https:\/\/schema.org","@graph":[{"@type":"WebPage","@id":"https:\/\/likemetkovic.hr\/foto-arheoloskom-muzeju-narona-vidu-otvorena-izlozba-bracke-stine\/","url":"https:\/\/likemetkovic.hr\/foto-arheoloskom-muzeju-narona-vidu-otvorena-izlozba-bracke-stine\/","name":"[FOTO] U Arheolo\u0161kom muzeju \"Narona\" u Vidu otvorena izlo\u017eba \"BRA\u010cKE STINE\" - likemetkovic.hr","isPartOf":{"@id":"https:\/\/likemetkovic.hr\/#website"},"primaryImageOfPage":{"@id":"https:\/\/likemetkovic.hr\/foto-arheoloskom-muzeju-narona-vidu-otvorena-izlozba-bracke-stine\/#primaryimage"},"image":{"@id":"https:\/\/likemetkovic.hr\/foto-arheoloskom-muzeju-narona-vidu-otvorena-izlozba-bracke-stine\/#primaryimage"},"thumbnailUrl":"https:\/\/likemetkovic.hr\/portal\/wp-content\/uploads\/2017\/03\/MG_8755.jpg","datePublished":"2017-03-20T11:27:56+00:00","dateModified":"2018-06-06T14:49:05+00:00","author":{"@id":"https:\/\/likemetkovic.hr\/#\/schema\/person\/a42711f3385a0e2be6f7e0443bfb28f0"},"breadcrumb":{"@id":"https:\/\/likemetkovic.hr\/foto-arheoloskom-muzeju-narona-vidu-otvorena-izlozba-bracke-stine\/#breadcrumb"},"inLanguage":"hr","potentialAction":[{"@type":"ReadAction","target":["https:\/\/likemetkovic.hr\/foto-arheoloskom-muzeju-narona-vidu-otvorena-izlozba-bracke-stine\/"]}]},{"@type":"ImageObject","inLanguage":"hr","@id":"https:\/\/likemetkovic.hr\/foto-arheoloskom-muzeju-narona-vidu-otvorena-izlozba-bracke-stine\/#primaryimage","url":"https:\/\/likemetkovic.hr\/portal\/wp-content\/uploads\/2017\/03\/MG_8755.jpg","contentUrl":"https:\/\/likemetkovic.hr\/portal\/wp-content\/uploads\/2017\/03\/MG_8755.jpg","width":1366,"height":911},{"@type":"BreadcrumbList","@id":"https:\/\/likemetkovic.hr\/foto-arheoloskom-muzeju-narona-vidu-otvorena-izlozba-bracke-stine\/#breadcrumb","itemListElement":[{"@type":"ListItem","position":1,"name":"Po\u010detna stranica","item":"https:\/\/likemetkovic.hr\/portal\/"},{"@type":"ListItem","position":2,"name":"[FOTO] U Arheolo\u0161kom muzeju &#8220;Narona&#8221; u Vidu otvorena izlo\u017eba &#8220;BRA\u010cKE STINE&#8221;"}]},{"@type":"WebSite","@id":"https:\/\/likemetkovic.hr\/#website","url":"https:\/\/likemetkovic.hr\/","name":"likemetkovic.hr","description":"Misli pozitivno... \u010ditaj LIKE","potentialAction":[{"@type":"SearchAction","target":{"@type":"EntryPoint","urlTemplate":"https:\/\/likemetkovic.hr\/?s={search_term_string}"},"query-input":{"@type":"PropertyValueSpecification","valueRequired":true,"valueName":"search_term_string"}}],"inLanguage":"hr"},{"@type":"Person","@id":"https:\/\/likemetkovic.hr\/#\/schema\/person\/a42711f3385a0e2be6f7e0443bfb28f0","name":"LIKEmetkovic.hr","sameAs":["http:\/\/likemetkovic.hr"],"url":"https:\/\/likemetkovic.hr\/portal\/author\/likemetkovic-hr\/"}]}},"_links":{"self":[{"href":"https:\/\/likemetkovic.hr\/portal\/wp-json\/wp\/v2\/posts\/38346","targetHints":{"allow":["GET"]}}],"collection":[{"href":"https:\/\/likemetkovic.hr\/portal\/wp-json\/wp\/v2\/posts"}],"about":[{"href":"https:\/\/likemetkovic.hr\/portal\/wp-json\/wp\/v2\/types\/post"}],"author":[{"embeddable":true,"href":"https:\/\/likemetkovic.hr\/portal\/wp-json\/wp\/v2\/users\/7"}],"replies":[{"embeddable":true,"href":"https:\/\/likemetkovic.hr\/portal\/wp-json\/wp\/v2\/comments?post=38346"}],"version-history":[{"count":0,"href":"https:\/\/likemetkovic.hr\/portal\/wp-json\/wp\/v2\/posts\/38346\/revisions"}],"wp:featuredmedia":[{"embeddable":true,"href":"https:\/\/likemetkovic.hr\/portal\/wp-json\/wp\/v2\/media\/38349"}],"wp:attachment":[{"href":"https:\/\/likemetkovic.hr\/portal\/wp-json\/wp\/v2\/media?parent=38346"}],"wp:term":[{"taxonomy":"category","embeddable":true,"href":"https:\/\/likemetkovic.hr\/portal\/wp-json\/wp\/v2\/categories?post=38346"},{"taxonomy":"post_tag","embeddable":true,"href":"https:\/\/likemetkovic.hr\/portal\/wp-json\/wp\/v2\/tags?post=38346"}],"curies":[{"name":"wp","href":"https:\/\/api.w.org\/{rel}","templated":true}]}}