{"id":38403,"date":"2017-03-21T08:21:38","date_gmt":"2017-03-21T07:21:38","guid":{"rendered":"http:\/\/likemetkovic.hr\/?p=38403"},"modified":"2017-03-21T08:21:38","modified_gmt":"2017-03-21T07:21:38","slug":"svjetski-dan-osoba-s-downovim-sindromom-obucite-sarene-carape","status":"publish","type":"post","link":"https:\/\/likemetkovic.hr\/portal\/svjetski-dan-osoba-s-downovim-sindromom-obucite-sarene-carape\/","title":{"rendered":"Svjetski je dan osoba s Downovim sindromom: Obucite \u0161arene \u010darape!"},"content":{"rendered":"<h4>Down Syndrome International (DSI) je slu\u017ebeno odredio 21. o\u017eujak kao Svjetski dan osoba s Down sindromom (WDSD). Datum je bio izabran kako bi ozna\u010dio jedinstvenost Downova sindroma u potrostru\u010denju (trisomiji) 21. kromosoma i podjednako se rabi sa sinonimom Down sindrom, pi\u0161e <a href=\"http:\/\/www.znanostblog.com\/svjetski-dan-osoba-s-down-sindromom-ne-zaboravite-obuci-sarene-carape\/\">znanostblog.com<\/a>.<\/h4>\n<p>Svjetskim danom syndroma Down (WDSD) prvi put je obilje\u017een u Singapuru 2006. godine, a mnoge organizacije \u0161irom svijeta \u0107e se pridru\u017eiti ovoj proslavi kroz razne doga\u0111aje i aktivnosti, tako da se dana\u0161nji datum obilje\u017eava u cijelom svijetu.<\/p>\n<p>Downov sindrom je genetski poreme\u0107aj koji je uzrokovan prisutno\u0161\u0107u jednog kromosoma vi\u0161ka. Nastaje u trenutku za\u010de\u0107a. Kromosomi su si\u0107u\u0161ne nakupine bjelan\u010devina u svakoj stanici ljudskog organizma.<\/p>\n<p>Oni prenose sve nasljedne karakteristike. Na svakom kromosomu nalaze se tisu\u0107e gena u kojima su zapisane sve na\u0161e nasljedne osobine u obliku DNA. Kromosomi dolaze u paru i u svakoj se stanici nalaze 23 para (46 kromosoma ukupno). U svakom paru jedan kromosom potje\u010de od majke, a jedan od oca. Uzrok Downova sindroma otkrio je 1959. godine francuski geneti\u010dar, prof. Jerome Lejeune. Na 21. paru kromosoma otkrio je jo\u0161 jedan kromosom vi\u0161ka, umjesto 2, tu su se nalazila 3 kromosoma, a u cijeloj stanici umjesto 46, ukupno 47 kromosoma.<\/p>\n<p>Takav poreme\u0107aj nalazi se u svakog \u010dovjeka s Downovim sindromom. Nije ga mogu\u0107e izmijeniti, niti lije\u010diti. \u201dSindrom\u201d je naziv za skup zajedni\u010dkih znakova i karakteristika, a ime \u201dDown\u201d potje\u010de od imena engleskog lije\u010dnika Johna Langdona Downa koji je 1866. prvi opisao sindrom, gotovo 100 godina prije nego \u0161to je prona\u0111en uzrok poreme\u0107aju. Ljudi s Downovim sindromom imaju odre\u0111eni stupanj poreme\u0107aja u razvoju (mentalni hendikep).<\/p>\n<p>Stupanj poreme\u0107aja varira od osobe do osobe i nemogu\u0107e je odmah poslije poro\u0111aja ustanoviti koji \u0107e stupanj poreme\u0107aja dijete imati.<\/p>\n<p><strong>Za\u0161to obilje\u017eavamo Svjetski dan sindroma Down?<\/strong><\/p>\n<p>Ciljevi obilje\u017eavanja ovog dana su bu\u0111enje svijesti i razumijevanja te me\u0111unarodna podr\u0161ka kako bi se po\u0161tovala prava ljudi sa DS-om i pobolj\u0161ao njihov polo\u017eaj, a samim tim i kvaliteta \u017eivota, kao i promoviranje svijesti i razumijevanje Down sindroma uz mobiliziranje podr\u0161ke i priznavanja, dostojanstva, prava i dobrobiti za osobe sa Down sindromom. Prosje\u010dno se jedno od 650 novoro\u0111ene djece ra\u0111a s Downovim sindromom. Taj poreme\u0107aj sprje\u010dava normalan tjelesni i mentalni razvoj djeteta. Down sindrom smatra se jednim od naj\u010de\u0161\u0107ih genetskih odstupanja pri kojem postoji vi\u0161ak jednog ili dijela jednog kromosoma \u0161to uzrokuje razli\u010dite probleme u psihofizi\u010dkom razvoju djeteta.<\/p>\n<p>Znanstveno je tako\u0111er dokazano da postoje preko pedeset karakteristi\u010dnih obilje\u017eja, Down-sindroma. Njihov intenzitet se razlikuje od osobe do osobe.<\/p>\n<p>Zdravstvene te\u0161ko\u0107e koje imaju osobe s Downovim sindromom vrlo su varijabilne. 30-60 posto osoba ima sr\u010dane gre\u0161ke, 20 posto osoba ima endokrinolo\u0161ke probleme (naj\u010de\u0161\u0107e poreme\u0107aji u radu \u0161titne \u017elijezde). Osim toga, djeca s Downovim sindromom mogu imati neurolo\u0161ke, hematolo\u0161ke poreme\u0107aje, poreme\u0107aje lokomotornog sustava, gastroinstestinalnog sustava, bolesti oka, bolesti usne \u0161upljine.<\/p>\n<p>Bez obzira koliki je postotak oboljenja ili poreme\u0107aja prisutno, ova djeca i mladi trebaju posebnu pa\u017enju, tijekom odrastanja razli\u010dite medicinske i rehabilitacijske postupke te posebne metode u\u010denja. Ovaj poreme\u0107aj je vrlo kompleksan te zahtijeva veliku anga\u017eiranost cijele obitelji oboljelog djeteta.<\/p>\n<p><strong>Karakteristike djece s Down sindromom<\/strong><\/p>\n<p>Topli, dobrodu\u0161ni, vedri, veseli; komuniciraju sa svojom okolinom; vjerno kopiraju pona\u0161anja svoje sredine, mogu biti kreativni, u fazi djetinjstva im je potrebna obitelj, a zatim je potrebno osamostaliti ih za samostalan \u017eivot. Cijeli \u017eivot im je potrebna tu\u0111a njega i pomo\u0107.<\/p>\n<p><strong>Poka\u017ei podr\u0161ku!<\/strong><\/p>\n<p>Simbol Dana sindroma Down su \u0161arene \u010darape jer ih osobe s Down sindromom ne mogu upariti. No\u0161enjem \u0161arenih \u010darapa pokazuje se podr\u0161ka borbi osoba s Down sindromom da se integriraju u na\u0161e dru\u0161tvo, da im se osigura mjesto u vrti\u0107u i \u0161koli, posao. Za\u0161to danas nositi rasparene \u0161arene \u010darape? Zato da se pri\u010da o problemima osoba s Down sindromom. Kada vas upitaju: za\u0161to nosi\u0161 \u0161arene (razli\u010dite) \u010darape? Progovorit \u0107ete o problemima osoba s Downom i pokazati podr\u0161ku.<\/p>\n","protected":false},"excerpt":{"rendered":"<p>Down Syndrome International (DSI) je slu\u017ebeno odredio 21. o\u017eujak kao Svjetski dan osoba s Down sindromom (WDSD). Datum je bio izabran kako bi ozna\u010dio jedinstvenost Downova sindroma u potrostru\u010denju (trisomiji) 21. kromosoma i podjednako se rabi sa sinonimom Down sindrom, pi\u0161e znanostblog.com. Svjetskim danom syndroma Down (WDSD) prvi put je obilje\u017een u Singapuru 2006. godine, [&hellip;]<\/p>\n","protected":false},"author":7,"featured_media":38404,"comment_status":"open","ping_status":"open","sticky":false,"template":"","format":"standard","meta":{"footnotes":""},"categories":[283,71],"tags":[512,513],"class_list":{"0":"post-38403","1":"post","2":"type-post","3":"status-publish","4":"format-standard","5":"has-post-thumbnail","7":"category-a","8":"category-svega-po-malo","9":"tag-dan-osoba-sa-down-sindromom","10":"tag-sarene-carape"},"yoast_head":"<!-- This site is optimized with the Yoast SEO plugin v25.2 - https:\/\/yoast.com\/wordpress\/plugins\/seo\/ -->\n<title>Svjetski je dan osoba s Downovim sindromom: Obucite \u0161arene \u010darape! - likemetkovic.hr<\/title>\n<meta name=\"robots\" content=\"index, follow, max-snippet:-1, max-image-preview:large, max-video-preview:-1\" \/>\n<link rel=\"canonical\" href=\"https:\/\/likemetkovic.hr\/svjetski-dan-osoba-s-downovim-sindromom-obucite-sarene-carape\/\" \/>\n<meta property=\"og:locale\" content=\"hr_HR\" \/>\n<meta property=\"og:type\" content=\"article\" \/>\n<meta property=\"og:title\" content=\"Svjetski je dan osoba s Downovim sindromom: Obucite \u0161arene \u010darape! - likemetkovic.hr\" \/>\n<meta property=\"og:description\" content=\"Down Syndrome International (DSI) je slu\u017ebeno odredio 21. o\u017eujak kao Svjetski dan osoba s Down sindromom (WDSD). Datum je bio izabran kako bi ozna\u010dio jedinstvenost Downova sindroma u potrostru\u010denju (trisomiji) 21. kromosoma i podjednako se rabi sa sinonimom Down sindrom, pi\u0161e znanostblog.com. Svjetskim danom syndroma Down (WDSD) prvi put je obilje\u017een u Singapuru 2006. godine, [&hellip;]\" \/>\n<meta property=\"og:url\" content=\"https:\/\/likemetkovic.hr\/svjetski-dan-osoba-s-downovim-sindromom-obucite-sarene-carape\/\" \/>\n<meta property=\"og:site_name\" content=\"likemetkovic.hr\" \/>\n<meta property=\"article:publisher\" content=\"https:\/\/www.facebook.com\/likemetkovic.hr\/\" \/>\n<meta property=\"article:published_time\" content=\"2017-03-21T07:21:38+00:00\" \/>\n<meta property=\"og:image\" content=\"https:\/\/likemetkovic.hr\/wp-content\/uploads\/2017\/03\/\u0161arene-\u010darape.jpg\" \/>\n\t<meta property=\"og:image:width\" content=\"1366\" \/>\n\t<meta property=\"og:image:height\" content=\"878\" \/>\n\t<meta property=\"og:image:type\" content=\"image\/jpeg\" \/>\n<meta name=\"author\" content=\"LIKEmetkovic.hr\" \/>\n<meta name=\"twitter:card\" content=\"summary_large_image\" \/>\n<meta name=\"twitter:label1\" content=\"Napisao\/la\" \/>\n\t<meta name=\"twitter:data1\" content=\"LIKEmetkovic.hr\" \/>\n\t<meta name=\"twitter:label2\" content=\"Procijenjeno vrijeme \u010ditanja\" \/>\n\t<meta name=\"twitter:data2\" content=\"3 minute\" \/>\n<script type=\"application\/ld+json\" class=\"yoast-schema-graph\">{\"@context\":\"https:\/\/schema.org\",\"@graph\":[{\"@type\":\"WebPage\",\"@id\":\"https:\/\/likemetkovic.hr\/svjetski-dan-osoba-s-downovim-sindromom-obucite-sarene-carape\/\",\"url\":\"https:\/\/likemetkovic.hr\/svjetski-dan-osoba-s-downovim-sindromom-obucite-sarene-carape\/\",\"name\":\"Svjetski je dan osoba s Downovim sindromom: Obucite \u0161arene \u010darape! - likemetkovic.hr\",\"isPartOf\":{\"@id\":\"https:\/\/likemetkovic.hr\/#website\"},\"primaryImageOfPage\":{\"@id\":\"https:\/\/likemetkovic.hr\/svjetski-dan-osoba-s-downovim-sindromom-obucite-sarene-carape\/#primaryimage\"},\"image\":{\"@id\":\"https:\/\/likemetkovic.hr\/svjetski-dan-osoba-s-downovim-sindromom-obucite-sarene-carape\/#primaryimage\"},\"thumbnailUrl\":\"https:\/\/likemetkovic.hr\/portal\/wp-content\/uploads\/2017\/03\/\u0161arene-\u010darape.jpg\",\"datePublished\":\"2017-03-21T07:21:38+00:00\",\"author\":{\"@id\":\"https:\/\/likemetkovic.hr\/#\/schema\/person\/a42711f3385a0e2be6f7e0443bfb28f0\"},\"breadcrumb\":{\"@id\":\"https:\/\/likemetkovic.hr\/svjetski-dan-osoba-s-downovim-sindromom-obucite-sarene-carape\/#breadcrumb\"},\"inLanguage\":\"hr\",\"potentialAction\":[{\"@type\":\"ReadAction\",\"target\":[\"https:\/\/likemetkovic.hr\/svjetski-dan-osoba-s-downovim-sindromom-obucite-sarene-carape\/\"]}]},{\"@type\":\"ImageObject\",\"inLanguage\":\"hr\",\"@id\":\"https:\/\/likemetkovic.hr\/svjetski-dan-osoba-s-downovim-sindromom-obucite-sarene-carape\/#primaryimage\",\"url\":\"https:\/\/likemetkovic.hr\/portal\/wp-content\/uploads\/2017\/03\/\u0161arene-\u010darape.jpg\",\"contentUrl\":\"https:\/\/likemetkovic.hr\/portal\/wp-content\/uploads\/2017\/03\/\u0161arene-\u010darape.jpg\",\"width\":1366,\"height\":878},{\"@type\":\"BreadcrumbList\",\"@id\":\"https:\/\/likemetkovic.hr\/svjetski-dan-osoba-s-downovim-sindromom-obucite-sarene-carape\/#breadcrumb\",\"itemListElement\":[{\"@type\":\"ListItem\",\"position\":1,\"name\":\"Po\u010detna stranica\",\"item\":\"https:\/\/likemetkovic.hr\/portal\/\"},{\"@type\":\"ListItem\",\"position\":2,\"name\":\"Svjetski je dan osoba s Downovim sindromom: Obucite \u0161arene \u010darape!\"}]},{\"@type\":\"WebSite\",\"@id\":\"https:\/\/likemetkovic.hr\/#website\",\"url\":\"https:\/\/likemetkovic.hr\/\",\"name\":\"likemetkovic.hr\",\"description\":\"Misli pozitivno... \u010ditaj LIKE\",\"potentialAction\":[{\"@type\":\"SearchAction\",\"target\":{\"@type\":\"EntryPoint\",\"urlTemplate\":\"https:\/\/likemetkovic.hr\/?s={search_term_string}\"},\"query-input\":{\"@type\":\"PropertyValueSpecification\",\"valueRequired\":true,\"valueName\":\"search_term_string\"}}],\"inLanguage\":\"hr\"},{\"@type\":\"Person\",\"@id\":\"https:\/\/likemetkovic.hr\/#\/schema\/person\/a42711f3385a0e2be6f7e0443bfb28f0\",\"name\":\"LIKEmetkovic.hr\",\"sameAs\":[\"http:\/\/likemetkovic.hr\"],\"url\":\"https:\/\/likemetkovic.hr\/portal\/author\/likemetkovic-hr\/\"}]}<\/script>\n<!-- \/ Yoast SEO plugin. -->","yoast_head_json":{"title":"Svjetski je dan osoba s Downovim sindromom: Obucite \u0161arene \u010darape! - likemetkovic.hr","robots":{"index":"index","follow":"follow","max-snippet":"max-snippet:-1","max-image-preview":"max-image-preview:large","max-video-preview":"max-video-preview:-1"},"canonical":"https:\/\/likemetkovic.hr\/svjetski-dan-osoba-s-downovim-sindromom-obucite-sarene-carape\/","og_locale":"hr_HR","og_type":"article","og_title":"Svjetski je dan osoba s Downovim sindromom: Obucite \u0161arene \u010darape! - likemetkovic.hr","og_description":"Down Syndrome International (DSI) je slu\u017ebeno odredio 21. o\u017eujak kao Svjetski dan osoba s Down sindromom (WDSD). Datum je bio izabran kako bi ozna\u010dio jedinstvenost Downova sindroma u potrostru\u010denju (trisomiji) 21. kromosoma i podjednako se rabi sa sinonimom Down sindrom, pi\u0161e znanostblog.com. Svjetskim danom syndroma Down (WDSD) prvi put je obilje\u017een u Singapuru 2006. godine, [&hellip;]","og_url":"https:\/\/likemetkovic.hr\/svjetski-dan-osoba-s-downovim-sindromom-obucite-sarene-carape\/","og_site_name":"likemetkovic.hr","article_publisher":"https:\/\/www.facebook.com\/likemetkovic.hr\/","article_published_time":"2017-03-21T07:21:38+00:00","og_image":[{"width":1366,"height":878,"url":"https:\/\/likemetkovic.hr\/wp-content\/uploads\/2017\/03\/\u0161arene-\u010darape.jpg","type":"image\/jpeg"}],"author":"LIKEmetkovic.hr","twitter_card":"summary_large_image","twitter_misc":{"Napisao\/la":"LIKEmetkovic.hr","Procijenjeno vrijeme \u010ditanja":"3 minute"},"schema":{"@context":"https:\/\/schema.org","@graph":[{"@type":"WebPage","@id":"https:\/\/likemetkovic.hr\/svjetski-dan-osoba-s-downovim-sindromom-obucite-sarene-carape\/","url":"https:\/\/likemetkovic.hr\/svjetski-dan-osoba-s-downovim-sindromom-obucite-sarene-carape\/","name":"Svjetski je dan osoba s Downovim sindromom: Obucite \u0161arene \u010darape! - likemetkovic.hr","isPartOf":{"@id":"https:\/\/likemetkovic.hr\/#website"},"primaryImageOfPage":{"@id":"https:\/\/likemetkovic.hr\/svjetski-dan-osoba-s-downovim-sindromom-obucite-sarene-carape\/#primaryimage"},"image":{"@id":"https:\/\/likemetkovic.hr\/svjetski-dan-osoba-s-downovim-sindromom-obucite-sarene-carape\/#primaryimage"},"thumbnailUrl":"https:\/\/likemetkovic.hr\/portal\/wp-content\/uploads\/2017\/03\/\u0161arene-\u010darape.jpg","datePublished":"2017-03-21T07:21:38+00:00","author":{"@id":"https:\/\/likemetkovic.hr\/#\/schema\/person\/a42711f3385a0e2be6f7e0443bfb28f0"},"breadcrumb":{"@id":"https:\/\/likemetkovic.hr\/svjetski-dan-osoba-s-downovim-sindromom-obucite-sarene-carape\/#breadcrumb"},"inLanguage":"hr","potentialAction":[{"@type":"ReadAction","target":["https:\/\/likemetkovic.hr\/svjetski-dan-osoba-s-downovim-sindromom-obucite-sarene-carape\/"]}]},{"@type":"ImageObject","inLanguage":"hr","@id":"https:\/\/likemetkovic.hr\/svjetski-dan-osoba-s-downovim-sindromom-obucite-sarene-carape\/#primaryimage","url":"https:\/\/likemetkovic.hr\/portal\/wp-content\/uploads\/2017\/03\/\u0161arene-\u010darape.jpg","contentUrl":"https:\/\/likemetkovic.hr\/portal\/wp-content\/uploads\/2017\/03\/\u0161arene-\u010darape.jpg","width":1366,"height":878},{"@type":"BreadcrumbList","@id":"https:\/\/likemetkovic.hr\/svjetski-dan-osoba-s-downovim-sindromom-obucite-sarene-carape\/#breadcrumb","itemListElement":[{"@type":"ListItem","position":1,"name":"Po\u010detna stranica","item":"https:\/\/likemetkovic.hr\/portal\/"},{"@type":"ListItem","position":2,"name":"Svjetski je dan osoba s Downovim sindromom: Obucite \u0161arene \u010darape!"}]},{"@type":"WebSite","@id":"https:\/\/likemetkovic.hr\/#website","url":"https:\/\/likemetkovic.hr\/","name":"likemetkovic.hr","description":"Misli pozitivno... \u010ditaj LIKE","potentialAction":[{"@type":"SearchAction","target":{"@type":"EntryPoint","urlTemplate":"https:\/\/likemetkovic.hr\/?s={search_term_string}"},"query-input":{"@type":"PropertyValueSpecification","valueRequired":true,"valueName":"search_term_string"}}],"inLanguage":"hr"},{"@type":"Person","@id":"https:\/\/likemetkovic.hr\/#\/schema\/person\/a42711f3385a0e2be6f7e0443bfb28f0","name":"LIKEmetkovic.hr","sameAs":["http:\/\/likemetkovic.hr"],"url":"https:\/\/likemetkovic.hr\/portal\/author\/likemetkovic-hr\/"}]}},"_links":{"self":[{"href":"https:\/\/likemetkovic.hr\/portal\/wp-json\/wp\/v2\/posts\/38403","targetHints":{"allow":["GET"]}}],"collection":[{"href":"https:\/\/likemetkovic.hr\/portal\/wp-json\/wp\/v2\/posts"}],"about":[{"href":"https:\/\/likemetkovic.hr\/portal\/wp-json\/wp\/v2\/types\/post"}],"author":[{"embeddable":true,"href":"https:\/\/likemetkovic.hr\/portal\/wp-json\/wp\/v2\/users\/7"}],"replies":[{"embeddable":true,"href":"https:\/\/likemetkovic.hr\/portal\/wp-json\/wp\/v2\/comments?post=38403"}],"version-history":[{"count":0,"href":"https:\/\/likemetkovic.hr\/portal\/wp-json\/wp\/v2\/posts\/38403\/revisions"}],"wp:featuredmedia":[{"embeddable":true,"href":"https:\/\/likemetkovic.hr\/portal\/wp-json\/wp\/v2\/media\/38404"}],"wp:attachment":[{"href":"https:\/\/likemetkovic.hr\/portal\/wp-json\/wp\/v2\/media?parent=38403"}],"wp:term":[{"taxonomy":"category","embeddable":true,"href":"https:\/\/likemetkovic.hr\/portal\/wp-json\/wp\/v2\/categories?post=38403"},{"taxonomy":"post_tag","embeddable":true,"href":"https:\/\/likemetkovic.hr\/portal\/wp-json\/wp\/v2\/tags?post=38403"}],"curies":[{"name":"wp","href":"https:\/\/api.w.org\/{rel}","templated":true}]}}