{"id":38703,"date":"2017-03-27T08:03:36","date_gmt":"2017-03-27T07:03:36","guid":{"rendered":"http:\/\/likemetkovic.hr\/?p=38703"},"modified":"2017-03-27T08:03:36","modified_gmt":"2017-03-27T07:03:36","slug":"sanjar-ptica-rijetka-ptica-lutalica-bezeri-menali-repese","status":"publish","type":"post","link":"https:\/\/likemetkovic.hr\/portal\/sanjar-ptica-rijetka-ptica-lutalica-bezeri-menali-repese\/","title":{"rendered":"On je sanjar, on je ptica, rijetka ptica, lutalica \u2013 Bezeri, Menali i Repe\u0161e"},"content":{"rendered":"<p><b><\/b><span style=\"font-weight: 400;\">Kako sam ve\u0107 milijun puta upitan za svrhu mojega posljednjeg boravka ovdje (<\/span><i><span style=\"font-weight: 400;\">Jesi to vidija da je vrime lipo, pa si izmislija neki posa? \u2013 <\/span><\/i><span style=\"font-weight: 400;\">vrli \u0107e pitac u neretvanskome uzmorju neki), iz dosade ve\u0107 po\u010deh govoriti kako sam do\u0161ao prou\u010davati kontrast. Eh, sad to ve\u0107 izazove znati\u017eelju pitca, a moglo bi i kakva spoznajnoga jezikoslovca koji se jo\u0161 i snalazi u opisu mentalnih procesa u Neretvanina koji vidi pe\u010denku, ali deder ti opi\u0161i kako Neretvanin opisuje kontrast ako mo\u017ee\u0161, juna\u010de! Prvo sam, naime, tri dana bio u <\/span><i><span style=\"font-weight: 400;\">\u0111irati <\/span><\/i><span style=\"font-weight: 400;\">Dubrovnikom, kojega je upravo bio napustio Robin Hood. Ne smijem pritom smetnuti da bi se dubrova\u010dki vrtovi pretvorili u Sherwood da se o njima ne brinu radnici metkovske tvrtke Amadeus, koji su me uo\u010dili kako ski\u0107em put Vi\u0161njice u o\u010dekivanju Borisa Njavre (dubrova\u010dki Njavra). Predsjednik je Dru\u0161tva dubrova\u010dkih pisaca, \u010diji svi naslovi (da ne re\u010dem titule) ne stanu ni na veleplakat (da ne re\u010dem <\/span><i><span style=\"font-weight: 400;\">jumbo <\/span><\/i><span style=\"font-weight: 400;\">i ne upletem se u tematiku mjesnih i podru\u010dnih izbora), naime, u stanci izme\u0111u objeda i predstavljanja <\/span><i><span style=\"font-weight: 400;\">sekao <\/span><\/i><span style=\"font-weight: 400;\">barku, a radnici su me spomenute tvrtke podsjetili na dane kad sam Gradom slu\u017ebeno jizdio dva tjedna dok su rodijaci Ob\u0161iva\u010di obnavljali hotel \u201eLero\u201c. Svako bi mi malo netko od rodbine trubnuo. Lako je bilo kad bi trubili dok su mi bili sprijeda, ali \u010dinilo mi se da im je najmilije bilo uti\u0161ati <\/span><i><span style=\"font-weight: 400;\">makinu<\/span><\/i><span style=\"font-weight: 400;\">, u\u0161uljati mi se FAP-om iza le\u0111a i nale\u0107i na trubu na \u0161to bih skakao kao jelen\u010de \u0161to u goru bje\u017ei ili zec \u0161to od lova\u010dkih pasa \u010duva se. Sre\u0107om da nisam iznajmljivao pedaline na Lapadu jer da je koji od rodijaka bio kapetan, pretvorio bih se u prvoga Za\u017eapca na Mjesecu. U Dubrovniku uglavnom sve po starome \u2013 turisti, ponuda apartmana s pogledom na Gornjemu konalu s kojih se vidi i Tirensko more koliko je visoko, Goran Menalo, ovaj put bez vozila, i \u0107ukenja na Lapadu, tako da mi nije trebao kondicijski trening da bih se uklopio u mom\u010dad staroga Juhe. (Ajde, ajde, imao sam i jedan kra\u0107i \u0161uterski trening pred \u0111a\u010dkim domom uz op\u0107e odobravanje nekolicine njegovih \u0161ti\u0107enika iako je u Dubrovniku odavna iz mode izi\u0161lo pucanje u \u0161picokama.) Njavro me je toliko vje\u0161to skrivao od mla\u0111ih uku\u0107anka da su mu k\u0107eri po\u010dele kupovati novine da vide postoji li itko s mojim imenom i prezimenom. S obzirom na to da ste o samome predstavljanju knjige pisca ovih redaka mogli pone\u0161to i pro\u010ditati, dometnut \u0107u tek kako me je kolegica opisala kao urbanoga lika s frizurom iz srednjovjekovnih ljubavnih romana. Sad mi je malo jasnije za\u0161to mi \u017eene prilaze kao prema muzejskome izlo\u0161ku. Vidimo se, dakle, na Rimskoj no\u0107i u Vidu.<\/span><\/p>\n<p><span style=\"font-weight: 400;\">Nakon \u0161to se vratih iz Dubrovnika i odigrah utakmicu za mati\u010dni ko\u0161arka\u0161ki klub, iz Sherwooda prije\u0111oh u Nedo\u0111iju, kako rado opisujem Popovo jer mi se vazda, kad se uspinjem iznad Vrutka, u\u010dini da sam u\u0161ao u bajku gledaju\u0107i s jedne strane Crvene stijene u kojima je navodno sveti Petar ubio \u0111avla, blude\u0107i pogledom prema Crnulji kod koje su vile bacale bezazlene momke u kovitlace te misle\u0107i o Zmajevici negdje u Trn\u010dini u kojoj je sveti Jurica postao Zmajoubojica. Kako meni misli ne bi odvijugale poput dionice uskotra\u010dne ceste, u kolima mi je suradnik koji se nasmije samo kad koga izbodu p\u010dele, kad rijetkoga prolaznika zalije vodom iz <\/span><i><span style=\"font-weight: 400;\">ma\u0107ane<\/span><\/i><span style=\"font-weight: 400;\"> lokve ili kad vidi krepanu kunicu na putu (<\/span><i><span style=\"font-weight: 400;\">Ne bi ona o\u0111e stajala da su bra\u0107a Marti\u0107i \u017eivi<\/span><\/i><span style=\"font-weight: 400;\">, o\u0161tro \u0107e), a napisao je dvije knjige \u0161ala. Te\u0161ka su vremena, \u0161to \u0107ete, ne mo\u017eete birati ni suradnike. U razmaku od nekoliko kilometara rodne su ku\u0107e dvaju velikih knji\u017eevnika \u2013 Stojana <\/span><b>Vu<\/b><span style=\"font-weight: 400;\">\u010di\u0107evi\u0107a (snimih kako jedna Vuletu\u0161a izbjegla s Pe\u0107ine na Brijeg triput izgovara to prezime za one koji ne \u010du\u0161e i ne vjeruju, a koja je, pitajte Juru Vuleti\u0107a ako ga ulovite) u Turkovi\u0107ima i An\u0111elka Vuleti\u0107a na Zagorcu. \u201eMa, bolan, \u0161ta si se sad navio? Ajde, imamo jo\u0161 barem tri sela pro\u0107\u201c, zapovjedni\u010dki \u0107e udarnik peki\u0107evskim <\/span><i><span style=\"font-weight: 400;\">bolan-bolan <\/span><\/i><span style=\"font-weight: 400;\">glasom dok su Jozo i Ivo dizali desnicu na sljepoo\u010dnicu na pozdrav i nisu je spu\u0161tali sve dok nijesmo zamakli iza prvoga zavoja (evo i meni poletjelo <\/span><i><span style=\"font-weight: 400;\">ije <\/span><\/i><span style=\"font-weight: 400;\">u okuci). Tako i ja spoznah \u0161to je autoritet. \u201eA \u0161ta \u0107e van to?\u201c, znati\u017eeljno \u0107e Vide Prka\u010din na Du\u017eici dok je sa sinom Ivanom nabrajao pasi\u0161ta na Ivanj-brdu. \u201eOn \u0107e van sve to na se knji\u017eit\u201c, ispotiha \u0107u dok mi je suradnik bio na zahodu. Na Trebinji nas je Tomo Batina odveo i u crkvu, a koliko mu je glas zvonak (a nije od Zvona), skoro sam ga zamolio da otpjeva po\u010detak Gegotove pjesme <\/span><i><span style=\"font-weight: 400;\">O, judi moji<\/span><\/i><span style=\"font-weight: 400;\"> (znate ono: <\/span><i><span style=\"font-weight: 400;\">Bom-bom-bom-bom<\/span><\/i><span style=\"font-weight: 400;\">), no jo\u0161 me jedan mrki suradnikov pogled od prijedloga odvratio. Na Brijegu u Mate Dobroslavi\u0107a mrke\u0161a upita odnosi li se toponim V&#8230;&#8230;..ina na cijelu valu ispod ceste. \u201eNijesam ba\u0161 tako \u010duo od starije(h)\u201c, ljubazno \u0107e doma\u0107in. \u201eOvi bi zapaso i ovo jada \u0161to nan je ostalo\u201c, o\u010dima suprugu dobacuje Vuletu\u0161a. \u201e\u0160ta ti gleda\u0161?\u201c, dreknu brko bezbrko na mene, pa \u0107e se za koju stotinu godina arheolozi pitati otkud kapi vina na mojim bilje\u0161kama. Pustolovina se nastavila i do koji dan. \u010cak je i na\u010delnik jedne isto\u010dnohercegova\u010dke op\u0107ine s nadcestarom Kristom stajao u stavu mirno nakon \u0161to je moj suradnik pokretom desne ruke poput Mate Mi\u0161e Kova\u010da (umjesto kojega pjeva cijeli stadion i za to jo\u0161 svatko plati ulaznicu) navijestio da \u017eeli zboriti, naravno u sjede\u0107emu polo\u017eaju, a popodne na licu mjesta spoznah kako je nastao lin\u0111o (hercegova\u010dki lind\u017ea): Hercegovka vidjela zmiju pa posko\u010dila dva-tri puta i sletjela na plo\u010du. U putu su nas, dakako, vi\u0161e puta motrili slu\u017ebenici dubinskoga carinskog nadzora. \u201eO\u0111e su samo radi tebe. Vidi kako te gledaju. Kad \u0107e\u0161 vi\u0161e \u010doeka od sebe u\u010dinit?\u201c, vi\u0111eniji \u0107e kulturni trudbenik, koji je sre\u0107om i na njih pogled obratio, pa se, iako su dvojica, a mi bijasmo sami, nisu usudili pri\u0107i. I vidje Bog da je bilo dosta kontrasta u tjedan dana i posla nas put doma. \u201eStane, jesi pro\u010ditala novine \u0161to sam ti ih ostavio.\u201c \u201eNijesam ih imala kad \u010ditat od posla.\u201c \u201e\u0160ta si \u010ditala, \u010ditala si\u201c, nje\u017eno \u0107e poput neprijateljske minobaca\u010dke granate na Drenovcu moj suradnik ma\u0161u\u0107i mi na odlasku dok su \u017edrali od straha preletjeli Karasovice.<\/span><\/p>\n<p><span style=\"font-weight: 400;\">Da je Popovo istra\u017eiva\u010dka meka (ne Goran Komazin Meka, njegov se nadimak pi\u0161e velikim slovom), pokazao je i ovaj izlet u nepoznato. U Ra\u010d-vrhu na Trebinji tako zapisah toponime <\/span><i><span style=\"font-weight: 400;\">Kusureva dolina<\/span><\/i><span style=\"font-weight: 400;\"> i <\/span><i><span style=\"font-weight: 400;\">Vuk\u0161ino guvno<\/span><\/i><span style=\"font-weight: 400;\"> koji upu\u0107uju na podrijetlo nekih neretvanskih rodova. I dok vam je za Vuk\u0161e mo\u017eda sve jasno, toponim bi <\/span><i><span style=\"font-weight: 400;\">Kusureva dolina<\/span><\/i><span style=\"font-weight: 400;\"> mogao upu\u0107ivati na dalje podrijetlo Kljusuri\u0107a koji su zapisani i kao Kusurini i Kusurovi\u0107i. S obzirom na to da ime je obiteljski nadimak \u0106eli\u0107 okamenjen u toponimu <\/span><i><span style=\"font-weight: 400;\">\u0106eli\u0107a glavica<\/span><\/i><span style=\"font-weight: 400;\"> u \u0106ukovoj Gredi kod neumskoga Gradca, dobivamo pouzdanu potvrdu o smjeru doseljavanja iz Popova preko hercegova\u010dkoga dijela Za\u017eablja u Neretvansku krajinu. Nai\u0161ao sam i na jo\u0161 jedan podatak koji bi mogao biti zanimljiv Vrnogama. Naime, nadimak je Vrnoga nosio jedan ogranak Ragu\u017ea iz Hrasna. Te\u0161ko je utvrditi koliko im je nadimak star, no budu\u0107i da se Ragu\u017ei spominju u vidonjskome zemlji\u0161niku, nije nemogu\u0107e da Vrnoge imaju neke veze s Ragu\u017eima. U jednoj od ina\u010dica predaje o postanku Ragu\u017ea spominje se kako im je beg \u010cengi\u0107 ubio najboljega ovna u planini kod Kalinovika. Kako je \u017eivot ovna prije objeda tada vi\u0161e vrijedio od \u017eivota bega, Petar je Ragu\u017e (po jednoj ina\u010dici s Bajom, a za njih znamo da su \u017eivjeli u Za\u017eablju, i Limov, oni su tako\u0111er iz Strmice u Popovu, a vrte su i po Gabeli i Vi\u0161i\u0107ima) sredio \u010cengi\u0107a koji je \u017eivio prije Smail-age smakli te onda bje\u017eali put Dubrovnika. Po predaji su zastali u Slivnu (koje nije daleko od Vidonja), a nadimak je Vrnoga bio \u017eiv 1930. kad ga je nosio \u0110uro Ragu\u017e. S obzirom na to da izvan Neretvanske krajine ama ba\u0161 nigdje nisam nai\u0161ao ni na koji srodan antroponim, mo\u017eda je ovo mali korak u rasvjetljavanju podrijetla ponovno <\/span><i><span style=\"font-weight: 400;\">rodijaka <\/span><\/i><span style=\"font-weight: 400;\">Vrnoga, no dok ne nai\u0111em na jo\u0161 koji pouzdan podatak, ni\u0161ta nije sigurno.<\/span><\/p>\n<p><span style=\"font-weight: 400;\">Tijekom istra\u017eivanja nai\u0111oh i na toponim <\/span><i><span style=\"font-weight: 400;\">Repe\u0161ovo guvno<\/span><\/i><span style=\"font-weight: 400;\">, pa je vrijeme da se napokon pozabavimo tim, jednim od najstarijih metkovskih prezimena. Repe\u0161e se u grada\u010dkim maticama spominju 1728. kad je u Cerevu ro\u0111ena Bo\u017eica, k\u0107i Vu\u010dka Repe\u0161e, godine 1732. ro\u0111en je Ivan, a 1735. Vidan, sinovi Nikole Repe\u0161e, a drugi se Nikolin sin Vidan 1764. spominje pod novim prezimenom Menalo (eto vidite da ni Goran nije slu\u010dajno spomenut). Sve do 1836. u Cerevu se uza novo prezime Menalo spominje i starije Repe\u0161a, pa na ovome mjestu moram djelomi\u010dno ispraviti samoga sebe u vezi s dvama navodima. Prvi sam vlastiti navod ve\u0107 ispravio jer sam tvrdio kako su metkovski Repe\u0161e jedini zadr\u017eali stari lik prezimena nakon doseljenja u Metkovi\u0107 (u maticama se spominju od 1742.), a iz gore je navedenih podataka razvidno kako je negdje polovicom XVIII. st. lik Menalo po\u010deo prevladavati, s tim da je u Stanju du\u0161a \u017eupe Hrasno iz 1792. u Cerevu navedena 19-ero\u010dlana obitelj Stjepana Menala (dakle, ne spominje se prezime Repe\u0161a). I drugi mi vlastiti navod valja djelomi\u010dno ispraviti. Naime, nastanak je novoga prezimena Menalo uistinu potaknut islamizacijom dijela roda Repe\u0161a, no islamizacija se o\u010dito doga\u0111ala u vi\u0161e navrata. Naime, 1701. u osmanlijskome se zemlji\u0161niku u Cerevu spominje Abdulah Repe\u0161a. Poput drugih islamiziranih pojedinaca pod pritiskom su se ve\u0107ine vlastitih srodnika koji su ostali vjerni kr\u0161\u0107anstvu i Abdulahovi potomci iz Cereva preselili u Dubravicu iznad Sjekosa (od te loze potje\u010de Jasmin Repe\u0161a, biv\u0161i izbornik hrvatske ko\u0161arka\u0161ke reprezentacije), a odande na Domanovi\u0107e i Trijebanj, poslije i Vi\u0161i\u0107e, Tasov\u010di\u0107e te Goricu kod Stoca. Danas su Repe\u0161e u Hercegovini isklju\u010divo muslimani. Katolici su pak Repe\u0161e nakon 1836. svi postali Menalima te se odande prvo selili u Kolojanj i dalje po Hercegovini (danas \u017eive u Grabovinama, \u010capljini, \u010celjevu, Gabeli, Vi\u0161i\u0107ima, Sjekosama, Zvirovi\u0107ima, Tasov\u010di\u0107ima, Neumu i Modri\u010du), a na koncu do\u0161li i u Metkovi\u0107. Da veza metkovskih Repe\u0161a s hercegova\u010dkim korijenima nije potpuno prekinuta, pokazuje osobno ime Luk(ic)a. Naime, u krajevima se isto\u010dno od Neretve narodno ime Vuko od po\u010detka XVIII. stolje\u0107a mijenja u Luka\/Luko, pa je stoga i logi\u010dno da izravni potomak Vu\u010dka (hipokoristik od Vuko) ponese osobno ime Lukica (hipokoristik od Vuko). Duhovnih zvanja ne nedostaje ni na jednoj strani, od svima nam znanoga fra Josipa Repe\u0161e do sudskoga vikara Mostarsko-duvanjske biskupije (ina\u010de ro\u0111enoga Metkovca) te \u017eupnika Blagaja i Bune don Nikole Menala, koji me je prije nekoga vremena molio da mu po\u0161aljem neke podatke o Menalima i tako potaknuo nastanak ovoga \u010dlanka. Dalje podrijetlo Repe\u0161a valja iskati dublje u Hercegovini. Naime, na Brijegu se na Trebinji nalazi spomenuti predio <\/span><i><span style=\"font-weight: 400;\">Repe\u0161ovo guvno<\/span><\/i><span style=\"font-weight: 400;\">, a budu\u0107i da su Lepe\u0161i iz Smokovljana (koji se spominju u tome primorskom selu od 1577.) u grada\u010dkim maticama zapisani kao Repe\u0161i te s obzirom na migracijska kretanja, vjerojatno je rije\u010d o istome rodu. Budu\u0107i da se navedeni toponim spominje u <\/span><i><span style=\"font-weight: 400;\">Vukorepovini<\/span><\/i><span style=\"font-weight: 400;\"> i zbog djelomi\u010dne sli\u010dnosti prezimena, katkad se Repe\u0161e (&lt; <\/span><i><span style=\"font-weight: 400;\">rep<\/span><\/i><span style=\"font-weight: 400;\">) dovode u vezu i s Vukorepima (prije Stojanovi\u0107ima), a prezime se Menalo po predaji dovodi u vezu s glagolom <\/span><i><span style=\"font-weight: 400;\">menati <\/span><\/i><span style=\"font-weight: 400;\">(jer su Repe\u0161e <\/span><i><span style=\"font-weight: 400;\">menali<\/span><\/i><span style=\"font-weight: 400;\">, tj. promijenili, prezime), no nije nemogu\u0107e da je povezano s kojom ina\u010dicom imena <\/span><i><span style=\"font-weight: 400;\">Dominik<\/span><\/i><span style=\"font-weight: 400;\"> (usp. osobno ime <\/span><i><span style=\"font-weight: 400;\">Menko<\/span><\/i><span style=\"font-weight: 400;\"> i prezime <\/span><i><span style=\"font-weight: 400;\">Men\u010deti\u0107<\/span><\/i><span style=\"font-weight: 400;\">). Godine 1948. jedini su Repe\u0161e u Hrvatskoj \u017eivjeli u Metkovi\u0107u (bilo ih je 10), a Menala u Metkovi\u0107u nije bilo (petero ih je \u017eivjelo u Dubrovniku, \u010detvero u Kru\u0161evici kod \u017dupanje i troje u Sesvetama). Godine 2001. broj se Repe\u0161a u Metkovi\u0107u popeo na 29, a u Opuzenu ih je bilo dvoje. Menala je u Metkovi\u0107u 2001. bilo 32, u Plo\u010dama 5, a u Bijelome Viru 4. Po popisu je iz 2011. \u017eivio 41 nositelj prezimena Repe\u0161a (broj im se u\u010detverostru\u010dio) i \u010dak 208 nositelja prezimena (broj im se gotovo udvadeseterostru\u010dio). Da je stanovni\u0161tvo Hrvatske raslo kako se pove\u0107avao broj Repe\u0161a, danas bi nas bilo oko 15 milijuna, a da se pove\u0107avalo koliko se pove\u0107ao broj nositelja prezimena Menalo u istome razdoblju, bilo bi nas oko 70 milijuna.<\/span><\/p>\n<p><span style=\"font-weight: 400;\">Drugi put kad me zvonjelica oprenula, nazvao me Goran Bezer Korki\u0107 zvani Dugi zamoliv\u0161i me da se pozabavim podrijetlom njegova roda, a kako sam dobro poznavao Lija, a ne\u0161to slabije Kenedija, nije mi bilo mrsko. Momi\u0107ki su se Bezeri (Julio me upozorava da se uvijek govorilo da se ide <\/span><i><span style=\"font-weight: 400;\">U Bezera<\/span><\/i><span style=\"font-weight: 400;\"> te da je rije\u010d o pograni\u010dnome dijelu izme\u0111u Momi\u0107a i Podrujnice) po zapisima don Radovana Jerkovi\u0107a u Momi\u0107e doselili polovicom XIX. stolje\u0107a iz Veljaka (pritom don Rade vjerojatno misli na povijesno podru\u010dje \u017eupe jer u samim Veljacima Bezera u tome razdoblju nije bilo). Da je Bezera bilo i prije na neretvanskome podru\u010dju, pokazuje vi\u0161e podataka. Prvo, godine se 1690. spominje fra Toma Bezer Radatovi\u0107 koji je sudjelovao u oslobo\u0111enju Vrgorske krajine od Osmanlija. On je preveo dio puka iz zapadne Hercegovine na vrgorsko podru\u010dje. Iz Vrgorske je krajine dio Bezera tada pre\u0161ao i u na\u0161e strane, \u0161to je razvidno po podatku da se Ilija Bezerovi\u0107, koji se u Kljenku kod Vrgorca spominje 1722., godine 1730. spominje u Plini. Od loze Radatovi\u0107a potje\u010du Bezeri na Krstaticama (ondje se spominju 1744., ali su se uskoro iselili) te Radati u Vinjanima (oni po predaji potje\u010du iz Ru\u017ei\u0107a i posu\u0161koga Gradca te su u mati\u010dnim knjigama u Ru\u017ei\u0107ima upisani kao Pezeri). Od Bezera bi pak koji su se naselili u Vrgorskoj krajini i Plini mogli potjecati Bezeri i Bezeri\u0107i koji se spominju u Dra\u0161nicama koncem XVII. stolje\u0107a, a vjerojatno i Bezeri u Makru (ondje se spominju od 1710.). Vjerojatna je Me\u0111ugorje matica svih Bezera u zapadnoj Hercegovini, Neretvanskoj, Vrgorskoj i Imotskoj krajini te Makarskomu primorju. Ondje se, naime, 1742. spominje obitelj Bla\u017ea Bezera, a 1768. Mije Pezera. Nikola Mandi\u0107 bro\u0107anske Bezere koji su se raselili po ljubu\u0161kome kraju povezuje s rodom Smoljan (godine 1809. spominje se Iva Bezer Smoljan <\/span><i><span style=\"font-weight: 400;\">od Ljubu\u0161koga<\/span><\/i><span style=\"font-weight: 400;\">). Bezeri se od konca XVIII. st. spominju na Humcu, u Vitini, Crvenome Grmu, Rulja\u0161u, Teskeri, Proboju, Radi\u0161i\u0107ima i Ra\u0161ljanima, te u jednome od tih naselja valja tra\u017eiti i podrijetlo momi\u0107kih Bezera. Jedna se pak obitelj Bezer sredinom XX. stolje\u0107a preselila iz Momi\u0107a u Vid. Ostaje pak pitanje otkud Pezeri na Hvaru i Bezeri u Ka\u0161telima. Hvarski su se Pezeri doselili nakon Kandijskoga rata (spominju se od 1673.), pa vjerojatno potje\u010du iz Bekije. Iz Bekije su vjerojatno i Pezeri u Kaknju (spominju se od 1731.) jer su se tih godina put srednje Bosne selili mnogi rodovi iz toga kraja te Livanjskoga i Duvanjskoga polja. Bezeri su pak u Ka\u0161tel-Gomilici (spominju se od 1753.) vjerojatno potomci Bezera iseljenih iz Krstatica. Po popisu iz 2001. u Momi\u0107ima su \u017eivjela 33 Bezera, u Plo\u010dama 17, u Metkovi\u0107u 16, a u Vidu 6. U <\/span><i><span style=\"font-weight: 400;\">Leksiku prezimena SR Hrvatske <\/span><\/i><span style=\"font-weight: 400;\">u kojemu se navode prezimena popisana 1948. nisam nai\u0161ao na neretvanske Bezere, pa \u0107u, nakon \u0161to se vratim u Zagreb, provjeriti podatke u rukopisu jer znamo da je Bezera tada sigurno bilo. Godine 2011. u Hrvatskoj su \u017eivjela 102 Bezera. Samo se prezime dovodi u vezu s orijentalizmom <\/span><i><span style=\"font-weight: 400;\">bezer\/pezer <\/span><\/i><span style=\"font-weight: 400;\">&#8216;siromah, lutalica&#8217; te je nadima\u010dkoga postanja. (Metkovsko mu prezime <\/span><i><span style=\"font-weight: 400;\">Pezo<\/span><\/i><span style=\"font-weight: 400;\"> nije srodno. \u00a0Neko\u0107 je bilo zapisano kao <\/span><i><span style=\"font-weight: 400;\">Pejzo<\/span><\/i><span style=\"font-weight: 400;\"> te se izvodi od alb. <\/span><i><span style=\"font-weight: 400;\">pejz\u00eb\/pejzor<\/span><\/i><span style=\"font-weight: 400;\"> &#8216;\u017eilava osoba&#8217;.) Starije je prezime <\/span><i><span style=\"font-weight: 400;\">Smoljan<\/span><\/i><span style=\"font-weight: 400;\"> mogu\u0107e povezati s istozvu\u010dnim narodnim imenom nadima\u010dkoga postanja (<\/span><i><span style=\"font-weight: 400;\">smoljanom <\/span><\/i><span style=\"font-weight: 400;\">se nazivalo umrljanu osobu), a <\/span><i><span style=\"font-weight: 400;\">Radatovi\u0107 <\/span><\/i><span style=\"font-weight: 400;\">s narodnim imenom <\/span><i><span style=\"font-weight: 400;\">Radat <\/span><\/i><span style=\"font-weight: 400;\">(&lt; <\/span><i><span style=\"font-weight: 400;\">Rade\/Rado &lt;<\/span><\/i> <i><span style=\"font-weight: 400;\">Radomir\/Radoslav\/Radovan<\/span><\/i><span style=\"font-weight: 400;\">). Turskoga je podrijetla vjerojatno i nadimak <\/span><i><span style=\"font-weight: 400;\">Korki\u0107 <\/span><\/i><span style=\"font-weight: 400;\">(usp. <\/span><i><span style=\"font-weight: 400;\">korko <\/span><\/i><span style=\"font-weight: 400;\">&lt; tur. <\/span><i><span style=\"font-weight: 400;\">korkut <\/span><\/i><span style=\"font-weight: 400;\">&#8216;onaj koji zadaje strah&#8217;), koji nosi dio Bezera. Nadam se da mi ga ne\u0107e u\u017eivo predo\u010diti jer se jo\u0161 tresem od Lu\u0161ine sablje (zvu\u010di kao ona stripovska po\u0161tapalica: <\/span><i><span style=\"font-weight: 400;\">Pogledajte u starim brojevima<\/span><\/i><span style=\"font-weight: 400;\">). <\/span><\/p>\n<p><span style=\"font-weight: 400;\">Do\u0111osmo do kraja ove pri\u010de o prezimenima lutala\u010dkih korijena, koja dokazuju onu staru kako je Hercegovina mnoge krajeve naselila, a sebe nije raselila. Kako bismo se od Hercegovine ipak odmaknuli, osim \u0161to smo Mi\u0161u stavili u naslov, za kraj smo ostavili dvije pjacarske: jednu iz Zagreba i jednu doma\u0107u. Jedan je, naime, veliki klub iz Zagreba dobio na\u0161ijenca za predsjednika. Na izlasku sa \u0161portskoga borili\u0161ta predsjednik ugleda jednoga na\u0161eg \u010dovjeka i vi\u010de mu iz sve\u010dane lo\u017ee: \u201eTreba li ti godi\u0161nja karta?\u201c \u201eMo\u0161 li mi sredit dvi?\u201c, iz gomile \u0107e netko od na\u0161ih. U jednome pak metkovskom kafi\u0107u nekolicina dokoli\u010dara lista novine i na posljednjoj stranici <\/span><i><span style=\"font-weight: 400;\">24 sata<\/span><\/i><span style=\"font-weight: 400;\"> ugleda fotografiju Bena Afflecka koji je pljunuti metkovski poduzetnik zbog kojega, barem po pri\u010di, metkovski BDP pada za 7,5 % kad se odmara (\u0161to ti je odgovorno poslovanje). Poduzetnik bija\u0161e sretan \u0161to su slavnik i on sli\u010dni, a malo manje kad mu pokazasmo da pod slikom stoji priznanje: \u201eBio sam ovisnik o alkoholu!\u201c Nekoliko minuta nakon njegova odlaska na brzinsku kavu pristi\u017ee drugi poduzetnik. Pokazujemo mu sliku bez posebnoga komentara, a on \u0107e i ne pogledav\u0161i tekst: \u201eNisam znao da pije.\u201c Pa kad ka\u017eu da ne treba \u010ditati&#8230;<\/span><\/p>\n<p><span style=\"font-weight: 400;\">Domagoj Vidovi\u0107<\/span><i><span style=\"font-weight: 400;\">, likemetkovic.hr<\/span><\/i><span style=\"font-weight: 400;\">, o\u017eujak 2017.<\/span><\/p>\n","protected":false},"excerpt":{"rendered":"<p>Kako sam ve\u0107 milijun puta upitan za svrhu mojega posljednjeg boravka ovdje (Jesi to vidija da je vrime lipo, pa si izmislija neki posa? \u2013 vrli \u0107e pitac u neretvanskome uzmorju neki), iz dosade ve\u0107 po\u010deh govoriti kako sam do\u0161ao prou\u010davati kontrast. Eh, sad to ve\u0107 izazove znati\u017eelju pitca, a moglo bi i kakva spoznajnoga [&hellip;]<\/p>\n","protected":false},"author":7,"featured_media":17161,"comment_status":"open","ping_status":"open","sticky":false,"template":"","format":"standard","meta":{"footnotes":""},"categories":[283,5],"tags":[479,552],"class_list":{"0":"post-38703","1":"post","2":"type-post","3":"status-publish","4":"format-standard","5":"has-post-thumbnail","7":"category-a","8":"category-kolumne","9":"tag-domagoj-vidovic","10":"tag-kolumna"},"yoast_head":"<!-- This site is optimized with the Yoast SEO plugin v25.2 - https:\/\/yoast.com\/wordpress\/plugins\/seo\/ -->\n<title>On je sanjar, on je ptica, rijetka ptica, lutalica \u2013 Bezeri, Menali i Repe\u0161e - likemetkovic.hr<\/title>\n<meta name=\"robots\" content=\"index, follow, max-snippet:-1, max-image-preview:large, max-video-preview:-1\" \/>\n<link rel=\"canonical\" href=\"https:\/\/likemetkovic.hr\/sanjar-ptica-rijetka-ptica-lutalica-bezeri-menali-repese\/\" \/>\n<meta property=\"og:locale\" content=\"hr_HR\" \/>\n<meta property=\"og:type\" content=\"article\" \/>\n<meta property=\"og:title\" content=\"On je sanjar, on je ptica, rijetka ptica, lutalica \u2013 Bezeri, Menali i Repe\u0161e - likemetkovic.hr\" \/>\n<meta property=\"og:description\" content=\"Kako sam ve\u0107 milijun puta upitan za svrhu mojega posljednjeg boravka ovdje (Jesi to vidija da je vrime lipo, pa si izmislija neki posa? \u2013 vrli \u0107e pitac u neretvanskome uzmorju neki), iz dosade ve\u0107 po\u010deh govoriti kako sam do\u0161ao prou\u010davati kontrast. Eh, sad to ve\u0107 izazove znati\u017eelju pitca, a moglo bi i kakva spoznajnoga [&hellip;]\" \/>\n<meta property=\"og:url\" content=\"https:\/\/likemetkovic.hr\/sanjar-ptica-rijetka-ptica-lutalica-bezeri-menali-repese\/\" \/>\n<meta property=\"og:site_name\" content=\"likemetkovic.hr\" \/>\n<meta property=\"article:publisher\" content=\"https:\/\/www.facebook.com\/likemetkovic.hr\/\" \/>\n<meta property=\"article:published_time\" content=\"2017-03-27T07:03:36+00:00\" \/>\n<meta property=\"og:image\" content=\"https:\/\/likemetkovic.hr\/wp-content\/uploads\/2016\/03\/domagoj_vidovi\u0107.jpg\" \/>\n\t<meta property=\"og:image:width\" content=\"848\" \/>\n\t<meta property=\"og:image:height\" content=\"600\" \/>\n\t<meta property=\"og:image:type\" content=\"image\/jpeg\" \/>\n<meta name=\"author\" content=\"LIKEmetkovic.hr\" \/>\n<meta name=\"twitter:card\" content=\"summary_large_image\" \/>\n<meta name=\"twitter:label1\" content=\"Napisao\/la\" \/>\n\t<meta name=\"twitter:data1\" content=\"LIKEmetkovic.hr\" \/>\n\t<meta name=\"twitter:label2\" content=\"Procijenjeno vrijeme \u010ditanja\" \/>\n\t<meta name=\"twitter:data2\" content=\"15 minuta\" \/>\n<script type=\"application\/ld+json\" class=\"yoast-schema-graph\">{\"@context\":\"https:\/\/schema.org\",\"@graph\":[{\"@type\":\"WebPage\",\"@id\":\"https:\/\/likemetkovic.hr\/sanjar-ptica-rijetka-ptica-lutalica-bezeri-menali-repese\/\",\"url\":\"https:\/\/likemetkovic.hr\/sanjar-ptica-rijetka-ptica-lutalica-bezeri-menali-repese\/\",\"name\":\"On je sanjar, on je ptica, rijetka ptica, lutalica \u2013 Bezeri, Menali i Repe\u0161e - likemetkovic.hr\",\"isPartOf\":{\"@id\":\"https:\/\/likemetkovic.hr\/#website\"},\"primaryImageOfPage\":{\"@id\":\"https:\/\/likemetkovic.hr\/sanjar-ptica-rijetka-ptica-lutalica-bezeri-menali-repese\/#primaryimage\"},\"image\":{\"@id\":\"https:\/\/likemetkovic.hr\/sanjar-ptica-rijetka-ptica-lutalica-bezeri-menali-repese\/#primaryimage\"},\"thumbnailUrl\":\"https:\/\/likemetkovic.hr\/portal\/wp-content\/uploads\/2016\/03\/domagoj_vidovi\u0107.jpg\",\"datePublished\":\"2017-03-27T07:03:36+00:00\",\"author\":{\"@id\":\"https:\/\/likemetkovic.hr\/#\/schema\/person\/a42711f3385a0e2be6f7e0443bfb28f0\"},\"breadcrumb\":{\"@id\":\"https:\/\/likemetkovic.hr\/sanjar-ptica-rijetka-ptica-lutalica-bezeri-menali-repese\/#breadcrumb\"},\"inLanguage\":\"hr\",\"potentialAction\":[{\"@type\":\"ReadAction\",\"target\":[\"https:\/\/likemetkovic.hr\/sanjar-ptica-rijetka-ptica-lutalica-bezeri-menali-repese\/\"]}]},{\"@type\":\"ImageObject\",\"inLanguage\":\"hr\",\"@id\":\"https:\/\/likemetkovic.hr\/sanjar-ptica-rijetka-ptica-lutalica-bezeri-menali-repese\/#primaryimage\",\"url\":\"https:\/\/likemetkovic.hr\/portal\/wp-content\/uploads\/2016\/03\/domagoj_vidovi\u0107.jpg\",\"contentUrl\":\"https:\/\/likemetkovic.hr\/portal\/wp-content\/uploads\/2016\/03\/domagoj_vidovi\u0107.jpg\",\"width\":848,\"height\":600},{\"@type\":\"BreadcrumbList\",\"@id\":\"https:\/\/likemetkovic.hr\/sanjar-ptica-rijetka-ptica-lutalica-bezeri-menali-repese\/#breadcrumb\",\"itemListElement\":[{\"@type\":\"ListItem\",\"position\":1,\"name\":\"Po\u010detna stranica\",\"item\":\"https:\/\/likemetkovic.hr\/portal\/\"},{\"@type\":\"ListItem\",\"position\":2,\"name\":\"On je sanjar, on je ptica, rijetka ptica, lutalica \u2013 Bezeri, Menali i Repe\u0161e\"}]},{\"@type\":\"WebSite\",\"@id\":\"https:\/\/likemetkovic.hr\/#website\",\"url\":\"https:\/\/likemetkovic.hr\/\",\"name\":\"likemetkovic.hr\",\"description\":\"Misli pozitivno... \u010ditaj LIKE\",\"potentialAction\":[{\"@type\":\"SearchAction\",\"target\":{\"@type\":\"EntryPoint\",\"urlTemplate\":\"https:\/\/likemetkovic.hr\/?s={search_term_string}\"},\"query-input\":{\"@type\":\"PropertyValueSpecification\",\"valueRequired\":true,\"valueName\":\"search_term_string\"}}],\"inLanguage\":\"hr\"},{\"@type\":\"Person\",\"@id\":\"https:\/\/likemetkovic.hr\/#\/schema\/person\/a42711f3385a0e2be6f7e0443bfb28f0\",\"name\":\"LIKEmetkovic.hr\",\"sameAs\":[\"http:\/\/likemetkovic.hr\"],\"url\":\"https:\/\/likemetkovic.hr\/portal\/author\/likemetkovic-hr\/\"}]}<\/script>\n<!-- \/ Yoast SEO plugin. -->","yoast_head_json":{"title":"On je sanjar, on je ptica, rijetka ptica, lutalica \u2013 Bezeri, Menali i Repe\u0161e - likemetkovic.hr","robots":{"index":"index","follow":"follow","max-snippet":"max-snippet:-1","max-image-preview":"max-image-preview:large","max-video-preview":"max-video-preview:-1"},"canonical":"https:\/\/likemetkovic.hr\/sanjar-ptica-rijetka-ptica-lutalica-bezeri-menali-repese\/","og_locale":"hr_HR","og_type":"article","og_title":"On je sanjar, on je ptica, rijetka ptica, lutalica \u2013 Bezeri, Menali i Repe\u0161e - likemetkovic.hr","og_description":"Kako sam ve\u0107 milijun puta upitan za svrhu mojega posljednjeg boravka ovdje (Jesi to vidija da je vrime lipo, pa si izmislija neki posa? \u2013 vrli \u0107e pitac u neretvanskome uzmorju neki), iz dosade ve\u0107 po\u010deh govoriti kako sam do\u0161ao prou\u010davati kontrast. Eh, sad to ve\u0107 izazove znati\u017eelju pitca, a moglo bi i kakva spoznajnoga [&hellip;]","og_url":"https:\/\/likemetkovic.hr\/sanjar-ptica-rijetka-ptica-lutalica-bezeri-menali-repese\/","og_site_name":"likemetkovic.hr","article_publisher":"https:\/\/www.facebook.com\/likemetkovic.hr\/","article_published_time":"2017-03-27T07:03:36+00:00","og_image":[{"width":848,"height":600,"url":"https:\/\/likemetkovic.hr\/wp-content\/uploads\/2016\/03\/domagoj_vidovi\u0107.jpg","type":"image\/jpeg"}],"author":"LIKEmetkovic.hr","twitter_card":"summary_large_image","twitter_misc":{"Napisao\/la":"LIKEmetkovic.hr","Procijenjeno vrijeme \u010ditanja":"15 minuta"},"schema":{"@context":"https:\/\/schema.org","@graph":[{"@type":"WebPage","@id":"https:\/\/likemetkovic.hr\/sanjar-ptica-rijetka-ptica-lutalica-bezeri-menali-repese\/","url":"https:\/\/likemetkovic.hr\/sanjar-ptica-rijetka-ptica-lutalica-bezeri-menali-repese\/","name":"On je sanjar, on je ptica, rijetka ptica, lutalica \u2013 Bezeri, Menali i Repe\u0161e - likemetkovic.hr","isPartOf":{"@id":"https:\/\/likemetkovic.hr\/#website"},"primaryImageOfPage":{"@id":"https:\/\/likemetkovic.hr\/sanjar-ptica-rijetka-ptica-lutalica-bezeri-menali-repese\/#primaryimage"},"image":{"@id":"https:\/\/likemetkovic.hr\/sanjar-ptica-rijetka-ptica-lutalica-bezeri-menali-repese\/#primaryimage"},"thumbnailUrl":"https:\/\/likemetkovic.hr\/portal\/wp-content\/uploads\/2016\/03\/domagoj_vidovi\u0107.jpg","datePublished":"2017-03-27T07:03:36+00:00","author":{"@id":"https:\/\/likemetkovic.hr\/#\/schema\/person\/a42711f3385a0e2be6f7e0443bfb28f0"},"breadcrumb":{"@id":"https:\/\/likemetkovic.hr\/sanjar-ptica-rijetka-ptica-lutalica-bezeri-menali-repese\/#breadcrumb"},"inLanguage":"hr","potentialAction":[{"@type":"ReadAction","target":["https:\/\/likemetkovic.hr\/sanjar-ptica-rijetka-ptica-lutalica-bezeri-menali-repese\/"]}]},{"@type":"ImageObject","inLanguage":"hr","@id":"https:\/\/likemetkovic.hr\/sanjar-ptica-rijetka-ptica-lutalica-bezeri-menali-repese\/#primaryimage","url":"https:\/\/likemetkovic.hr\/portal\/wp-content\/uploads\/2016\/03\/domagoj_vidovi\u0107.jpg","contentUrl":"https:\/\/likemetkovic.hr\/portal\/wp-content\/uploads\/2016\/03\/domagoj_vidovi\u0107.jpg","width":848,"height":600},{"@type":"BreadcrumbList","@id":"https:\/\/likemetkovic.hr\/sanjar-ptica-rijetka-ptica-lutalica-bezeri-menali-repese\/#breadcrumb","itemListElement":[{"@type":"ListItem","position":1,"name":"Po\u010detna stranica","item":"https:\/\/likemetkovic.hr\/portal\/"},{"@type":"ListItem","position":2,"name":"On je sanjar, on je ptica, rijetka ptica, lutalica \u2013 Bezeri, Menali i Repe\u0161e"}]},{"@type":"WebSite","@id":"https:\/\/likemetkovic.hr\/#website","url":"https:\/\/likemetkovic.hr\/","name":"likemetkovic.hr","description":"Misli pozitivno... \u010ditaj LIKE","potentialAction":[{"@type":"SearchAction","target":{"@type":"EntryPoint","urlTemplate":"https:\/\/likemetkovic.hr\/?s={search_term_string}"},"query-input":{"@type":"PropertyValueSpecification","valueRequired":true,"valueName":"search_term_string"}}],"inLanguage":"hr"},{"@type":"Person","@id":"https:\/\/likemetkovic.hr\/#\/schema\/person\/a42711f3385a0e2be6f7e0443bfb28f0","name":"LIKEmetkovic.hr","sameAs":["http:\/\/likemetkovic.hr"],"url":"https:\/\/likemetkovic.hr\/portal\/author\/likemetkovic-hr\/"}]}},"_links":{"self":[{"href":"https:\/\/likemetkovic.hr\/portal\/wp-json\/wp\/v2\/posts\/38703","targetHints":{"allow":["GET"]}}],"collection":[{"href":"https:\/\/likemetkovic.hr\/portal\/wp-json\/wp\/v2\/posts"}],"about":[{"href":"https:\/\/likemetkovic.hr\/portal\/wp-json\/wp\/v2\/types\/post"}],"author":[{"embeddable":true,"href":"https:\/\/likemetkovic.hr\/portal\/wp-json\/wp\/v2\/users\/7"}],"replies":[{"embeddable":true,"href":"https:\/\/likemetkovic.hr\/portal\/wp-json\/wp\/v2\/comments?post=38703"}],"version-history":[{"count":0,"href":"https:\/\/likemetkovic.hr\/portal\/wp-json\/wp\/v2\/posts\/38703\/revisions"}],"wp:featuredmedia":[{"embeddable":true,"href":"https:\/\/likemetkovic.hr\/portal\/wp-json\/wp\/v2\/media\/17161"}],"wp:attachment":[{"href":"https:\/\/likemetkovic.hr\/portal\/wp-json\/wp\/v2\/media?parent=38703"}],"wp:term":[{"taxonomy":"category","embeddable":true,"href":"https:\/\/likemetkovic.hr\/portal\/wp-json\/wp\/v2\/categories?post=38703"},{"taxonomy":"post_tag","embeddable":true,"href":"https:\/\/likemetkovic.hr\/portal\/wp-json\/wp\/v2\/tags?post=38703"}],"curies":[{"name":"wp","href":"https:\/\/api.w.org\/{rel}","templated":true}]}}