{"id":39193,"date":"2017-04-07T07:49:12","date_gmt":"2017-04-07T05:49:12","guid":{"rendered":"http:\/\/likemetkovic.hr\/?p=39193"},"modified":"2017-04-07T07:57:15","modified_gmt":"2017-04-07T05:57:15","slug":"roditelji-djece-teskocama-razvoju-peticijom-bobath-fizioterapeuta","status":"publish","type":"post","link":"https:\/\/likemetkovic.hr\/portal\/roditelji-djece-teskocama-razvoju-peticijom-bobath-fizioterapeuta\/","title":{"rendered":"Peticija roditelja djece sa te\u0161ko\u0107ama u razvoju zbog raspisanih natje\u010daja za fizioterapeute"},"content":{"rendered":"<p>U utorak je u Domu zdravlja na inicijativu <strong>dr. Marijane Galov<\/strong> odr\u017ean sastanak roditelja djece sa te\u0161ko\u0107ama u razvoju \u010dija su djeca korisnici Bobath terapije. &#8220;&#8216;Povod sastanku su objavljeni natje\u010daj od strane Doma zdravlja Metkovi\u0107 prema kojem se tra\u017ee dva fizioterapeuta. Problem je u tome \u0161to u natje\u010daju nije navedeno da je za radno mjesto po\u017eeljan temeljni neurorazvojnu Bobath tecaj.<\/p>\n<p>Trenutno oko 70-ak djece koji su korisnici Bobath terapije, a samom sastanku su prisustvovali roditelji oko 50-ak djece koji su svi redom potpisali peticiju kojom od ravnatelja i \u010dlanova Upravnog vije\u0107a Doma zdravlja tra\u017ee da njihovu djecu ne ostave bez temeljnog Bobath fizioterapeuta.<\/p>\n<p>Trenutno je u Domu zdravlja zaposleno dvoje fizioterapeuta koji imaju zavr\u0161enu Bobath edukaciju, koja ina\u010de ko\u0161ta oko 25.000,00 kn.<\/p>\n<p>Prema raspisanom natje\u010daju na radna mjesta mogu se javiti svi fizioterapeuti, pa i oni koji nemaju zavr\u0161enu Bobath edukaciju, pa se otvara mogu\u0107nost da se zaposli fizioterapeut bez Bobath edukacije i time dio korisnike ove terapije primoraju da putuju u udaljeni Dubrovnik (za \u0161to HZZO ne priznaje putne tro\u0161kove) ili da rje\u0161enje potra\u017ee u Metkovi\u0107u u privatnom aran\u017eamanu.<\/p>\n<p>U javnost je istupila zabrinuta majka djeteta sa te\u0161ko\u0107ama u razvoju, supotpisnica ove peticije, gospo\u0111a <strong>Marija Soldo<\/strong>, koja ima samo rije\u010di hvale za postoje\u0107eg fizioterapeuta i nije joj jasno \u0161to se doga\u0111a:<br \/>\n<em>&#8220;Osim \u0161to je ovo \u0161to se doga\u0111a nepravedno prema na\u0161em fizioterapeutu, \u0161to \u0107e biti sa mojim djetetom? Moje dijete je nedono\u0161\u010de ro\u0111eno u 28. tjednu i mi \u0107emo sada trebati i\u0107i za Dubrovnik, i to bez putnog naloga. A ne\u0107e nam dati putni nalog, jer mi ovdje imamo fizioterapeuta, samo nama nije isto kada fizioterapeut ima ili nema zavr\u0161eni Bobath te\u010daj. Nismo dobili nikakvo obja\u0161njenje za\u0161to je raspisan natje\u010daj po kojem po svemu sudeci ostajemo bez fizioterapeuta sa potrebnom edukacijom, kada ga vec imamo. Ja sam prezadovoljna sa na\u0161im fizioterapeutom i moje dijete stvarno napreduje zahvaljuju\u0107i radu sa njim. Novi fizioterapeut koji do\u0111e, a da nema zavr\u0161en temeljni Bobathov te\u010daj, tek bi krajem ove godine mogao po\u010deti poha\u0111ati taj te\u010daj koji ina\u010de traje oko 6 mjeseci tako da bismo mi bez Bobath fizioterapeuta bili najmanje godinu dana. To sve je skupa bio povod sastanku koji smo imali u utorak i peticiji koju su potpisali svi roditelji koji su uspjeli do\u0107i na sastanak, njih 50-ak. Stavarno sam razo\u010darana. \u010covjek koji je sam sebi platio taj te\u010daj gotovo 25.000,00 kuna i sa kojim smo svi zadovoljni sada treba i\u0107i ku\u0107i? Trebao bi do\u0107i netko drugi i da ga \u010dekamo najmanje godinu dana da zavr\u0161i taj te\u010daj? Za\u0161to?&#8221;<\/em><\/p>\n<p>G\u0111a. Soldo nam isto tako ka\u017ee kako imaju potporu od svih lije\u010dnika u Domu zdravlja.<br \/>\nTako\u0111er, doznajemo da su se roditelji ju\u010der obratili pravobraniteljici za djecu <strong>Ivani Milas Klari\u0107.<\/strong><\/p>\n<p><img decoding=\"async\" class=\"alignnone size-full wp-image-39194\" src=\"http:\/\/likemetkovic.hr\/wp-content\/uploads\/2017\/04\/23.jpg\" alt=\"\" width=\"406\" height=\"562\" srcset=\"https:\/\/likemetkovic.hr\/portal\/wp-content\/uploads\/2017\/04\/23.jpg 406w, https:\/\/likemetkovic.hr\/portal\/wp-content\/uploads\/2017\/04\/23-303x420.jpg 303w\" sizes=\"(max-width: 406px) 100vw, 406px\" \/><\/p>\n","protected":false},"excerpt":{"rendered":"<p>U utorak je u Domu zdravlja na inicijativu dr. Marijane Galov odr\u017ean sastanak roditelja djece sa te\u0161ko\u0107ama u razvoju \u010dija su djeca korisnici Bobath terapije. &#8220;&#8216;Povod sastanku su objavljeni natje\u010daj od strane Doma zdravlja Metkovi\u0107 prema kojem se tra\u017ee dva fizioterapeuta. Problem je u tome \u0161to u natje\u010daju nije navedeno da je za radno mjesto [&hellip;]<\/p>\n","protected":false},"author":7,"featured_media":39195,"comment_status":"open","ping_status":"open","sticky":false,"template":"","format":"standard","meta":{"footnotes":""},"categories":[283,11],"tags":[610,609,608],"class_list":{"0":"post-39193","1":"post","2":"type-post","3":"status-publish","4":"format-standard","5":"has-post-thumbnail","7":"category-a","8":"category-metkovic-dolina","9":"tag-bobath-terapija","10":"tag-dom-zdravlja-metkovic","11":"tag-marija-soldo"},"yoast_head":"<!-- This site is optimized with the Yoast SEO plugin v25.2 - https:\/\/yoast.com\/wordpress\/plugins\/seo\/ -->\n<title>Peticija roditelja djece sa te\u0161ko\u0107ama u razvoju zbog raspisanih natje\u010daja za fizioterapeute - likemetkovic.hr<\/title>\n<meta name=\"robots\" content=\"index, follow, max-snippet:-1, max-image-preview:large, max-video-preview:-1\" \/>\n<link rel=\"canonical\" href=\"https:\/\/likemetkovic.hr\/roditelji-djece-teskocama-razvoju-peticijom-bobath-fizioterapeuta\/\" \/>\n<meta property=\"og:locale\" content=\"hr_HR\" \/>\n<meta property=\"og:type\" content=\"article\" \/>\n<meta property=\"og:title\" content=\"Peticija roditelja djece sa te\u0161ko\u0107ama u razvoju zbog raspisanih natje\u010daja za fizioterapeute - likemetkovic.hr\" \/>\n<meta property=\"og:description\" content=\"U utorak je u Domu zdravlja na inicijativu dr. Marijane Galov odr\u017ean sastanak roditelja djece sa te\u0161ko\u0107ama u razvoju \u010dija su djeca korisnici Bobath terapije. &#8220;&#8216;Povod sastanku su objavljeni natje\u010daj od strane Doma zdravlja Metkovi\u0107 prema kojem se tra\u017ee dva fizioterapeuta. Problem je u tome \u0161to u natje\u010daju nije navedeno da je za radno mjesto [&hellip;]\" \/>\n<meta property=\"og:url\" content=\"https:\/\/likemetkovic.hr\/roditelji-djece-teskocama-razvoju-peticijom-bobath-fizioterapeuta\/\" \/>\n<meta property=\"og:site_name\" content=\"likemetkovic.hr\" \/>\n<meta property=\"article:publisher\" content=\"https:\/\/www.facebook.com\/likemetkovic.hr\/\" \/>\n<meta property=\"article:published_time\" content=\"2017-04-07T05:49:12+00:00\" \/>\n<meta property=\"article:modified_time\" content=\"2017-04-07T05:57:15+00:00\" \/>\n<meta property=\"og:image\" content=\"https:\/\/likemetkovic.hr\/wp-content\/uploads\/2017\/04\/marija-soldo_1.jpg\" \/>\n\t<meta property=\"og:image:width\" content=\"1366\" \/>\n\t<meta property=\"og:image:height\" content=\"904\" \/>\n\t<meta property=\"og:image:type\" content=\"image\/jpeg\" \/>\n<meta name=\"author\" content=\"LIKEmetkovic.hr\" \/>\n<meta name=\"twitter:card\" content=\"summary_large_image\" \/>\n<meta name=\"twitter:label1\" content=\"Napisao\/la\" \/>\n\t<meta name=\"twitter:data1\" content=\"LIKEmetkovic.hr\" \/>\n\t<meta name=\"twitter:label2\" content=\"Procijenjeno vrijeme \u010ditanja\" \/>\n\t<meta name=\"twitter:data2\" content=\"3 minute\" \/>\n<script type=\"application\/ld+json\" class=\"yoast-schema-graph\">{\"@context\":\"https:\/\/schema.org\",\"@graph\":[{\"@type\":\"WebPage\",\"@id\":\"https:\/\/likemetkovic.hr\/roditelji-djece-teskocama-razvoju-peticijom-bobath-fizioterapeuta\/\",\"url\":\"https:\/\/likemetkovic.hr\/roditelji-djece-teskocama-razvoju-peticijom-bobath-fizioterapeuta\/\",\"name\":\"Peticija roditelja djece sa te\u0161ko\u0107ama u razvoju zbog raspisanih natje\u010daja za fizioterapeute - likemetkovic.hr\",\"isPartOf\":{\"@id\":\"https:\/\/likemetkovic.hr\/#website\"},\"primaryImageOfPage\":{\"@id\":\"https:\/\/likemetkovic.hr\/roditelji-djece-teskocama-razvoju-peticijom-bobath-fizioterapeuta\/#primaryimage\"},\"image\":{\"@id\":\"https:\/\/likemetkovic.hr\/roditelji-djece-teskocama-razvoju-peticijom-bobath-fizioterapeuta\/#primaryimage\"},\"thumbnailUrl\":\"https:\/\/likemetkovic.hr\/portal\/wp-content\/uploads\/2017\/04\/marija-soldo_1.jpg\",\"datePublished\":\"2017-04-07T05:49:12+00:00\",\"dateModified\":\"2017-04-07T05:57:15+00:00\",\"author\":{\"@id\":\"https:\/\/likemetkovic.hr\/#\/schema\/person\/a42711f3385a0e2be6f7e0443bfb28f0\"},\"breadcrumb\":{\"@id\":\"https:\/\/likemetkovic.hr\/roditelji-djece-teskocama-razvoju-peticijom-bobath-fizioterapeuta\/#breadcrumb\"},\"inLanguage\":\"hr\",\"potentialAction\":[{\"@type\":\"ReadAction\",\"target\":[\"https:\/\/likemetkovic.hr\/roditelji-djece-teskocama-razvoju-peticijom-bobath-fizioterapeuta\/\"]}]},{\"@type\":\"ImageObject\",\"inLanguage\":\"hr\",\"@id\":\"https:\/\/likemetkovic.hr\/roditelji-djece-teskocama-razvoju-peticijom-bobath-fizioterapeuta\/#primaryimage\",\"url\":\"https:\/\/likemetkovic.hr\/portal\/wp-content\/uploads\/2017\/04\/marija-soldo_1.jpg\",\"contentUrl\":\"https:\/\/likemetkovic.hr\/portal\/wp-content\/uploads\/2017\/04\/marija-soldo_1.jpg\",\"width\":1366,\"height\":904},{\"@type\":\"BreadcrumbList\",\"@id\":\"https:\/\/likemetkovic.hr\/roditelji-djece-teskocama-razvoju-peticijom-bobath-fizioterapeuta\/#breadcrumb\",\"itemListElement\":[{\"@type\":\"ListItem\",\"position\":1,\"name\":\"Po\u010detna stranica\",\"item\":\"https:\/\/likemetkovic.hr\/portal\/\"},{\"@type\":\"ListItem\",\"position\":2,\"name\":\"Peticija roditelja djece sa te\u0161ko\u0107ama u razvoju zbog raspisanih natje\u010daja za fizioterapeute\"}]},{\"@type\":\"WebSite\",\"@id\":\"https:\/\/likemetkovic.hr\/#website\",\"url\":\"https:\/\/likemetkovic.hr\/\",\"name\":\"likemetkovic.hr\",\"description\":\"Misli pozitivno... \u010ditaj LIKE\",\"potentialAction\":[{\"@type\":\"SearchAction\",\"target\":{\"@type\":\"EntryPoint\",\"urlTemplate\":\"https:\/\/likemetkovic.hr\/?s={search_term_string}\"},\"query-input\":{\"@type\":\"PropertyValueSpecification\",\"valueRequired\":true,\"valueName\":\"search_term_string\"}}],\"inLanguage\":\"hr\"},{\"@type\":\"Person\",\"@id\":\"https:\/\/likemetkovic.hr\/#\/schema\/person\/a42711f3385a0e2be6f7e0443bfb28f0\",\"name\":\"LIKEmetkovic.hr\",\"sameAs\":[\"http:\/\/likemetkovic.hr\"],\"url\":\"https:\/\/likemetkovic.hr\/portal\/author\/likemetkovic-hr\/\"}]}<\/script>\n<!-- \/ Yoast SEO plugin. -->","yoast_head_json":{"title":"Peticija roditelja djece sa te\u0161ko\u0107ama u razvoju zbog raspisanih natje\u010daja za fizioterapeute - likemetkovic.hr","robots":{"index":"index","follow":"follow","max-snippet":"max-snippet:-1","max-image-preview":"max-image-preview:large","max-video-preview":"max-video-preview:-1"},"canonical":"https:\/\/likemetkovic.hr\/roditelji-djece-teskocama-razvoju-peticijom-bobath-fizioterapeuta\/","og_locale":"hr_HR","og_type":"article","og_title":"Peticija roditelja djece sa te\u0161ko\u0107ama u razvoju zbog raspisanih natje\u010daja za fizioterapeute - likemetkovic.hr","og_description":"U utorak je u Domu zdravlja na inicijativu dr. Marijane Galov odr\u017ean sastanak roditelja djece sa te\u0161ko\u0107ama u razvoju \u010dija su djeca korisnici Bobath terapije. &#8220;&#8216;Povod sastanku su objavljeni natje\u010daj od strane Doma zdravlja Metkovi\u0107 prema kojem se tra\u017ee dva fizioterapeuta. Problem je u tome \u0161to u natje\u010daju nije navedeno da je za radno mjesto [&hellip;]","og_url":"https:\/\/likemetkovic.hr\/roditelji-djece-teskocama-razvoju-peticijom-bobath-fizioterapeuta\/","og_site_name":"likemetkovic.hr","article_publisher":"https:\/\/www.facebook.com\/likemetkovic.hr\/","article_published_time":"2017-04-07T05:49:12+00:00","article_modified_time":"2017-04-07T05:57:15+00:00","og_image":[{"width":1366,"height":904,"url":"https:\/\/likemetkovic.hr\/wp-content\/uploads\/2017\/04\/marija-soldo_1.jpg","type":"image\/jpeg"}],"author":"LIKEmetkovic.hr","twitter_card":"summary_large_image","twitter_misc":{"Napisao\/la":"LIKEmetkovic.hr","Procijenjeno vrijeme \u010ditanja":"3 minute"},"schema":{"@context":"https:\/\/schema.org","@graph":[{"@type":"WebPage","@id":"https:\/\/likemetkovic.hr\/roditelji-djece-teskocama-razvoju-peticijom-bobath-fizioterapeuta\/","url":"https:\/\/likemetkovic.hr\/roditelji-djece-teskocama-razvoju-peticijom-bobath-fizioterapeuta\/","name":"Peticija roditelja djece sa te\u0161ko\u0107ama u razvoju zbog raspisanih natje\u010daja za fizioterapeute - likemetkovic.hr","isPartOf":{"@id":"https:\/\/likemetkovic.hr\/#website"},"primaryImageOfPage":{"@id":"https:\/\/likemetkovic.hr\/roditelji-djece-teskocama-razvoju-peticijom-bobath-fizioterapeuta\/#primaryimage"},"image":{"@id":"https:\/\/likemetkovic.hr\/roditelji-djece-teskocama-razvoju-peticijom-bobath-fizioterapeuta\/#primaryimage"},"thumbnailUrl":"https:\/\/likemetkovic.hr\/portal\/wp-content\/uploads\/2017\/04\/marija-soldo_1.jpg","datePublished":"2017-04-07T05:49:12+00:00","dateModified":"2017-04-07T05:57:15+00:00","author":{"@id":"https:\/\/likemetkovic.hr\/#\/schema\/person\/a42711f3385a0e2be6f7e0443bfb28f0"},"breadcrumb":{"@id":"https:\/\/likemetkovic.hr\/roditelji-djece-teskocama-razvoju-peticijom-bobath-fizioterapeuta\/#breadcrumb"},"inLanguage":"hr","potentialAction":[{"@type":"ReadAction","target":["https:\/\/likemetkovic.hr\/roditelji-djece-teskocama-razvoju-peticijom-bobath-fizioterapeuta\/"]}]},{"@type":"ImageObject","inLanguage":"hr","@id":"https:\/\/likemetkovic.hr\/roditelji-djece-teskocama-razvoju-peticijom-bobath-fizioterapeuta\/#primaryimage","url":"https:\/\/likemetkovic.hr\/portal\/wp-content\/uploads\/2017\/04\/marija-soldo_1.jpg","contentUrl":"https:\/\/likemetkovic.hr\/portal\/wp-content\/uploads\/2017\/04\/marija-soldo_1.jpg","width":1366,"height":904},{"@type":"BreadcrumbList","@id":"https:\/\/likemetkovic.hr\/roditelji-djece-teskocama-razvoju-peticijom-bobath-fizioterapeuta\/#breadcrumb","itemListElement":[{"@type":"ListItem","position":1,"name":"Po\u010detna stranica","item":"https:\/\/likemetkovic.hr\/portal\/"},{"@type":"ListItem","position":2,"name":"Peticija roditelja djece sa te\u0161ko\u0107ama u razvoju zbog raspisanih natje\u010daja za fizioterapeute"}]},{"@type":"WebSite","@id":"https:\/\/likemetkovic.hr\/#website","url":"https:\/\/likemetkovic.hr\/","name":"likemetkovic.hr","description":"Misli pozitivno... \u010ditaj LIKE","potentialAction":[{"@type":"SearchAction","target":{"@type":"EntryPoint","urlTemplate":"https:\/\/likemetkovic.hr\/?s={search_term_string}"},"query-input":{"@type":"PropertyValueSpecification","valueRequired":true,"valueName":"search_term_string"}}],"inLanguage":"hr"},{"@type":"Person","@id":"https:\/\/likemetkovic.hr\/#\/schema\/person\/a42711f3385a0e2be6f7e0443bfb28f0","name":"LIKEmetkovic.hr","sameAs":["http:\/\/likemetkovic.hr"],"url":"https:\/\/likemetkovic.hr\/portal\/author\/likemetkovic-hr\/"}]}},"_links":{"self":[{"href":"https:\/\/likemetkovic.hr\/portal\/wp-json\/wp\/v2\/posts\/39193","targetHints":{"allow":["GET"]}}],"collection":[{"href":"https:\/\/likemetkovic.hr\/portal\/wp-json\/wp\/v2\/posts"}],"about":[{"href":"https:\/\/likemetkovic.hr\/portal\/wp-json\/wp\/v2\/types\/post"}],"author":[{"embeddable":true,"href":"https:\/\/likemetkovic.hr\/portal\/wp-json\/wp\/v2\/users\/7"}],"replies":[{"embeddable":true,"href":"https:\/\/likemetkovic.hr\/portal\/wp-json\/wp\/v2\/comments?post=39193"}],"version-history":[{"count":0,"href":"https:\/\/likemetkovic.hr\/portal\/wp-json\/wp\/v2\/posts\/39193\/revisions"}],"wp:featuredmedia":[{"embeddable":true,"href":"https:\/\/likemetkovic.hr\/portal\/wp-json\/wp\/v2\/media\/39195"}],"wp:attachment":[{"href":"https:\/\/likemetkovic.hr\/portal\/wp-json\/wp\/v2\/media?parent=39193"}],"wp:term":[{"taxonomy":"category","embeddable":true,"href":"https:\/\/likemetkovic.hr\/portal\/wp-json\/wp\/v2\/categories?post=39193"},{"taxonomy":"post_tag","embeddable":true,"href":"https:\/\/likemetkovic.hr\/portal\/wp-json\/wp\/v2\/tags?post=39193"}],"curies":[{"name":"wp","href":"https:\/\/api.w.org\/{rel}","templated":true}]}}