{"id":39526,"date":"2017-04-12T11:21:19","date_gmt":"2017-04-12T09:21:19","guid":{"rendered":"http:\/\/likemetkovic.hr\/?p=39526"},"modified":"2018-06-06T20:13:41","modified_gmt":"2018-06-06T18:13:41","slug":"ucenici-srednje-skole-metkovic-osvojili-zlato-xii-medunarodnom-kulinarskom-festivalu-biser-mora","status":"publish","type":"post","link":"https:\/\/likemetkovic.hr\/portal\/ucenici-srednje-skole-metkovic-osvojili-zlato-xii-medunarodnom-kulinarskom-festivalu-biser-mora\/","title":{"rendered":"U\u010denici Srednje \u0161kole Metkovi\u0107 osvojili zlato na XII. Me\u0111unarodnom kulinarskom festivalu \u201eBiser Mora\u201c!"},"content":{"rendered":"<p>U \u010detvrtak, 6. travnja, u Supetru na Bra\u010du odr\u017ean je XII. Me\u0111unarodni kulinarski festival \u201eBiser Mora\u201c, jedan od najambicioznijih projekata SKMER-a. U kategoriji turisti\u010dko-ugostiteljskih \u0161kola (srednjih i vi\u0161ih) pod vodstvom stru\u010dnih u\u010ditelja <strong>Dane Paponje<\/strong> i <strong>Vedrana Peri\u0107a<\/strong>, sudjelovali su i u\u010denici Srednje \u0161kole Metkovi\u0107, 3.h razreda, u sastavu:<strong> Edo \u0160iljega<\/strong>, <strong>Iva Krtali\u0107<\/strong> i <strong>Klaudija Jaki\u0107<\/strong>, vrativ\u0161i se s pobjedom i zlatnom medaljom.<br \/>\nTema natjecanja bila je \u201eNacionalna kuhinja\u201c koja je uklju\u010divala predjelo, glavno jelo i desert kroz modernu prezentaciju. U 120 min imali su zadatak pripremiti meni u tri slijeda i dva primjerka, jedan za \u017eiri, a drugo za izlo\u017ebeni stol. Hladno predjelo bila je marinirana sku\u0161a s tikvicom, jullien povr\u0107em i pa\u0161tetom u ko\u0161arici od prhkog tijesta.<br \/>\n<span style=\"font-weight: 400;\">Za glavno jelo bile su punjene lignje s kozicama, palentom, brokulom u umaku od raj\u010dica i izvorni desert na\u0161ih kuhara od doma\u0107e naran\u010de, svje\u017eeg sira, \u010dokolade i oraha koji\u00a0 je \u017eiri ostavio bez daha, a nama donio zlatnu medalju.<br \/>\n<\/span><span style=\"font-weight: 400;\">Festival je okupio srednje i visoke \u0161kola, \u0161efove kuhinja i natjecatelje iz mediteranskih i europskih regija. Ukupno vi\u0161e od 200 kuhara iz tridesetak zemalja, a posjetilo ga je vi\u0161e od tisu\u0107u posjetitelja.<br \/>\n<\/span><span style=\"font-weight: 400;\">Osim profesionalaca, festival je kao i prethodnih godina okupio u\u010denike ugostiteljskih \u0161kola, a raznoliki program uklju\u010divao je master class radionice, gastro izlo\u017ebe, enolo\u0161ke radionice, kuharske showove, degustacije, okrugle stolove, BZB susrete, radionice za profesionalne kuhare i posjetitelje, ali i raznolik zabavni program.<br \/>\n<\/span>Ovogodi\u0161nji \u201eBiser mora\u201c za Srednju \u0161kolu Metkovi\u0107 je bio uistinu poseban i s osvojenom zlatnom medaljom na\u0161i su u\u010denici jo\u0161 jednom pokazali svoja kulinarska umije\u0107a na jednom od vode\u0107ih kulinarskih natjecanja ovog dijela Europe.<br \/>\n\u010cestitamo na ovom fantasti\u010dnom uspjehu!<\/p>\n\r\n                <style type=\"text\/css\">\r\n                    \r\n                    #tdi_1  .td-doubleSlider-2 .td-item1 {\r\n                        background: url(https:\/\/likemetkovic.hr\/portal\/wp-content\/uploads\/2017\/04\/636-80x60.png) 0 0 no-repeat;\r\n                    }\r\n                    #tdi_1  .td-doubleSlider-2 .td-item2 {\r\n                        background: url(https:\/\/likemetkovic.hr\/portal\/wp-content\/uploads\/2017\/04\/676-80x60.png) 0 0 no-repeat;\r\n                    }\r\n                    #tdi_1  .td-doubleSlider-2 .td-item3 {\r\n                        background: url(https:\/\/likemetkovic.hr\/portal\/wp-content\/uploads\/2017\/04\/997-80x60.jpg) 0 0 no-repeat;\r\n                    }\r\n                <\/style>\r\n\r\n                <div id=\"tdi_1\" class=\"td-gallery td-slide-on-2-columns\">\r\n                    <div class=\"post_td_gallery\">\r\n                        <div class=\"td-gallery-slide-top\">\r\n                           <div class=\"td-gallery-title\"><\/div>\r\n\r\n                            <div class=\"td-gallery-controls-wrapper\">\r\n                                <div class=\"td-gallery-slide-count\"><span class=\"td-gallery-slide-item-focus\">1<\/span> of 3<\/div>\r\n                                <div class=\"td-gallery-slide-prev-next-but\">\r\n                                    <i class = \"td-icon-left doubleSliderPrevButton\"><\/i>\r\n                                    <i class = \"td-icon-right doubleSliderNextButton\"><\/i>\r\n                                <\/div>\r\n                            <\/div>\r\n                        <\/div>\r\n\r\n                        <div class = \"td-doubleSlider-1 \">\r\n                            <div class = \"td-slider\">\r\n                                \r\n                    <div class = \"td-slide-item td-item1\">\r\n                        <figure class=\"td-slide-galery-figure td-slide-popup-gallery\">\r\n                            <a class=\"slide-gallery-image-link\" href=\"https:\/\/likemetkovic.hr\/portal\/wp-content\/uploads\/2017\/04\/636.png\" title=\"636\"  data-caption=\"\"  data-description=\"\">\r\n                                <img decoding=\"async\" src=\"https:\/\/likemetkovic.hr\/portal\/wp-content\/uploads\/2017\/04\/636.png\" alt=\"\">\r\n                            <\/a>\r\n                            \r\n                        <\/figure>\r\n                    <\/div>\r\n                    <div class = \"td-slide-item td-item2\">\r\n                        <figure class=\"td-slide-galery-figure td-slide-popup-gallery\">\r\n                            <a class=\"slide-gallery-image-link\" href=\"https:\/\/likemetkovic.hr\/portal\/wp-content\/uploads\/2017\/04\/676.png\" title=\"676\"  data-caption=\"\"  data-description=\"\">\r\n                                <img decoding=\"async\" src=\"https:\/\/likemetkovic.hr\/portal\/wp-content\/uploads\/2017\/04\/676-337x420.png\" srcset=\"https:\/\/likemetkovic.hr\/portal\/wp-content\/uploads\/2017\/04\/676-337x420.png 337w, https:\/\/likemetkovic.hr\/portal\/wp-content\/uploads\/2017\/04\/676.png 387w\" sizes=\"(max-width: 337px) 100vw, 337px\" alt=\"\">\r\n                            <\/a>\r\n                            \r\n                        <\/figure>\r\n                    <\/div>\r\n                    <div class = \"td-slide-item td-item3\">\r\n                        <figure class=\"td-slide-galery-figure td-slide-popup-gallery\">\r\n                            <a class=\"slide-gallery-image-link\" href=\"https:\/\/likemetkovic.hr\/portal\/wp-content\/uploads\/2017\/04\/997.jpg\" title=\"997\"  data-caption=\"\"  data-description=\"\">\r\n                                <img decoding=\"async\" src=\"https:\/\/likemetkovic.hr\/portal\/wp-content\/uploads\/2017\/04\/997-627x420.jpg\" srcset=\"https:\/\/likemetkovic.hr\/portal\/wp-content\/uploads\/2017\/04\/997-627x420.jpg 627w, https:\/\/likemetkovic.hr\/portal\/wp-content\/uploads\/2017\/04\/997-800x536.jpg 800w, https:\/\/likemetkovic.hr\/portal\/wp-content\/uploads\/2017\/04\/997-768x514.jpg 768w, https:\/\/likemetkovic.hr\/portal\/wp-content\/uploads\/2017\/04\/997-696x466.jpg 696w, https:\/\/likemetkovic.hr\/portal\/wp-content\/uploads\/2017\/04\/997.jpg 896w\" sizes=\"(max-width: 627px) 100vw, 627px\" alt=\"\">\r\n                            <\/a>\r\n                            \r\n                        <\/figure>\r\n                    <\/div>\r\n                            <\/div>\r\n                        <\/div>\r\n\r\n                        <div class = \"td-doubleSlider-2\">\r\n                            <div class = \"td-slider\">\r\n                                \r\n                    <div class = \"td-button td-item1\">\r\n                        <div class = \"td-border\"><\/div>\r\n                    <\/div>\r\n                    <div class = \"td-button td-item2\">\r\n                        <div class = \"td-border\"><\/div>\r\n                    <\/div>\r\n                    <div class = \"td-button td-item3\">\r\n                        <div class = \"td-border\"><\/div>\r\n                    <\/div>\r\n                            <\/div>\r\n                        <\/div>\r\n\r\n                    <\/div>\r\n\r\n                <\/div>\r\n                \n","protected":false},"excerpt":{"rendered":"<p>U \u010detvrtak, 6. travnja, u Supetru na Bra\u010du odr\u017ean je XII. Me\u0111unarodni kulinarski festival \u201eBiser Mora\u201c, jedan od najambicioznijih projekata SKMER-a. U kategoriji turisti\u010dko-ugostiteljskih \u0161kola (srednjih i vi\u0161ih) pod vodstvom stru\u010dnih u\u010ditelja Dane Paponje i Vedrana Peri\u0107a, sudjelovali su i u\u010denici Srednje \u0161kole Metkovi\u0107, 3.h razreda, u sastavu: Edo \u0160iljega, Iva Krtali\u0107 i Klaudija Jaki\u0107, [&hellip;]<\/p>\n","protected":false},"author":7,"featured_media":39533,"comment_status":"open","ping_status":"open","sticky":false,"template":"","format":"standard","meta":{"footnotes":""},"categories":[283,166],"tags":[],"class_list":{"0":"post-39526","1":"post","2":"type-post","3":"status-publish","4":"format-standard","5":"has-post-thumbnail","7":"category-a","8":"category-skolstvo"},"yoast_head":"<!-- This site is optimized with the Yoast SEO plugin v25.2 - https:\/\/yoast.com\/wordpress\/plugins\/seo\/ -->\n<title>U\u010denici Srednje \u0161kole Metkovi\u0107 osvojili zlato na XII. Me\u0111unarodnom kulinarskom festivalu \u201eBiser Mora\u201c! - likemetkovic.hr<\/title>\n<meta name=\"robots\" content=\"index, follow, max-snippet:-1, max-image-preview:large, max-video-preview:-1\" \/>\n<link rel=\"canonical\" href=\"https:\/\/likemetkovic.hr\/ucenici-srednje-skole-metkovic-osvojili-zlato-xii-medunarodnom-kulinarskom-festivalu-biser-mora\/\" \/>\n<meta property=\"og:locale\" content=\"hr_HR\" \/>\n<meta property=\"og:type\" content=\"article\" \/>\n<meta property=\"og:title\" content=\"U\u010denici Srednje \u0161kole Metkovi\u0107 osvojili zlato na XII. Me\u0111unarodnom kulinarskom festivalu \u201eBiser Mora\u201c! - likemetkovic.hr\" \/>\n<meta property=\"og:description\" content=\"U \u010detvrtak, 6. travnja, u Supetru na Bra\u010du odr\u017ean je XII. Me\u0111unarodni kulinarski festival \u201eBiser Mora\u201c, jedan od najambicioznijih projekata SKMER-a. U kategoriji turisti\u010dko-ugostiteljskih \u0161kola (srednjih i vi\u0161ih) pod vodstvom stru\u010dnih u\u010ditelja Dane Paponje i Vedrana Peri\u0107a, sudjelovali su i u\u010denici Srednje \u0161kole Metkovi\u0107, 3.h razreda, u sastavu: Edo \u0160iljega, Iva Krtali\u0107 i Klaudija Jaki\u0107, [&hellip;]\" \/>\n<meta property=\"og:url\" content=\"https:\/\/likemetkovic.hr\/ucenici-srednje-skole-metkovic-osvojili-zlato-xii-medunarodnom-kulinarskom-festivalu-biser-mora\/\" \/>\n<meta property=\"og:site_name\" content=\"likemetkovic.hr\" \/>\n<meta property=\"article:publisher\" content=\"https:\/\/www.facebook.com\/likemetkovic.hr\/\" \/>\n<meta property=\"article:published_time\" content=\"2017-04-12T09:21:19+00:00\" \/>\n<meta property=\"article:modified_time\" content=\"2018-06-06T18:13:41+00:00\" \/>\n<meta property=\"og:image\" content=\"https:\/\/likemetkovic.hr\/wp-content\/uploads\/2017\/04\/997_1.jpg\" \/>\n\t<meta property=\"og:image:width\" content=\"896\" \/>\n\t<meta property=\"og:image:height\" content=\"600\" \/>\n\t<meta property=\"og:image:type\" content=\"image\/jpeg\" \/>\n<meta name=\"author\" content=\"LIKEmetkovic.hr\" \/>\n<meta name=\"twitter:card\" content=\"summary_large_image\" \/>\n<meta name=\"twitter:label1\" content=\"Napisao\/la\" \/>\n\t<meta name=\"twitter:data1\" content=\"LIKEmetkovic.hr\" \/>\n\t<meta name=\"twitter:label2\" content=\"Procijenjeno vrijeme \u010ditanja\" \/>\n\t<meta name=\"twitter:data2\" content=\"2 minute\" \/>\n<script type=\"application\/ld+json\" class=\"yoast-schema-graph\">{\"@context\":\"https:\/\/schema.org\",\"@graph\":[{\"@type\":\"WebPage\",\"@id\":\"https:\/\/likemetkovic.hr\/ucenici-srednje-skole-metkovic-osvojili-zlato-xii-medunarodnom-kulinarskom-festivalu-biser-mora\/\",\"url\":\"https:\/\/likemetkovic.hr\/ucenici-srednje-skole-metkovic-osvojili-zlato-xii-medunarodnom-kulinarskom-festivalu-biser-mora\/\",\"name\":\"U\u010denici Srednje \u0161kole Metkovi\u0107 osvojili zlato na XII. Me\u0111unarodnom kulinarskom festivalu \u201eBiser Mora\u201c! - likemetkovic.hr\",\"isPartOf\":{\"@id\":\"https:\/\/likemetkovic.hr\/#website\"},\"primaryImageOfPage\":{\"@id\":\"https:\/\/likemetkovic.hr\/ucenici-srednje-skole-metkovic-osvojili-zlato-xii-medunarodnom-kulinarskom-festivalu-biser-mora\/#primaryimage\"},\"image\":{\"@id\":\"https:\/\/likemetkovic.hr\/ucenici-srednje-skole-metkovic-osvojili-zlato-xii-medunarodnom-kulinarskom-festivalu-biser-mora\/#primaryimage\"},\"thumbnailUrl\":\"https:\/\/likemetkovic.hr\/portal\/wp-content\/uploads\/2017\/04\/997_1.jpg\",\"datePublished\":\"2017-04-12T09:21:19+00:00\",\"dateModified\":\"2018-06-06T18:13:41+00:00\",\"author\":{\"@id\":\"https:\/\/likemetkovic.hr\/#\/schema\/person\/a42711f3385a0e2be6f7e0443bfb28f0\"},\"breadcrumb\":{\"@id\":\"https:\/\/likemetkovic.hr\/ucenici-srednje-skole-metkovic-osvojili-zlato-xii-medunarodnom-kulinarskom-festivalu-biser-mora\/#breadcrumb\"},\"inLanguage\":\"hr\",\"potentialAction\":[{\"@type\":\"ReadAction\",\"target\":[\"https:\/\/likemetkovic.hr\/ucenici-srednje-skole-metkovic-osvojili-zlato-xii-medunarodnom-kulinarskom-festivalu-biser-mora\/\"]}]},{\"@type\":\"ImageObject\",\"inLanguage\":\"hr\",\"@id\":\"https:\/\/likemetkovic.hr\/ucenici-srednje-skole-metkovic-osvojili-zlato-xii-medunarodnom-kulinarskom-festivalu-biser-mora\/#primaryimage\",\"url\":\"https:\/\/likemetkovic.hr\/portal\/wp-content\/uploads\/2017\/04\/997_1.jpg\",\"contentUrl\":\"https:\/\/likemetkovic.hr\/portal\/wp-content\/uploads\/2017\/04\/997_1.jpg\",\"width\":896,\"height\":600},{\"@type\":\"BreadcrumbList\",\"@id\":\"https:\/\/likemetkovic.hr\/ucenici-srednje-skole-metkovic-osvojili-zlato-xii-medunarodnom-kulinarskom-festivalu-biser-mora\/#breadcrumb\",\"itemListElement\":[{\"@type\":\"ListItem\",\"position\":1,\"name\":\"Po\u010detna stranica\",\"item\":\"https:\/\/likemetkovic.hr\/portal\/\"},{\"@type\":\"ListItem\",\"position\":2,\"name\":\"U\u010denici Srednje \u0161kole Metkovi\u0107 osvojili zlato na XII. Me\u0111unarodnom kulinarskom festivalu \u201eBiser Mora\u201c!\"}]},{\"@type\":\"WebSite\",\"@id\":\"https:\/\/likemetkovic.hr\/#website\",\"url\":\"https:\/\/likemetkovic.hr\/\",\"name\":\"likemetkovic.hr\",\"description\":\"Misli pozitivno... \u010ditaj LIKE\",\"potentialAction\":[{\"@type\":\"SearchAction\",\"target\":{\"@type\":\"EntryPoint\",\"urlTemplate\":\"https:\/\/likemetkovic.hr\/?s={search_term_string}\"},\"query-input\":{\"@type\":\"PropertyValueSpecification\",\"valueRequired\":true,\"valueName\":\"search_term_string\"}}],\"inLanguage\":\"hr\"},{\"@type\":\"Person\",\"@id\":\"https:\/\/likemetkovic.hr\/#\/schema\/person\/a42711f3385a0e2be6f7e0443bfb28f0\",\"name\":\"LIKEmetkovic.hr\",\"sameAs\":[\"http:\/\/likemetkovic.hr\"],\"url\":\"https:\/\/likemetkovic.hr\/portal\/author\/likemetkovic-hr\/\"}]}<\/script>\n<!-- \/ Yoast SEO plugin. -->","yoast_head_json":{"title":"U\u010denici Srednje \u0161kole Metkovi\u0107 osvojili zlato na XII. Me\u0111unarodnom kulinarskom festivalu \u201eBiser Mora\u201c! - likemetkovic.hr","robots":{"index":"index","follow":"follow","max-snippet":"max-snippet:-1","max-image-preview":"max-image-preview:large","max-video-preview":"max-video-preview:-1"},"canonical":"https:\/\/likemetkovic.hr\/ucenici-srednje-skole-metkovic-osvojili-zlato-xii-medunarodnom-kulinarskom-festivalu-biser-mora\/","og_locale":"hr_HR","og_type":"article","og_title":"U\u010denici Srednje \u0161kole Metkovi\u0107 osvojili zlato na XII. Me\u0111unarodnom kulinarskom festivalu \u201eBiser Mora\u201c! - likemetkovic.hr","og_description":"U \u010detvrtak, 6. travnja, u Supetru na Bra\u010du odr\u017ean je XII. Me\u0111unarodni kulinarski festival \u201eBiser Mora\u201c, jedan od najambicioznijih projekata SKMER-a. U kategoriji turisti\u010dko-ugostiteljskih \u0161kola (srednjih i vi\u0161ih) pod vodstvom stru\u010dnih u\u010ditelja Dane Paponje i Vedrana Peri\u0107a, sudjelovali su i u\u010denici Srednje \u0161kole Metkovi\u0107, 3.h razreda, u sastavu: Edo \u0160iljega, Iva Krtali\u0107 i Klaudija Jaki\u0107, [&hellip;]","og_url":"https:\/\/likemetkovic.hr\/ucenici-srednje-skole-metkovic-osvojili-zlato-xii-medunarodnom-kulinarskom-festivalu-biser-mora\/","og_site_name":"likemetkovic.hr","article_publisher":"https:\/\/www.facebook.com\/likemetkovic.hr\/","article_published_time":"2017-04-12T09:21:19+00:00","article_modified_time":"2018-06-06T18:13:41+00:00","og_image":[{"width":896,"height":600,"url":"https:\/\/likemetkovic.hr\/wp-content\/uploads\/2017\/04\/997_1.jpg","type":"image\/jpeg"}],"author":"LIKEmetkovic.hr","twitter_card":"summary_large_image","twitter_misc":{"Napisao\/la":"LIKEmetkovic.hr","Procijenjeno vrijeme \u010ditanja":"2 minute"},"schema":{"@context":"https:\/\/schema.org","@graph":[{"@type":"WebPage","@id":"https:\/\/likemetkovic.hr\/ucenici-srednje-skole-metkovic-osvojili-zlato-xii-medunarodnom-kulinarskom-festivalu-biser-mora\/","url":"https:\/\/likemetkovic.hr\/ucenici-srednje-skole-metkovic-osvojili-zlato-xii-medunarodnom-kulinarskom-festivalu-biser-mora\/","name":"U\u010denici Srednje \u0161kole Metkovi\u0107 osvojili zlato na XII. Me\u0111unarodnom kulinarskom festivalu \u201eBiser Mora\u201c! - likemetkovic.hr","isPartOf":{"@id":"https:\/\/likemetkovic.hr\/#website"},"primaryImageOfPage":{"@id":"https:\/\/likemetkovic.hr\/ucenici-srednje-skole-metkovic-osvojili-zlato-xii-medunarodnom-kulinarskom-festivalu-biser-mora\/#primaryimage"},"image":{"@id":"https:\/\/likemetkovic.hr\/ucenici-srednje-skole-metkovic-osvojili-zlato-xii-medunarodnom-kulinarskom-festivalu-biser-mora\/#primaryimage"},"thumbnailUrl":"https:\/\/likemetkovic.hr\/portal\/wp-content\/uploads\/2017\/04\/997_1.jpg","datePublished":"2017-04-12T09:21:19+00:00","dateModified":"2018-06-06T18:13:41+00:00","author":{"@id":"https:\/\/likemetkovic.hr\/#\/schema\/person\/a42711f3385a0e2be6f7e0443bfb28f0"},"breadcrumb":{"@id":"https:\/\/likemetkovic.hr\/ucenici-srednje-skole-metkovic-osvojili-zlato-xii-medunarodnom-kulinarskom-festivalu-biser-mora\/#breadcrumb"},"inLanguage":"hr","potentialAction":[{"@type":"ReadAction","target":["https:\/\/likemetkovic.hr\/ucenici-srednje-skole-metkovic-osvojili-zlato-xii-medunarodnom-kulinarskom-festivalu-biser-mora\/"]}]},{"@type":"ImageObject","inLanguage":"hr","@id":"https:\/\/likemetkovic.hr\/ucenici-srednje-skole-metkovic-osvojili-zlato-xii-medunarodnom-kulinarskom-festivalu-biser-mora\/#primaryimage","url":"https:\/\/likemetkovic.hr\/portal\/wp-content\/uploads\/2017\/04\/997_1.jpg","contentUrl":"https:\/\/likemetkovic.hr\/portal\/wp-content\/uploads\/2017\/04\/997_1.jpg","width":896,"height":600},{"@type":"BreadcrumbList","@id":"https:\/\/likemetkovic.hr\/ucenici-srednje-skole-metkovic-osvojili-zlato-xii-medunarodnom-kulinarskom-festivalu-biser-mora\/#breadcrumb","itemListElement":[{"@type":"ListItem","position":1,"name":"Po\u010detna stranica","item":"https:\/\/likemetkovic.hr\/portal\/"},{"@type":"ListItem","position":2,"name":"U\u010denici Srednje \u0161kole Metkovi\u0107 osvojili zlato na XII. Me\u0111unarodnom kulinarskom festivalu \u201eBiser Mora\u201c!"}]},{"@type":"WebSite","@id":"https:\/\/likemetkovic.hr\/#website","url":"https:\/\/likemetkovic.hr\/","name":"likemetkovic.hr","description":"Misli pozitivno... \u010ditaj LIKE","potentialAction":[{"@type":"SearchAction","target":{"@type":"EntryPoint","urlTemplate":"https:\/\/likemetkovic.hr\/?s={search_term_string}"},"query-input":{"@type":"PropertyValueSpecification","valueRequired":true,"valueName":"search_term_string"}}],"inLanguage":"hr"},{"@type":"Person","@id":"https:\/\/likemetkovic.hr\/#\/schema\/person\/a42711f3385a0e2be6f7e0443bfb28f0","name":"LIKEmetkovic.hr","sameAs":["http:\/\/likemetkovic.hr"],"url":"https:\/\/likemetkovic.hr\/portal\/author\/likemetkovic-hr\/"}]}},"_links":{"self":[{"href":"https:\/\/likemetkovic.hr\/portal\/wp-json\/wp\/v2\/posts\/39526","targetHints":{"allow":["GET"]}}],"collection":[{"href":"https:\/\/likemetkovic.hr\/portal\/wp-json\/wp\/v2\/posts"}],"about":[{"href":"https:\/\/likemetkovic.hr\/portal\/wp-json\/wp\/v2\/types\/post"}],"author":[{"embeddable":true,"href":"https:\/\/likemetkovic.hr\/portal\/wp-json\/wp\/v2\/users\/7"}],"replies":[{"embeddable":true,"href":"https:\/\/likemetkovic.hr\/portal\/wp-json\/wp\/v2\/comments?post=39526"}],"version-history":[{"count":0,"href":"https:\/\/likemetkovic.hr\/portal\/wp-json\/wp\/v2\/posts\/39526\/revisions"}],"wp:featuredmedia":[{"embeddable":true,"href":"https:\/\/likemetkovic.hr\/portal\/wp-json\/wp\/v2\/media\/39533"}],"wp:attachment":[{"href":"https:\/\/likemetkovic.hr\/portal\/wp-json\/wp\/v2\/media?parent=39526"}],"wp:term":[{"taxonomy":"category","embeddable":true,"href":"https:\/\/likemetkovic.hr\/portal\/wp-json\/wp\/v2\/categories?post=39526"},{"taxonomy":"post_tag","embeddable":true,"href":"https:\/\/likemetkovic.hr\/portal\/wp-json\/wp\/v2\/tags?post=39526"}],"curies":[{"name":"wp","href":"https:\/\/api.w.org\/{rel}","templated":true}]}}