{"id":39760,"date":"2017-04-14T23:34:38","date_gmt":"2017-04-14T21:34:38","guid":{"rendered":"http:\/\/likemetkovic.hr\/?p=39760"},"modified":"2017-04-14T23:39:56","modified_gmt":"2017-04-14T21:39:56","slug":"teskoj-prometnoj-nesreci-krvavcu-poginuo-pjesak","status":"publish","type":"post","link":"https:\/\/likemetkovic.hr\/portal\/teskoj-prometnoj-nesreci-krvavcu-poginuo-pjesak\/","title":{"rendered":"U te\u0161koj prometnoj nesre\u0107i u Krvavcu poginuo pje\u0161ak"},"content":{"rendered":"<p>Kako neslu\u017ebeno doznajemo, ve\u010deras oko 21:40 sati u prometnoj nesre\u0107i na donjoj cesti u Krvavcu je smrtno\u00a0stradao pje\u0161ak. Kako neslu\u017ebeno doznajemo, na mladi\u0107a je dok je \u0161etao psa uz rub kolnika naletio automobil od \u010dijeg udarca na mjestu preminuo.<\/p>\n<p>Na mjesto nesre\u0107e iza\u0161la je policija, hitna pomo\u0107 i vatrogasci, a u tijeku je o\u010devid.<\/p>\n<p><img decoding=\"async\" class=\"alignnone size-medium wp-image-39762\" src=\"http:\/\/likemetkovic.hr\/wp-content\/uploads\/2017\/04\/prometna_IMG_20170414_224139-800x538.jpg\" alt=\"\" width=\"800\" height=\"538\" srcset=\"https:\/\/likemetkovic.hr\/portal\/wp-content\/uploads\/2017\/04\/prometna_IMG_20170414_224139-800x538.jpg 800w, https:\/\/likemetkovic.hr\/portal\/wp-content\/uploads\/2017\/04\/prometna_IMG_20170414_224139-768x516.jpg 768w, https:\/\/likemetkovic.hr\/portal\/wp-content\/uploads\/2017\/04\/prometna_IMG_20170414_224139-1200x806.jpg 1200w, https:\/\/likemetkovic.hr\/portal\/wp-content\/uploads\/2017\/04\/prometna_IMG_20170414_224139-696x468.jpg 696w, https:\/\/likemetkovic.hr\/portal\/wp-content\/uploads\/2017\/04\/prometna_IMG_20170414_224139-1068x718.jpg 1068w, https:\/\/likemetkovic.hr\/portal\/wp-content\/uploads\/2017\/04\/prometna_IMG_20170414_224139-625x420.jpg 625w, https:\/\/likemetkovic.hr\/portal\/wp-content\/uploads\/2017\/04\/prometna_IMG_20170414_224139.jpg 1366w\" sizes=\"(max-width: 800px) 100vw, 800px\" \/><\/p>\n","protected":false},"excerpt":{"rendered":"<p>Kako neslu\u017ebeno doznajemo, ve\u010deras oko 21:40 sati u prometnoj nesre\u0107i na donjoj cesti u Krvavcu je smrtno\u00a0stradao pje\u0161ak. Kako neslu\u017ebeno doznajemo, na mladi\u0107a je dok je \u0161etao psa uz rub kolnika naletio automobil od \u010dijeg udarca na mjestu preminuo. Na mjesto nesre\u0107e iza\u0161la je policija, hitna pomo\u0107 i vatrogasci, a u tijeku je o\u010devid.<\/p>\n","protected":false},"author":7,"featured_media":39761,"comment_status":"open","ping_status":"open","sticky":false,"template":"","format":"standard","meta":{"footnotes":""},"categories":[283,305],"tags":[568],"class_list":{"0":"post-39760","1":"post","2":"type-post","3":"status-publish","4":"format-standard","5":"has-post-thumbnail","7":"category-a","8":"category-crna-kronika","9":"tag-prometna-nesreca"},"yoast_head":"<!-- This site is optimized with the Yoast SEO plugin v25.2 - https:\/\/yoast.com\/wordpress\/plugins\/seo\/ -->\n<title>U te\u0161koj prometnoj nesre\u0107i u Krvavcu poginuo pje\u0161ak - likemetkovic.hr<\/title>\n<meta name=\"robots\" content=\"index, follow, max-snippet:-1, max-image-preview:large, max-video-preview:-1\" \/>\n<link rel=\"canonical\" href=\"https:\/\/likemetkovic.hr\/teskoj-prometnoj-nesreci-krvavcu-poginuo-pjesak\/\" \/>\n<meta property=\"og:locale\" content=\"hr_HR\" \/>\n<meta property=\"og:type\" content=\"article\" \/>\n<meta property=\"og:title\" content=\"U te\u0161koj prometnoj nesre\u0107i u Krvavcu poginuo pje\u0161ak - likemetkovic.hr\" \/>\n<meta property=\"og:description\" content=\"Kako neslu\u017ebeno doznajemo, ve\u010deras oko 21:40 sati u prometnoj nesre\u0107i na donjoj cesti u Krvavcu je smrtno\u00a0stradao pje\u0161ak. Kako neslu\u017ebeno doznajemo, na mladi\u0107a je dok je \u0161etao psa uz rub kolnika naletio automobil od \u010dijeg udarca na mjestu preminuo. Na mjesto nesre\u0107e iza\u0161la je policija, hitna pomo\u0107 i vatrogasci, a u tijeku je o\u010devid.\" \/>\n<meta property=\"og:url\" content=\"https:\/\/likemetkovic.hr\/teskoj-prometnoj-nesreci-krvavcu-poginuo-pjesak\/\" \/>\n<meta property=\"og:site_name\" content=\"likemetkovic.hr\" \/>\n<meta property=\"article:publisher\" content=\"https:\/\/www.facebook.com\/likemetkovic.hr\/\" \/>\n<meta property=\"article:published_time\" content=\"2017-04-14T21:34:38+00:00\" \/>\n<meta property=\"article:modified_time\" content=\"2017-04-14T21:39:56+00:00\" \/>\n<meta property=\"og:image\" content=\"https:\/\/likemetkovic.hr\/wp-content\/uploads\/2017\/04\/prometna_IMG_20170414_224137.jpg\" \/>\n\t<meta property=\"og:image:width\" content=\"1366\" \/>\n\t<meta property=\"og:image:height\" content=\"908\" \/>\n\t<meta property=\"og:image:type\" content=\"image\/jpeg\" \/>\n<meta name=\"author\" content=\"LIKEmetkovic.hr\" \/>\n<meta name=\"twitter:card\" content=\"summary_large_image\" \/>\n<meta name=\"twitter:label1\" content=\"Napisao\/la\" \/>\n\t<meta name=\"twitter:data1\" content=\"LIKEmetkovic.hr\" \/>\n<script type=\"application\/ld+json\" class=\"yoast-schema-graph\">{\"@context\":\"https:\/\/schema.org\",\"@graph\":[{\"@type\":\"WebPage\",\"@id\":\"https:\/\/likemetkovic.hr\/teskoj-prometnoj-nesreci-krvavcu-poginuo-pjesak\/\",\"url\":\"https:\/\/likemetkovic.hr\/teskoj-prometnoj-nesreci-krvavcu-poginuo-pjesak\/\",\"name\":\"U te\u0161koj prometnoj nesre\u0107i u Krvavcu poginuo pje\u0161ak - likemetkovic.hr\",\"isPartOf\":{\"@id\":\"https:\/\/likemetkovic.hr\/#website\"},\"primaryImageOfPage\":{\"@id\":\"https:\/\/likemetkovic.hr\/teskoj-prometnoj-nesreci-krvavcu-poginuo-pjesak\/#primaryimage\"},\"image\":{\"@id\":\"https:\/\/likemetkovic.hr\/teskoj-prometnoj-nesreci-krvavcu-poginuo-pjesak\/#primaryimage\"},\"thumbnailUrl\":\"https:\/\/likemetkovic.hr\/portal\/wp-content\/uploads\/2017\/04\/prometna_IMG_20170414_224137.jpg\",\"datePublished\":\"2017-04-14T21:34:38+00:00\",\"dateModified\":\"2017-04-14T21:39:56+00:00\",\"author\":{\"@id\":\"https:\/\/likemetkovic.hr\/#\/schema\/person\/a42711f3385a0e2be6f7e0443bfb28f0\"},\"breadcrumb\":{\"@id\":\"https:\/\/likemetkovic.hr\/teskoj-prometnoj-nesreci-krvavcu-poginuo-pjesak\/#breadcrumb\"},\"inLanguage\":\"hr\",\"potentialAction\":[{\"@type\":\"ReadAction\",\"target\":[\"https:\/\/likemetkovic.hr\/teskoj-prometnoj-nesreci-krvavcu-poginuo-pjesak\/\"]}]},{\"@type\":\"ImageObject\",\"inLanguage\":\"hr\",\"@id\":\"https:\/\/likemetkovic.hr\/teskoj-prometnoj-nesreci-krvavcu-poginuo-pjesak\/#primaryimage\",\"url\":\"https:\/\/likemetkovic.hr\/portal\/wp-content\/uploads\/2017\/04\/prometna_IMG_20170414_224137.jpg\",\"contentUrl\":\"https:\/\/likemetkovic.hr\/portal\/wp-content\/uploads\/2017\/04\/prometna_IMG_20170414_224137.jpg\",\"width\":1366,\"height\":908},{\"@type\":\"BreadcrumbList\",\"@id\":\"https:\/\/likemetkovic.hr\/teskoj-prometnoj-nesreci-krvavcu-poginuo-pjesak\/#breadcrumb\",\"itemListElement\":[{\"@type\":\"ListItem\",\"position\":1,\"name\":\"Po\u010detna stranica\",\"item\":\"https:\/\/likemetkovic.hr\/portal\/\"},{\"@type\":\"ListItem\",\"position\":2,\"name\":\"U te\u0161koj prometnoj nesre\u0107i u Krvavcu poginuo pje\u0161ak\"}]},{\"@type\":\"WebSite\",\"@id\":\"https:\/\/likemetkovic.hr\/#website\",\"url\":\"https:\/\/likemetkovic.hr\/\",\"name\":\"likemetkovic.hr\",\"description\":\"Misli pozitivno... \u010ditaj LIKE\",\"potentialAction\":[{\"@type\":\"SearchAction\",\"target\":{\"@type\":\"EntryPoint\",\"urlTemplate\":\"https:\/\/likemetkovic.hr\/?s={search_term_string}\"},\"query-input\":{\"@type\":\"PropertyValueSpecification\",\"valueRequired\":true,\"valueName\":\"search_term_string\"}}],\"inLanguage\":\"hr\"},{\"@type\":\"Person\",\"@id\":\"https:\/\/likemetkovic.hr\/#\/schema\/person\/a42711f3385a0e2be6f7e0443bfb28f0\",\"name\":\"LIKEmetkovic.hr\",\"sameAs\":[\"http:\/\/likemetkovic.hr\"],\"url\":\"https:\/\/likemetkovic.hr\/portal\/author\/likemetkovic-hr\/\"}]}<\/script>\n<!-- \/ Yoast SEO plugin. -->","yoast_head_json":{"title":"U te\u0161koj prometnoj nesre\u0107i u Krvavcu poginuo pje\u0161ak - likemetkovic.hr","robots":{"index":"index","follow":"follow","max-snippet":"max-snippet:-1","max-image-preview":"max-image-preview:large","max-video-preview":"max-video-preview:-1"},"canonical":"https:\/\/likemetkovic.hr\/teskoj-prometnoj-nesreci-krvavcu-poginuo-pjesak\/","og_locale":"hr_HR","og_type":"article","og_title":"U te\u0161koj prometnoj nesre\u0107i u Krvavcu poginuo pje\u0161ak - likemetkovic.hr","og_description":"Kako neslu\u017ebeno doznajemo, ve\u010deras oko 21:40 sati u prometnoj nesre\u0107i na donjoj cesti u Krvavcu je smrtno\u00a0stradao pje\u0161ak. Kako neslu\u017ebeno doznajemo, na mladi\u0107a je dok je \u0161etao psa uz rub kolnika naletio automobil od \u010dijeg udarca na mjestu preminuo. Na mjesto nesre\u0107e iza\u0161la je policija, hitna pomo\u0107 i vatrogasci, a u tijeku je o\u010devid.","og_url":"https:\/\/likemetkovic.hr\/teskoj-prometnoj-nesreci-krvavcu-poginuo-pjesak\/","og_site_name":"likemetkovic.hr","article_publisher":"https:\/\/www.facebook.com\/likemetkovic.hr\/","article_published_time":"2017-04-14T21:34:38+00:00","article_modified_time":"2017-04-14T21:39:56+00:00","og_image":[{"width":1366,"height":908,"url":"https:\/\/likemetkovic.hr\/wp-content\/uploads\/2017\/04\/prometna_IMG_20170414_224137.jpg","type":"image\/jpeg"}],"author":"LIKEmetkovic.hr","twitter_card":"summary_large_image","twitter_misc":{"Napisao\/la":"LIKEmetkovic.hr"},"schema":{"@context":"https:\/\/schema.org","@graph":[{"@type":"WebPage","@id":"https:\/\/likemetkovic.hr\/teskoj-prometnoj-nesreci-krvavcu-poginuo-pjesak\/","url":"https:\/\/likemetkovic.hr\/teskoj-prometnoj-nesreci-krvavcu-poginuo-pjesak\/","name":"U te\u0161koj prometnoj nesre\u0107i u Krvavcu poginuo pje\u0161ak - likemetkovic.hr","isPartOf":{"@id":"https:\/\/likemetkovic.hr\/#website"},"primaryImageOfPage":{"@id":"https:\/\/likemetkovic.hr\/teskoj-prometnoj-nesreci-krvavcu-poginuo-pjesak\/#primaryimage"},"image":{"@id":"https:\/\/likemetkovic.hr\/teskoj-prometnoj-nesreci-krvavcu-poginuo-pjesak\/#primaryimage"},"thumbnailUrl":"https:\/\/likemetkovic.hr\/portal\/wp-content\/uploads\/2017\/04\/prometna_IMG_20170414_224137.jpg","datePublished":"2017-04-14T21:34:38+00:00","dateModified":"2017-04-14T21:39:56+00:00","author":{"@id":"https:\/\/likemetkovic.hr\/#\/schema\/person\/a42711f3385a0e2be6f7e0443bfb28f0"},"breadcrumb":{"@id":"https:\/\/likemetkovic.hr\/teskoj-prometnoj-nesreci-krvavcu-poginuo-pjesak\/#breadcrumb"},"inLanguage":"hr","potentialAction":[{"@type":"ReadAction","target":["https:\/\/likemetkovic.hr\/teskoj-prometnoj-nesreci-krvavcu-poginuo-pjesak\/"]}]},{"@type":"ImageObject","inLanguage":"hr","@id":"https:\/\/likemetkovic.hr\/teskoj-prometnoj-nesreci-krvavcu-poginuo-pjesak\/#primaryimage","url":"https:\/\/likemetkovic.hr\/portal\/wp-content\/uploads\/2017\/04\/prometna_IMG_20170414_224137.jpg","contentUrl":"https:\/\/likemetkovic.hr\/portal\/wp-content\/uploads\/2017\/04\/prometna_IMG_20170414_224137.jpg","width":1366,"height":908},{"@type":"BreadcrumbList","@id":"https:\/\/likemetkovic.hr\/teskoj-prometnoj-nesreci-krvavcu-poginuo-pjesak\/#breadcrumb","itemListElement":[{"@type":"ListItem","position":1,"name":"Po\u010detna stranica","item":"https:\/\/likemetkovic.hr\/portal\/"},{"@type":"ListItem","position":2,"name":"U te\u0161koj prometnoj nesre\u0107i u Krvavcu poginuo pje\u0161ak"}]},{"@type":"WebSite","@id":"https:\/\/likemetkovic.hr\/#website","url":"https:\/\/likemetkovic.hr\/","name":"likemetkovic.hr","description":"Misli pozitivno... \u010ditaj LIKE","potentialAction":[{"@type":"SearchAction","target":{"@type":"EntryPoint","urlTemplate":"https:\/\/likemetkovic.hr\/?s={search_term_string}"},"query-input":{"@type":"PropertyValueSpecification","valueRequired":true,"valueName":"search_term_string"}}],"inLanguage":"hr"},{"@type":"Person","@id":"https:\/\/likemetkovic.hr\/#\/schema\/person\/a42711f3385a0e2be6f7e0443bfb28f0","name":"LIKEmetkovic.hr","sameAs":["http:\/\/likemetkovic.hr"],"url":"https:\/\/likemetkovic.hr\/portal\/author\/likemetkovic-hr\/"}]}},"_links":{"self":[{"href":"https:\/\/likemetkovic.hr\/portal\/wp-json\/wp\/v2\/posts\/39760","targetHints":{"allow":["GET"]}}],"collection":[{"href":"https:\/\/likemetkovic.hr\/portal\/wp-json\/wp\/v2\/posts"}],"about":[{"href":"https:\/\/likemetkovic.hr\/portal\/wp-json\/wp\/v2\/types\/post"}],"author":[{"embeddable":true,"href":"https:\/\/likemetkovic.hr\/portal\/wp-json\/wp\/v2\/users\/7"}],"replies":[{"embeddable":true,"href":"https:\/\/likemetkovic.hr\/portal\/wp-json\/wp\/v2\/comments?post=39760"}],"version-history":[{"count":0,"href":"https:\/\/likemetkovic.hr\/portal\/wp-json\/wp\/v2\/posts\/39760\/revisions"}],"wp:featuredmedia":[{"embeddable":true,"href":"https:\/\/likemetkovic.hr\/portal\/wp-json\/wp\/v2\/media\/39761"}],"wp:attachment":[{"href":"https:\/\/likemetkovic.hr\/portal\/wp-json\/wp\/v2\/media?parent=39760"}],"wp:term":[{"taxonomy":"category","embeddable":true,"href":"https:\/\/likemetkovic.hr\/portal\/wp-json\/wp\/v2\/categories?post=39760"},{"taxonomy":"post_tag","embeddable":true,"href":"https:\/\/likemetkovic.hr\/portal\/wp-json\/wp\/v2\/tags?post=39760"}],"curies":[{"name":"wp","href":"https:\/\/api.w.org\/{rel}","templated":true}]}}