{"id":39890,"date":"2017-04-16T10:35:41","date_gmt":"2017-04-16T08:35:41","guid":{"rendered":"http:\/\/likemetkovic.hr\/?p=39890"},"modified":"2017-04-16T10:38:13","modified_gmt":"2017-04-16T08:38:13","slug":"najstarije-zudije-dalmaciji-160-godina-zudija-zupe-svetog-ilije-proroka","status":"publish","type":"post","link":"https:\/\/likemetkovic.hr\/portal\/najstarije-zudije-dalmaciji-160-godina-zudija-zupe-svetog-ilije-proroka\/","title":{"rendered":"[NAJSTARIJE \u017dUDIJE U DALMACIJI] 160 godina \u017eudija \u017dupe svetog Ilije Proroka"},"content":{"rendered":"<p>Najpoznatiji i najpopularniji obi\u010daj vezan uz Veliki tjedan u Metkovi\u0107u su svakako <em>\u017eudije<\/em>. Taj obi\u010daj vezan je isklju\u010divo za Veliki tjedan, i to od Velikoga \u010detvrtka nave\u010der, do Uskrsnoga bdijenja. \u017dudije su obi\u010dno mladi ljudi, do 35 godina \u017eivota, koji moraju biti uzorni vjernici i gra\u0111ani.<\/p>\n<p>\u017dudije su u \u017eupi osnovane jo\u0161 daleke 1857. i to su, prema postoje\u0107im podacima, vjerojatno najstarije \u017eudije u cijeloj Dalmaciji. Osnovao ih je<em> Ante Glu\u0161\u010devi\u0107, Metkovac,<\/em> koji je bio sjemeni\u0161tarac u Lorettu, odakle je i donio taj obi\u010daj u Metkovi\u0107. Iz Metkovi\u0107a se taj obi\u010daj pro\u0161irio po cijeloj dolini Neretve, a dalje vjerojatno i po Dalmaciji. U po\u010detku (dok je jo\u0161 bila stara crkva) bila su samo \u010detvorica \u017eudija, odjevena u kartonske odore, koje su vrlo brzo zamijenjene platnenim. Gradnjom nove crkve njihov se broj pove\u0107ava na \u0161esnaest, a danas su dvadeset i dvojica. Najve\u0107a njihova uloga je na Veliki petak. U procesiji na Veliki petak oni su uza sve\u0107enika i \u0160imuna Cirenca u sredi\u0161tu pozornosti. Dijele se u tri skupine.<\/p>\n<p>Prva su skupina <em>\u0161imuna\u0161i<\/em>, njih \u010detvorica, koji prate \u0160imuna Cirenca. Odjeveni su u \u017eute haljine s kacigama na glavi. Nose koplja sa sje\u010divom, ma\u010deve o pojasu i \u0161titove.<\/p>\n<p>Druga su skupina ve\u0107 spominjani <em>baldakina\u0161i<\/em> koji prate baldahin pod kojim ide sve\u0107enik u procesiji s Presvetim. Odjeveni su u crvene haljine i prsluke s istim oru\u017ejem kao i \u0161imuna\u0161i, ali bez \u0161titova.<\/p>\n<p>Tre\u0107a i najbrojnija skupina su <em>gardisti<\/em>, njih dvanaest, koji cijelim putom stupaju strogim vojni\u010dkim korakom. I oni su odjeveni u crvene haljine s prslucima, nose kacige bez perjanice, kao oru\u017eje &#8211; koplja (bez sje\u010diva), a o pojasu ma\u010deve. Svaku od tih skupina predvode <em>vo\u0111e<\/em> odjevene u ljubi\u010daste haljine s kacigama ukra\u0161enim perjanicama, a od oru\u017eja nose ma\u010d ili buzdovan i \u0161tit u ruci. \u017dudije su tijekom Vazmenoga trodnevlja zna\u010dajan dio pu\u010dke pobo\u017enosti. Vrlo bitno je, ipak, re\u0107i da \u017eudije nisu \u201esmetnja\u201c ili \u201ekonkurencija\u201c liturgiji, nego je na neki na\u010din upotpunjuju. Liturgija ne smije trpjeti od \u017eudija, i ako se pravilno shvati njihova uloga, dobiva se potpuna slika obreda s pu\u010dkim obi\u010dajima u Vazmenom trodnevlju u \u017dupi sv. Ilije. Puk, obi\u010dno s razlogom, veli da potpuno shvatiti \u017eudije i njihovu ulogu u obredima mogu samo Metkovci ili oni koji ve\u0107 dugo \u017eive u Metkovi\u0107u.<\/p>\n<p><em>Prema diplomskom radu fra Domagoja Volarevi\u0107a.<\/em><\/p>\n<div class=\"youtube-embed\" data-video_id=\"_kex6kdKkPM\"><iframe title=\"Pad \u017eudija u Metkovi\u0107u (Uskrs 2015.)\" width=\"696\" height=\"392\" src=\"https:\/\/www.youtube.com\/embed\/_kex6kdKkPM?feature=oembed&#038;enablejsapi=1\" frameborder=\"0\" allow=\"accelerometer; autoplay; encrypted-media; gyroscope; picture-in-picture\" allowfullscreen><\/iframe><\/div>\n<div class=\"youtube-embed\" data-video_id=\"wQHqBjaiWfU\"><iframe title=\"Pad \u017eudija - \u017eupa svetog Ilije Metkovi\u0107 - Uskrs 2016.\" width=\"696\" height=\"392\" src=\"https:\/\/www.youtube.com\/embed\/wQHqBjaiWfU?feature=oembed&#038;enablejsapi=1\" frameborder=\"0\" allow=\"accelerometer; autoplay; encrypted-media; gyroscope; picture-in-picture\" allowfullscreen><\/iframe><\/div>\n<div class=\"youtube-embed\" data-video_id=\"UyqmqN0VGqg\"><iframe title=\"\u017dudije - \u017dupa svetog Ilije Proroka Metkovi\u0107 - padanje \u017eudija - Uskrs 2017.\" width=\"696\" height=\"392\" src=\"https:\/\/www.youtube.com\/embed\/UyqmqN0VGqg?feature=oembed&#038;enablejsapi=1\" frameborder=\"0\" allow=\"accelerometer; autoplay; encrypted-media; gyroscope; picture-in-picture\" allowfullscreen><\/iframe><\/div>\n<p>&nbsp;<\/p>\n<p>&nbsp;<\/p>\n","protected":false},"excerpt":{"rendered":"<p>Najpoznatiji i najpopularniji obi\u010daj vezan uz Veliki tjedan u Metkovi\u0107u su svakako \u017eudije. Taj obi\u010daj vezan je isklju\u010divo za Veliki tjedan, i to od Velikoga \u010detvrtka nave\u010der, do Uskrsnoga bdijenja. \u017dudije su obi\u010dno mladi ljudi, do 35 godina \u017eivota, koji moraju biti uzorni vjernici i gra\u0111ani. \u017dudije su u \u017eupi osnovane jo\u0161 daleke 1857. i [&hellip;]<\/p>\n","protected":false},"author":7,"featured_media":39858,"comment_status":"open","ping_status":"open","sticky":false,"template":"","format":"video","meta":{"footnotes":""},"categories":[296],"tags":[],"class_list":{"0":"post-39890","1":"post","2":"type-post","3":"status-publish","4":"format-video","5":"has-post-thumbnail","7":"category-ab","8":"post_format-post-format-video"},"yoast_head":"<!-- This site is optimized with the Yoast SEO plugin v25.2 - https:\/\/yoast.com\/wordpress\/plugins\/seo\/ -->\n<title>[NAJSTARIJE \u017dUDIJE U DALMACIJI] 160 godina \u017eudija \u017dupe svetog Ilije Proroka - likemetkovic.hr<\/title>\n<meta name=\"robots\" content=\"index, follow, max-snippet:-1, max-image-preview:large, max-video-preview:-1\" \/>\n<link rel=\"canonical\" href=\"https:\/\/likemetkovic.hr\/najstarije-zudije-dalmaciji-160-godina-zudija-zupe-svetog-ilije-proroka\/\" \/>\n<meta property=\"og:locale\" content=\"hr_HR\" \/>\n<meta property=\"og:type\" content=\"article\" \/>\n<meta property=\"og:title\" content=\"[NAJSTARIJE \u017dUDIJE U DALMACIJI] 160 godina \u017eudija \u017dupe svetog Ilije Proroka - likemetkovic.hr\" \/>\n<meta property=\"og:description\" content=\"Najpoznatiji i najpopularniji obi\u010daj vezan uz Veliki tjedan u Metkovi\u0107u su svakako \u017eudije. Taj obi\u010daj vezan je isklju\u010divo za Veliki tjedan, i to od Velikoga \u010detvrtka nave\u010der, do Uskrsnoga bdijenja. \u017dudije su obi\u010dno mladi ljudi, do 35 godina \u017eivota, koji moraju biti uzorni vjernici i gra\u0111ani. \u017dudije su u \u017eupi osnovane jo\u0161 daleke 1857. i [&hellip;]\" \/>\n<meta property=\"og:url\" content=\"https:\/\/likemetkovic.hr\/najstarije-zudije-dalmaciji-160-godina-zudija-zupe-svetog-ilije-proroka\/\" \/>\n<meta property=\"og:site_name\" content=\"likemetkovic.hr\" \/>\n<meta property=\"article:publisher\" content=\"https:\/\/www.facebook.com\/likemetkovic.hr\/\" \/>\n<meta property=\"article:published_time\" content=\"2017-04-16T08:35:41+00:00\" \/>\n<meta property=\"article:modified_time\" content=\"2017-04-16T08:38:13+00:00\" \/>\n<meta property=\"og:image\" content=\"https:\/\/likemetkovic.hr\/wp-content\/uploads\/2017\/04\/DSC_0090-1.jpg\" \/>\n\t<meta property=\"og:image:width\" content=\"1366\" \/>\n\t<meta property=\"og:image:height\" content=\"911\" \/>\n\t<meta property=\"og:image:type\" content=\"image\/jpeg\" \/>\n<meta name=\"author\" content=\"LIKEmetkovic.hr\" \/>\n<meta name=\"twitter:card\" content=\"summary_large_image\" \/>\n<meta name=\"twitter:label1\" content=\"Napisao\/la\" \/>\n\t<meta name=\"twitter:data1\" content=\"LIKEmetkovic.hr\" \/>\n\t<meta name=\"twitter:label2\" content=\"Procijenjeno vrijeme \u010ditanja\" \/>\n\t<meta name=\"twitter:data2\" content=\"2 minute\" \/>\n<script type=\"application\/ld+json\" class=\"yoast-schema-graph\">{\"@context\":\"https:\/\/schema.org\",\"@graph\":[{\"@type\":\"WebPage\",\"@id\":\"https:\/\/likemetkovic.hr\/najstarije-zudije-dalmaciji-160-godina-zudija-zupe-svetog-ilije-proroka\/\",\"url\":\"https:\/\/likemetkovic.hr\/najstarije-zudije-dalmaciji-160-godina-zudija-zupe-svetog-ilije-proroka\/\",\"name\":\"[NAJSTARIJE \u017dUDIJE U DALMACIJI] 160 godina \u017eudija \u017dupe svetog Ilije Proroka - likemetkovic.hr\",\"isPartOf\":{\"@id\":\"https:\/\/likemetkovic.hr\/#website\"},\"primaryImageOfPage\":{\"@id\":\"https:\/\/likemetkovic.hr\/najstarije-zudije-dalmaciji-160-godina-zudija-zupe-svetog-ilije-proroka\/#primaryimage\"},\"image\":{\"@id\":\"https:\/\/likemetkovic.hr\/najstarije-zudije-dalmaciji-160-godina-zudija-zupe-svetog-ilije-proroka\/#primaryimage\"},\"thumbnailUrl\":\"https:\/\/likemetkovic.hr\/portal\/wp-content\/uploads\/2017\/04\/DSC_0090-1.jpg\",\"datePublished\":\"2017-04-16T08:35:41+00:00\",\"dateModified\":\"2017-04-16T08:38:13+00:00\",\"author\":{\"@id\":\"https:\/\/likemetkovic.hr\/#\/schema\/person\/a42711f3385a0e2be6f7e0443bfb28f0\"},\"breadcrumb\":{\"@id\":\"https:\/\/likemetkovic.hr\/najstarije-zudije-dalmaciji-160-godina-zudija-zupe-svetog-ilije-proroka\/#breadcrumb\"},\"inLanguage\":\"hr\",\"potentialAction\":[{\"@type\":\"ReadAction\",\"target\":[\"https:\/\/likemetkovic.hr\/najstarije-zudije-dalmaciji-160-godina-zudija-zupe-svetog-ilije-proroka\/\"]}]},{\"@type\":\"ImageObject\",\"inLanguage\":\"hr\",\"@id\":\"https:\/\/likemetkovic.hr\/najstarije-zudije-dalmaciji-160-godina-zudija-zupe-svetog-ilije-proroka\/#primaryimage\",\"url\":\"https:\/\/likemetkovic.hr\/portal\/wp-content\/uploads\/2017\/04\/DSC_0090-1.jpg\",\"contentUrl\":\"https:\/\/likemetkovic.hr\/portal\/wp-content\/uploads\/2017\/04\/DSC_0090-1.jpg\",\"width\":1366,\"height\":911},{\"@type\":\"BreadcrumbList\",\"@id\":\"https:\/\/likemetkovic.hr\/najstarije-zudije-dalmaciji-160-godina-zudija-zupe-svetog-ilije-proroka\/#breadcrumb\",\"itemListElement\":[{\"@type\":\"ListItem\",\"position\":1,\"name\":\"Po\u010detna stranica\",\"item\":\"https:\/\/likemetkovic.hr\/portal\/\"},{\"@type\":\"ListItem\",\"position\":2,\"name\":\"[NAJSTARIJE \u017dUDIJE U DALMACIJI] 160 godina \u017eudija \u017dupe svetog Ilije Proroka\"}]},{\"@type\":\"WebSite\",\"@id\":\"https:\/\/likemetkovic.hr\/#website\",\"url\":\"https:\/\/likemetkovic.hr\/\",\"name\":\"likemetkovic.hr\",\"description\":\"Misli pozitivno... \u010ditaj LIKE\",\"potentialAction\":[{\"@type\":\"SearchAction\",\"target\":{\"@type\":\"EntryPoint\",\"urlTemplate\":\"https:\/\/likemetkovic.hr\/?s={search_term_string}\"},\"query-input\":{\"@type\":\"PropertyValueSpecification\",\"valueRequired\":true,\"valueName\":\"search_term_string\"}}],\"inLanguage\":\"hr\"},{\"@type\":\"Person\",\"@id\":\"https:\/\/likemetkovic.hr\/#\/schema\/person\/a42711f3385a0e2be6f7e0443bfb28f0\",\"name\":\"LIKEmetkovic.hr\",\"sameAs\":[\"http:\/\/likemetkovic.hr\"],\"url\":\"https:\/\/likemetkovic.hr\/portal\/author\/likemetkovic-hr\/\"}]}<\/script>\n<!-- \/ Yoast SEO plugin. -->","yoast_head_json":{"title":"[NAJSTARIJE \u017dUDIJE U DALMACIJI] 160 godina \u017eudija \u017dupe svetog Ilije Proroka - likemetkovic.hr","robots":{"index":"index","follow":"follow","max-snippet":"max-snippet:-1","max-image-preview":"max-image-preview:large","max-video-preview":"max-video-preview:-1"},"canonical":"https:\/\/likemetkovic.hr\/najstarije-zudije-dalmaciji-160-godina-zudija-zupe-svetog-ilije-proroka\/","og_locale":"hr_HR","og_type":"article","og_title":"[NAJSTARIJE \u017dUDIJE U DALMACIJI] 160 godina \u017eudija \u017dupe svetog Ilije Proroka - likemetkovic.hr","og_description":"Najpoznatiji i najpopularniji obi\u010daj vezan uz Veliki tjedan u Metkovi\u0107u su svakako \u017eudije. Taj obi\u010daj vezan je isklju\u010divo za Veliki tjedan, i to od Velikoga \u010detvrtka nave\u010der, do Uskrsnoga bdijenja. \u017dudije su obi\u010dno mladi ljudi, do 35 godina \u017eivota, koji moraju biti uzorni vjernici i gra\u0111ani. \u017dudije su u \u017eupi osnovane jo\u0161 daleke 1857. i [&hellip;]","og_url":"https:\/\/likemetkovic.hr\/najstarije-zudije-dalmaciji-160-godina-zudija-zupe-svetog-ilije-proroka\/","og_site_name":"likemetkovic.hr","article_publisher":"https:\/\/www.facebook.com\/likemetkovic.hr\/","article_published_time":"2017-04-16T08:35:41+00:00","article_modified_time":"2017-04-16T08:38:13+00:00","og_image":[{"width":1366,"height":911,"url":"https:\/\/likemetkovic.hr\/wp-content\/uploads\/2017\/04\/DSC_0090-1.jpg","type":"image\/jpeg"}],"author":"LIKEmetkovic.hr","twitter_card":"summary_large_image","twitter_misc":{"Napisao\/la":"LIKEmetkovic.hr","Procijenjeno vrijeme \u010ditanja":"2 minute"},"schema":{"@context":"https:\/\/schema.org","@graph":[{"@type":"WebPage","@id":"https:\/\/likemetkovic.hr\/najstarije-zudije-dalmaciji-160-godina-zudija-zupe-svetog-ilije-proroka\/","url":"https:\/\/likemetkovic.hr\/najstarije-zudije-dalmaciji-160-godina-zudija-zupe-svetog-ilije-proroka\/","name":"[NAJSTARIJE \u017dUDIJE U DALMACIJI] 160 godina \u017eudija \u017dupe svetog Ilije Proroka - likemetkovic.hr","isPartOf":{"@id":"https:\/\/likemetkovic.hr\/#website"},"primaryImageOfPage":{"@id":"https:\/\/likemetkovic.hr\/najstarije-zudije-dalmaciji-160-godina-zudija-zupe-svetog-ilije-proroka\/#primaryimage"},"image":{"@id":"https:\/\/likemetkovic.hr\/najstarije-zudije-dalmaciji-160-godina-zudija-zupe-svetog-ilije-proroka\/#primaryimage"},"thumbnailUrl":"https:\/\/likemetkovic.hr\/portal\/wp-content\/uploads\/2017\/04\/DSC_0090-1.jpg","datePublished":"2017-04-16T08:35:41+00:00","dateModified":"2017-04-16T08:38:13+00:00","author":{"@id":"https:\/\/likemetkovic.hr\/#\/schema\/person\/a42711f3385a0e2be6f7e0443bfb28f0"},"breadcrumb":{"@id":"https:\/\/likemetkovic.hr\/najstarije-zudije-dalmaciji-160-godina-zudija-zupe-svetog-ilije-proroka\/#breadcrumb"},"inLanguage":"hr","potentialAction":[{"@type":"ReadAction","target":["https:\/\/likemetkovic.hr\/najstarije-zudije-dalmaciji-160-godina-zudija-zupe-svetog-ilije-proroka\/"]}]},{"@type":"ImageObject","inLanguage":"hr","@id":"https:\/\/likemetkovic.hr\/najstarije-zudije-dalmaciji-160-godina-zudija-zupe-svetog-ilije-proroka\/#primaryimage","url":"https:\/\/likemetkovic.hr\/portal\/wp-content\/uploads\/2017\/04\/DSC_0090-1.jpg","contentUrl":"https:\/\/likemetkovic.hr\/portal\/wp-content\/uploads\/2017\/04\/DSC_0090-1.jpg","width":1366,"height":911},{"@type":"BreadcrumbList","@id":"https:\/\/likemetkovic.hr\/najstarije-zudije-dalmaciji-160-godina-zudija-zupe-svetog-ilije-proroka\/#breadcrumb","itemListElement":[{"@type":"ListItem","position":1,"name":"Po\u010detna stranica","item":"https:\/\/likemetkovic.hr\/portal\/"},{"@type":"ListItem","position":2,"name":"[NAJSTARIJE \u017dUDIJE U DALMACIJI] 160 godina \u017eudija \u017dupe svetog Ilije Proroka"}]},{"@type":"WebSite","@id":"https:\/\/likemetkovic.hr\/#website","url":"https:\/\/likemetkovic.hr\/","name":"likemetkovic.hr","description":"Misli pozitivno... \u010ditaj LIKE","potentialAction":[{"@type":"SearchAction","target":{"@type":"EntryPoint","urlTemplate":"https:\/\/likemetkovic.hr\/?s={search_term_string}"},"query-input":{"@type":"PropertyValueSpecification","valueRequired":true,"valueName":"search_term_string"}}],"inLanguage":"hr"},{"@type":"Person","@id":"https:\/\/likemetkovic.hr\/#\/schema\/person\/a42711f3385a0e2be6f7e0443bfb28f0","name":"LIKEmetkovic.hr","sameAs":["http:\/\/likemetkovic.hr"],"url":"https:\/\/likemetkovic.hr\/portal\/author\/likemetkovic-hr\/"}]}},"_links":{"self":[{"href":"https:\/\/likemetkovic.hr\/portal\/wp-json\/wp\/v2\/posts\/39890","targetHints":{"allow":["GET"]}}],"collection":[{"href":"https:\/\/likemetkovic.hr\/portal\/wp-json\/wp\/v2\/posts"}],"about":[{"href":"https:\/\/likemetkovic.hr\/portal\/wp-json\/wp\/v2\/types\/post"}],"author":[{"embeddable":true,"href":"https:\/\/likemetkovic.hr\/portal\/wp-json\/wp\/v2\/users\/7"}],"replies":[{"embeddable":true,"href":"https:\/\/likemetkovic.hr\/portal\/wp-json\/wp\/v2\/comments?post=39890"}],"version-history":[{"count":0,"href":"https:\/\/likemetkovic.hr\/portal\/wp-json\/wp\/v2\/posts\/39890\/revisions"}],"wp:featuredmedia":[{"embeddable":true,"href":"https:\/\/likemetkovic.hr\/portal\/wp-json\/wp\/v2\/media\/39858"}],"wp:attachment":[{"href":"https:\/\/likemetkovic.hr\/portal\/wp-json\/wp\/v2\/media?parent=39890"}],"wp:term":[{"taxonomy":"category","embeddable":true,"href":"https:\/\/likemetkovic.hr\/portal\/wp-json\/wp\/v2\/categories?post=39890"},{"taxonomy":"post_tag","embeddable":true,"href":"https:\/\/likemetkovic.hr\/portal\/wp-json\/wp\/v2\/tags?post=39890"}],"curies":[{"name":"wp","href":"https:\/\/api.w.org\/{rel}","templated":true}]}}