{"id":39932,"date":"2017-04-17T16:18:39","date_gmt":"2017-04-17T14:18:39","guid":{"rendered":"http:\/\/likemetkovic.hr\/?p=39932"},"modified":"2018-06-06T20:11:05","modified_gmt":"2018-06-06T18:11:05","slug":"foto-komin-ugostio-xvii-festival-vodickih-zudija","status":"publish","type":"post","link":"https:\/\/likemetkovic.hr\/portal\/foto-komin-ugostio-xvii-festival-vodickih-zudija\/","title":{"rendered":"[FOTO] Komin ugostio XVII. Festival vodi\u010dkih \u017eudija"},"content":{"rendered":"<p>Komin je ove godine ugostio sedamnaesti po redu Festival vodi\u010dkih \u017eudija, koji se tradicionalno odr\u017eava na Uskrsni ponedjeljak. Trideset i osam skupina koje njeguju tradiciju \u010duvanja Kristova groba u Svetom trodnevlju predstavilo je svoje obi\u010daje, koje njeguju i \u010duvaju generacijama. Svakako je najzanimljivije \u201epadanje\u201c \u017eudija, \u0161to je i zavr\u0161ni dio folklorne liturgije na Veliku subotu, kada na zvuke sve\u010dane &#8220;Glorije &#8211; Slava Bogu na visini&#8221; \u017eudije popadaju ispred groba i trkom pobjegnu iz crkve.<\/p>\n<p>Padanje \u017eudija u Kominu pratili su brojni znati\u017eeljni Neretvani, me\u0111u njima i \u017eupan dubrova\u010dko-neretvanski Nikola Dobroslavi\u0107 i gradona\u010delnik Kre\u0161imir Veji\u0107, saborski zastupnik Nikola Grmoja, dr\u017eavna tajnica Marija Vu\u010dkovi\u0107. Na kraju je sve ovjekovje\u010deno milenijskom fotografijom \u0160ime Strikomana ispred crkve svetog Ante.<\/p>\n<p>Prvih \u0161est smotri odr\u017eano je u Vodicama, a 2006. godine organizatori su dogovorili da se festival svake godine odr\u017eava u drugoj \u017eupi kako bi svi imali priliku upoznati se s obi\u010dajima drugih, s time da se svake \u0161este godine odr\u017eava u Vodicama, gdje je sve i zapo\u010delo &#8211; pojasnio nam je \u0160ime Strikoman.<\/p>\n<p>Cilj festivala \u017eudija je o\u010duvanje obi\u010daja \u010duvara Kristova groba, \u010dime se pridonosi o\u010duvanju vjere, tradicije, ali i kulturnoj i turisti\u010dkoj promid\u017ebi Dalmacije, Hrvatske, pa i \u0161ire.<\/p>\n<p>Ovogodi\u0161nji sedamnaesti po redu Festival \u017eudija odr\u017eao se pod geslom \u201eLjubite jedni druge\u201c. Organizatori festivala su Vodi\u010dki \u017eudije i \u017dupa svetog Ante &#8211; Komin, a pokrovitelji Dubrova\u010dko-neretvanska \u017eupanija i Grad Plo\u010de.<\/p>\n<p>&#8211; Ove godine nastupile su i dvije nove \u017eudijske skupine iz Trpnja na Pelje\u0161cu i s otoka Sestrunja &#8211; kazao je Strikoman, koji je u Kominu snimio 553. milenijsku fotografiju.<\/p>\n<p>Gotovo tisu\u0107u \u017eudija u odorama sa \u0161titovima i ma\u010devima postrojilo se tako u Kominu uz obalu rijeke Neretve.<\/p>\n<p>Me\u0111u njima su i \u017eudije iz \u017eupe Imena Isusova s Miljevaca. Oni osam godina njeguju obi\u010daje u Svetom trodnevlju. Postrojavaju se na Veliki \u010detvrtak i padaju na Veliku subotu &#8211; kazao nam je Kre\u0161imir Samac. Mi imamo relativno mladu tradiciju \u010duvara Kristova groba i \u017eelja nam je da nas bude jo\u0161 i vi\u0161e. Sada imamo dvanaest utreniranih momaka &#8211; rekao nam je Ivan Gali\u0107.<\/p>\n<p>Festival \u017dudija dogodine napu\u0161ta Dalmaciju i seli se u Mariju Bistricu, gdje udruga kubura\u0161a njeguje tradiciju \u010duvara Kristova groba.<\/p>\n<p>&#8211; Mi smo kubura\u0161i i \u010duvari Kristova groba iz hrvatskog nacionalnog sveti\u0161ta Majke Bo\u017eje Bistri\u010dke. Ovo nam je deveto sudjelovanje na Festivalu vodi\u010dkih \u017eudija i ponosni smo \u0161to \u0107emo dogodine biti doma\u0107ini &#8211; rekao je \u017deljko Mili\u010dki, predsjednik Udruge kubura\u0161a iz Marije Bistrice.<\/p>\n<p>Gotovo tisu\u0107u sudionika ove iznimno atraktivne manifestacije jo\u0161 je jednom na Uskrsni ponedjeljak podsjetilo na bogato naslije\u0111e i obi\u010daje folklorne liturgije u Dalmaciji. Tako je u Kominu iznova o\u017eivjela srednjovjekovna \u201ecrkvena igra\u201c, paraliturgijsko uprizorenje Kristove muke, smrti i uskrsnu\u0107a koja se u na\u0161im krajevima upravo kroz ulogu \u017eudija u preduskrsno vrijeme zadr\u017eala do dana\u0161njih dana.<\/p>\n<p>Na 17. festivalu \u017eudija u Kominu sudjelovale su skupine iz: <strong>Vodica, Metkovi\u0107a, Tisna, Prvi\u0107 \u0160epurina, Vrlike, Sumartina, Vida, Oklaja-Promine, Rogotina, Opuzena, Vare\u0161a, Slivna-Ravna-Vlake, Vidonja, Brela, Imotskoga, Bagalovi\u0107a, Knina, Komina, Marije Bistrice, Lobora, Ba\u0161ke Vode, Betine, Katuna Kre\u0161eva, Vrgorca, Selca, Sitna Gornjeg, Jezera, Miljevaca, MIrlovi\u0107 Zagore, Tribunja, Raduna-Ka\u0161tel Staroga, O\u0161tarija, Prolo\u0161ca, Solina, Vinjana Donjih, Trpnja i Sestrunja.<br \/>\n<\/strong><\/p>\n<p class=\"article__byline-author article__byline-author--text\"><strong>Pi\u0161e:<\/strong> Stanislav Soldo<br \/>\n<strong>Foto:<\/strong>\u00a0Denis Jerkovi\u0107 \/ HANZA MEDIA, rogotin.hr<\/p>\n\r\n                <style type=\"text\/css\">\r\n                    \r\n                    #tdi_1  .td-doubleSlider-2 .td-item1 {\r\n                        background: url(https:\/\/likemetkovic.hr\/portal\/wp-content\/uploads\/2017\/04\/8633872-80x60.jpg) 0 0 no-repeat;\r\n                    }\r\n                    #tdi_1  .td-doubleSlider-2 .td-item2 {\r\n                        background: url(https:\/\/likemetkovic.hr\/portal\/wp-content\/uploads\/2017\/04\/8633873-80x60.jpg) 0 0 no-repeat;\r\n                    }\r\n                    #tdi_1  .td-doubleSlider-2 .td-item3 {\r\n                        background: url(https:\/\/likemetkovic.hr\/portal\/wp-content\/uploads\/2017\/04\/Komin_7-80x60.jpg) 0 0 no-repeat;\r\n                    }\r\n                    #tdi_1  .td-doubleSlider-2 .td-item4 {\r\n                        background: url(https:\/\/likemetkovic.hr\/portal\/wp-content\/uploads\/2017\/04\/Komin_14-80x60.jpg) 0 0 no-repeat;\r\n                    }\r\n                    #tdi_1  .td-doubleSlider-2 .td-item5 {\r\n                        background: url(https:\/\/likemetkovic.hr\/portal\/wp-content\/uploads\/2017\/04\/Komin_44-80x60.jpg) 0 0 no-repeat;\r\n                    }\r\n                    #tdi_1  .td-doubleSlider-2 .td-item6 {\r\n                        background: url(https:\/\/likemetkovic.hr\/portal\/wp-content\/uploads\/2017\/04\/Komin_54-80x60.jpg) 0 0 no-repeat;\r\n                    }\r\n                <\/style>\r\n\r\n                <div id=\"tdi_1\" class=\"td-gallery td-slide-on-2-columns\">\r\n                    <div class=\"post_td_gallery\">\r\n                        <div class=\"td-gallery-slide-top\">\r\n                           <div class=\"td-gallery-title\"><\/div>\r\n\r\n                            <div class=\"td-gallery-controls-wrapper\">\r\n                                <div class=\"td-gallery-slide-count\"><span class=\"td-gallery-slide-item-focus\">1<\/span> of 6<\/div>\r\n                                <div class=\"td-gallery-slide-prev-next-but\">\r\n                                    <i class = \"td-icon-left doubleSliderPrevButton\"><\/i>\r\n                                    <i class = \"td-icon-right doubleSliderNextButton\"><\/i>\r\n                                <\/div>\r\n                            <\/div>\r\n                        <\/div>\r\n\r\n                        <div class = \"td-doubleSlider-1 \">\r\n                            <div class = \"td-slider\">\r\n                                \r\n                    <div class = \"td-slide-item td-item1\">\r\n                        <figure class=\"td-slide-galery-figure td-slide-popup-gallery\">\r\n                            <a class=\"slide-gallery-image-link\" href=\"https:\/\/likemetkovic.hr\/portal\/wp-content\/uploads\/2017\/04\/8633872.jpg\" title=\"simun \u017eudije\"  data-caption=\"Foto: Denis Jerkovi\u0107 - HANZA MEDIA\"  data-description=\"\">\r\n                                <img decoding=\"async\" src=\"https:\/\/likemetkovic.hr\/portal\/wp-content\/uploads\/2017\/04\/8633872-594x420.jpg\" srcset=\"https:\/\/likemetkovic.hr\/portal\/wp-content\/uploads\/2017\/04\/8633872-594x420.jpg 594w, https:\/\/likemetkovic.hr\/portal\/wp-content\/uploads\/2017\/04\/8633872-800x565.jpg 800w, https:\/\/likemetkovic.hr\/portal\/wp-content\/uploads\/2017\/04\/8633872-768x543.jpg 768w, https:\/\/likemetkovic.hr\/portal\/wp-content\/uploads\/2017\/04\/8633872.jpg 1200w, https:\/\/likemetkovic.hr\/portal\/wp-content\/uploads\/2017\/04\/8633872-100x70.jpg 100w, https:\/\/likemetkovic.hr\/portal\/wp-content\/uploads\/2017\/04\/8633872-696x492.jpg 696w, https:\/\/likemetkovic.hr\/portal\/wp-content\/uploads\/2017\/04\/8633872-1068x755.jpg 1068w\" sizes=\"(max-width: 594px) 100vw, 594px\" alt=\"\">\r\n                            <\/a>\r\n                            <figcaption class = \"td-slide-caption td-gallery-slide-content\"><div class = \"td-gallery-slide-copywrite\">Foto: Denis Jerkovi\u0107 - HANZA MEDIA<\/div><\/figcaption>\r\n                        <\/figure>\r\n                    <\/div>\r\n                    <div class = \"td-slide-item td-item2\">\r\n                        <figure class=\"td-slide-galery-figure td-slide-popup-gallery\">\r\n                            <a class=\"slide-gallery-image-link\" href=\"https:\/\/likemetkovic.hr\/portal\/wp-content\/uploads\/2017\/04\/8633873.jpg\" title=\"8633873\"  data-caption=\"Foto: Denis Jerkovi\u0107 - HANZA MEDIA\"  data-description=\"\">\r\n                                <img decoding=\"async\" src=\"https:\/\/likemetkovic.hr\/portal\/wp-content\/uploads\/2017\/04\/8633873-280x420.jpg\" srcset=\"https:\/\/likemetkovic.hr\/portal\/wp-content\/uploads\/2017\/04\/8633873-280x420.jpg 280w, https:\/\/likemetkovic.hr\/portal\/wp-content\/uploads\/2017\/04\/8633873-533x800.jpg 533w, https:\/\/likemetkovic.hr\/portal\/wp-content\/uploads\/2017\/04\/8633873-768x1152.jpg 768w, https:\/\/likemetkovic.hr\/portal\/wp-content\/uploads\/2017\/04\/8633873-800x1200.jpg 800w, https:\/\/likemetkovic.hr\/portal\/wp-content\/uploads\/2017\/04\/8633873-696x1044.jpg 696w, https:\/\/likemetkovic.hr\/portal\/wp-content\/uploads\/2017\/04\/8633873-1068x1602.jpg 1068w, https:\/\/likemetkovic.hr\/portal\/wp-content\/uploads\/2017\/04\/8633873.jpg 1200w\" sizes=\"(max-width: 280px) 100vw, 280px\" alt=\"\">\r\n                            <\/a>\r\n                            <figcaption class = \"td-slide-caption td-gallery-slide-content\"><div class = \"td-gallery-slide-copywrite\">Foto: Denis Jerkovi\u0107 - HANZA MEDIA<\/div><\/figcaption>\r\n                        <\/figure>\r\n                    <\/div>\r\n                    <div class = \"td-slide-item td-item3\">\r\n                        <figure class=\"td-slide-galery-figure td-slide-popup-gallery\">\r\n                            <a class=\"slide-gallery-image-link\" href=\"https:\/\/likemetkovic.hr\/portal\/wp-content\/uploads\/2017\/04\/Komin_7.jpg\" title=\"Komin_(7)\"  data-caption=\"Foto: rogotin.hr\"  data-description=\"\">\r\n                                <img decoding=\"async\" src=\"https:\/\/likemetkovic.hr\/portal\/wp-content\/uploads\/2017\/04\/Komin_7-631x420.jpg\" srcset=\"https:\/\/likemetkovic.hr\/portal\/wp-content\/uploads\/2017\/04\/Komin_7-631x420.jpg 631w, https:\/\/likemetkovic.hr\/portal\/wp-content\/uploads\/2017\/04\/Komin_7-800x533.jpg 800w, https:\/\/likemetkovic.hr\/portal\/wp-content\/uploads\/2017\/04\/Komin_7-768x511.jpg 768w, https:\/\/likemetkovic.hr\/portal\/wp-content\/uploads\/2017\/04\/Komin_7-696x464.jpg 696w, https:\/\/likemetkovic.hr\/portal\/wp-content\/uploads\/2017\/04\/Komin_7.jpg 1000w\" sizes=\"(max-width: 631px) 100vw, 631px\" alt=\"\">\r\n                            <\/a>\r\n                            <figcaption class = \"td-slide-caption td-gallery-slide-content\"><div class = \"td-gallery-slide-copywrite\">Foto: rogotin.hr<\/div><\/figcaption>\r\n                        <\/figure>\r\n                    <\/div>\r\n                    <div class = \"td-slide-item td-item4\">\r\n                        <figure class=\"td-slide-galery-figure td-slide-popup-gallery\">\r\n                            <a class=\"slide-gallery-image-link\" href=\"https:\/\/likemetkovic.hr\/portal\/wp-content\/uploads\/2017\/04\/Komin_14.jpg\" title=\"Komin_(14)\"  data-caption=\"Foto: rogotin.hr\"  data-description=\"\">\r\n                                <img decoding=\"async\" src=\"https:\/\/likemetkovic.hr\/portal\/wp-content\/uploads\/2017\/04\/Komin_14-631x420.jpg\" srcset=\"https:\/\/likemetkovic.hr\/portal\/wp-content\/uploads\/2017\/04\/Komin_14-631x420.jpg 631w, https:\/\/likemetkovic.hr\/portal\/wp-content\/uploads\/2017\/04\/Komin_14-800x533.jpg 800w, https:\/\/likemetkovic.hr\/portal\/wp-content\/uploads\/2017\/04\/Komin_14-768x511.jpg 768w, https:\/\/likemetkovic.hr\/portal\/wp-content\/uploads\/2017\/04\/Komin_14-696x464.jpg 696w, https:\/\/likemetkovic.hr\/portal\/wp-content\/uploads\/2017\/04\/Komin_14.jpg 1000w\" sizes=\"(max-width: 631px) 100vw, 631px\" alt=\"\">\r\n                            <\/a>\r\n                            <figcaption class = \"td-slide-caption td-gallery-slide-content\"><div class = \"td-gallery-slide-copywrite\">Foto: rogotin.hr<\/div><\/figcaption>\r\n                        <\/figure>\r\n                    <\/div>\r\n                    <div class = \"td-slide-item td-item5\">\r\n                        <figure class=\"td-slide-galery-figure td-slide-popup-gallery\">\r\n                            <a class=\"slide-gallery-image-link\" href=\"https:\/\/likemetkovic.hr\/portal\/wp-content\/uploads\/2017\/04\/Komin_44.jpg\" title=\"Komin_(44)\"  data-caption=\"Foto: rogotin.hr\"  data-description=\"\">\r\n                                <img decoding=\"async\" src=\"https:\/\/likemetkovic.hr\/portal\/wp-content\/uploads\/2017\/04\/Komin_44-631x420.jpg\" srcset=\"https:\/\/likemetkovic.hr\/portal\/wp-content\/uploads\/2017\/04\/Komin_44-631x420.jpg 631w, https:\/\/likemetkovic.hr\/portal\/wp-content\/uploads\/2017\/04\/Komin_44-800x533.jpg 800w, https:\/\/likemetkovic.hr\/portal\/wp-content\/uploads\/2017\/04\/Komin_44-768x511.jpg 768w, https:\/\/likemetkovic.hr\/portal\/wp-content\/uploads\/2017\/04\/Komin_44-696x464.jpg 696w, https:\/\/likemetkovic.hr\/portal\/wp-content\/uploads\/2017\/04\/Komin_44.jpg 1000w\" sizes=\"(max-width: 631px) 100vw, 631px\" alt=\"\">\r\n                            <\/a>\r\n                            <figcaption class = \"td-slide-caption td-gallery-slide-content\"><div class = \"td-gallery-slide-copywrite\">Foto: rogotin.hr<\/div><\/figcaption>\r\n                        <\/figure>\r\n                    <\/div>\r\n                    <div class = \"td-slide-item td-item6\">\r\n                        <figure class=\"td-slide-galery-figure td-slide-popup-gallery\">\r\n                            <a class=\"slide-gallery-image-link\" href=\"https:\/\/likemetkovic.hr\/portal\/wp-content\/uploads\/2017\/04\/Komin_54.jpg\" title=\"Komin_(54)\"  data-caption=\"Foto: rogotin.hr\"  data-description=\"\">\r\n                                <img decoding=\"async\" src=\"https:\/\/likemetkovic.hr\/portal\/wp-content\/uploads\/2017\/04\/Komin_54-631x420.jpg\" srcset=\"https:\/\/likemetkovic.hr\/portal\/wp-content\/uploads\/2017\/04\/Komin_54-631x420.jpg 631w, https:\/\/likemetkovic.hr\/portal\/wp-content\/uploads\/2017\/04\/Komin_54-800x533.jpg 800w, https:\/\/likemetkovic.hr\/portal\/wp-content\/uploads\/2017\/04\/Komin_54-768x511.jpg 768w, https:\/\/likemetkovic.hr\/portal\/wp-content\/uploads\/2017\/04\/Komin_54-696x464.jpg 696w, https:\/\/likemetkovic.hr\/portal\/wp-content\/uploads\/2017\/04\/Komin_54.jpg 1000w\" sizes=\"(max-width: 631px) 100vw, 631px\" alt=\"\">\r\n                            <\/a>\r\n                            <figcaption class = \"td-slide-caption td-gallery-slide-content\"><div class = \"td-gallery-slide-copywrite\">Foto: rogotin.hr<\/div><\/figcaption>\r\n                        <\/figure>\r\n                    <\/div>\r\n                            <\/div>\r\n                        <\/div>\r\n\r\n                        <div class = \"td-doubleSlider-2\">\r\n                            <div class = \"td-slider\">\r\n                                \r\n                    <div class = \"td-button td-item1\">\r\n                        <div class = \"td-border\"><\/div>\r\n                    <\/div>\r\n                    <div class = \"td-button td-item2\">\r\n                        <div class = \"td-border\"><\/div>\r\n                    <\/div>\r\n                    <div class = \"td-button td-item3\">\r\n                        <div class = \"td-border\"><\/div>\r\n                    <\/div>\r\n                    <div class = \"td-button td-item4\">\r\n                        <div class = \"td-border\"><\/div>\r\n                    <\/div>\r\n                    <div class = \"td-button td-item5\">\r\n                        <div class = \"td-border\"><\/div>\r\n                    <\/div>\r\n                    <div class = \"td-button td-item6\">\r\n                        <div class = \"td-border\"><\/div>\r\n                    <\/div>\r\n                            <\/div>\r\n                        <\/div>\r\n\r\n                    <\/div>\r\n\r\n                <\/div>\r\n                \n<p><strong>\u00a0<\/strong><\/p>\n","protected":false},"excerpt":{"rendered":"<p>Komin je ove godine ugostio sedamnaesti po redu Festival vodi\u010dkih \u017eudija, koji se tradicionalno odr\u017eava na Uskrsni ponedjeljak. Trideset i osam skupina koje njeguju tradiciju \u010duvanja Kristova groba u Svetom trodnevlju predstavilo je svoje obi\u010daje, koje njeguju i \u010duvaju generacijama. Svakako je najzanimljivije \u201epadanje\u201c \u017eudija, \u0161to je i zavr\u0161ni dio folklorne liturgije na Veliku subotu, [&hellip;]<\/p>\n","protected":false},"author":7,"featured_media":0,"comment_status":"open","ping_status":"open","sticky":false,"template":"","format":"standard","meta":{"footnotes":""},"categories":[283,71],"tags":[],"class_list":{"0":"post-39932","1":"post","2":"type-post","3":"status-publish","4":"format-standard","6":"category-a","7":"category-svega-po-malo"},"yoast_head":"<!-- This site is optimized with the Yoast SEO plugin v25.2 - https:\/\/yoast.com\/wordpress\/plugins\/seo\/ -->\n<title>[FOTO] Komin ugostio XVII. Festival vodi\u010dkih \u017eudija - likemetkovic.hr<\/title>\n<meta name=\"robots\" content=\"index, follow, max-snippet:-1, max-image-preview:large, max-video-preview:-1\" \/>\n<link rel=\"canonical\" href=\"https:\/\/likemetkovic.hr\/foto-komin-ugostio-xvii-festival-vodickih-zudija\/\" \/>\n<meta property=\"og:locale\" content=\"hr_HR\" \/>\n<meta property=\"og:type\" content=\"article\" \/>\n<meta property=\"og:title\" content=\"[FOTO] Komin ugostio XVII. Festival vodi\u010dkih \u017eudija - likemetkovic.hr\" \/>\n<meta property=\"og:description\" content=\"Komin je ove godine ugostio sedamnaesti po redu Festival vodi\u010dkih \u017eudija, koji se tradicionalno odr\u017eava na Uskrsni ponedjeljak. Trideset i osam skupina koje njeguju tradiciju \u010duvanja Kristova groba u Svetom trodnevlju predstavilo je svoje obi\u010daje, koje njeguju i \u010duvaju generacijama. Svakako je najzanimljivije \u201epadanje\u201c \u017eudija, \u0161to je i zavr\u0161ni dio folklorne liturgije na Veliku subotu, [&hellip;]\" \/>\n<meta property=\"og:url\" content=\"https:\/\/likemetkovic.hr\/foto-komin-ugostio-xvii-festival-vodickih-zudija\/\" \/>\n<meta property=\"og:site_name\" content=\"likemetkovic.hr\" \/>\n<meta property=\"article:publisher\" content=\"https:\/\/www.facebook.com\/likemetkovic.hr\/\" \/>\n<meta property=\"article:published_time\" content=\"2017-04-17T14:18:39+00:00\" \/>\n<meta property=\"article:modified_time\" content=\"2018-06-06T18:11:05+00:00\" \/>\n<meta property=\"og:image\" content=\"https:\/\/likemetkovic.hr\/wp-content\/uploads\/2017\/04\/8633872-594x420.jpg\" \/>\n<meta name=\"author\" content=\"LIKEmetkovic.hr\" \/>\n<meta name=\"twitter:card\" content=\"summary_large_image\" \/>\n<meta name=\"twitter:label1\" content=\"Napisao\/la\" \/>\n\t<meta name=\"twitter:data1\" content=\"LIKEmetkovic.hr\" \/>\n\t<meta name=\"twitter:label2\" content=\"Procijenjeno vrijeme \u010ditanja\" \/>\n\t<meta name=\"twitter:data2\" content=\"3 minute\" \/>\n<script type=\"application\/ld+json\" class=\"yoast-schema-graph\">{\"@context\":\"https:\/\/schema.org\",\"@graph\":[{\"@type\":\"WebPage\",\"@id\":\"https:\/\/likemetkovic.hr\/foto-komin-ugostio-xvii-festival-vodickih-zudija\/\",\"url\":\"https:\/\/likemetkovic.hr\/foto-komin-ugostio-xvii-festival-vodickih-zudija\/\",\"name\":\"[FOTO] Komin ugostio XVII. Festival vodi\u010dkih \u017eudija - likemetkovic.hr\",\"isPartOf\":{\"@id\":\"https:\/\/likemetkovic.hr\/#website\"},\"datePublished\":\"2017-04-17T14:18:39+00:00\",\"dateModified\":\"2018-06-06T18:11:05+00:00\",\"author\":{\"@id\":\"https:\/\/likemetkovic.hr\/#\/schema\/person\/a42711f3385a0e2be6f7e0443bfb28f0\"},\"breadcrumb\":{\"@id\":\"https:\/\/likemetkovic.hr\/foto-komin-ugostio-xvii-festival-vodickih-zudija\/#breadcrumb\"},\"inLanguage\":\"hr\",\"potentialAction\":[{\"@type\":\"ReadAction\",\"target\":[\"https:\/\/likemetkovic.hr\/foto-komin-ugostio-xvii-festival-vodickih-zudija\/\"]}]},{\"@type\":\"BreadcrumbList\",\"@id\":\"https:\/\/likemetkovic.hr\/foto-komin-ugostio-xvii-festival-vodickih-zudija\/#breadcrumb\",\"itemListElement\":[{\"@type\":\"ListItem\",\"position\":1,\"name\":\"Po\u010detna stranica\",\"item\":\"https:\/\/likemetkovic.hr\/portal\/\"},{\"@type\":\"ListItem\",\"position\":2,\"name\":\"[FOTO] Komin ugostio XVII. Festival vodi\u010dkih \u017eudija\"}]},{\"@type\":\"WebSite\",\"@id\":\"https:\/\/likemetkovic.hr\/#website\",\"url\":\"https:\/\/likemetkovic.hr\/\",\"name\":\"likemetkovic.hr\",\"description\":\"Misli pozitivno... \u010ditaj LIKE\",\"potentialAction\":[{\"@type\":\"SearchAction\",\"target\":{\"@type\":\"EntryPoint\",\"urlTemplate\":\"https:\/\/likemetkovic.hr\/?s={search_term_string}\"},\"query-input\":{\"@type\":\"PropertyValueSpecification\",\"valueRequired\":true,\"valueName\":\"search_term_string\"}}],\"inLanguage\":\"hr\"},{\"@type\":\"Person\",\"@id\":\"https:\/\/likemetkovic.hr\/#\/schema\/person\/a42711f3385a0e2be6f7e0443bfb28f0\",\"name\":\"LIKEmetkovic.hr\",\"sameAs\":[\"http:\/\/likemetkovic.hr\"],\"url\":\"https:\/\/likemetkovic.hr\/portal\/author\/likemetkovic-hr\/\"}]}<\/script>\n<!-- \/ Yoast SEO plugin. -->","yoast_head_json":{"title":"[FOTO] Komin ugostio XVII. Festival vodi\u010dkih \u017eudija - likemetkovic.hr","robots":{"index":"index","follow":"follow","max-snippet":"max-snippet:-1","max-image-preview":"max-image-preview:large","max-video-preview":"max-video-preview:-1"},"canonical":"https:\/\/likemetkovic.hr\/foto-komin-ugostio-xvii-festival-vodickih-zudija\/","og_locale":"hr_HR","og_type":"article","og_title":"[FOTO] Komin ugostio XVII. Festival vodi\u010dkih \u017eudija - likemetkovic.hr","og_description":"Komin je ove godine ugostio sedamnaesti po redu Festival vodi\u010dkih \u017eudija, koji se tradicionalno odr\u017eava na Uskrsni ponedjeljak. Trideset i osam skupina koje njeguju tradiciju \u010duvanja Kristova groba u Svetom trodnevlju predstavilo je svoje obi\u010daje, koje njeguju i \u010duvaju generacijama. Svakako je najzanimljivije \u201epadanje\u201c \u017eudija, \u0161to je i zavr\u0161ni dio folklorne liturgije na Veliku subotu, [&hellip;]","og_url":"https:\/\/likemetkovic.hr\/foto-komin-ugostio-xvii-festival-vodickih-zudija\/","og_site_name":"likemetkovic.hr","article_publisher":"https:\/\/www.facebook.com\/likemetkovic.hr\/","article_published_time":"2017-04-17T14:18:39+00:00","article_modified_time":"2018-06-06T18:11:05+00:00","og_image":[{"url":"https:\/\/likemetkovic.hr\/wp-content\/uploads\/2017\/04\/8633872-594x420.jpg","type":"","width":"","height":""}],"author":"LIKEmetkovic.hr","twitter_card":"summary_large_image","twitter_misc":{"Napisao\/la":"LIKEmetkovic.hr","Procijenjeno vrijeme \u010ditanja":"3 minute"},"schema":{"@context":"https:\/\/schema.org","@graph":[{"@type":"WebPage","@id":"https:\/\/likemetkovic.hr\/foto-komin-ugostio-xvii-festival-vodickih-zudija\/","url":"https:\/\/likemetkovic.hr\/foto-komin-ugostio-xvii-festival-vodickih-zudija\/","name":"[FOTO] Komin ugostio XVII. Festival vodi\u010dkih \u017eudija - likemetkovic.hr","isPartOf":{"@id":"https:\/\/likemetkovic.hr\/#website"},"datePublished":"2017-04-17T14:18:39+00:00","dateModified":"2018-06-06T18:11:05+00:00","author":{"@id":"https:\/\/likemetkovic.hr\/#\/schema\/person\/a42711f3385a0e2be6f7e0443bfb28f0"},"breadcrumb":{"@id":"https:\/\/likemetkovic.hr\/foto-komin-ugostio-xvii-festival-vodickih-zudija\/#breadcrumb"},"inLanguage":"hr","potentialAction":[{"@type":"ReadAction","target":["https:\/\/likemetkovic.hr\/foto-komin-ugostio-xvii-festival-vodickih-zudija\/"]}]},{"@type":"BreadcrumbList","@id":"https:\/\/likemetkovic.hr\/foto-komin-ugostio-xvii-festival-vodickih-zudija\/#breadcrumb","itemListElement":[{"@type":"ListItem","position":1,"name":"Po\u010detna stranica","item":"https:\/\/likemetkovic.hr\/portal\/"},{"@type":"ListItem","position":2,"name":"[FOTO] Komin ugostio XVII. Festival vodi\u010dkih \u017eudija"}]},{"@type":"WebSite","@id":"https:\/\/likemetkovic.hr\/#website","url":"https:\/\/likemetkovic.hr\/","name":"likemetkovic.hr","description":"Misli pozitivno... \u010ditaj LIKE","potentialAction":[{"@type":"SearchAction","target":{"@type":"EntryPoint","urlTemplate":"https:\/\/likemetkovic.hr\/?s={search_term_string}"},"query-input":{"@type":"PropertyValueSpecification","valueRequired":true,"valueName":"search_term_string"}}],"inLanguage":"hr"},{"@type":"Person","@id":"https:\/\/likemetkovic.hr\/#\/schema\/person\/a42711f3385a0e2be6f7e0443bfb28f0","name":"LIKEmetkovic.hr","sameAs":["http:\/\/likemetkovic.hr"],"url":"https:\/\/likemetkovic.hr\/portal\/author\/likemetkovic-hr\/"}]}},"_links":{"self":[{"href":"https:\/\/likemetkovic.hr\/portal\/wp-json\/wp\/v2\/posts\/39932","targetHints":{"allow":["GET"]}}],"collection":[{"href":"https:\/\/likemetkovic.hr\/portal\/wp-json\/wp\/v2\/posts"}],"about":[{"href":"https:\/\/likemetkovic.hr\/portal\/wp-json\/wp\/v2\/types\/post"}],"author":[{"embeddable":true,"href":"https:\/\/likemetkovic.hr\/portal\/wp-json\/wp\/v2\/users\/7"}],"replies":[{"embeddable":true,"href":"https:\/\/likemetkovic.hr\/portal\/wp-json\/wp\/v2\/comments?post=39932"}],"version-history":[{"count":0,"href":"https:\/\/likemetkovic.hr\/portal\/wp-json\/wp\/v2\/posts\/39932\/revisions"}],"wp:attachment":[{"href":"https:\/\/likemetkovic.hr\/portal\/wp-json\/wp\/v2\/media?parent=39932"}],"wp:term":[{"taxonomy":"category","embeddable":true,"href":"https:\/\/likemetkovic.hr\/portal\/wp-json\/wp\/v2\/categories?post=39932"},{"taxonomy":"post_tag","embeddable":true,"href":"https:\/\/likemetkovic.hr\/portal\/wp-json\/wp\/v2\/tags?post=39932"}],"curies":[{"name":"wp","href":"https:\/\/api.w.org\/{rel}","templated":true}]}}