{"id":40041,"date":"2017-04-18T23:26:36","date_gmt":"2017-04-18T21:26:36","guid":{"rendered":"http:\/\/likemetkovic.hr\/?p=40041"},"modified":"2018-06-06T20:09:37","modified_gmt":"2018-06-06T18:09:37","slug":"foto-usprkos-nevremenu-simpatizeri-most-a-ispunili-galeriju-gradskog-kulturnog-sredista","status":"publish","type":"post","link":"https:\/\/likemetkovic.hr\/portal\/foto-usprkos-nevremenu-simpatizeri-most-a-ispunili-galeriju-gradskog-kulturnog-sredista\/","title":{"rendered":"[FOTO] Usprkos nevremenu simpatizeri MOST-a ispunili Galeriju Gradskog kulturnog sredi\u0161ta"},"content":{"rendered":"<p>Ve\u010deras je MOST nezavisnih lista u Gradskom kulturnom sredi\u0161tu organizirao dru\u017eenje za svoje simpatizere i podupiratelje. Po velikom neveremenu brojni su simpatizeri ispunili Galeriju Gradskog kulturnog sredi\u0161ta koje je na po\u010detku dru\u017eenja pozdravio biv\u0161i saborski zastupnik MOST-a NL <strong>Mario Klobu\u010di\u0107 <\/strong>i pozvao za govornicu aktualnu gradona\u010delnicu<strong> Katarinu Ujdur<\/strong>.<br \/>\n<em>&#8220;Kada vidim koliko vas se ve\u010deras okupilo ovdje po ovakvom nevremenu, ne sumnjam da \u0107emo napraviti dobar\u00a0rezultat na predstoje\u0107im izborima!&#8221;<\/em> &#8211; rekla je gradona\u010delnica na po\u010detku svoga obra\u0107anja.<br \/>\n<strong>Ujdur<\/strong> je u nastavku podsjetila na sve one projekte koji su ostvareni i koji su pripremljeni u protekle \u010detiri godine posebno naglasiv\u0161i\u00a0<strong>Projekt aglomeracije Metkovi\u0107<\/strong>\u00a0<strong>vrijedan 275 milijuna kuna<\/strong> koji \u0107e u petak biti uvr\u0161ten u<strong> strate\u0161ke projekte Republike Hrvatske<\/strong>.<br \/>\nPotom je uz ovacije za govornicu do\u0161ao saborski zastupnik MOST-a nezavisnih lista i kandidat za Dubrova\u010dko-neretvanskog \u017eupana\u00a0<strong>Nikola Grmoja.<br \/>\n<\/strong><em>&#8220;Bit \u0107u sna\u017eni glas hrvatskoga juga, jedan energi\u010dni \u017eupan, a ne statist, koji se naslikava okolo. Sve probleme koje imamo i ovdje u Gradu Metkovi\u0107u i u cijeloj \u017eupaniji \u0107u sigurno iznijeti na jedan glasan\u00a0na\u010din i za te probleme \u0107e se \u010duti i u Zagrebu. Svi oni koji me poznaju potvrdit \u0107e vam da ne\u0107u odustati dok se oni ne rije\u0161e.&#8221;<\/em> &#8211; rekao je <strong>Grmoja<\/strong>.<\/p>\n\r\n                <style type=\"text\/css\">\r\n                    \r\n                    #tdi_1  .td-doubleSlider-2 .td-item1 {\r\n                        background: url(https:\/\/likemetkovic.hr\/portal\/wp-content\/uploads\/2017\/04\/DSC_0045-2-80x60.jpg) 0 0 no-repeat;\r\n                    }\r\n                    #tdi_1  .td-doubleSlider-2 .td-item2 {\r\n                        background: url(https:\/\/likemetkovic.hr\/portal\/wp-content\/uploads\/2017\/04\/DSC_0059-3-80x60.jpg) 0 0 no-repeat;\r\n                    }\r\n                    #tdi_1  .td-doubleSlider-2 .td-item3 {\r\n                        background: url(https:\/\/likemetkovic.hr\/portal\/wp-content\/uploads\/2017\/04\/DSC_0062-4-80x60.jpg) 0 0 no-repeat;\r\n                    }\r\n                    #tdi_1  .td-doubleSlider-2 .td-item4 {\r\n                        background: url(https:\/\/likemetkovic.hr\/portal\/wp-content\/uploads\/2017\/04\/DSC_0069-3-80x60.jpg) 0 0 no-repeat;\r\n                    }\r\n                    #tdi_1  .td-doubleSlider-2 .td-item5 {\r\n                        background: url(https:\/\/likemetkovic.hr\/portal\/wp-content\/uploads\/2017\/04\/DSC_0086-2-80x60.jpg) 0 0 no-repeat;\r\n                    }\r\n                    #tdi_1  .td-doubleSlider-2 .td-item6 {\r\n                        background: url(https:\/\/likemetkovic.hr\/portal\/wp-content\/uploads\/2017\/04\/DSC_0101-1-80x60.jpg) 0 0 no-repeat;\r\n                    }\r\n                    #tdi_1  .td-doubleSlider-2 .td-item7 {\r\n                        background: url(https:\/\/likemetkovic.hr\/portal\/wp-content\/uploads\/2017\/04\/DSC_0108-1-80x60.jpg) 0 0 no-repeat;\r\n                    }\r\n                <\/style>\r\n\r\n                <div id=\"tdi_1\" class=\"td-gallery td-slide-on-2-columns\">\r\n                    <div class=\"post_td_gallery\">\r\n                        <div class=\"td-gallery-slide-top\">\r\n                           <div class=\"td-gallery-title\"><\/div>\r\n\r\n                            <div class=\"td-gallery-controls-wrapper\">\r\n                                <div class=\"td-gallery-slide-count\"><span class=\"td-gallery-slide-item-focus\">1<\/span> of 7<\/div>\r\n                                <div class=\"td-gallery-slide-prev-next-but\">\r\n                                    <i class = \"td-icon-left doubleSliderPrevButton\"><\/i>\r\n                                    <i class = \"td-icon-right doubleSliderNextButton\"><\/i>\r\n                                <\/div>\r\n                            <\/div>\r\n                        <\/div>\r\n\r\n                        <div class = \"td-doubleSlider-1 \">\r\n                            <div class = \"td-slider\">\r\n                                \r\n                    <div class = \"td-slide-item td-item1\">\r\n                        <figure class=\"td-slide-galery-figure td-slide-popup-gallery\">\r\n                            <a class=\"slide-gallery-image-link\" href=\"https:\/\/likemetkovic.hr\/portal\/wp-content\/uploads\/2017\/04\/DSC_0045-2.jpg\" title=\"DSC_0045\"  data-caption=\"\"  data-description=\"\">\r\n                                <img decoding=\"async\" src=\"https:\/\/likemetkovic.hr\/portal\/wp-content\/uploads\/2017\/04\/DSC_0045-2-630x420.jpg\" srcset=\"https:\/\/likemetkovic.hr\/portal\/wp-content\/uploads\/2017\/04\/DSC_0045-2-630x420.jpg 630w, https:\/\/likemetkovic.hr\/portal\/wp-content\/uploads\/2017\/04\/DSC_0045-2-800x534.jpg 800w, https:\/\/likemetkovic.hr\/portal\/wp-content\/uploads\/2017\/04\/DSC_0045-2-768x512.jpg 768w, https:\/\/likemetkovic.hr\/portal\/wp-content\/uploads\/2017\/04\/DSC_0045-2-1200x800.jpg 1200w, https:\/\/likemetkovic.hr\/portal\/wp-content\/uploads\/2017\/04\/DSC_0045-2-696x464.jpg 696w, https:\/\/likemetkovic.hr\/portal\/wp-content\/uploads\/2017\/04\/DSC_0045-2-1068x712.jpg 1068w, https:\/\/likemetkovic.hr\/portal\/wp-content\/uploads\/2017\/04\/DSC_0045-2.jpg 1366w\" sizes=\"(max-width: 630px) 100vw, 630px\" alt=\"\">\r\n                            <\/a>\r\n                            \r\n                        <\/figure>\r\n                    <\/div>\r\n                    <div class = \"td-slide-item td-item2\">\r\n                        <figure class=\"td-slide-galery-figure td-slide-popup-gallery\">\r\n                            <a class=\"slide-gallery-image-link\" href=\"https:\/\/likemetkovic.hr\/portal\/wp-content\/uploads\/2017\/04\/DSC_0059-3.jpg\" title=\"DSC_0059\"  data-caption=\"\"  data-description=\"\">\r\n                                <img decoding=\"async\" src=\"https:\/\/likemetkovic.hr\/portal\/wp-content\/uploads\/2017\/04\/DSC_0059-3-630x420.jpg\" srcset=\"https:\/\/likemetkovic.hr\/portal\/wp-content\/uploads\/2017\/04\/DSC_0059-3-630x420.jpg 630w, https:\/\/likemetkovic.hr\/portal\/wp-content\/uploads\/2017\/04\/DSC_0059-3-800x534.jpg 800w, https:\/\/likemetkovic.hr\/portal\/wp-content\/uploads\/2017\/04\/DSC_0059-3-768x512.jpg 768w, https:\/\/likemetkovic.hr\/portal\/wp-content\/uploads\/2017\/04\/DSC_0059-3-1200x800.jpg 1200w, https:\/\/likemetkovic.hr\/portal\/wp-content\/uploads\/2017\/04\/DSC_0059-3-696x464.jpg 696w, https:\/\/likemetkovic.hr\/portal\/wp-content\/uploads\/2017\/04\/DSC_0059-3-1068x712.jpg 1068w, https:\/\/likemetkovic.hr\/portal\/wp-content\/uploads\/2017\/04\/DSC_0059-3.jpg 1366w\" sizes=\"(max-width: 630px) 100vw, 630px\" alt=\"\">\r\n                            <\/a>\r\n                            \r\n                        <\/figure>\r\n                    <\/div>\r\n                    <div class = \"td-slide-item td-item3\">\r\n                        <figure class=\"td-slide-galery-figure td-slide-popup-gallery\">\r\n                            <a class=\"slide-gallery-image-link\" href=\"https:\/\/likemetkovic.hr\/portal\/wp-content\/uploads\/2017\/04\/DSC_0062-4.jpg\" title=\"DSC_0062\"  data-caption=\"\"  data-description=\"\">\r\n                                <img decoding=\"async\" src=\"https:\/\/likemetkovic.hr\/portal\/wp-content\/uploads\/2017\/04\/DSC_0062-4-630x420.jpg\" srcset=\"https:\/\/likemetkovic.hr\/portal\/wp-content\/uploads\/2017\/04\/DSC_0062-4-630x420.jpg 630w, https:\/\/likemetkovic.hr\/portal\/wp-content\/uploads\/2017\/04\/DSC_0062-4-800x534.jpg 800w, https:\/\/likemetkovic.hr\/portal\/wp-content\/uploads\/2017\/04\/DSC_0062-4-768x512.jpg 768w, https:\/\/likemetkovic.hr\/portal\/wp-content\/uploads\/2017\/04\/DSC_0062-4-1200x800.jpg 1200w, https:\/\/likemetkovic.hr\/portal\/wp-content\/uploads\/2017\/04\/DSC_0062-4-696x464.jpg 696w, https:\/\/likemetkovic.hr\/portal\/wp-content\/uploads\/2017\/04\/DSC_0062-4-1068x712.jpg 1068w, https:\/\/likemetkovic.hr\/portal\/wp-content\/uploads\/2017\/04\/DSC_0062-4.jpg 1366w\" sizes=\"(max-width: 630px) 100vw, 630px\" alt=\"\">\r\n                            <\/a>\r\n                            \r\n                        <\/figure>\r\n                    <\/div>\r\n                    <div class = \"td-slide-item td-item4\">\r\n                        <figure class=\"td-slide-galery-figure td-slide-popup-gallery\">\r\n                            <a class=\"slide-gallery-image-link\" href=\"https:\/\/likemetkovic.hr\/portal\/wp-content\/uploads\/2017\/04\/DSC_0069-3.jpg\" title=\"katarina ujdur\"  data-caption=\"\"  data-description=\"\">\r\n                                <img decoding=\"async\" src=\"https:\/\/likemetkovic.hr\/portal\/wp-content\/uploads\/2017\/04\/DSC_0069-3-630x420.jpg\" srcset=\"https:\/\/likemetkovic.hr\/portal\/wp-content\/uploads\/2017\/04\/DSC_0069-3-630x420.jpg 630w, https:\/\/likemetkovic.hr\/portal\/wp-content\/uploads\/2017\/04\/DSC_0069-3-800x534.jpg 800w, https:\/\/likemetkovic.hr\/portal\/wp-content\/uploads\/2017\/04\/DSC_0069-3-768x512.jpg 768w, https:\/\/likemetkovic.hr\/portal\/wp-content\/uploads\/2017\/04\/DSC_0069-3-1200x800.jpg 1200w, https:\/\/likemetkovic.hr\/portal\/wp-content\/uploads\/2017\/04\/DSC_0069-3-696x464.jpg 696w, https:\/\/likemetkovic.hr\/portal\/wp-content\/uploads\/2017\/04\/DSC_0069-3-1068x712.jpg 1068w, https:\/\/likemetkovic.hr\/portal\/wp-content\/uploads\/2017\/04\/DSC_0069-3.jpg 1366w\" sizes=\"(max-width: 630px) 100vw, 630px\" alt=\"\">\r\n                            <\/a>\r\n                            \r\n                        <\/figure>\r\n                    <\/div>\r\n                    <div class = \"td-slide-item td-item5\">\r\n                        <figure class=\"td-slide-galery-figure td-slide-popup-gallery\">\r\n                            <a class=\"slide-gallery-image-link\" href=\"https:\/\/likemetkovic.hr\/portal\/wp-content\/uploads\/2017\/04\/DSC_0086-2.jpg\" title=\"nikola grmoja\"  data-caption=\"\"  data-description=\"\">\r\n                                <img decoding=\"async\" src=\"https:\/\/likemetkovic.hr\/portal\/wp-content\/uploads\/2017\/04\/DSC_0086-2-630x420.jpg\" srcset=\"https:\/\/likemetkovic.hr\/portal\/wp-content\/uploads\/2017\/04\/DSC_0086-2-630x420.jpg 630w, https:\/\/likemetkovic.hr\/portal\/wp-content\/uploads\/2017\/04\/DSC_0086-2-800x534.jpg 800w, https:\/\/likemetkovic.hr\/portal\/wp-content\/uploads\/2017\/04\/DSC_0086-2-768x512.jpg 768w, https:\/\/likemetkovic.hr\/portal\/wp-content\/uploads\/2017\/04\/DSC_0086-2-1200x800.jpg 1200w, https:\/\/likemetkovic.hr\/portal\/wp-content\/uploads\/2017\/04\/DSC_0086-2-696x464.jpg 696w, https:\/\/likemetkovic.hr\/portal\/wp-content\/uploads\/2017\/04\/DSC_0086-2-1068x712.jpg 1068w, https:\/\/likemetkovic.hr\/portal\/wp-content\/uploads\/2017\/04\/DSC_0086-2.jpg 1366w\" sizes=\"(max-width: 630px) 100vw, 630px\" alt=\"\">\r\n                            <\/a>\r\n                            \r\n                        <\/figure>\r\n                    <\/div>\r\n                    <div class = \"td-slide-item td-item6\">\r\n                        <figure class=\"td-slide-galery-figure td-slide-popup-gallery\">\r\n                            <a class=\"slide-gallery-image-link\" href=\"https:\/\/likemetkovic.hr\/portal\/wp-content\/uploads\/2017\/04\/DSC_0101-1.jpg\" title=\"DSC_0101\"  data-caption=\"\"  data-description=\"\">\r\n                                <img decoding=\"async\" src=\"https:\/\/likemetkovic.hr\/portal\/wp-content\/uploads\/2017\/04\/DSC_0101-1-630x420.jpg\" srcset=\"https:\/\/likemetkovic.hr\/portal\/wp-content\/uploads\/2017\/04\/DSC_0101-1-630x420.jpg 630w, https:\/\/likemetkovic.hr\/portal\/wp-content\/uploads\/2017\/04\/DSC_0101-1-800x534.jpg 800w, https:\/\/likemetkovic.hr\/portal\/wp-content\/uploads\/2017\/04\/DSC_0101-1-768x512.jpg 768w, https:\/\/likemetkovic.hr\/portal\/wp-content\/uploads\/2017\/04\/DSC_0101-1-1200x800.jpg 1200w, https:\/\/likemetkovic.hr\/portal\/wp-content\/uploads\/2017\/04\/DSC_0101-1-696x464.jpg 696w, https:\/\/likemetkovic.hr\/portal\/wp-content\/uploads\/2017\/04\/DSC_0101-1-1068x712.jpg 1068w, https:\/\/likemetkovic.hr\/portal\/wp-content\/uploads\/2017\/04\/DSC_0101-1.jpg 1366w\" sizes=\"(max-width: 630px) 100vw, 630px\" alt=\"\">\r\n                            <\/a>\r\n                            \r\n                        <\/figure>\r\n                    <\/div>\r\n                    <div class = \"td-slide-item td-item7\">\r\n                        <figure class=\"td-slide-galery-figure td-slide-popup-gallery\">\r\n                            <a class=\"slide-gallery-image-link\" href=\"https:\/\/likemetkovic.hr\/portal\/wp-content\/uploads\/2017\/04\/DSC_0108-1.jpg\" title=\"DSC_0108\"  data-caption=\"\"  data-description=\"\">\r\n                                <img decoding=\"async\" src=\"https:\/\/likemetkovic.hr\/portal\/wp-content\/uploads\/2017\/04\/DSC_0108-1-630x420.jpg\" srcset=\"https:\/\/likemetkovic.hr\/portal\/wp-content\/uploads\/2017\/04\/DSC_0108-1-630x420.jpg 630w, https:\/\/likemetkovic.hr\/portal\/wp-content\/uploads\/2017\/04\/DSC_0108-1-800x534.jpg 800w, https:\/\/likemetkovic.hr\/portal\/wp-content\/uploads\/2017\/04\/DSC_0108-1-768x512.jpg 768w, https:\/\/likemetkovic.hr\/portal\/wp-content\/uploads\/2017\/04\/DSC_0108-1-1200x800.jpg 1200w, https:\/\/likemetkovic.hr\/portal\/wp-content\/uploads\/2017\/04\/DSC_0108-1-696x464.jpg 696w, https:\/\/likemetkovic.hr\/portal\/wp-content\/uploads\/2017\/04\/DSC_0108-1-1068x712.jpg 1068w, https:\/\/likemetkovic.hr\/portal\/wp-content\/uploads\/2017\/04\/DSC_0108-1.jpg 1366w\" sizes=\"(max-width: 630px) 100vw, 630px\" alt=\"\">\r\n                            <\/a>\r\n                            \r\n                        <\/figure>\r\n                    <\/div>\r\n                            <\/div>\r\n                        <\/div>\r\n\r\n                        <div class = \"td-doubleSlider-2\">\r\n                            <div class = \"td-slider\">\r\n                                \r\n                    <div class = \"td-button td-item1\">\r\n                        <div class = \"td-border\"><\/div>\r\n                    <\/div>\r\n                    <div class = \"td-button td-item2\">\r\n                        <div class = \"td-border\"><\/div>\r\n                    <\/div>\r\n                    <div class = \"td-button td-item3\">\r\n                        <div class = \"td-border\"><\/div>\r\n                    <\/div>\r\n                    <div class = \"td-button td-item4\">\r\n                        <div class = \"td-border\"><\/div>\r\n                    <\/div>\r\n                    <div class = \"td-button td-item5\">\r\n                        <div class = \"td-border\"><\/div>\r\n                    <\/div>\r\n                    <div class = \"td-button td-item6\">\r\n                        <div class = \"td-border\"><\/div>\r\n                    <\/div>\r\n                    <div class = \"td-button td-item7\">\r\n                        <div class = \"td-border\"><\/div>\r\n                    <\/div>\r\n                            <\/div>\r\n                        <\/div>\r\n\r\n                    <\/div>\r\n\r\n                <\/div>\r\n                \n","protected":false},"excerpt":{"rendered":"<p>Ve\u010deras je MOST nezavisnih lista u Gradskom kulturnom sredi\u0161tu organizirao dru\u017eenje za svoje simpatizere i podupiratelje. Po velikom neveremenu brojni su simpatizeri ispunili Galeriju Gradskog kulturnog sredi\u0161ta koje je na po\u010detku dru\u017eenja pozdravio biv\u0161i saborski zastupnik MOST-a NL Mario Klobu\u010di\u0107 i pozvao za govornicu aktualnu gradona\u010delnicu Katarinu Ujdur. &#8220;Kada vidim koliko vas se ve\u010deras okupilo [&hellip;]<\/p>\n","protected":false},"author":7,"featured_media":0,"comment_status":"open","ping_status":"open","sticky":false,"template":"","format":"standard","meta":{"footnotes":""},"categories":[283],"tags":[340,491],"class_list":{"0":"post-40041","1":"post","2":"type-post","3":"status-publish","4":"format-standard","6":"category-a","7":"tag-grad-metkovic","8":"tag-most-nezavisnih-lista"},"yoast_head":"<!-- This site is optimized with the Yoast SEO plugin v25.2 - https:\/\/yoast.com\/wordpress\/plugins\/seo\/ -->\n<title>[FOTO] Usprkos nevremenu simpatizeri MOST-a ispunili Galeriju Gradskog kulturnog sredi\u0161ta - likemetkovic.hr<\/title>\n<meta name=\"robots\" content=\"index, follow, max-snippet:-1, max-image-preview:large, max-video-preview:-1\" \/>\n<link rel=\"canonical\" href=\"https:\/\/likemetkovic.hr\/foto-usprkos-nevremenu-simpatizeri-most-a-ispunili-galeriju-gradskog-kulturnog-sredista\/\" \/>\n<meta property=\"og:locale\" content=\"hr_HR\" \/>\n<meta property=\"og:type\" content=\"article\" \/>\n<meta property=\"og:title\" content=\"[FOTO] Usprkos nevremenu simpatizeri MOST-a ispunili Galeriju Gradskog kulturnog sredi\u0161ta - likemetkovic.hr\" \/>\n<meta property=\"og:description\" content=\"Ve\u010deras je MOST nezavisnih lista u Gradskom kulturnom sredi\u0161tu organizirao dru\u017eenje za svoje simpatizere i podupiratelje. Po velikom neveremenu brojni su simpatizeri ispunili Galeriju Gradskog kulturnog sredi\u0161ta koje je na po\u010detku dru\u017eenja pozdravio biv\u0161i saborski zastupnik MOST-a NL Mario Klobu\u010di\u0107 i pozvao za govornicu aktualnu gradona\u010delnicu Katarinu Ujdur. &#8220;Kada vidim koliko vas se ve\u010deras okupilo [&hellip;]\" \/>\n<meta property=\"og:url\" content=\"https:\/\/likemetkovic.hr\/foto-usprkos-nevremenu-simpatizeri-most-a-ispunili-galeriju-gradskog-kulturnog-sredista\/\" \/>\n<meta property=\"og:site_name\" content=\"likemetkovic.hr\" \/>\n<meta property=\"article:publisher\" content=\"https:\/\/www.facebook.com\/likemetkovic.hr\/\" \/>\n<meta property=\"article:published_time\" content=\"2017-04-18T21:26:36+00:00\" \/>\n<meta property=\"article:modified_time\" content=\"2018-06-06T18:09:37+00:00\" \/>\n<meta property=\"og:image\" content=\"https:\/\/likemetkovic.hr\/wp-content\/uploads\/2017\/04\/DSC_0045-2-630x420.jpg\" \/>\n<meta name=\"author\" content=\"LIKEmetkovic.hr\" \/>\n<meta name=\"twitter:card\" content=\"summary_large_image\" \/>\n<meta name=\"twitter:label1\" content=\"Napisao\/la\" \/>\n\t<meta name=\"twitter:data1\" content=\"LIKEmetkovic.hr\" \/>\n\t<meta name=\"twitter:label2\" content=\"Procijenjeno vrijeme \u010ditanja\" \/>\n\t<meta name=\"twitter:data2\" content=\"1 minuta\" \/>\n<script type=\"application\/ld+json\" class=\"yoast-schema-graph\">{\"@context\":\"https:\/\/schema.org\",\"@graph\":[{\"@type\":\"WebPage\",\"@id\":\"https:\/\/likemetkovic.hr\/foto-usprkos-nevremenu-simpatizeri-most-a-ispunili-galeriju-gradskog-kulturnog-sredista\/\",\"url\":\"https:\/\/likemetkovic.hr\/foto-usprkos-nevremenu-simpatizeri-most-a-ispunili-galeriju-gradskog-kulturnog-sredista\/\",\"name\":\"[FOTO] Usprkos nevremenu simpatizeri MOST-a ispunili Galeriju Gradskog kulturnog sredi\u0161ta - likemetkovic.hr\",\"isPartOf\":{\"@id\":\"https:\/\/likemetkovic.hr\/#website\"},\"datePublished\":\"2017-04-18T21:26:36+00:00\",\"dateModified\":\"2018-06-06T18:09:37+00:00\",\"author\":{\"@id\":\"https:\/\/likemetkovic.hr\/#\/schema\/person\/a42711f3385a0e2be6f7e0443bfb28f0\"},\"breadcrumb\":{\"@id\":\"https:\/\/likemetkovic.hr\/foto-usprkos-nevremenu-simpatizeri-most-a-ispunili-galeriju-gradskog-kulturnog-sredista\/#breadcrumb\"},\"inLanguage\":\"hr\",\"potentialAction\":[{\"@type\":\"ReadAction\",\"target\":[\"https:\/\/likemetkovic.hr\/foto-usprkos-nevremenu-simpatizeri-most-a-ispunili-galeriju-gradskog-kulturnog-sredista\/\"]}]},{\"@type\":\"BreadcrumbList\",\"@id\":\"https:\/\/likemetkovic.hr\/foto-usprkos-nevremenu-simpatizeri-most-a-ispunili-galeriju-gradskog-kulturnog-sredista\/#breadcrumb\",\"itemListElement\":[{\"@type\":\"ListItem\",\"position\":1,\"name\":\"Po\u010detna stranica\",\"item\":\"https:\/\/likemetkovic.hr\/portal\/\"},{\"@type\":\"ListItem\",\"position\":2,\"name\":\"[FOTO] Usprkos nevremenu simpatizeri MOST-a ispunili Galeriju Gradskog kulturnog sredi\u0161ta\"}]},{\"@type\":\"WebSite\",\"@id\":\"https:\/\/likemetkovic.hr\/#website\",\"url\":\"https:\/\/likemetkovic.hr\/\",\"name\":\"likemetkovic.hr\",\"description\":\"Misli pozitivno... \u010ditaj LIKE\",\"potentialAction\":[{\"@type\":\"SearchAction\",\"target\":{\"@type\":\"EntryPoint\",\"urlTemplate\":\"https:\/\/likemetkovic.hr\/?s={search_term_string}\"},\"query-input\":{\"@type\":\"PropertyValueSpecification\",\"valueRequired\":true,\"valueName\":\"search_term_string\"}}],\"inLanguage\":\"hr\"},{\"@type\":\"Person\",\"@id\":\"https:\/\/likemetkovic.hr\/#\/schema\/person\/a42711f3385a0e2be6f7e0443bfb28f0\",\"name\":\"LIKEmetkovic.hr\",\"sameAs\":[\"http:\/\/likemetkovic.hr\"],\"url\":\"https:\/\/likemetkovic.hr\/portal\/author\/likemetkovic-hr\/\"}]}<\/script>\n<!-- \/ Yoast SEO plugin. -->","yoast_head_json":{"title":"[FOTO] Usprkos nevremenu simpatizeri MOST-a ispunili Galeriju Gradskog kulturnog sredi\u0161ta - likemetkovic.hr","robots":{"index":"index","follow":"follow","max-snippet":"max-snippet:-1","max-image-preview":"max-image-preview:large","max-video-preview":"max-video-preview:-1"},"canonical":"https:\/\/likemetkovic.hr\/foto-usprkos-nevremenu-simpatizeri-most-a-ispunili-galeriju-gradskog-kulturnog-sredista\/","og_locale":"hr_HR","og_type":"article","og_title":"[FOTO] Usprkos nevremenu simpatizeri MOST-a ispunili Galeriju Gradskog kulturnog sredi\u0161ta - likemetkovic.hr","og_description":"Ve\u010deras je MOST nezavisnih lista u Gradskom kulturnom sredi\u0161tu organizirao dru\u017eenje za svoje simpatizere i podupiratelje. Po velikom neveremenu brojni su simpatizeri ispunili Galeriju Gradskog kulturnog sredi\u0161ta koje je na po\u010detku dru\u017eenja pozdravio biv\u0161i saborski zastupnik MOST-a NL Mario Klobu\u010di\u0107 i pozvao za govornicu aktualnu gradona\u010delnicu Katarinu Ujdur. &#8220;Kada vidim koliko vas se ve\u010deras okupilo [&hellip;]","og_url":"https:\/\/likemetkovic.hr\/foto-usprkos-nevremenu-simpatizeri-most-a-ispunili-galeriju-gradskog-kulturnog-sredista\/","og_site_name":"likemetkovic.hr","article_publisher":"https:\/\/www.facebook.com\/likemetkovic.hr\/","article_published_time":"2017-04-18T21:26:36+00:00","article_modified_time":"2018-06-06T18:09:37+00:00","og_image":[{"url":"https:\/\/likemetkovic.hr\/wp-content\/uploads\/2017\/04\/DSC_0045-2-630x420.jpg","type":"","width":"","height":""}],"author":"LIKEmetkovic.hr","twitter_card":"summary_large_image","twitter_misc":{"Napisao\/la":"LIKEmetkovic.hr","Procijenjeno vrijeme \u010ditanja":"1 minuta"},"schema":{"@context":"https:\/\/schema.org","@graph":[{"@type":"WebPage","@id":"https:\/\/likemetkovic.hr\/foto-usprkos-nevremenu-simpatizeri-most-a-ispunili-galeriju-gradskog-kulturnog-sredista\/","url":"https:\/\/likemetkovic.hr\/foto-usprkos-nevremenu-simpatizeri-most-a-ispunili-galeriju-gradskog-kulturnog-sredista\/","name":"[FOTO] Usprkos nevremenu simpatizeri MOST-a ispunili Galeriju Gradskog kulturnog sredi\u0161ta - likemetkovic.hr","isPartOf":{"@id":"https:\/\/likemetkovic.hr\/#website"},"datePublished":"2017-04-18T21:26:36+00:00","dateModified":"2018-06-06T18:09:37+00:00","author":{"@id":"https:\/\/likemetkovic.hr\/#\/schema\/person\/a42711f3385a0e2be6f7e0443bfb28f0"},"breadcrumb":{"@id":"https:\/\/likemetkovic.hr\/foto-usprkos-nevremenu-simpatizeri-most-a-ispunili-galeriju-gradskog-kulturnog-sredista\/#breadcrumb"},"inLanguage":"hr","potentialAction":[{"@type":"ReadAction","target":["https:\/\/likemetkovic.hr\/foto-usprkos-nevremenu-simpatizeri-most-a-ispunili-galeriju-gradskog-kulturnog-sredista\/"]}]},{"@type":"BreadcrumbList","@id":"https:\/\/likemetkovic.hr\/foto-usprkos-nevremenu-simpatizeri-most-a-ispunili-galeriju-gradskog-kulturnog-sredista\/#breadcrumb","itemListElement":[{"@type":"ListItem","position":1,"name":"Po\u010detna stranica","item":"https:\/\/likemetkovic.hr\/portal\/"},{"@type":"ListItem","position":2,"name":"[FOTO] Usprkos nevremenu simpatizeri MOST-a ispunili Galeriju Gradskog kulturnog sredi\u0161ta"}]},{"@type":"WebSite","@id":"https:\/\/likemetkovic.hr\/#website","url":"https:\/\/likemetkovic.hr\/","name":"likemetkovic.hr","description":"Misli pozitivno... \u010ditaj LIKE","potentialAction":[{"@type":"SearchAction","target":{"@type":"EntryPoint","urlTemplate":"https:\/\/likemetkovic.hr\/?s={search_term_string}"},"query-input":{"@type":"PropertyValueSpecification","valueRequired":true,"valueName":"search_term_string"}}],"inLanguage":"hr"},{"@type":"Person","@id":"https:\/\/likemetkovic.hr\/#\/schema\/person\/a42711f3385a0e2be6f7e0443bfb28f0","name":"LIKEmetkovic.hr","sameAs":["http:\/\/likemetkovic.hr"],"url":"https:\/\/likemetkovic.hr\/portal\/author\/likemetkovic-hr\/"}]}},"_links":{"self":[{"href":"https:\/\/likemetkovic.hr\/portal\/wp-json\/wp\/v2\/posts\/40041","targetHints":{"allow":["GET"]}}],"collection":[{"href":"https:\/\/likemetkovic.hr\/portal\/wp-json\/wp\/v2\/posts"}],"about":[{"href":"https:\/\/likemetkovic.hr\/portal\/wp-json\/wp\/v2\/types\/post"}],"author":[{"embeddable":true,"href":"https:\/\/likemetkovic.hr\/portal\/wp-json\/wp\/v2\/users\/7"}],"replies":[{"embeddable":true,"href":"https:\/\/likemetkovic.hr\/portal\/wp-json\/wp\/v2\/comments?post=40041"}],"version-history":[{"count":0,"href":"https:\/\/likemetkovic.hr\/portal\/wp-json\/wp\/v2\/posts\/40041\/revisions"}],"wp:attachment":[{"href":"https:\/\/likemetkovic.hr\/portal\/wp-json\/wp\/v2\/media?parent=40041"}],"wp:term":[{"taxonomy":"category","embeddable":true,"href":"https:\/\/likemetkovic.hr\/portal\/wp-json\/wp\/v2\/categories?post=40041"},{"taxonomy":"post_tag","embeddable":true,"href":"https:\/\/likemetkovic.hr\/portal\/wp-json\/wp\/v2\/tags?post=40041"}],"curies":[{"name":"wp","href":"https:\/\/api.w.org\/{rel}","templated":true}]}}