{"id":40117,"date":"2017-04-20T10:15:10","date_gmt":"2017-04-20T08:15:10","guid":{"rendered":"http:\/\/likemetkovic.hr\/?p=40117"},"modified":"2017-04-20T10:15:10","modified_gmt":"2017-04-20T08:15:10","slug":"imas-dusu-si-nula-covika-pise-ivan-markotic","status":"publish","type":"post","link":"https:\/\/likemetkovic.hr\/portal\/imas-dusu-si-nula-covika-pise-ivan-markotic\/","title":{"rendered":"&#8220;Ili ima\u0161 du\u0161u ili si nula od \u010dovika&#8221; &#8211; pi\u0161e: Ivan Markoti\u0107"},"content":{"rendered":"<p>Ne vjerujem da \u0107e se ikada vi\u0161e pojaviti osoba u hrvatskom sportu koja \u0107e biti toliko obo\u017eavana i toliko omra\u017eena kao Davo<span class=\"text_exposed_show\">r \u0160uker.<\/span><\/p>\n<div class=\"text_exposed_show\">\n<p>Rane devedesete. Rat bjesni. Hrvatski grb, krunica i na\u0161i sporta\u0161i bili su jedno rijetko svijetlo u tako pomra\u010denom vremenu. Prva slu\u017ebena utakmice i majstorska dva gola 1994. u Estoniji bit \u0107e zauvijek zapisani zlatnim slovima.<br \/>\nToliko sam volio tog igra\u010da. Takva lako\u0107a postizanja golova bila je nestvarna. Ljevica koja nas je dovela tako visoko zabijala je uvijek kada je to bilo potrebno.<\/p>\n<p>Mla\u0111e generacije te\u0161ko mogu razumjeti \u0161to je predstavljala na\u0161a nogometna reprezentacija. Vrijeme uzbuna, skloni\u0161ta, zamra\u010denja i pra\u0107enje utakmica HNL-a na radiju. Reprezentacija je bila neki paralelni svijet i bijeg u bolje sutra.<\/p>\n<p>Tvoj dres je bio svetinja i poveznica s mnogim o\u010devima koji su oti\u0161li koji kilometar dalje i nisu se vi\u0161e vratili. Kad si bio na terenu vojska navija\u010da je bila na tribinama i uvijek ti davala vjetar u le\u0111a. \u010cak i kad si nezainteresirano \u0161etao terenom \u010dekali smo trenutak tvoje nogometne genijalnosti i nikada nas nisi iznevjerio.<\/p>\n<p>Mnogi se nisu sna\u0161li u novim ulogama. Kopa\u010dke nije lako zamijeniti poslovnim cipelama. Nitko to i nije tra\u017eio od tebe. Vrlo dobro si znao s kim \u0107e\u0161 imati posla i svjesno si u\u0161ao u paklenu lo\u017eu.<br \/>\nNisam o\u010dekivao nikakve promjene. Toliko je to sve umre\u017eeno i isprepleteno osobnim interesima koji tjeraju moju generaciju van Lijepe na\u0161e. Sustav je jednostavno takav da ili ple\u0161e\u0161 po njihovim taktovima ili si ve\u0107 u Dublinu.<\/p>\n<p>Dok se ne pojavi &#8220;\u0160uker&#8221; koji \u0107e parati HNS-ovu obranu nema sre\u0107e za na\u0161 nogomet. Zadovoljavat \u0107emo se odlascima na velike turnire, puniti d\u017eepove onima koje je zara\u017eeni sustav doveo do rukovode\u0107ih pozicija i omogu\u0107io da se smiju u lice neistomi\u0161ljenicima.<\/p>\n<p>Ti, Davore \u0160ukeru, bahato i prepotentno ne zna\u0161 kako se zove mladi hrvatski reprezentativac koji je poginuo na na\u0161im terenima. Savez kome si ti na \u010delu ne \u017eeli isplatiti novac obitelji preminulog, ve\u0107 se uporno \u017eali na sudsku presudu. HRVOJE \u0106USTI\u0106, Davore, bio je mladi reprezentativac Hrvatske. Svoje zadnje korake pretr\u010dao je na terenu koji je dobio uporabnu dozvolu od Saveza kojem si ti na \u010delu. Kako ti nije neugodno i je li te barem malo sram ne znati ni kao se on zove?<\/p>\n<p>Malo tko mi je donosio sportske sre\u0107e i zadovoljstva kao tvoji golovi, Davore. Lob Schmeichelu sam sanjao godinama i predivan je trenutak samo se prisjetiti tvog majstorstva.<br \/>\nSad si nas doveo do toga da vi\u0161e tvojih dresova ima po smetli\u0161tima nego po ormarima. Svakome po zaslugama, Davore. Ja tvoj dres jo\u0161 uvijek \u010duvam i nepopravljivo se nadam da svatko zaslu\u017euje drugu ili dvadeset i \u0161estu \u0161ansu.<\/p>\n<p>Ovo nije tvoj \u0161esnaesterac. Puca\u0161 na krivi gol. Iskoristi pravo zadnje promjene i odi na zaslu\u017eeni odmor. Gubimo utakmicu, a ti vi\u0161e nisi u stanju ni potr\u010dati. Ova utakmica nema suda\u010dku nadoknadu. Gotova je, Davore. Odstupi i obraduj nogometni puk Lijepe na\u0161e. Ako jo\u0161 povede\u0161 sa sobom i svoje kompanjone mo\u017eda te mladi zapamte kao heroja, kao \u0161to ja pamtim tvoje rolanje i gol Kopkeu u Engleskoj. Davore, sam si presudi.<\/p>\n<p><strong>Ivan Markoti\u0107 &#8211; Ivanov sportski pregled<\/strong><\/p>\n<\/div>\n","protected":false},"excerpt":{"rendered":"<p>Ne vjerujem da \u0107e se ikada vi\u0161e pojaviti osoba u hrvatskom sportu koja \u0107e biti toliko obo\u017eavana i toliko omra\u017eena kao Davor \u0160uker. Rane devedesete. Rat bjesni. Hrvatski grb, krunica i na\u0161i sporta\u0161i bili su jedno rijetko svijetlo u tako pomra\u010denom vremenu. Prva slu\u017ebena utakmice i majstorska dva gola 1994. u Estoniji bit \u0107e zauvijek [&hellip;]<\/p>\n","protected":false},"author":7,"featured_media":40118,"comment_status":"open","ping_status":"open","sticky":false,"template":"","format":"standard","meta":{"footnotes":""},"categories":[296,10],"tags":[645,646],"class_list":{"0":"post-40117","1":"post","2":"type-post","3":"status-publish","4":"format-standard","5":"has-post-thumbnail","7":"category-ab","8":"category-sport","9":"tag-davor-suker","10":"tag-ivan-markotic"},"yoast_head":"<!-- This site is optimized with the Yoast SEO plugin v25.2 - https:\/\/yoast.com\/wordpress\/plugins\/seo\/ -->\n<title>&quot;Ili ima\u0161 du\u0161u ili si nula od \u010dovika&quot; - pi\u0161e: Ivan Markoti\u0107 - likemetkovic.hr<\/title>\n<meta name=\"robots\" content=\"index, follow, max-snippet:-1, max-image-preview:large, max-video-preview:-1\" \/>\n<link rel=\"canonical\" href=\"https:\/\/likemetkovic.hr\/imas-dusu-si-nula-covika-pise-ivan-markotic\/\" \/>\n<meta property=\"og:locale\" content=\"hr_HR\" \/>\n<meta property=\"og:type\" content=\"article\" \/>\n<meta property=\"og:title\" content=\"&quot;Ili ima\u0161 du\u0161u ili si nula od \u010dovika&quot; - pi\u0161e: Ivan Markoti\u0107 - likemetkovic.hr\" \/>\n<meta property=\"og:description\" content=\"Ne vjerujem da \u0107e se ikada vi\u0161e pojaviti osoba u hrvatskom sportu koja \u0107e biti toliko obo\u017eavana i toliko omra\u017eena kao Davor \u0160uker. Rane devedesete. Rat bjesni. Hrvatski grb, krunica i na\u0161i sporta\u0161i bili su jedno rijetko svijetlo u tako pomra\u010denom vremenu. Prva slu\u017ebena utakmice i majstorska dva gola 1994. u Estoniji bit \u0107e zauvijek [&hellip;]\" \/>\n<meta property=\"og:url\" content=\"https:\/\/likemetkovic.hr\/imas-dusu-si-nula-covika-pise-ivan-markotic\/\" \/>\n<meta property=\"og:site_name\" content=\"likemetkovic.hr\" \/>\n<meta property=\"article:publisher\" content=\"https:\/\/www.facebook.com\/likemetkovic.hr\/\" \/>\n<meta property=\"article:published_time\" content=\"2017-04-20T08:15:10+00:00\" \/>\n<meta property=\"og:image\" content=\"https:\/\/likemetkovic.hr\/wp-content\/uploads\/2017\/04\/\u0161uker-davor.jpg\" \/>\n\t<meta property=\"og:image:width\" content=\"1366\" \/>\n\t<meta property=\"og:image:height\" content=\"902\" \/>\n\t<meta property=\"og:image:type\" content=\"image\/jpeg\" \/>\n<meta name=\"author\" content=\"LIKEmetkovic.hr\" \/>\n<meta name=\"twitter:card\" content=\"summary_large_image\" \/>\n<meta name=\"twitter:label1\" content=\"Napisao\/la\" \/>\n\t<meta name=\"twitter:data1\" content=\"LIKEmetkovic.hr\" \/>\n\t<meta name=\"twitter:label2\" content=\"Procijenjeno vrijeme \u010ditanja\" \/>\n\t<meta name=\"twitter:data2\" content=\"3 minute\" \/>\n<script type=\"application\/ld+json\" class=\"yoast-schema-graph\">{\"@context\":\"https:\/\/schema.org\",\"@graph\":[{\"@type\":\"WebPage\",\"@id\":\"https:\/\/likemetkovic.hr\/imas-dusu-si-nula-covika-pise-ivan-markotic\/\",\"url\":\"https:\/\/likemetkovic.hr\/imas-dusu-si-nula-covika-pise-ivan-markotic\/\",\"name\":\"\\\"Ili ima\u0161 du\u0161u ili si nula od \u010dovika\\\" - pi\u0161e: Ivan Markoti\u0107 - likemetkovic.hr\",\"isPartOf\":{\"@id\":\"https:\/\/likemetkovic.hr\/#website\"},\"primaryImageOfPage\":{\"@id\":\"https:\/\/likemetkovic.hr\/imas-dusu-si-nula-covika-pise-ivan-markotic\/#primaryimage\"},\"image\":{\"@id\":\"https:\/\/likemetkovic.hr\/imas-dusu-si-nula-covika-pise-ivan-markotic\/#primaryimage\"},\"thumbnailUrl\":\"https:\/\/likemetkovic.hr\/portal\/wp-content\/uploads\/2017\/04\/\u0161uker-davor.jpg\",\"datePublished\":\"2017-04-20T08:15:10+00:00\",\"author\":{\"@id\":\"https:\/\/likemetkovic.hr\/#\/schema\/person\/a42711f3385a0e2be6f7e0443bfb28f0\"},\"breadcrumb\":{\"@id\":\"https:\/\/likemetkovic.hr\/imas-dusu-si-nula-covika-pise-ivan-markotic\/#breadcrumb\"},\"inLanguage\":\"hr\",\"potentialAction\":[{\"@type\":\"ReadAction\",\"target\":[\"https:\/\/likemetkovic.hr\/imas-dusu-si-nula-covika-pise-ivan-markotic\/\"]}]},{\"@type\":\"ImageObject\",\"inLanguage\":\"hr\",\"@id\":\"https:\/\/likemetkovic.hr\/imas-dusu-si-nula-covika-pise-ivan-markotic\/#primaryimage\",\"url\":\"https:\/\/likemetkovic.hr\/portal\/wp-content\/uploads\/2017\/04\/\u0161uker-davor.jpg\",\"contentUrl\":\"https:\/\/likemetkovic.hr\/portal\/wp-content\/uploads\/2017\/04\/\u0161uker-davor.jpg\",\"width\":1366,\"height\":902,\"caption\":\"Zagreb,17.10.2013 (sport) - Davor Suker i Niko Kovac, predstavljanje novog izbornika nogometne reprezentacije foto Davor Kovacevic sport\"},{\"@type\":\"BreadcrumbList\",\"@id\":\"https:\/\/likemetkovic.hr\/imas-dusu-si-nula-covika-pise-ivan-markotic\/#breadcrumb\",\"itemListElement\":[{\"@type\":\"ListItem\",\"position\":1,\"name\":\"Po\u010detna stranica\",\"item\":\"https:\/\/likemetkovic.hr\/portal\/\"},{\"@type\":\"ListItem\",\"position\":2,\"name\":\"&#8220;Ili ima\u0161 du\u0161u ili si nula od \u010dovika&#8221; &#8211; pi\u0161e: Ivan Markoti\u0107\"}]},{\"@type\":\"WebSite\",\"@id\":\"https:\/\/likemetkovic.hr\/#website\",\"url\":\"https:\/\/likemetkovic.hr\/\",\"name\":\"likemetkovic.hr\",\"description\":\"Misli pozitivno... \u010ditaj LIKE\",\"potentialAction\":[{\"@type\":\"SearchAction\",\"target\":{\"@type\":\"EntryPoint\",\"urlTemplate\":\"https:\/\/likemetkovic.hr\/?s={search_term_string}\"},\"query-input\":{\"@type\":\"PropertyValueSpecification\",\"valueRequired\":true,\"valueName\":\"search_term_string\"}}],\"inLanguage\":\"hr\"},{\"@type\":\"Person\",\"@id\":\"https:\/\/likemetkovic.hr\/#\/schema\/person\/a42711f3385a0e2be6f7e0443bfb28f0\",\"name\":\"LIKEmetkovic.hr\",\"sameAs\":[\"http:\/\/likemetkovic.hr\"],\"url\":\"https:\/\/likemetkovic.hr\/portal\/author\/likemetkovic-hr\/\"}]}<\/script>\n<!-- \/ Yoast SEO plugin. -->","yoast_head_json":{"title":"\"Ili ima\u0161 du\u0161u ili si nula od \u010dovika\" - pi\u0161e: Ivan Markoti\u0107 - likemetkovic.hr","robots":{"index":"index","follow":"follow","max-snippet":"max-snippet:-1","max-image-preview":"max-image-preview:large","max-video-preview":"max-video-preview:-1"},"canonical":"https:\/\/likemetkovic.hr\/imas-dusu-si-nula-covika-pise-ivan-markotic\/","og_locale":"hr_HR","og_type":"article","og_title":"\"Ili ima\u0161 du\u0161u ili si nula od \u010dovika\" - pi\u0161e: Ivan Markoti\u0107 - likemetkovic.hr","og_description":"Ne vjerujem da \u0107e se ikada vi\u0161e pojaviti osoba u hrvatskom sportu koja \u0107e biti toliko obo\u017eavana i toliko omra\u017eena kao Davor \u0160uker. Rane devedesete. Rat bjesni. Hrvatski grb, krunica i na\u0161i sporta\u0161i bili su jedno rijetko svijetlo u tako pomra\u010denom vremenu. Prva slu\u017ebena utakmice i majstorska dva gola 1994. u Estoniji bit \u0107e zauvijek [&hellip;]","og_url":"https:\/\/likemetkovic.hr\/imas-dusu-si-nula-covika-pise-ivan-markotic\/","og_site_name":"likemetkovic.hr","article_publisher":"https:\/\/www.facebook.com\/likemetkovic.hr\/","article_published_time":"2017-04-20T08:15:10+00:00","og_image":[{"width":1366,"height":902,"url":"https:\/\/likemetkovic.hr\/wp-content\/uploads\/2017\/04\/\u0161uker-davor.jpg","type":"image\/jpeg"}],"author":"LIKEmetkovic.hr","twitter_card":"summary_large_image","twitter_misc":{"Napisao\/la":"LIKEmetkovic.hr","Procijenjeno vrijeme \u010ditanja":"3 minute"},"schema":{"@context":"https:\/\/schema.org","@graph":[{"@type":"WebPage","@id":"https:\/\/likemetkovic.hr\/imas-dusu-si-nula-covika-pise-ivan-markotic\/","url":"https:\/\/likemetkovic.hr\/imas-dusu-si-nula-covika-pise-ivan-markotic\/","name":"\"Ili ima\u0161 du\u0161u ili si nula od \u010dovika\" - pi\u0161e: Ivan Markoti\u0107 - likemetkovic.hr","isPartOf":{"@id":"https:\/\/likemetkovic.hr\/#website"},"primaryImageOfPage":{"@id":"https:\/\/likemetkovic.hr\/imas-dusu-si-nula-covika-pise-ivan-markotic\/#primaryimage"},"image":{"@id":"https:\/\/likemetkovic.hr\/imas-dusu-si-nula-covika-pise-ivan-markotic\/#primaryimage"},"thumbnailUrl":"https:\/\/likemetkovic.hr\/portal\/wp-content\/uploads\/2017\/04\/\u0161uker-davor.jpg","datePublished":"2017-04-20T08:15:10+00:00","author":{"@id":"https:\/\/likemetkovic.hr\/#\/schema\/person\/a42711f3385a0e2be6f7e0443bfb28f0"},"breadcrumb":{"@id":"https:\/\/likemetkovic.hr\/imas-dusu-si-nula-covika-pise-ivan-markotic\/#breadcrumb"},"inLanguage":"hr","potentialAction":[{"@type":"ReadAction","target":["https:\/\/likemetkovic.hr\/imas-dusu-si-nula-covika-pise-ivan-markotic\/"]}]},{"@type":"ImageObject","inLanguage":"hr","@id":"https:\/\/likemetkovic.hr\/imas-dusu-si-nula-covika-pise-ivan-markotic\/#primaryimage","url":"https:\/\/likemetkovic.hr\/portal\/wp-content\/uploads\/2017\/04\/\u0161uker-davor.jpg","contentUrl":"https:\/\/likemetkovic.hr\/portal\/wp-content\/uploads\/2017\/04\/\u0161uker-davor.jpg","width":1366,"height":902,"caption":"Zagreb,17.10.2013 (sport) - Davor Suker i Niko Kovac, predstavljanje novog izbornika nogometne reprezentacije foto Davor Kovacevic sport"},{"@type":"BreadcrumbList","@id":"https:\/\/likemetkovic.hr\/imas-dusu-si-nula-covika-pise-ivan-markotic\/#breadcrumb","itemListElement":[{"@type":"ListItem","position":1,"name":"Po\u010detna stranica","item":"https:\/\/likemetkovic.hr\/portal\/"},{"@type":"ListItem","position":2,"name":"&#8220;Ili ima\u0161 du\u0161u ili si nula od \u010dovika&#8221; &#8211; pi\u0161e: Ivan Markoti\u0107"}]},{"@type":"WebSite","@id":"https:\/\/likemetkovic.hr\/#website","url":"https:\/\/likemetkovic.hr\/","name":"likemetkovic.hr","description":"Misli pozitivno... \u010ditaj LIKE","potentialAction":[{"@type":"SearchAction","target":{"@type":"EntryPoint","urlTemplate":"https:\/\/likemetkovic.hr\/?s={search_term_string}"},"query-input":{"@type":"PropertyValueSpecification","valueRequired":true,"valueName":"search_term_string"}}],"inLanguage":"hr"},{"@type":"Person","@id":"https:\/\/likemetkovic.hr\/#\/schema\/person\/a42711f3385a0e2be6f7e0443bfb28f0","name":"LIKEmetkovic.hr","sameAs":["http:\/\/likemetkovic.hr"],"url":"https:\/\/likemetkovic.hr\/portal\/author\/likemetkovic-hr\/"}]}},"_links":{"self":[{"href":"https:\/\/likemetkovic.hr\/portal\/wp-json\/wp\/v2\/posts\/40117","targetHints":{"allow":["GET"]}}],"collection":[{"href":"https:\/\/likemetkovic.hr\/portal\/wp-json\/wp\/v2\/posts"}],"about":[{"href":"https:\/\/likemetkovic.hr\/portal\/wp-json\/wp\/v2\/types\/post"}],"author":[{"embeddable":true,"href":"https:\/\/likemetkovic.hr\/portal\/wp-json\/wp\/v2\/users\/7"}],"replies":[{"embeddable":true,"href":"https:\/\/likemetkovic.hr\/portal\/wp-json\/wp\/v2\/comments?post=40117"}],"version-history":[{"count":0,"href":"https:\/\/likemetkovic.hr\/portal\/wp-json\/wp\/v2\/posts\/40117\/revisions"}],"wp:featuredmedia":[{"embeddable":true,"href":"https:\/\/likemetkovic.hr\/portal\/wp-json\/wp\/v2\/media\/40118"}],"wp:attachment":[{"href":"https:\/\/likemetkovic.hr\/portal\/wp-json\/wp\/v2\/media?parent=40117"}],"wp:term":[{"taxonomy":"category","embeddable":true,"href":"https:\/\/likemetkovic.hr\/portal\/wp-json\/wp\/v2\/categories?post=40117"},{"taxonomy":"post_tag","embeddable":true,"href":"https:\/\/likemetkovic.hr\/portal\/wp-json\/wp\/v2\/tags?post=40117"}],"curies":[{"name":"wp","href":"https:\/\/api.w.org\/{rel}","templated":true}]}}