{"id":40557,"date":"2017-04-29T11:46:25","date_gmt":"2017-04-29T09:46:25","guid":{"rendered":"http:\/\/likemetkovic.hr\/?p=40557"},"modified":"2017-04-29T11:47:58","modified_gmt":"2017-04-29T09:47:58","slug":"metkovic-dolini-neretve-izlozen-gradskom-kulturnom-sredistu","status":"publish","type":"post","link":"https:\/\/likemetkovic.hr\/portal\/metkovic-dolini-neretve-izlozen-gradskom-kulturnom-sredistu\/","title":{"rendered":"&#8216;Metkovi\u0107 u dolini Neretve&#8217; izlo\u017een u Gradskom kulturnom sredi\u0161tu"},"content":{"rendered":"<p align=\"justify\"><span style=\"font-family: Verdana;\"> Tematska izlo\u017eba <i>Metkovi\u0107 u dolini Neretve<\/i>, koja je prva tri mjeseca ove godine bila postavljena u zagreba\u010dkoj Knji\u017enici Medve\u0161\u010dak, sino\u0107 o otvorena u Gradskom kulturnom sredi\u0161tu Metkovi\u0107.<\/span><\/p>\n<p class=\"vijest2\">Okupljene je pozdravio Milan Kapovi\u0107, ravnatelj Ustanove za kulturu i sport, uz Knji\u017enicu Medve\u0161\u010dak suorganizatora te izlo\u017ebe koju prati bogat katalog. Koautor izlo\u017ebe Ivica Puljan objasnio je da nije rije\u010d o klasi\u010dnoj izlo\u017ebi fotografija nego o tematskoj izlo\u017ebi kojom je autorica dr. sc. Milka Tica \u017eeljela slikom i rije\u010dju Zagrep\u010dane upoznati s Metkovi\u0107em i dolinom Neretve. Uz Puljanove fotografije, nastale tijekom ure\u0111ivanja portala metkovic.hr posljednjih petnaestak godina, izlo\u017eene su i povijesne fotografije i zemljovidi, dan je pregled djela poznatih Neretvana, knji\u017eevnika, pjesnika te slikara koje zaokupljala dolina Neretve. Izlo\u017eba prikazuje Metkovi\u0107 i dolinu Neretve uklju\u010duju\u0107i na\u0161u povijest, ba\u0161tinu, kulturu, sport i jo\u0161 puno toga pa joj je smisao postavljanja u Metkovi\u0107u i edukativne naravi. Izlo\u017ebu je otvorila metkovska gradona\u010delnica Katarina Ujdur, kazav\u0161i da joj je to prvi put da drugi put otvara istu izlo\u017ebu, misle\u0107i na dru\u017eenje Metkovaca i Neretvana u povodu te <a href=\"http:\/\/www.metkovic.hr\/vijest2.asp?vijest=10299\"><u><b>izlo\u017ebe u Zagrebu<\/b><\/u><\/a> prije mjesec i pol.\/metkovic.hr\/<\/p>\n\n","protected":false},"excerpt":{"rendered":"<p>Tematska izlo\u017eba Metkovi\u0107 u dolini Neretve, koja je prva tri mjeseca ove godine bila postavljena u zagreba\u010dkoj Knji\u017enici Medve\u0161\u010dak, sino\u0107 o otvorena u Gradskom kulturnom sredi\u0161tu Metkovi\u0107. Okupljene je pozdravio Milan Kapovi\u0107, ravnatelj Ustanove za kulturu i sport, uz Knji\u017enicu Medve\u0161\u010dak suorganizatora te izlo\u017ebe koju prati bogat katalog. Koautor izlo\u017ebe Ivica Puljan objasnio je da [&hellip;]<\/p>\n","protected":false},"author":7,"featured_media":0,"comment_status":"open","ping_status":"open","sticky":false,"template":"","format":"standard","meta":{"footnotes":""},"categories":[283,11],"tags":[682],"class_list":{"0":"post-40557","1":"post","2":"type-post","3":"status-publish","4":"format-standard","6":"category-a","7":"category-metkovic-dolina","8":"tag-metkovic-u-dolini-neretve"},"yoast_head":"<!-- This site is optimized with the Yoast SEO plugin v25.2 - https:\/\/yoast.com\/wordpress\/plugins\/seo\/ -->\n<title>&#039;Metkovi\u0107 u dolini Neretve&#039; izlo\u017een u Gradskom kulturnom sredi\u0161tu - likemetkovic.hr<\/title>\n<meta name=\"robots\" content=\"index, follow, max-snippet:-1, max-image-preview:large, max-video-preview:-1\" \/>\n<link rel=\"canonical\" href=\"https:\/\/likemetkovic.hr\/metkovic-dolini-neretve-izlozen-gradskom-kulturnom-sredistu\/\" \/>\n<meta property=\"og:locale\" content=\"hr_HR\" \/>\n<meta property=\"og:type\" content=\"article\" \/>\n<meta property=\"og:title\" content=\"&#039;Metkovi\u0107 u dolini Neretve&#039; izlo\u017een u Gradskom kulturnom sredi\u0161tu - likemetkovic.hr\" \/>\n<meta property=\"og:description\" content=\"Tematska izlo\u017eba Metkovi\u0107 u dolini Neretve, koja je prva tri mjeseca ove godine bila postavljena u zagreba\u010dkoj Knji\u017enici Medve\u0161\u010dak, sino\u0107 o otvorena u Gradskom kulturnom sredi\u0161tu Metkovi\u0107. Okupljene je pozdravio Milan Kapovi\u0107, ravnatelj Ustanove za kulturu i sport, uz Knji\u017enicu Medve\u0161\u010dak suorganizatora te izlo\u017ebe koju prati bogat katalog. Koautor izlo\u017ebe Ivica Puljan objasnio je da [&hellip;]\" \/>\n<meta property=\"og:url\" content=\"https:\/\/likemetkovic.hr\/metkovic-dolini-neretve-izlozen-gradskom-kulturnom-sredistu\/\" \/>\n<meta property=\"og:site_name\" content=\"likemetkovic.hr\" \/>\n<meta property=\"article:publisher\" content=\"https:\/\/www.facebook.com\/likemetkovic.hr\/\" \/>\n<meta property=\"article:published_time\" content=\"2017-04-29T09:46:25+00:00\" \/>\n<meta property=\"article:modified_time\" content=\"2017-04-29T09:47:58+00:00\" \/>\n<meta name=\"author\" content=\"LIKEmetkovic.hr\" \/>\n<meta name=\"twitter:card\" content=\"summary_large_image\" \/>\n<meta name=\"twitter:label1\" content=\"Napisao\/la\" \/>\n\t<meta name=\"twitter:data1\" content=\"LIKEmetkovic.hr\" \/>\n\t<meta name=\"twitter:label2\" content=\"Procijenjeno vrijeme \u010ditanja\" \/>\n\t<meta name=\"twitter:data2\" content=\"1 minuta\" \/>\n<script type=\"application\/ld+json\" class=\"yoast-schema-graph\">{\"@context\":\"https:\/\/schema.org\",\"@graph\":[{\"@type\":\"WebPage\",\"@id\":\"https:\/\/likemetkovic.hr\/metkovic-dolini-neretve-izlozen-gradskom-kulturnom-sredistu\/\",\"url\":\"https:\/\/likemetkovic.hr\/metkovic-dolini-neretve-izlozen-gradskom-kulturnom-sredistu\/\",\"name\":\"'Metkovi\u0107 u dolini Neretve' izlo\u017een u Gradskom kulturnom sredi\u0161tu - likemetkovic.hr\",\"isPartOf\":{\"@id\":\"https:\/\/likemetkovic.hr\/#website\"},\"datePublished\":\"2017-04-29T09:46:25+00:00\",\"dateModified\":\"2017-04-29T09:47:58+00:00\",\"author\":{\"@id\":\"https:\/\/likemetkovic.hr\/#\/schema\/person\/a42711f3385a0e2be6f7e0443bfb28f0\"},\"breadcrumb\":{\"@id\":\"https:\/\/likemetkovic.hr\/metkovic-dolini-neretve-izlozen-gradskom-kulturnom-sredistu\/#breadcrumb\"},\"inLanguage\":\"hr\",\"potentialAction\":[{\"@type\":\"ReadAction\",\"target\":[\"https:\/\/likemetkovic.hr\/metkovic-dolini-neretve-izlozen-gradskom-kulturnom-sredistu\/\"]}]},{\"@type\":\"BreadcrumbList\",\"@id\":\"https:\/\/likemetkovic.hr\/metkovic-dolini-neretve-izlozen-gradskom-kulturnom-sredistu\/#breadcrumb\",\"itemListElement\":[{\"@type\":\"ListItem\",\"position\":1,\"name\":\"Po\u010detna stranica\",\"item\":\"https:\/\/likemetkovic.hr\/portal\/\"},{\"@type\":\"ListItem\",\"position\":2,\"name\":\"&#8216;Metkovi\u0107 u dolini Neretve&#8217; izlo\u017een u Gradskom kulturnom sredi\u0161tu\"}]},{\"@type\":\"WebSite\",\"@id\":\"https:\/\/likemetkovic.hr\/#website\",\"url\":\"https:\/\/likemetkovic.hr\/\",\"name\":\"likemetkovic.hr\",\"description\":\"Misli pozitivno... \u010ditaj LIKE\",\"potentialAction\":[{\"@type\":\"SearchAction\",\"target\":{\"@type\":\"EntryPoint\",\"urlTemplate\":\"https:\/\/likemetkovic.hr\/?s={search_term_string}\"},\"query-input\":{\"@type\":\"PropertyValueSpecification\",\"valueRequired\":true,\"valueName\":\"search_term_string\"}}],\"inLanguage\":\"hr\"},{\"@type\":\"Person\",\"@id\":\"https:\/\/likemetkovic.hr\/#\/schema\/person\/a42711f3385a0e2be6f7e0443bfb28f0\",\"name\":\"LIKEmetkovic.hr\",\"sameAs\":[\"http:\/\/likemetkovic.hr\"],\"url\":\"https:\/\/likemetkovic.hr\/portal\/author\/likemetkovic-hr\/\"}]}<\/script>\n<!-- \/ Yoast SEO plugin. -->","yoast_head_json":{"title":"'Metkovi\u0107 u dolini Neretve' izlo\u017een u Gradskom kulturnom sredi\u0161tu - likemetkovic.hr","robots":{"index":"index","follow":"follow","max-snippet":"max-snippet:-1","max-image-preview":"max-image-preview:large","max-video-preview":"max-video-preview:-1"},"canonical":"https:\/\/likemetkovic.hr\/metkovic-dolini-neretve-izlozen-gradskom-kulturnom-sredistu\/","og_locale":"hr_HR","og_type":"article","og_title":"'Metkovi\u0107 u dolini Neretve' izlo\u017een u Gradskom kulturnom sredi\u0161tu - likemetkovic.hr","og_description":"Tematska izlo\u017eba Metkovi\u0107 u dolini Neretve, koja je prva tri mjeseca ove godine bila postavljena u zagreba\u010dkoj Knji\u017enici Medve\u0161\u010dak, sino\u0107 o otvorena u Gradskom kulturnom sredi\u0161tu Metkovi\u0107. Okupljene je pozdravio Milan Kapovi\u0107, ravnatelj Ustanove za kulturu i sport, uz Knji\u017enicu Medve\u0161\u010dak suorganizatora te izlo\u017ebe koju prati bogat katalog. Koautor izlo\u017ebe Ivica Puljan objasnio je da [&hellip;]","og_url":"https:\/\/likemetkovic.hr\/metkovic-dolini-neretve-izlozen-gradskom-kulturnom-sredistu\/","og_site_name":"likemetkovic.hr","article_publisher":"https:\/\/www.facebook.com\/likemetkovic.hr\/","article_published_time":"2017-04-29T09:46:25+00:00","article_modified_time":"2017-04-29T09:47:58+00:00","author":"LIKEmetkovic.hr","twitter_card":"summary_large_image","twitter_misc":{"Napisao\/la":"LIKEmetkovic.hr","Procijenjeno vrijeme \u010ditanja":"1 minuta"},"schema":{"@context":"https:\/\/schema.org","@graph":[{"@type":"WebPage","@id":"https:\/\/likemetkovic.hr\/metkovic-dolini-neretve-izlozen-gradskom-kulturnom-sredistu\/","url":"https:\/\/likemetkovic.hr\/metkovic-dolini-neretve-izlozen-gradskom-kulturnom-sredistu\/","name":"'Metkovi\u0107 u dolini Neretve' izlo\u017een u Gradskom kulturnom sredi\u0161tu - likemetkovic.hr","isPartOf":{"@id":"https:\/\/likemetkovic.hr\/#website"},"datePublished":"2017-04-29T09:46:25+00:00","dateModified":"2017-04-29T09:47:58+00:00","author":{"@id":"https:\/\/likemetkovic.hr\/#\/schema\/person\/a42711f3385a0e2be6f7e0443bfb28f0"},"breadcrumb":{"@id":"https:\/\/likemetkovic.hr\/metkovic-dolini-neretve-izlozen-gradskom-kulturnom-sredistu\/#breadcrumb"},"inLanguage":"hr","potentialAction":[{"@type":"ReadAction","target":["https:\/\/likemetkovic.hr\/metkovic-dolini-neretve-izlozen-gradskom-kulturnom-sredistu\/"]}]},{"@type":"BreadcrumbList","@id":"https:\/\/likemetkovic.hr\/metkovic-dolini-neretve-izlozen-gradskom-kulturnom-sredistu\/#breadcrumb","itemListElement":[{"@type":"ListItem","position":1,"name":"Po\u010detna stranica","item":"https:\/\/likemetkovic.hr\/portal\/"},{"@type":"ListItem","position":2,"name":"&#8216;Metkovi\u0107 u dolini Neretve&#8217; izlo\u017een u Gradskom kulturnom sredi\u0161tu"}]},{"@type":"WebSite","@id":"https:\/\/likemetkovic.hr\/#website","url":"https:\/\/likemetkovic.hr\/","name":"likemetkovic.hr","description":"Misli pozitivno... \u010ditaj LIKE","potentialAction":[{"@type":"SearchAction","target":{"@type":"EntryPoint","urlTemplate":"https:\/\/likemetkovic.hr\/?s={search_term_string}"},"query-input":{"@type":"PropertyValueSpecification","valueRequired":true,"valueName":"search_term_string"}}],"inLanguage":"hr"},{"@type":"Person","@id":"https:\/\/likemetkovic.hr\/#\/schema\/person\/a42711f3385a0e2be6f7e0443bfb28f0","name":"LIKEmetkovic.hr","sameAs":["http:\/\/likemetkovic.hr"],"url":"https:\/\/likemetkovic.hr\/portal\/author\/likemetkovic-hr\/"}]}},"_links":{"self":[{"href":"https:\/\/likemetkovic.hr\/portal\/wp-json\/wp\/v2\/posts\/40557","targetHints":{"allow":["GET"]}}],"collection":[{"href":"https:\/\/likemetkovic.hr\/portal\/wp-json\/wp\/v2\/posts"}],"about":[{"href":"https:\/\/likemetkovic.hr\/portal\/wp-json\/wp\/v2\/types\/post"}],"author":[{"embeddable":true,"href":"https:\/\/likemetkovic.hr\/portal\/wp-json\/wp\/v2\/users\/7"}],"replies":[{"embeddable":true,"href":"https:\/\/likemetkovic.hr\/portal\/wp-json\/wp\/v2\/comments?post=40557"}],"version-history":[{"count":0,"href":"https:\/\/likemetkovic.hr\/portal\/wp-json\/wp\/v2\/posts\/40557\/revisions"}],"wp:attachment":[{"href":"https:\/\/likemetkovic.hr\/portal\/wp-json\/wp\/v2\/media?parent=40557"}],"wp:term":[{"taxonomy":"category","embeddable":true,"href":"https:\/\/likemetkovic.hr\/portal\/wp-json\/wp\/v2\/categories?post=40557"},{"taxonomy":"post_tag","embeddable":true,"href":"https:\/\/likemetkovic.hr\/portal\/wp-json\/wp\/v2\/tags?post=40557"}],"curies":[{"name":"wp","href":"https:\/\/api.w.org\/{rel}","templated":true}]}}