{"id":40845,"date":"2017-05-04T14:20:19","date_gmt":"2017-05-04T12:20:19","guid":{"rendered":"http:\/\/likemetkovic.hr\/?p=40845"},"modified":"2017-05-04T14:20:19","modified_gmt":"2017-05-04T12:20:19","slug":"bozo-petrov-podnio-ostavku-mjesto-predsjednika-sabora-rh","status":"publish","type":"post","link":"https:\/\/likemetkovic.hr\/portal\/bozo-petrov-podnio-ostavku-mjesto-predsjednika-sabora-rh\/","title":{"rendered":"Bo\u017eo Petrov podnio ostavku na mjesto predsjednika Sabora RH!"},"content":{"rendered":"<p class=\"story-lead\">Predsjednik Mosta Bo\u017eo Petrov upravio je podnio ostavku na mjesto predsjednika Sabora i tako je izbjegao izglasavanje svojega nepovjerenja.<\/p>\n<p>&#8220;Kriza udara na same temelje hrvatske dr\u017eave, izazvao ju je Andrej Plenkovi\u0107 \u0161tite\u0107i sve \u0161to se doga\u0111alo u Agrokoru, a \u0161to je izazvallo potres u hrvatskom gospodarstvu. Plenkovi\u0107 nema politi\u010dki legitimitet da vodi Vladu jer nema dovoljan broj zastupnika. Sada\u0161nja Vlada je krnja. Glasovanje o Mari\u0107u je vjerojatno gdje su naru\u0161eni svi moralni principi. Otvorilo se pitanje trgovine i kori\u0161tenje institucija za osobne interese. Zbog digniteta Sabora podnosim ostavku na du\u017enost predsjednika Hrvatskog sabora&#8221;, kazao je Petrov nakon dvosatne stanke.<\/p>\n","protected":false},"excerpt":{"rendered":"<p>Predsjednik Mosta Bo\u017eo Petrov upravio je podnio ostavku na mjesto predsjednika Sabora i tako je izbjegao izglasavanje svojega nepovjerenja. &#8220;Kriza udara na same temelje hrvatske dr\u017eave, izazvao ju je Andrej Plenkovi\u0107 \u0161tite\u0107i sve \u0161to se doga\u0111alo u Agrokoru, a \u0161to je izazvallo potres u hrvatskom gospodarstvu. Plenkovi\u0107 nema politi\u010dki legitimitet da vodi Vladu jer nema [&hellip;]<\/p>\n","protected":false},"author":7,"featured_media":40464,"comment_status":"open","ping_status":"open","sticky":false,"template":"","format":"standard","meta":{"footnotes":""},"categories":[296,290],"tags":[],"class_list":{"0":"post-40845","1":"post","2":"type-post","3":"status-publish","4":"format-standard","5":"has-post-thumbnail","7":"category-ab","8":"category-politika"},"yoast_head":"<!-- This site is optimized with the Yoast SEO plugin v25.2 - https:\/\/yoast.com\/wordpress\/plugins\/seo\/ -->\n<title>Bo\u017eo Petrov podnio ostavku na mjesto predsjednika Sabora RH! - likemetkovic.hr<\/title>\n<meta name=\"robots\" content=\"index, follow, max-snippet:-1, max-image-preview:large, max-video-preview:-1\" \/>\n<link rel=\"canonical\" href=\"https:\/\/likemetkovic.hr\/bozo-petrov-podnio-ostavku-mjesto-predsjednika-sabora-rh\/\" \/>\n<meta property=\"og:locale\" content=\"hr_HR\" \/>\n<meta property=\"og:type\" content=\"article\" \/>\n<meta property=\"og:title\" content=\"Bo\u017eo Petrov podnio ostavku na mjesto predsjednika Sabora RH! - likemetkovic.hr\" \/>\n<meta property=\"og:description\" content=\"Predsjednik Mosta Bo\u017eo Petrov upravio je podnio ostavku na mjesto predsjednika Sabora i tako je izbjegao izglasavanje svojega nepovjerenja. &#8220;Kriza udara na same temelje hrvatske dr\u017eave, izazvao ju je Andrej Plenkovi\u0107 \u0161tite\u0107i sve \u0161to se doga\u0111alo u Agrokoru, a \u0161to je izazvallo potres u hrvatskom gospodarstvu. Plenkovi\u0107 nema politi\u010dki legitimitet da vodi Vladu jer nema [&hellip;]\" \/>\n<meta property=\"og:url\" content=\"https:\/\/likemetkovic.hr\/bozo-petrov-podnio-ostavku-mjesto-predsjednika-sabora-rh\/\" \/>\n<meta property=\"og:site_name\" content=\"likemetkovic.hr\" \/>\n<meta property=\"article:publisher\" content=\"https:\/\/www.facebook.com\/likemetkovic.hr\/\" \/>\n<meta property=\"article:published_time\" content=\"2017-05-04T12:20:19+00:00\" \/>\n<meta property=\"og:image\" content=\"https:\/\/likemetkovic.hr\/wp-content\/uploads\/2017\/04\/bo\u017eo.jpg\" \/>\n\t<meta property=\"og:image:width\" content=\"1068\" \/>\n\t<meta property=\"og:image:height\" content=\"600\" \/>\n\t<meta property=\"og:image:type\" content=\"image\/jpeg\" \/>\n<meta name=\"author\" content=\"LIKEmetkovic.hr\" \/>\n<meta name=\"twitter:card\" content=\"summary_large_image\" \/>\n<meta name=\"twitter:label1\" content=\"Napisao\/la\" \/>\n\t<meta name=\"twitter:data1\" content=\"LIKEmetkovic.hr\" \/>\n\t<meta name=\"twitter:label2\" content=\"Procijenjeno vrijeme \u010ditanja\" \/>\n\t<meta name=\"twitter:data2\" content=\"1 minuta\" \/>\n<script type=\"application\/ld+json\" class=\"yoast-schema-graph\">{\"@context\":\"https:\/\/schema.org\",\"@graph\":[{\"@type\":\"WebPage\",\"@id\":\"https:\/\/likemetkovic.hr\/bozo-petrov-podnio-ostavku-mjesto-predsjednika-sabora-rh\/\",\"url\":\"https:\/\/likemetkovic.hr\/bozo-petrov-podnio-ostavku-mjesto-predsjednika-sabora-rh\/\",\"name\":\"Bo\u017eo Petrov podnio ostavku na mjesto predsjednika Sabora RH! - likemetkovic.hr\",\"isPartOf\":{\"@id\":\"https:\/\/likemetkovic.hr\/#website\"},\"primaryImageOfPage\":{\"@id\":\"https:\/\/likemetkovic.hr\/bozo-petrov-podnio-ostavku-mjesto-predsjednika-sabora-rh\/#primaryimage\"},\"image\":{\"@id\":\"https:\/\/likemetkovic.hr\/bozo-petrov-podnio-ostavku-mjesto-predsjednika-sabora-rh\/#primaryimage\"},\"thumbnailUrl\":\"https:\/\/likemetkovic.hr\/portal\/wp-content\/uploads\/2017\/04\/bo\u017eo.jpg\",\"datePublished\":\"2017-05-04T12:20:19+00:00\",\"author\":{\"@id\":\"https:\/\/likemetkovic.hr\/#\/schema\/person\/a42711f3385a0e2be6f7e0443bfb28f0\"},\"breadcrumb\":{\"@id\":\"https:\/\/likemetkovic.hr\/bozo-petrov-podnio-ostavku-mjesto-predsjednika-sabora-rh\/#breadcrumb\"},\"inLanguage\":\"hr\",\"potentialAction\":[{\"@type\":\"ReadAction\",\"target\":[\"https:\/\/likemetkovic.hr\/bozo-petrov-podnio-ostavku-mjesto-predsjednika-sabora-rh\/\"]}]},{\"@type\":\"ImageObject\",\"inLanguage\":\"hr\",\"@id\":\"https:\/\/likemetkovic.hr\/bozo-petrov-podnio-ostavku-mjesto-predsjednika-sabora-rh\/#primaryimage\",\"url\":\"https:\/\/likemetkovic.hr\/portal\/wp-content\/uploads\/2017\/04\/bo\u017eo.jpg\",\"contentUrl\":\"https:\/\/likemetkovic.hr\/portal\/wp-content\/uploads\/2017\/04\/bo\u017eo.jpg\",\"width\":1068,\"height\":600},{\"@type\":\"BreadcrumbList\",\"@id\":\"https:\/\/likemetkovic.hr\/bozo-petrov-podnio-ostavku-mjesto-predsjednika-sabora-rh\/#breadcrumb\",\"itemListElement\":[{\"@type\":\"ListItem\",\"position\":1,\"name\":\"Po\u010detna stranica\",\"item\":\"https:\/\/likemetkovic.hr\/portal\/\"},{\"@type\":\"ListItem\",\"position\":2,\"name\":\"Bo\u017eo Petrov podnio ostavku na mjesto predsjednika Sabora RH!\"}]},{\"@type\":\"WebSite\",\"@id\":\"https:\/\/likemetkovic.hr\/#website\",\"url\":\"https:\/\/likemetkovic.hr\/\",\"name\":\"likemetkovic.hr\",\"description\":\"Misli pozitivno... \u010ditaj LIKE\",\"potentialAction\":[{\"@type\":\"SearchAction\",\"target\":{\"@type\":\"EntryPoint\",\"urlTemplate\":\"https:\/\/likemetkovic.hr\/?s={search_term_string}\"},\"query-input\":{\"@type\":\"PropertyValueSpecification\",\"valueRequired\":true,\"valueName\":\"search_term_string\"}}],\"inLanguage\":\"hr\"},{\"@type\":\"Person\",\"@id\":\"https:\/\/likemetkovic.hr\/#\/schema\/person\/a42711f3385a0e2be6f7e0443bfb28f0\",\"name\":\"LIKEmetkovic.hr\",\"sameAs\":[\"http:\/\/likemetkovic.hr\"],\"url\":\"https:\/\/likemetkovic.hr\/portal\/author\/likemetkovic-hr\/\"}]}<\/script>\n<!-- \/ Yoast SEO plugin. -->","yoast_head_json":{"title":"Bo\u017eo Petrov podnio ostavku na mjesto predsjednika Sabora RH! - likemetkovic.hr","robots":{"index":"index","follow":"follow","max-snippet":"max-snippet:-1","max-image-preview":"max-image-preview:large","max-video-preview":"max-video-preview:-1"},"canonical":"https:\/\/likemetkovic.hr\/bozo-petrov-podnio-ostavku-mjesto-predsjednika-sabora-rh\/","og_locale":"hr_HR","og_type":"article","og_title":"Bo\u017eo Petrov podnio ostavku na mjesto predsjednika Sabora RH! - likemetkovic.hr","og_description":"Predsjednik Mosta Bo\u017eo Petrov upravio je podnio ostavku na mjesto predsjednika Sabora i tako je izbjegao izglasavanje svojega nepovjerenja. &#8220;Kriza udara na same temelje hrvatske dr\u017eave, izazvao ju je Andrej Plenkovi\u0107 \u0161tite\u0107i sve \u0161to se doga\u0111alo u Agrokoru, a \u0161to je izazvallo potres u hrvatskom gospodarstvu. Plenkovi\u0107 nema politi\u010dki legitimitet da vodi Vladu jer nema [&hellip;]","og_url":"https:\/\/likemetkovic.hr\/bozo-petrov-podnio-ostavku-mjesto-predsjednika-sabora-rh\/","og_site_name":"likemetkovic.hr","article_publisher":"https:\/\/www.facebook.com\/likemetkovic.hr\/","article_published_time":"2017-05-04T12:20:19+00:00","og_image":[{"width":1068,"height":600,"url":"https:\/\/likemetkovic.hr\/wp-content\/uploads\/2017\/04\/bo\u017eo.jpg","type":"image\/jpeg"}],"author":"LIKEmetkovic.hr","twitter_card":"summary_large_image","twitter_misc":{"Napisao\/la":"LIKEmetkovic.hr","Procijenjeno vrijeme \u010ditanja":"1 minuta"},"schema":{"@context":"https:\/\/schema.org","@graph":[{"@type":"WebPage","@id":"https:\/\/likemetkovic.hr\/bozo-petrov-podnio-ostavku-mjesto-predsjednika-sabora-rh\/","url":"https:\/\/likemetkovic.hr\/bozo-petrov-podnio-ostavku-mjesto-predsjednika-sabora-rh\/","name":"Bo\u017eo Petrov podnio ostavku na mjesto predsjednika Sabora RH! - likemetkovic.hr","isPartOf":{"@id":"https:\/\/likemetkovic.hr\/#website"},"primaryImageOfPage":{"@id":"https:\/\/likemetkovic.hr\/bozo-petrov-podnio-ostavku-mjesto-predsjednika-sabora-rh\/#primaryimage"},"image":{"@id":"https:\/\/likemetkovic.hr\/bozo-petrov-podnio-ostavku-mjesto-predsjednika-sabora-rh\/#primaryimage"},"thumbnailUrl":"https:\/\/likemetkovic.hr\/portal\/wp-content\/uploads\/2017\/04\/bo\u017eo.jpg","datePublished":"2017-05-04T12:20:19+00:00","author":{"@id":"https:\/\/likemetkovic.hr\/#\/schema\/person\/a42711f3385a0e2be6f7e0443bfb28f0"},"breadcrumb":{"@id":"https:\/\/likemetkovic.hr\/bozo-petrov-podnio-ostavku-mjesto-predsjednika-sabora-rh\/#breadcrumb"},"inLanguage":"hr","potentialAction":[{"@type":"ReadAction","target":["https:\/\/likemetkovic.hr\/bozo-petrov-podnio-ostavku-mjesto-predsjednika-sabora-rh\/"]}]},{"@type":"ImageObject","inLanguage":"hr","@id":"https:\/\/likemetkovic.hr\/bozo-petrov-podnio-ostavku-mjesto-predsjednika-sabora-rh\/#primaryimage","url":"https:\/\/likemetkovic.hr\/portal\/wp-content\/uploads\/2017\/04\/bo\u017eo.jpg","contentUrl":"https:\/\/likemetkovic.hr\/portal\/wp-content\/uploads\/2017\/04\/bo\u017eo.jpg","width":1068,"height":600},{"@type":"BreadcrumbList","@id":"https:\/\/likemetkovic.hr\/bozo-petrov-podnio-ostavku-mjesto-predsjednika-sabora-rh\/#breadcrumb","itemListElement":[{"@type":"ListItem","position":1,"name":"Po\u010detna stranica","item":"https:\/\/likemetkovic.hr\/portal\/"},{"@type":"ListItem","position":2,"name":"Bo\u017eo Petrov podnio ostavku na mjesto predsjednika Sabora RH!"}]},{"@type":"WebSite","@id":"https:\/\/likemetkovic.hr\/#website","url":"https:\/\/likemetkovic.hr\/","name":"likemetkovic.hr","description":"Misli pozitivno... \u010ditaj LIKE","potentialAction":[{"@type":"SearchAction","target":{"@type":"EntryPoint","urlTemplate":"https:\/\/likemetkovic.hr\/?s={search_term_string}"},"query-input":{"@type":"PropertyValueSpecification","valueRequired":true,"valueName":"search_term_string"}}],"inLanguage":"hr"},{"@type":"Person","@id":"https:\/\/likemetkovic.hr\/#\/schema\/person\/a42711f3385a0e2be6f7e0443bfb28f0","name":"LIKEmetkovic.hr","sameAs":["http:\/\/likemetkovic.hr"],"url":"https:\/\/likemetkovic.hr\/portal\/author\/likemetkovic-hr\/"}]}},"_links":{"self":[{"href":"https:\/\/likemetkovic.hr\/portal\/wp-json\/wp\/v2\/posts\/40845","targetHints":{"allow":["GET"]}}],"collection":[{"href":"https:\/\/likemetkovic.hr\/portal\/wp-json\/wp\/v2\/posts"}],"about":[{"href":"https:\/\/likemetkovic.hr\/portal\/wp-json\/wp\/v2\/types\/post"}],"author":[{"embeddable":true,"href":"https:\/\/likemetkovic.hr\/portal\/wp-json\/wp\/v2\/users\/7"}],"replies":[{"embeddable":true,"href":"https:\/\/likemetkovic.hr\/portal\/wp-json\/wp\/v2\/comments?post=40845"}],"version-history":[{"count":0,"href":"https:\/\/likemetkovic.hr\/portal\/wp-json\/wp\/v2\/posts\/40845\/revisions"}],"wp:featuredmedia":[{"embeddable":true,"href":"https:\/\/likemetkovic.hr\/portal\/wp-json\/wp\/v2\/media\/40464"}],"wp:attachment":[{"href":"https:\/\/likemetkovic.hr\/portal\/wp-json\/wp\/v2\/media?parent=40845"}],"wp:term":[{"taxonomy":"category","embeddable":true,"href":"https:\/\/likemetkovic.hr\/portal\/wp-json\/wp\/v2\/categories?post=40845"},{"taxonomy":"post_tag","embeddable":true,"href":"https:\/\/likemetkovic.hr\/portal\/wp-json\/wp\/v2\/tags?post=40845"}],"curies":[{"name":"wp","href":"https:\/\/api.w.org\/{rel}","templated":true}]}}