{"id":40874,"date":"2017-05-04T23:51:20","date_gmt":"2017-05-04T21:51:20","guid":{"rendered":"http:\/\/likemetkovic.hr\/?p=40874"},"modified":"2017-05-04T23:51:20","modified_gmt":"2017-05-04T21:51:20","slug":"rade-nikoletic-zdravka-barisic-kuranovi-zamjenici","status":"publish","type":"post","link":"https:\/\/likemetkovic.hr\/portal\/rade-nikoletic-zdravka-barisic-kuranovi-zamjenici\/","title":{"rendered":"Rade Nikoleti\u0107 i Zdravka Bari\u0161i\u0107 Kuranovi zamjenici"},"content":{"rendered":"<p align=\"justify\"><span style=\"font-family: Verdana;\">Danas je u strana\u010dkim prostorijama gradona\u010delni\u010dki kandidat SDP-a na lokalnim izborima Kre\u0161imir Kuran predstavio svoje zamjenike <strong>Radu Nikoleti\u0107a<\/strong> i <strong>Zdravku Bari\u0161i\u0107<\/strong>.<\/span><\/p>\n<p class=\"vijest2\"><span style=\"font-family: Verdana;\">U svome obra\u0107anju Kuran je istaknuo da su jutros predali njegovu kandidaturu za gradona\u010delnika i Kandidacijsku listu za Gradsko vije\u0107e. O svojim je zamjenicima kazao da vjeruje u njihove sposobnosti te smatra da su dovoljno stru\u010dni da doprinesu pozitivnim promjenama u Metkovi\u0107u.<\/span><\/p>\n<p class=\"vijest2\"><span style=\"font-family: Verdana;\">Rade Nikoleti\u0107 se predstavio kao srednjo\u0161kolski profesor koji predaje predmete vezane za turizam i ugostiteljstvo. Drago mu je \u0161to su ga metkovski HSU i SDP predlo\u017eili za zamjenika gradona\u010delnika. Kandidaturu prihvatio jer smatra da se Metkovi\u0107 nalazi u lo\u0161oj gospodarskoj situaciji. Svojim znanjem, iskustvom i idejama nastojat \u0107e potaknuti pozitivne promjene u Metkovi\u0107u.<\/span><\/p>\n<p class=\"vijest2\"><span style=\"font-family: Verdana;\">Zdravka Bari\u0161i\u0107 je rekla da je ro\u0111ena Metkovka i da vodi vlastiti obrt. Nadalje je zahvalila SDP-u i HSU-u te Forumu \u017eena SDP-a na ukazanome povjerenju. Kao \u010dlanici Foruma \u017eena iznimno joj je drago \u0161to su se ispunile kvote \u017eena na koalicijskoj listi, a ujedno je zabrinjava velika nezaposlenost \u017eena u Metkovi\u0107u.\/metkovic.hr\/<\/span><\/p>\n","protected":false},"excerpt":{"rendered":"<p>Danas je u strana\u010dkim prostorijama gradona\u010delni\u010dki kandidat SDP-a na lokalnim izborima Kre\u0161imir Kuran predstavio svoje zamjenike Radu Nikoleti\u0107a i Zdravku Bari\u0161i\u0107. U svome obra\u0107anju Kuran je istaknuo da su jutros predali njegovu kandidaturu za gradona\u010delnika i Kandidacijsku listu za Gradsko vije\u0107e. O svojim je zamjenicima kazao da vjeruje u njihove sposobnosti te smatra da su [&hellip;]<\/p>\n","protected":false},"author":7,"featured_media":0,"comment_status":"open","ping_status":"open","sticky":false,"template":"","format":"standard","meta":{"footnotes":""},"categories":[283],"tags":[363,548,361,702],"class_list":{"0":"post-40874","1":"post","2":"type-post","3":"status-publish","4":"format-standard","6":"category-a","7":"tag-kresimir-kuran","8":"tag-rade-nikoletic","9":"tag-sdp-metkovic","10":"tag-zdravka-barisic"},"yoast_head":"<!-- This site is optimized with the Yoast SEO plugin v25.2 - https:\/\/yoast.com\/wordpress\/plugins\/seo\/ -->\n<title>Rade Nikoleti\u0107 i Zdravka Bari\u0161i\u0107 Kuranovi zamjenici - likemetkovic.hr<\/title>\n<meta name=\"robots\" content=\"index, follow, max-snippet:-1, max-image-preview:large, max-video-preview:-1\" \/>\n<link rel=\"canonical\" href=\"https:\/\/likemetkovic.hr\/rade-nikoletic-zdravka-barisic-kuranovi-zamjenici\/\" \/>\n<meta property=\"og:locale\" content=\"hr_HR\" \/>\n<meta property=\"og:type\" content=\"article\" \/>\n<meta property=\"og:title\" content=\"Rade Nikoleti\u0107 i Zdravka Bari\u0161i\u0107 Kuranovi zamjenici - likemetkovic.hr\" \/>\n<meta property=\"og:description\" content=\"Danas je u strana\u010dkim prostorijama gradona\u010delni\u010dki kandidat SDP-a na lokalnim izborima Kre\u0161imir Kuran predstavio svoje zamjenike Radu Nikoleti\u0107a i Zdravku Bari\u0161i\u0107. U svome obra\u0107anju Kuran je istaknuo da su jutros predali njegovu kandidaturu za gradona\u010delnika i Kandidacijsku listu za Gradsko vije\u0107e. O svojim je zamjenicima kazao da vjeruje u njihove sposobnosti te smatra da su [&hellip;]\" \/>\n<meta property=\"og:url\" content=\"https:\/\/likemetkovic.hr\/rade-nikoletic-zdravka-barisic-kuranovi-zamjenici\/\" \/>\n<meta property=\"og:site_name\" content=\"likemetkovic.hr\" \/>\n<meta property=\"article:publisher\" content=\"https:\/\/www.facebook.com\/likemetkovic.hr\/\" \/>\n<meta property=\"article:published_time\" content=\"2017-05-04T21:51:20+00:00\" \/>\n<meta name=\"author\" content=\"LIKEmetkovic.hr\" \/>\n<meta name=\"twitter:card\" content=\"summary_large_image\" \/>\n<meta name=\"twitter:label1\" content=\"Napisao\/la\" \/>\n\t<meta name=\"twitter:data1\" content=\"LIKEmetkovic.hr\" \/>\n\t<meta name=\"twitter:label2\" content=\"Procijenjeno vrijeme \u010ditanja\" \/>\n\t<meta name=\"twitter:data2\" content=\"1 minuta\" \/>\n<script type=\"application\/ld+json\" class=\"yoast-schema-graph\">{\"@context\":\"https:\/\/schema.org\",\"@graph\":[{\"@type\":\"WebPage\",\"@id\":\"https:\/\/likemetkovic.hr\/rade-nikoletic-zdravka-barisic-kuranovi-zamjenici\/\",\"url\":\"https:\/\/likemetkovic.hr\/rade-nikoletic-zdravka-barisic-kuranovi-zamjenici\/\",\"name\":\"Rade Nikoleti\u0107 i Zdravka Bari\u0161i\u0107 Kuranovi zamjenici - likemetkovic.hr\",\"isPartOf\":{\"@id\":\"https:\/\/likemetkovic.hr\/#website\"},\"datePublished\":\"2017-05-04T21:51:20+00:00\",\"author\":{\"@id\":\"https:\/\/likemetkovic.hr\/#\/schema\/person\/a42711f3385a0e2be6f7e0443bfb28f0\"},\"breadcrumb\":{\"@id\":\"https:\/\/likemetkovic.hr\/rade-nikoletic-zdravka-barisic-kuranovi-zamjenici\/#breadcrumb\"},\"inLanguage\":\"hr\",\"potentialAction\":[{\"@type\":\"ReadAction\",\"target\":[\"https:\/\/likemetkovic.hr\/rade-nikoletic-zdravka-barisic-kuranovi-zamjenici\/\"]}]},{\"@type\":\"BreadcrumbList\",\"@id\":\"https:\/\/likemetkovic.hr\/rade-nikoletic-zdravka-barisic-kuranovi-zamjenici\/#breadcrumb\",\"itemListElement\":[{\"@type\":\"ListItem\",\"position\":1,\"name\":\"Po\u010detna stranica\",\"item\":\"https:\/\/likemetkovic.hr\/portal\/\"},{\"@type\":\"ListItem\",\"position\":2,\"name\":\"Rade Nikoleti\u0107 i Zdravka Bari\u0161i\u0107 Kuranovi zamjenici\"}]},{\"@type\":\"WebSite\",\"@id\":\"https:\/\/likemetkovic.hr\/#website\",\"url\":\"https:\/\/likemetkovic.hr\/\",\"name\":\"likemetkovic.hr\",\"description\":\"Misli pozitivno... \u010ditaj LIKE\",\"potentialAction\":[{\"@type\":\"SearchAction\",\"target\":{\"@type\":\"EntryPoint\",\"urlTemplate\":\"https:\/\/likemetkovic.hr\/?s={search_term_string}\"},\"query-input\":{\"@type\":\"PropertyValueSpecification\",\"valueRequired\":true,\"valueName\":\"search_term_string\"}}],\"inLanguage\":\"hr\"},{\"@type\":\"Person\",\"@id\":\"https:\/\/likemetkovic.hr\/#\/schema\/person\/a42711f3385a0e2be6f7e0443bfb28f0\",\"name\":\"LIKEmetkovic.hr\",\"sameAs\":[\"http:\/\/likemetkovic.hr\"],\"url\":\"https:\/\/likemetkovic.hr\/portal\/author\/likemetkovic-hr\/\"}]}<\/script>\n<!-- \/ Yoast SEO plugin. -->","yoast_head_json":{"title":"Rade Nikoleti\u0107 i Zdravka Bari\u0161i\u0107 Kuranovi zamjenici - likemetkovic.hr","robots":{"index":"index","follow":"follow","max-snippet":"max-snippet:-1","max-image-preview":"max-image-preview:large","max-video-preview":"max-video-preview:-1"},"canonical":"https:\/\/likemetkovic.hr\/rade-nikoletic-zdravka-barisic-kuranovi-zamjenici\/","og_locale":"hr_HR","og_type":"article","og_title":"Rade Nikoleti\u0107 i Zdravka Bari\u0161i\u0107 Kuranovi zamjenici - likemetkovic.hr","og_description":"Danas je u strana\u010dkim prostorijama gradona\u010delni\u010dki kandidat SDP-a na lokalnim izborima Kre\u0161imir Kuran predstavio svoje zamjenike Radu Nikoleti\u0107a i Zdravku Bari\u0161i\u0107. U svome obra\u0107anju Kuran je istaknuo da su jutros predali njegovu kandidaturu za gradona\u010delnika i Kandidacijsku listu za Gradsko vije\u0107e. O svojim je zamjenicima kazao da vjeruje u njihove sposobnosti te smatra da su [&hellip;]","og_url":"https:\/\/likemetkovic.hr\/rade-nikoletic-zdravka-barisic-kuranovi-zamjenici\/","og_site_name":"likemetkovic.hr","article_publisher":"https:\/\/www.facebook.com\/likemetkovic.hr\/","article_published_time":"2017-05-04T21:51:20+00:00","author":"LIKEmetkovic.hr","twitter_card":"summary_large_image","twitter_misc":{"Napisao\/la":"LIKEmetkovic.hr","Procijenjeno vrijeme \u010ditanja":"1 minuta"},"schema":{"@context":"https:\/\/schema.org","@graph":[{"@type":"WebPage","@id":"https:\/\/likemetkovic.hr\/rade-nikoletic-zdravka-barisic-kuranovi-zamjenici\/","url":"https:\/\/likemetkovic.hr\/rade-nikoletic-zdravka-barisic-kuranovi-zamjenici\/","name":"Rade Nikoleti\u0107 i Zdravka Bari\u0161i\u0107 Kuranovi zamjenici - likemetkovic.hr","isPartOf":{"@id":"https:\/\/likemetkovic.hr\/#website"},"datePublished":"2017-05-04T21:51:20+00:00","author":{"@id":"https:\/\/likemetkovic.hr\/#\/schema\/person\/a42711f3385a0e2be6f7e0443bfb28f0"},"breadcrumb":{"@id":"https:\/\/likemetkovic.hr\/rade-nikoletic-zdravka-barisic-kuranovi-zamjenici\/#breadcrumb"},"inLanguage":"hr","potentialAction":[{"@type":"ReadAction","target":["https:\/\/likemetkovic.hr\/rade-nikoletic-zdravka-barisic-kuranovi-zamjenici\/"]}]},{"@type":"BreadcrumbList","@id":"https:\/\/likemetkovic.hr\/rade-nikoletic-zdravka-barisic-kuranovi-zamjenici\/#breadcrumb","itemListElement":[{"@type":"ListItem","position":1,"name":"Po\u010detna stranica","item":"https:\/\/likemetkovic.hr\/portal\/"},{"@type":"ListItem","position":2,"name":"Rade Nikoleti\u0107 i Zdravka Bari\u0161i\u0107 Kuranovi zamjenici"}]},{"@type":"WebSite","@id":"https:\/\/likemetkovic.hr\/#website","url":"https:\/\/likemetkovic.hr\/","name":"likemetkovic.hr","description":"Misli pozitivno... \u010ditaj LIKE","potentialAction":[{"@type":"SearchAction","target":{"@type":"EntryPoint","urlTemplate":"https:\/\/likemetkovic.hr\/?s={search_term_string}"},"query-input":{"@type":"PropertyValueSpecification","valueRequired":true,"valueName":"search_term_string"}}],"inLanguage":"hr"},{"@type":"Person","@id":"https:\/\/likemetkovic.hr\/#\/schema\/person\/a42711f3385a0e2be6f7e0443bfb28f0","name":"LIKEmetkovic.hr","sameAs":["http:\/\/likemetkovic.hr"],"url":"https:\/\/likemetkovic.hr\/portal\/author\/likemetkovic-hr\/"}]}},"_links":{"self":[{"href":"https:\/\/likemetkovic.hr\/portal\/wp-json\/wp\/v2\/posts\/40874","targetHints":{"allow":["GET"]}}],"collection":[{"href":"https:\/\/likemetkovic.hr\/portal\/wp-json\/wp\/v2\/posts"}],"about":[{"href":"https:\/\/likemetkovic.hr\/portal\/wp-json\/wp\/v2\/types\/post"}],"author":[{"embeddable":true,"href":"https:\/\/likemetkovic.hr\/portal\/wp-json\/wp\/v2\/users\/7"}],"replies":[{"embeddable":true,"href":"https:\/\/likemetkovic.hr\/portal\/wp-json\/wp\/v2\/comments?post=40874"}],"version-history":[{"count":0,"href":"https:\/\/likemetkovic.hr\/portal\/wp-json\/wp\/v2\/posts\/40874\/revisions"}],"wp:attachment":[{"href":"https:\/\/likemetkovic.hr\/portal\/wp-json\/wp\/v2\/media?parent=40874"}],"wp:term":[{"taxonomy":"category","embeddable":true,"href":"https:\/\/likemetkovic.hr\/portal\/wp-json\/wp\/v2\/categories?post=40874"},{"taxonomy":"post_tag","embeddable":true,"href":"https:\/\/likemetkovic.hr\/portal\/wp-json\/wp\/v2\/tags?post=40874"}],"curies":[{"name":"wp","href":"https:\/\/api.w.org\/{rel}","templated":true}]}}