{"id":40920,"date":"2017-05-06T00:43:49","date_gmt":"2017-05-05T22:43:49","guid":{"rendered":"http:\/\/likemetkovic.hr\/?p=40920"},"modified":"2017-05-06T10:59:58","modified_gmt":"2017-05-06T08:59:58","slug":"foto-bozo-petrov-nikola-grmoja-docekani-ovacijama-san-se-ne-moze-kupiti-obraz-se-ne-moze-platiti","status":"publish","type":"post","link":"https:\/\/likemetkovic.hr\/portal\/foto-bozo-petrov-nikola-grmoja-docekani-ovacijama-san-se-ne-moze-kupiti-obraz-se-ne-moze-platiti\/","title":{"rendered":"[FOTO\/VIDEO] Bo\u017eo Petrov i Nikola Grmoja do\u010dekani sa ovacijama: &#8216;San se ne mo\u017ee kupiti, obraz se ne mo\u017ee platiti!&#8217;"},"content":{"rendered":"<p>Nakon burnog tjedna u Hrvatskom saboru, <b>Bo\u017eo Petrov<\/b> i<b> Nikola Grmoja<\/b> vratili su se svojim ku\u0107ama u Metkovi\u0107. Organiziran im\u00a0je\u00a0do\u010dek ispred Mostovog sto\u017eera na autobusnom kolodvoru na kojem se skupilo mno\u0161tvo ljudi, a\u00a0<b>Katarina Ujdur<\/b>\u00a0je poru\u010dila:<\/p>\n<p><em>&#8211; Moje srce je prepuno, ja sam presretna zbog ova dva \u010dovjeka, imamo dva ponosna saborska zastupnika, dva velika srca Metkovi\u0107a!<\/em><\/p>\n<p><strong>Nikola Grmoja:<\/strong><\/p>\n<p><em>&#8211; Hvala vam od srca. Napravili smo sve u najboljoj vjeri, nismo izdali one vrijednosti i ideale zbog kojih smo u\u0161li u politiku. Pale su danas sve maske, cijela Hrvatska je vidjela tko \u010dini tu navodnu ve\u0107inu koja je kupovana na saborskim hodnicima. Postavljamo nove temelje za gradnju jedne bolje Hrvatske.<\/em><\/p>\n<p><strong>Bo\u017eo Petrov:<\/strong><\/p>\n<p><em>&#8211; Metkovi\u0107 izgleda cijeni ono \u0161to je najva\u017enije. U\u0161li smo u politiku da doka\u017eemo da politika mo\u017ee biti druga\u010dija. Mo\u017eete sve imati, ali san se ne mo\u017ee kupiti, obraz se ne mo\u017ee platiti. Danas je najtu\u017eniji dan u Hrvatskom saboru. Vidjelo se koliko ko\u0161ta politika u Hrvatskoj, ali vidjelo se i da postoje ljudi koji se ne mogu prodati i koji nemaju svoje gazde, a to je onih 15 saborskih zastupnika Mosta.<\/em><\/p>\n\n<p>[fbvideo link=&#8221;https:\/\/www.facebook.com\/likemetkovic.hr\/videos\/1522321374508163\/&#8221; width=&#8221;500&#8243; height=&#8221;400&#8243; onlyvideo=&#8221;1&#8243;]<\/p>\n","protected":false},"excerpt":{"rendered":"<p>Nakon burnog tjedna u Hrvatskom saboru, Bo\u017eo Petrov i Nikola Grmoja vratili su se svojim ku\u0107ama u Metkovi\u0107. Organiziran im\u00a0je\u00a0do\u010dek ispred Mostovog sto\u017eera na autobusnom kolodvoru na kojem se skupilo mno\u0161tvo ljudi, a\u00a0Katarina Ujdur\u00a0je poru\u010dila: &#8211; Moje srce je prepuno, ja sam presretna zbog ova dva \u010dovjeka, imamo dva ponosna saborska zastupnika, dva velika srca [&hellip;]<\/p>\n","protected":false},"author":7,"featured_media":0,"comment_status":"open","ping_status":"open","sticky":false,"template":"","format":"standard","meta":{"footnotes":""},"categories":[283,290],"tags":[],"class_list":{"0":"post-40920","1":"post","2":"type-post","3":"status-publish","4":"format-standard","6":"category-a","7":"category-politika"},"yoast_head":"<!-- This site is optimized with the Yoast SEO plugin v25.2 - https:\/\/yoast.com\/wordpress\/plugins\/seo\/ -->\n<title>[FOTO\/VIDEO] Bo\u017eo Petrov i Nikola Grmoja do\u010dekani sa ovacijama: &#039;San se ne mo\u017ee kupiti, obraz se ne mo\u017ee platiti!&#039; - likemetkovic.hr<\/title>\n<meta name=\"robots\" content=\"index, follow, max-snippet:-1, max-image-preview:large, max-video-preview:-1\" \/>\n<link rel=\"canonical\" href=\"https:\/\/likemetkovic.hr\/foto-bozo-petrov-nikola-grmoja-docekani-ovacijama-san-se-ne-moze-kupiti-obraz-se-ne-moze-platiti\/\" \/>\n<meta property=\"og:locale\" content=\"hr_HR\" \/>\n<meta property=\"og:type\" content=\"article\" \/>\n<meta property=\"og:title\" content=\"[FOTO\/VIDEO] Bo\u017eo Petrov i Nikola Grmoja do\u010dekani sa ovacijama: &#039;San se ne mo\u017ee kupiti, obraz se ne mo\u017ee platiti!&#039; - likemetkovic.hr\" \/>\n<meta property=\"og:description\" content=\"Nakon burnog tjedna u Hrvatskom saboru, Bo\u017eo Petrov i Nikola Grmoja vratili su se svojim ku\u0107ama u Metkovi\u0107. Organiziran im\u00a0je\u00a0do\u010dek ispred Mostovog sto\u017eera na autobusnom kolodvoru na kojem se skupilo mno\u0161tvo ljudi, a\u00a0Katarina Ujdur\u00a0je poru\u010dila: &#8211; Moje srce je prepuno, ja sam presretna zbog ova dva \u010dovjeka, imamo dva ponosna saborska zastupnika, dva velika srca [&hellip;]\" \/>\n<meta property=\"og:url\" content=\"https:\/\/likemetkovic.hr\/foto-bozo-petrov-nikola-grmoja-docekani-ovacijama-san-se-ne-moze-kupiti-obraz-se-ne-moze-platiti\/\" \/>\n<meta property=\"og:site_name\" content=\"likemetkovic.hr\" \/>\n<meta property=\"article:publisher\" content=\"https:\/\/www.facebook.com\/likemetkovic.hr\/\" \/>\n<meta property=\"article:published_time\" content=\"2017-05-05T22:43:49+00:00\" \/>\n<meta property=\"article:modified_time\" content=\"2017-05-06T08:59:58+00:00\" \/>\n<meta name=\"author\" content=\"LIKEmetkovic.hr\" \/>\n<meta name=\"twitter:card\" content=\"summary_large_image\" \/>\n<meta name=\"twitter:label1\" content=\"Napisao\/la\" \/>\n\t<meta name=\"twitter:data1\" content=\"LIKEmetkovic.hr\" \/>\n\t<meta name=\"twitter:label2\" content=\"Procijenjeno vrijeme \u010ditanja\" \/>\n\t<meta name=\"twitter:data2\" content=\"1 minuta\" \/>\n<script type=\"application\/ld+json\" class=\"yoast-schema-graph\">{\"@context\":\"https:\/\/schema.org\",\"@graph\":[{\"@type\":\"WebPage\",\"@id\":\"https:\/\/likemetkovic.hr\/foto-bozo-petrov-nikola-grmoja-docekani-ovacijama-san-se-ne-moze-kupiti-obraz-se-ne-moze-platiti\/\",\"url\":\"https:\/\/likemetkovic.hr\/foto-bozo-petrov-nikola-grmoja-docekani-ovacijama-san-se-ne-moze-kupiti-obraz-se-ne-moze-platiti\/\",\"name\":\"[FOTO\/VIDEO] Bo\u017eo Petrov i Nikola Grmoja do\u010dekani sa ovacijama: 'San se ne mo\u017ee kupiti, obraz se ne mo\u017ee platiti!' - likemetkovic.hr\",\"isPartOf\":{\"@id\":\"https:\/\/likemetkovic.hr\/#website\"},\"datePublished\":\"2017-05-05T22:43:49+00:00\",\"dateModified\":\"2017-05-06T08:59:58+00:00\",\"author\":{\"@id\":\"https:\/\/likemetkovic.hr\/#\/schema\/person\/a42711f3385a0e2be6f7e0443bfb28f0\"},\"breadcrumb\":{\"@id\":\"https:\/\/likemetkovic.hr\/foto-bozo-petrov-nikola-grmoja-docekani-ovacijama-san-se-ne-moze-kupiti-obraz-se-ne-moze-platiti\/#breadcrumb\"},\"inLanguage\":\"hr\",\"potentialAction\":[{\"@type\":\"ReadAction\",\"target\":[\"https:\/\/likemetkovic.hr\/foto-bozo-petrov-nikola-grmoja-docekani-ovacijama-san-se-ne-moze-kupiti-obraz-se-ne-moze-platiti\/\"]}]},{\"@type\":\"BreadcrumbList\",\"@id\":\"https:\/\/likemetkovic.hr\/foto-bozo-petrov-nikola-grmoja-docekani-ovacijama-san-se-ne-moze-kupiti-obraz-se-ne-moze-platiti\/#breadcrumb\",\"itemListElement\":[{\"@type\":\"ListItem\",\"position\":1,\"name\":\"Po\u010detna stranica\",\"item\":\"https:\/\/likemetkovic.hr\/portal\/\"},{\"@type\":\"ListItem\",\"position\":2,\"name\":\"[FOTO\/VIDEO] Bo\u017eo Petrov i Nikola Grmoja do\u010dekani sa ovacijama: &#8216;San se ne mo\u017ee kupiti, obraz se ne mo\u017ee platiti!&#8217;\"}]},{\"@type\":\"WebSite\",\"@id\":\"https:\/\/likemetkovic.hr\/#website\",\"url\":\"https:\/\/likemetkovic.hr\/\",\"name\":\"likemetkovic.hr\",\"description\":\"Misli pozitivno... \u010ditaj LIKE\",\"potentialAction\":[{\"@type\":\"SearchAction\",\"target\":{\"@type\":\"EntryPoint\",\"urlTemplate\":\"https:\/\/likemetkovic.hr\/?s={search_term_string}\"},\"query-input\":{\"@type\":\"PropertyValueSpecification\",\"valueRequired\":true,\"valueName\":\"search_term_string\"}}],\"inLanguage\":\"hr\"},{\"@type\":\"Person\",\"@id\":\"https:\/\/likemetkovic.hr\/#\/schema\/person\/a42711f3385a0e2be6f7e0443bfb28f0\",\"name\":\"LIKEmetkovic.hr\",\"sameAs\":[\"http:\/\/likemetkovic.hr\"],\"url\":\"https:\/\/likemetkovic.hr\/portal\/author\/likemetkovic-hr\/\"}]}<\/script>\n<!-- \/ Yoast SEO plugin. -->","yoast_head_json":{"title":"[FOTO\/VIDEO] Bo\u017eo Petrov i Nikola Grmoja do\u010dekani sa ovacijama: 'San se ne mo\u017ee kupiti, obraz se ne mo\u017ee platiti!' - likemetkovic.hr","robots":{"index":"index","follow":"follow","max-snippet":"max-snippet:-1","max-image-preview":"max-image-preview:large","max-video-preview":"max-video-preview:-1"},"canonical":"https:\/\/likemetkovic.hr\/foto-bozo-petrov-nikola-grmoja-docekani-ovacijama-san-se-ne-moze-kupiti-obraz-se-ne-moze-platiti\/","og_locale":"hr_HR","og_type":"article","og_title":"[FOTO\/VIDEO] Bo\u017eo Petrov i Nikola Grmoja do\u010dekani sa ovacijama: 'San se ne mo\u017ee kupiti, obraz se ne mo\u017ee platiti!' - likemetkovic.hr","og_description":"Nakon burnog tjedna u Hrvatskom saboru, Bo\u017eo Petrov i Nikola Grmoja vratili su se svojim ku\u0107ama u Metkovi\u0107. Organiziran im\u00a0je\u00a0do\u010dek ispred Mostovog sto\u017eera na autobusnom kolodvoru na kojem se skupilo mno\u0161tvo ljudi, a\u00a0Katarina Ujdur\u00a0je poru\u010dila: &#8211; Moje srce je prepuno, ja sam presretna zbog ova dva \u010dovjeka, imamo dva ponosna saborska zastupnika, dva velika srca [&hellip;]","og_url":"https:\/\/likemetkovic.hr\/foto-bozo-petrov-nikola-grmoja-docekani-ovacijama-san-se-ne-moze-kupiti-obraz-se-ne-moze-platiti\/","og_site_name":"likemetkovic.hr","article_publisher":"https:\/\/www.facebook.com\/likemetkovic.hr\/","article_published_time":"2017-05-05T22:43:49+00:00","article_modified_time":"2017-05-06T08:59:58+00:00","author":"LIKEmetkovic.hr","twitter_card":"summary_large_image","twitter_misc":{"Napisao\/la":"LIKEmetkovic.hr","Procijenjeno vrijeme \u010ditanja":"1 minuta"},"schema":{"@context":"https:\/\/schema.org","@graph":[{"@type":"WebPage","@id":"https:\/\/likemetkovic.hr\/foto-bozo-petrov-nikola-grmoja-docekani-ovacijama-san-se-ne-moze-kupiti-obraz-se-ne-moze-platiti\/","url":"https:\/\/likemetkovic.hr\/foto-bozo-petrov-nikola-grmoja-docekani-ovacijama-san-se-ne-moze-kupiti-obraz-se-ne-moze-platiti\/","name":"[FOTO\/VIDEO] Bo\u017eo Petrov i Nikola Grmoja do\u010dekani sa ovacijama: 'San se ne mo\u017ee kupiti, obraz se ne mo\u017ee platiti!' - likemetkovic.hr","isPartOf":{"@id":"https:\/\/likemetkovic.hr\/#website"},"datePublished":"2017-05-05T22:43:49+00:00","dateModified":"2017-05-06T08:59:58+00:00","author":{"@id":"https:\/\/likemetkovic.hr\/#\/schema\/person\/a42711f3385a0e2be6f7e0443bfb28f0"},"breadcrumb":{"@id":"https:\/\/likemetkovic.hr\/foto-bozo-petrov-nikola-grmoja-docekani-ovacijama-san-se-ne-moze-kupiti-obraz-se-ne-moze-platiti\/#breadcrumb"},"inLanguage":"hr","potentialAction":[{"@type":"ReadAction","target":["https:\/\/likemetkovic.hr\/foto-bozo-petrov-nikola-grmoja-docekani-ovacijama-san-se-ne-moze-kupiti-obraz-se-ne-moze-platiti\/"]}]},{"@type":"BreadcrumbList","@id":"https:\/\/likemetkovic.hr\/foto-bozo-petrov-nikola-grmoja-docekani-ovacijama-san-se-ne-moze-kupiti-obraz-se-ne-moze-platiti\/#breadcrumb","itemListElement":[{"@type":"ListItem","position":1,"name":"Po\u010detna stranica","item":"https:\/\/likemetkovic.hr\/portal\/"},{"@type":"ListItem","position":2,"name":"[FOTO\/VIDEO] Bo\u017eo Petrov i Nikola Grmoja do\u010dekani sa ovacijama: &#8216;San se ne mo\u017ee kupiti, obraz se ne mo\u017ee platiti!&#8217;"}]},{"@type":"WebSite","@id":"https:\/\/likemetkovic.hr\/#website","url":"https:\/\/likemetkovic.hr\/","name":"likemetkovic.hr","description":"Misli pozitivno... \u010ditaj LIKE","potentialAction":[{"@type":"SearchAction","target":{"@type":"EntryPoint","urlTemplate":"https:\/\/likemetkovic.hr\/?s={search_term_string}"},"query-input":{"@type":"PropertyValueSpecification","valueRequired":true,"valueName":"search_term_string"}}],"inLanguage":"hr"},{"@type":"Person","@id":"https:\/\/likemetkovic.hr\/#\/schema\/person\/a42711f3385a0e2be6f7e0443bfb28f0","name":"LIKEmetkovic.hr","sameAs":["http:\/\/likemetkovic.hr"],"url":"https:\/\/likemetkovic.hr\/portal\/author\/likemetkovic-hr\/"}]}},"_links":{"self":[{"href":"https:\/\/likemetkovic.hr\/portal\/wp-json\/wp\/v2\/posts\/40920","targetHints":{"allow":["GET"]}}],"collection":[{"href":"https:\/\/likemetkovic.hr\/portal\/wp-json\/wp\/v2\/posts"}],"about":[{"href":"https:\/\/likemetkovic.hr\/portal\/wp-json\/wp\/v2\/types\/post"}],"author":[{"embeddable":true,"href":"https:\/\/likemetkovic.hr\/portal\/wp-json\/wp\/v2\/users\/7"}],"replies":[{"embeddable":true,"href":"https:\/\/likemetkovic.hr\/portal\/wp-json\/wp\/v2\/comments?post=40920"}],"version-history":[{"count":0,"href":"https:\/\/likemetkovic.hr\/portal\/wp-json\/wp\/v2\/posts\/40920\/revisions"}],"wp:attachment":[{"href":"https:\/\/likemetkovic.hr\/portal\/wp-json\/wp\/v2\/media?parent=40920"}],"wp:term":[{"taxonomy":"category","embeddable":true,"href":"https:\/\/likemetkovic.hr\/portal\/wp-json\/wp\/v2\/categories?post=40920"},{"taxonomy":"post_tag","embeddable":true,"href":"https:\/\/likemetkovic.hr\/portal\/wp-json\/wp\/v2\/tags?post=40920"}],"curies":[{"name":"wp","href":"https:\/\/api.w.org\/{rel}","templated":true}]}}