{"id":41123,"date":"2017-05-08T08:46:08","date_gmt":"2017-05-08T06:46:08","guid":{"rendered":"http:\/\/likemetkovic.hr\/?p=41123"},"modified":"2017-05-08T08:47:12","modified_gmt":"2017-05-08T06:47:12","slug":"41123-2","status":"publish","type":"post","link":"https:\/\/likemetkovic.hr\/portal\/41123-2\/","title":{"rendered":"Kre\u0161imir Kuran: Za ve\u0107a ulaganja u odgoj i obrazovanje"},"content":{"rendered":"<p>Predsjednik SDP-a Metkovi\u0107 i kandidat za gradona\u010delnika Metkovi\u0107a zajedno sa kandidatkinjom za zamjenicu gradona\u010delnika Zdravkom Bari\u0161i\u0107 odr\u017eao je konferenciju za novinare na temu odgoja, obrazovanja i poduzetni\u0161tva.<\/p>\n<div class=\"text_exposed_show\">\n<p>Iako u svemu nije nadle\u017ean Grad mo\u017ee dosta napraviti na polju odgoja i obrazovanja kao i u poticanju cjelo\u017eivotnog u\u010denja istaknuo je Kuran i konkretizirao ciljeve za koje \u0107e se zalagati, a to su:<br \/>\n\uf0fc Pove\u0107anje kapaciteta dje\u010djih vrti\u0107a; u cijenu je potrebno uklju\u010diti sve tro\u0161kove<br \/>\n\uf0fc Opremanje vrti\u0107a i \u0161kola didakti\u010dkim materijalima<br \/>\n\uf0fc Osnivanje fonda za uspje\u0161ne u\u010denike i mentore<br \/>\n\uf0fc Uvo\u0111enje dopunskih obrazovnih sadr\u017eaja (poduzetni\u0161tvo, odr\u017eivi razvoj, gra\u0111anski odgoj)<br \/>\n\uf0fc Besplatni ud\u017ebenici \u2013 za po\u010detak dohodovni cenzus 5000 kn<br \/>\n\uf0fc Besplatni ud\u017ebenici &#8211; podru\u010dne \u0161kole Vid i Prud<br \/>\n\uf0fc Sufinanciranje autobusne karte redovnim studentima<br \/>\n\uf0fc Informatizacija \u0161kola<br \/>\n\uf0fc Jednosmjenska nastava; Iniciranje izgradnje \u0161kole na lijevoj strani<br \/>\n\uf0fc Zdravi obrok u \u0161kolama u suradnji sa doma\u0107im OPG-ovima<br \/>\n\uf0fc Cjelodnevni boravak u\u010denika u \u0161kolama<\/p>\n<p>Proveli bi tri mjere kojima bi smanjili nezaposlenost i privukli investitore<br \/>\n1. oslobodili bi nove poduzetnike i obrtnike prvu godinu komunalnih doprinosa i naknada<br \/>\n2. svako novo mjesto u proizvodnji sufinancirati sa 1.000-1.500kn mjese\u010dno ovisi o vrsti proizvodnje.<br \/>\n3. sufinancirati i educirati \u017eene za otvaranje OPG-a &#8211; Neretvanski proizvodi u prehrani i izradi suvenira<\/p>\n<p>Tako\u0111er su pozvali kandidate za gradona\u010delnika Metkovi\u0107a na javno su\u010deljavanje u ponedjeljak 15. svibnja u 19 sati u Zgradu politi\u010dkih stranaka a za moderatore su predlo\u017eili novinare lokalnih portala.<\/p>\n<\/div>\n","protected":false},"excerpt":{"rendered":"<p>Predsjednik SDP-a Metkovi\u0107 i kandidat za gradona\u010delnika Metkovi\u0107a zajedno sa kandidatkinjom za zamjenicu gradona\u010delnika Zdravkom Bari\u0161i\u0107 odr\u017eao je konferenciju za novinare na temu odgoja, obrazovanja i poduzetni\u0161tva. Iako u svemu nije nadle\u017ean Grad mo\u017ee dosta napraviti na polju odgoja i obrazovanja kao i u poticanju cjelo\u017eivotnog u\u010denja istaknuo je Kuran i konkretizirao ciljeve za koje [&hellip;]<\/p>\n","protected":false},"author":7,"featured_media":0,"comment_status":"open","ping_status":"open","sticky":false,"template":"","format":"standard","meta":{"footnotes":""},"categories":[296],"tags":[363,361,702],"class_list":{"0":"post-41123","1":"post","2":"type-post","3":"status-publish","4":"format-standard","6":"category-ab","7":"tag-kresimir-kuran","8":"tag-sdp-metkovic","9":"tag-zdravka-barisic"},"yoast_head":"<!-- This site is optimized with the Yoast SEO plugin v25.2 - https:\/\/yoast.com\/wordpress\/plugins\/seo\/ -->\n<title>Kre\u0161imir Kuran: Za ve\u0107a ulaganja u odgoj i obrazovanje - likemetkovic.hr<\/title>\n<meta name=\"robots\" content=\"index, follow, max-snippet:-1, max-image-preview:large, max-video-preview:-1\" \/>\n<link rel=\"canonical\" href=\"https:\/\/likemetkovic.hr\/41123-2\/\" \/>\n<meta property=\"og:locale\" content=\"hr_HR\" \/>\n<meta property=\"og:type\" content=\"article\" \/>\n<meta property=\"og:title\" content=\"Kre\u0161imir Kuran: Za ve\u0107a ulaganja u odgoj i obrazovanje - likemetkovic.hr\" \/>\n<meta property=\"og:description\" content=\"Predsjednik SDP-a Metkovi\u0107 i kandidat za gradona\u010delnika Metkovi\u0107a zajedno sa kandidatkinjom za zamjenicu gradona\u010delnika Zdravkom Bari\u0161i\u0107 odr\u017eao je konferenciju za novinare na temu odgoja, obrazovanja i poduzetni\u0161tva. Iako u svemu nije nadle\u017ean Grad mo\u017ee dosta napraviti na polju odgoja i obrazovanja kao i u poticanju cjelo\u017eivotnog u\u010denja istaknuo je Kuran i konkretizirao ciljeve za koje [&hellip;]\" \/>\n<meta property=\"og:url\" content=\"https:\/\/likemetkovic.hr\/41123-2\/\" \/>\n<meta property=\"og:site_name\" content=\"likemetkovic.hr\" \/>\n<meta property=\"article:publisher\" content=\"https:\/\/www.facebook.com\/likemetkovic.hr\/\" \/>\n<meta property=\"article:published_time\" content=\"2017-05-08T06:46:08+00:00\" \/>\n<meta property=\"article:modified_time\" content=\"2017-05-08T06:47:12+00:00\" \/>\n<meta name=\"author\" content=\"LIKEmetkovic.hr\" \/>\n<meta name=\"twitter:card\" content=\"summary_large_image\" \/>\n<meta name=\"twitter:label1\" content=\"Napisao\/la\" \/>\n\t<meta name=\"twitter:data1\" content=\"LIKEmetkovic.hr\" \/>\n\t<meta name=\"twitter:label2\" content=\"Procijenjeno vrijeme \u010ditanja\" \/>\n\t<meta name=\"twitter:data2\" content=\"1 minuta\" \/>\n<script type=\"application\/ld+json\" class=\"yoast-schema-graph\">{\"@context\":\"https:\/\/schema.org\",\"@graph\":[{\"@type\":\"WebPage\",\"@id\":\"https:\/\/likemetkovic.hr\/41123-2\/\",\"url\":\"https:\/\/likemetkovic.hr\/41123-2\/\",\"name\":\"Kre\u0161imir Kuran: Za ve\u0107a ulaganja u odgoj i obrazovanje - likemetkovic.hr\",\"isPartOf\":{\"@id\":\"https:\/\/likemetkovic.hr\/#website\"},\"datePublished\":\"2017-05-08T06:46:08+00:00\",\"dateModified\":\"2017-05-08T06:47:12+00:00\",\"author\":{\"@id\":\"https:\/\/likemetkovic.hr\/#\/schema\/person\/a42711f3385a0e2be6f7e0443bfb28f0\"},\"breadcrumb\":{\"@id\":\"https:\/\/likemetkovic.hr\/41123-2\/#breadcrumb\"},\"inLanguage\":\"hr\",\"potentialAction\":[{\"@type\":\"ReadAction\",\"target\":[\"https:\/\/likemetkovic.hr\/41123-2\/\"]}]},{\"@type\":\"BreadcrumbList\",\"@id\":\"https:\/\/likemetkovic.hr\/41123-2\/#breadcrumb\",\"itemListElement\":[{\"@type\":\"ListItem\",\"position\":1,\"name\":\"Po\u010detna stranica\",\"item\":\"https:\/\/likemetkovic.hr\/portal\/\"},{\"@type\":\"ListItem\",\"position\":2,\"name\":\"Kre\u0161imir Kuran: Za ve\u0107a ulaganja u odgoj i obrazovanje\"}]},{\"@type\":\"WebSite\",\"@id\":\"https:\/\/likemetkovic.hr\/#website\",\"url\":\"https:\/\/likemetkovic.hr\/\",\"name\":\"likemetkovic.hr\",\"description\":\"Misli pozitivno... \u010ditaj LIKE\",\"potentialAction\":[{\"@type\":\"SearchAction\",\"target\":{\"@type\":\"EntryPoint\",\"urlTemplate\":\"https:\/\/likemetkovic.hr\/?s={search_term_string}\"},\"query-input\":{\"@type\":\"PropertyValueSpecification\",\"valueRequired\":true,\"valueName\":\"search_term_string\"}}],\"inLanguage\":\"hr\"},{\"@type\":\"Person\",\"@id\":\"https:\/\/likemetkovic.hr\/#\/schema\/person\/a42711f3385a0e2be6f7e0443bfb28f0\",\"name\":\"LIKEmetkovic.hr\",\"sameAs\":[\"http:\/\/likemetkovic.hr\"],\"url\":\"https:\/\/likemetkovic.hr\/portal\/author\/likemetkovic-hr\/\"}]}<\/script>\n<!-- \/ Yoast SEO plugin. -->","yoast_head_json":{"title":"Kre\u0161imir Kuran: Za ve\u0107a ulaganja u odgoj i obrazovanje - likemetkovic.hr","robots":{"index":"index","follow":"follow","max-snippet":"max-snippet:-1","max-image-preview":"max-image-preview:large","max-video-preview":"max-video-preview:-1"},"canonical":"https:\/\/likemetkovic.hr\/41123-2\/","og_locale":"hr_HR","og_type":"article","og_title":"Kre\u0161imir Kuran: Za ve\u0107a ulaganja u odgoj i obrazovanje - likemetkovic.hr","og_description":"Predsjednik SDP-a Metkovi\u0107 i kandidat za gradona\u010delnika Metkovi\u0107a zajedno sa kandidatkinjom za zamjenicu gradona\u010delnika Zdravkom Bari\u0161i\u0107 odr\u017eao je konferenciju za novinare na temu odgoja, obrazovanja i poduzetni\u0161tva. Iako u svemu nije nadle\u017ean Grad mo\u017ee dosta napraviti na polju odgoja i obrazovanja kao i u poticanju cjelo\u017eivotnog u\u010denja istaknuo je Kuran i konkretizirao ciljeve za koje [&hellip;]","og_url":"https:\/\/likemetkovic.hr\/41123-2\/","og_site_name":"likemetkovic.hr","article_publisher":"https:\/\/www.facebook.com\/likemetkovic.hr\/","article_published_time":"2017-05-08T06:46:08+00:00","article_modified_time":"2017-05-08T06:47:12+00:00","author":"LIKEmetkovic.hr","twitter_card":"summary_large_image","twitter_misc":{"Napisao\/la":"LIKEmetkovic.hr","Procijenjeno vrijeme \u010ditanja":"1 minuta"},"schema":{"@context":"https:\/\/schema.org","@graph":[{"@type":"WebPage","@id":"https:\/\/likemetkovic.hr\/41123-2\/","url":"https:\/\/likemetkovic.hr\/41123-2\/","name":"Kre\u0161imir Kuran: Za ve\u0107a ulaganja u odgoj i obrazovanje - likemetkovic.hr","isPartOf":{"@id":"https:\/\/likemetkovic.hr\/#website"},"datePublished":"2017-05-08T06:46:08+00:00","dateModified":"2017-05-08T06:47:12+00:00","author":{"@id":"https:\/\/likemetkovic.hr\/#\/schema\/person\/a42711f3385a0e2be6f7e0443bfb28f0"},"breadcrumb":{"@id":"https:\/\/likemetkovic.hr\/41123-2\/#breadcrumb"},"inLanguage":"hr","potentialAction":[{"@type":"ReadAction","target":["https:\/\/likemetkovic.hr\/41123-2\/"]}]},{"@type":"BreadcrumbList","@id":"https:\/\/likemetkovic.hr\/41123-2\/#breadcrumb","itemListElement":[{"@type":"ListItem","position":1,"name":"Po\u010detna stranica","item":"https:\/\/likemetkovic.hr\/portal\/"},{"@type":"ListItem","position":2,"name":"Kre\u0161imir Kuran: Za ve\u0107a ulaganja u odgoj i obrazovanje"}]},{"@type":"WebSite","@id":"https:\/\/likemetkovic.hr\/#website","url":"https:\/\/likemetkovic.hr\/","name":"likemetkovic.hr","description":"Misli pozitivno... \u010ditaj LIKE","potentialAction":[{"@type":"SearchAction","target":{"@type":"EntryPoint","urlTemplate":"https:\/\/likemetkovic.hr\/?s={search_term_string}"},"query-input":{"@type":"PropertyValueSpecification","valueRequired":true,"valueName":"search_term_string"}}],"inLanguage":"hr"},{"@type":"Person","@id":"https:\/\/likemetkovic.hr\/#\/schema\/person\/a42711f3385a0e2be6f7e0443bfb28f0","name":"LIKEmetkovic.hr","sameAs":["http:\/\/likemetkovic.hr"],"url":"https:\/\/likemetkovic.hr\/portal\/author\/likemetkovic-hr\/"}]}},"_links":{"self":[{"href":"https:\/\/likemetkovic.hr\/portal\/wp-json\/wp\/v2\/posts\/41123","targetHints":{"allow":["GET"]}}],"collection":[{"href":"https:\/\/likemetkovic.hr\/portal\/wp-json\/wp\/v2\/posts"}],"about":[{"href":"https:\/\/likemetkovic.hr\/portal\/wp-json\/wp\/v2\/types\/post"}],"author":[{"embeddable":true,"href":"https:\/\/likemetkovic.hr\/portal\/wp-json\/wp\/v2\/users\/7"}],"replies":[{"embeddable":true,"href":"https:\/\/likemetkovic.hr\/portal\/wp-json\/wp\/v2\/comments?post=41123"}],"version-history":[{"count":0,"href":"https:\/\/likemetkovic.hr\/portal\/wp-json\/wp\/v2\/posts\/41123\/revisions"}],"wp:attachment":[{"href":"https:\/\/likemetkovic.hr\/portal\/wp-json\/wp\/v2\/media?parent=41123"}],"wp:term":[{"taxonomy":"category","embeddable":true,"href":"https:\/\/likemetkovic.hr\/portal\/wp-json\/wp\/v2\/categories?post=41123"},{"taxonomy":"post_tag","embeddable":true,"href":"https:\/\/likemetkovic.hr\/portal\/wp-json\/wp\/v2\/tags?post=41123"}],"curies":[{"name":"wp","href":"https:\/\/api.w.org\/{rel}","templated":true}]}}