{"id":41137,"date":"2017-05-08T12:47:42","date_gmt":"2017-05-08T10:47:42","guid":{"rendered":"http:\/\/likemetkovic.hr\/?p=41137"},"modified":"2017-05-08T12:47:42","modified_gmt":"2017-05-08T10:47:42","slug":"medunarodne-projektne-aktivnosti-srednjoj-skoli-metkovic-jacanje-digitalnih-jezicnih-kompetencija","status":"publish","type":"post","link":"https:\/\/likemetkovic.hr\/portal\/medunarodne-projektne-aktivnosti-srednjoj-skoli-metkovic-jacanje-digitalnih-jezicnih-kompetencija\/","title":{"rendered":"Me\u0111unarodne projektne aktivnosti u Srednjoj \u0161koli Metkovi\u0107 \u2013 ja\u010danje digitalnih i jezi\u010dnih kompetencija"},"content":{"rendered":"<p><span style=\"font-weight: 400;\">U M\u00fcnchenu, od 4. do 6. svibnja 2017. odr\u017eana je me\u0111unarodna radionica profesionalnog usavr\u0161avanja na temu Interkulturalnog i inkluzivnog pristupa odgoju i obrazovanju (<\/span><b>Profesional Development Workshop &#8211; Creative and cultural education)<\/b><span style=\"font-weight: 400;\">\u00a0na engleskom jeziku za ukupno 130 sudionika iz 25 zemalja \u010dlanica Europske unije. Organizator me\u0111unarodnog susreta je Kultur Ministerium Konferenz iz Njema\u010dke, a individualne mobilnosti za hrvatske sudionike realizirane su posredstvom Agencije za mobilnost i programe Europske unije.<\/span><\/p>\n<p><span style=\"font-weight: 400;\">Me\u0111u sudionicima iz Njema\u010dke, Austrije, Velike Britanije, Finske, Irske, Malte, Estonije, Poljske, Slova\u010dke, Gr\u010dke, Cipra, Italije, Portugala, \u0160panjolske, Belgije, Rumunjske, Danske, Litve, Ukrajine, Bugarske, Francuske, \u010ce\u0161ke, Slovenije i \u0160vedske bilo je i petero sudionika iz Republike Hrvatske.\u00a0Srednju \u0161kolu Metkovi\u0107 predstavljao je <\/span><b>Petar Nikoli\u0107, profesor mentor engleskoga jezika i geografije , <\/b><span style=\"font-weight: 400;\">dok su preostali sudionici iz Hrvatske bili odgojno obrazovni djelatnici iz Zagreba , Osijeka, Podturena \u00a0i Splita \u00a0te predstavnica Agencije za mobilnost i programe Europske unije g\u0111a Tea Re\u017eek.\u00a0\u00a0\u00a0\u00a0\u00a0\u00a0 \u00a0 \u00a0 \u00a0 \u00a0 \u00a0 \u00a0\u00a0<\/span><\/p>\n<p><span style=\"font-weight: 400;\">Na opse\u017enom edukativnom usavr\u0161avanju sudionicima su predstavljeni novi dosezi u podru\u010dju kulturnog i interkulturnog obrazovanja, kori\u0161tenja digitalnih tehnika u nastavi, obja\u0161njeni principi me\u0111unarodne suradnje i stvoreni novi me\u0111unarodni idejni projekti u sferi Etwinninga i Erasmus+ programa.<\/span><\/p>\n<p><span style=\"font-weight: 400;\">Za Srednju \u0161kolu Metkovi\u0107 planiran je idejni projekt me\u0111unarodne suradnje u domeni eTwinninga i Erasmus + programa uz partnere iz Hrvatske, Belgije, Gr\u010dke, Slovenije, koji bi trebao po\u010deti s realizacijom u narednim mjesecima.<\/span><\/p>\n<p><img decoding=\"async\" class=\"alignnone size-medium wp-image-41138\" src=\"http:\/\/likemetkovic.hr\/wp-content\/uploads\/2017\/05\/srednja-\u0161kola-800x548.jpg\" alt=\"\" width=\"800\" height=\"548\" \/><\/p>\n","protected":false},"excerpt":{"rendered":"<p>U M\u00fcnchenu, od 4. do 6. svibnja 2017. odr\u017eana je me\u0111unarodna radionica profesionalnog usavr\u0161avanja na temu Interkulturalnog i inkluzivnog pristupa odgoju i obrazovanju (Profesional Development Workshop &#8211; Creative and cultural education)\u00a0na engleskom jeziku za ukupno 130 sudionika iz 25 zemalja \u010dlanica Europske unije. Organizator me\u0111unarodnog susreta je Kultur Ministerium Konferenz iz Njema\u010dke, a individualne mobilnosti [&hellip;]<\/p>\n","protected":false},"author":7,"featured_media":0,"comment_status":"open","ping_status":"open","sticky":false,"template":"","format":"standard","meta":{"footnotes":""},"categories":[283,166],"tags":[546],"class_list":{"0":"post-41137","1":"post","2":"type-post","3":"status-publish","4":"format-standard","6":"category-a","7":"category-skolstvo","8":"tag-srednja-skola-metkovic"},"yoast_head":"<!-- This site is optimized with the Yoast SEO plugin v25.2 - https:\/\/yoast.com\/wordpress\/plugins\/seo\/ -->\n<title>Me\u0111unarodne projektne aktivnosti u Srednjoj \u0161koli Metkovi\u0107 \u2013 ja\u010danje digitalnih i jezi\u010dnih kompetencija - likemetkovic.hr<\/title>\n<meta name=\"robots\" content=\"index, follow, max-snippet:-1, max-image-preview:large, max-video-preview:-1\" \/>\n<link rel=\"canonical\" href=\"https:\/\/likemetkovic.hr\/medunarodne-projektne-aktivnosti-srednjoj-skoli-metkovic-jacanje-digitalnih-jezicnih-kompetencija\/\" \/>\n<meta property=\"og:locale\" content=\"hr_HR\" \/>\n<meta property=\"og:type\" content=\"article\" \/>\n<meta property=\"og:title\" content=\"Me\u0111unarodne projektne aktivnosti u Srednjoj \u0161koli Metkovi\u0107 \u2013 ja\u010danje digitalnih i jezi\u010dnih kompetencija - likemetkovic.hr\" \/>\n<meta property=\"og:description\" content=\"U M\u00fcnchenu, od 4. do 6. svibnja 2017. odr\u017eana je me\u0111unarodna radionica profesionalnog usavr\u0161avanja na temu Interkulturalnog i inkluzivnog pristupa odgoju i obrazovanju (Profesional Development Workshop &#8211; Creative and cultural education)\u00a0na engleskom jeziku za ukupno 130 sudionika iz 25 zemalja \u010dlanica Europske unije. Organizator me\u0111unarodnog susreta je Kultur Ministerium Konferenz iz Njema\u010dke, a individualne mobilnosti [&hellip;]\" \/>\n<meta property=\"og:url\" content=\"https:\/\/likemetkovic.hr\/medunarodne-projektne-aktivnosti-srednjoj-skoli-metkovic-jacanje-digitalnih-jezicnih-kompetencija\/\" \/>\n<meta property=\"og:site_name\" content=\"likemetkovic.hr\" \/>\n<meta property=\"article:publisher\" content=\"https:\/\/www.facebook.com\/likemetkovic.hr\/\" \/>\n<meta property=\"article:published_time\" content=\"2017-05-08T10:47:42+00:00\" \/>\n<meta property=\"og:image\" content=\"http:\/\/likemetkovic.hr\/wp-content\/uploads\/2017\/05\/srednja-\u0161kola-800x548.jpg\" \/>\n<meta name=\"author\" content=\"LIKEmetkovic.hr\" \/>\n<meta name=\"twitter:card\" content=\"summary_large_image\" \/>\n<meta name=\"twitter:label1\" content=\"Napisao\/la\" \/>\n\t<meta name=\"twitter:data1\" content=\"LIKEmetkovic.hr\" \/>\n\t<meta name=\"twitter:label2\" content=\"Procijenjeno vrijeme \u010ditanja\" \/>\n\t<meta name=\"twitter:data2\" content=\"1 minuta\" \/>\n<script type=\"application\/ld+json\" class=\"yoast-schema-graph\">{\"@context\":\"https:\/\/schema.org\",\"@graph\":[{\"@type\":\"WebPage\",\"@id\":\"https:\/\/likemetkovic.hr\/medunarodne-projektne-aktivnosti-srednjoj-skoli-metkovic-jacanje-digitalnih-jezicnih-kompetencija\/\",\"url\":\"https:\/\/likemetkovic.hr\/medunarodne-projektne-aktivnosti-srednjoj-skoli-metkovic-jacanje-digitalnih-jezicnih-kompetencija\/\",\"name\":\"Me\u0111unarodne projektne aktivnosti u Srednjoj \u0161koli Metkovi\u0107 \u2013 ja\u010danje digitalnih i jezi\u010dnih kompetencija - likemetkovic.hr\",\"isPartOf\":{\"@id\":\"https:\/\/likemetkovic.hr\/#website\"},\"datePublished\":\"2017-05-08T10:47:42+00:00\",\"author\":{\"@id\":\"https:\/\/likemetkovic.hr\/#\/schema\/person\/a42711f3385a0e2be6f7e0443bfb28f0\"},\"breadcrumb\":{\"@id\":\"https:\/\/likemetkovic.hr\/medunarodne-projektne-aktivnosti-srednjoj-skoli-metkovic-jacanje-digitalnih-jezicnih-kompetencija\/#breadcrumb\"},\"inLanguage\":\"hr\",\"potentialAction\":[{\"@type\":\"ReadAction\",\"target\":[\"https:\/\/likemetkovic.hr\/medunarodne-projektne-aktivnosti-srednjoj-skoli-metkovic-jacanje-digitalnih-jezicnih-kompetencija\/\"]}]},{\"@type\":\"BreadcrumbList\",\"@id\":\"https:\/\/likemetkovic.hr\/medunarodne-projektne-aktivnosti-srednjoj-skoli-metkovic-jacanje-digitalnih-jezicnih-kompetencija\/#breadcrumb\",\"itemListElement\":[{\"@type\":\"ListItem\",\"position\":1,\"name\":\"Po\u010detna stranica\",\"item\":\"https:\/\/likemetkovic.hr\/portal\/\"},{\"@type\":\"ListItem\",\"position\":2,\"name\":\"Me\u0111unarodne projektne aktivnosti u Srednjoj \u0161koli Metkovi\u0107 \u2013 ja\u010danje digitalnih i jezi\u010dnih kompetencija\"}]},{\"@type\":\"WebSite\",\"@id\":\"https:\/\/likemetkovic.hr\/#website\",\"url\":\"https:\/\/likemetkovic.hr\/\",\"name\":\"likemetkovic.hr\",\"description\":\"Misli pozitivno... \u010ditaj LIKE\",\"potentialAction\":[{\"@type\":\"SearchAction\",\"target\":{\"@type\":\"EntryPoint\",\"urlTemplate\":\"https:\/\/likemetkovic.hr\/?s={search_term_string}\"},\"query-input\":{\"@type\":\"PropertyValueSpecification\",\"valueRequired\":true,\"valueName\":\"search_term_string\"}}],\"inLanguage\":\"hr\"},{\"@type\":\"Person\",\"@id\":\"https:\/\/likemetkovic.hr\/#\/schema\/person\/a42711f3385a0e2be6f7e0443bfb28f0\",\"name\":\"LIKEmetkovic.hr\",\"sameAs\":[\"http:\/\/likemetkovic.hr\"],\"url\":\"https:\/\/likemetkovic.hr\/portal\/author\/likemetkovic-hr\/\"}]}<\/script>\n<!-- \/ Yoast SEO plugin. -->","yoast_head_json":{"title":"Me\u0111unarodne projektne aktivnosti u Srednjoj \u0161koli Metkovi\u0107 \u2013 ja\u010danje digitalnih i jezi\u010dnih kompetencija - likemetkovic.hr","robots":{"index":"index","follow":"follow","max-snippet":"max-snippet:-1","max-image-preview":"max-image-preview:large","max-video-preview":"max-video-preview:-1"},"canonical":"https:\/\/likemetkovic.hr\/medunarodne-projektne-aktivnosti-srednjoj-skoli-metkovic-jacanje-digitalnih-jezicnih-kompetencija\/","og_locale":"hr_HR","og_type":"article","og_title":"Me\u0111unarodne projektne aktivnosti u Srednjoj \u0161koli Metkovi\u0107 \u2013 ja\u010danje digitalnih i jezi\u010dnih kompetencija - likemetkovic.hr","og_description":"U M\u00fcnchenu, od 4. do 6. svibnja 2017. odr\u017eana je me\u0111unarodna radionica profesionalnog usavr\u0161avanja na temu Interkulturalnog i inkluzivnog pristupa odgoju i obrazovanju (Profesional Development Workshop &#8211; Creative and cultural education)\u00a0na engleskom jeziku za ukupno 130 sudionika iz 25 zemalja \u010dlanica Europske unije. Organizator me\u0111unarodnog susreta je Kultur Ministerium Konferenz iz Njema\u010dke, a individualne mobilnosti [&hellip;]","og_url":"https:\/\/likemetkovic.hr\/medunarodne-projektne-aktivnosti-srednjoj-skoli-metkovic-jacanje-digitalnih-jezicnih-kompetencija\/","og_site_name":"likemetkovic.hr","article_publisher":"https:\/\/www.facebook.com\/likemetkovic.hr\/","article_published_time":"2017-05-08T10:47:42+00:00","og_image":[{"url":"http:\/\/likemetkovic.hr\/wp-content\/uploads\/2017\/05\/srednja-\u0161kola-800x548.jpg","type":"","width":"","height":""}],"author":"LIKEmetkovic.hr","twitter_card":"summary_large_image","twitter_misc":{"Napisao\/la":"LIKEmetkovic.hr","Procijenjeno vrijeme \u010ditanja":"1 minuta"},"schema":{"@context":"https:\/\/schema.org","@graph":[{"@type":"WebPage","@id":"https:\/\/likemetkovic.hr\/medunarodne-projektne-aktivnosti-srednjoj-skoli-metkovic-jacanje-digitalnih-jezicnih-kompetencija\/","url":"https:\/\/likemetkovic.hr\/medunarodne-projektne-aktivnosti-srednjoj-skoli-metkovic-jacanje-digitalnih-jezicnih-kompetencija\/","name":"Me\u0111unarodne projektne aktivnosti u Srednjoj \u0161koli Metkovi\u0107 \u2013 ja\u010danje digitalnih i jezi\u010dnih kompetencija - likemetkovic.hr","isPartOf":{"@id":"https:\/\/likemetkovic.hr\/#website"},"datePublished":"2017-05-08T10:47:42+00:00","author":{"@id":"https:\/\/likemetkovic.hr\/#\/schema\/person\/a42711f3385a0e2be6f7e0443bfb28f0"},"breadcrumb":{"@id":"https:\/\/likemetkovic.hr\/medunarodne-projektne-aktivnosti-srednjoj-skoli-metkovic-jacanje-digitalnih-jezicnih-kompetencija\/#breadcrumb"},"inLanguage":"hr","potentialAction":[{"@type":"ReadAction","target":["https:\/\/likemetkovic.hr\/medunarodne-projektne-aktivnosti-srednjoj-skoli-metkovic-jacanje-digitalnih-jezicnih-kompetencija\/"]}]},{"@type":"BreadcrumbList","@id":"https:\/\/likemetkovic.hr\/medunarodne-projektne-aktivnosti-srednjoj-skoli-metkovic-jacanje-digitalnih-jezicnih-kompetencija\/#breadcrumb","itemListElement":[{"@type":"ListItem","position":1,"name":"Po\u010detna stranica","item":"https:\/\/likemetkovic.hr\/portal\/"},{"@type":"ListItem","position":2,"name":"Me\u0111unarodne projektne aktivnosti u Srednjoj \u0161koli Metkovi\u0107 \u2013 ja\u010danje digitalnih i jezi\u010dnih kompetencija"}]},{"@type":"WebSite","@id":"https:\/\/likemetkovic.hr\/#website","url":"https:\/\/likemetkovic.hr\/","name":"likemetkovic.hr","description":"Misli pozitivno... \u010ditaj LIKE","potentialAction":[{"@type":"SearchAction","target":{"@type":"EntryPoint","urlTemplate":"https:\/\/likemetkovic.hr\/?s={search_term_string}"},"query-input":{"@type":"PropertyValueSpecification","valueRequired":true,"valueName":"search_term_string"}}],"inLanguage":"hr"},{"@type":"Person","@id":"https:\/\/likemetkovic.hr\/#\/schema\/person\/a42711f3385a0e2be6f7e0443bfb28f0","name":"LIKEmetkovic.hr","sameAs":["http:\/\/likemetkovic.hr"],"url":"https:\/\/likemetkovic.hr\/portal\/author\/likemetkovic-hr\/"}]}},"_links":{"self":[{"href":"https:\/\/likemetkovic.hr\/portal\/wp-json\/wp\/v2\/posts\/41137","targetHints":{"allow":["GET"]}}],"collection":[{"href":"https:\/\/likemetkovic.hr\/portal\/wp-json\/wp\/v2\/posts"}],"about":[{"href":"https:\/\/likemetkovic.hr\/portal\/wp-json\/wp\/v2\/types\/post"}],"author":[{"embeddable":true,"href":"https:\/\/likemetkovic.hr\/portal\/wp-json\/wp\/v2\/users\/7"}],"replies":[{"embeddable":true,"href":"https:\/\/likemetkovic.hr\/portal\/wp-json\/wp\/v2\/comments?post=41137"}],"version-history":[{"count":0,"href":"https:\/\/likemetkovic.hr\/portal\/wp-json\/wp\/v2\/posts\/41137\/revisions"}],"wp:attachment":[{"href":"https:\/\/likemetkovic.hr\/portal\/wp-json\/wp\/v2\/media?parent=41137"}],"wp:term":[{"taxonomy":"category","embeddable":true,"href":"https:\/\/likemetkovic.hr\/portal\/wp-json\/wp\/v2\/categories?post=41137"},{"taxonomy":"post_tag","embeddable":true,"href":"https:\/\/likemetkovic.hr\/portal\/wp-json\/wp\/v2\/tags?post=41137"}],"curies":[{"name":"wp","href":"https:\/\/api.w.org\/{rel}","templated":true}]}}