{"id":41246,"date":"2017-05-10T20:08:31","date_gmt":"2017-05-10T18:08:31","guid":{"rendered":"http:\/\/likemetkovic.hr\/?p=41246"},"modified":"2017-05-10T20:08:31","modified_gmt":"2017-05-10T18:08:31","slug":"matej-musulin-ante-kaleb-uspjesno-operirani","status":"publish","type":"post","link":"https:\/\/likemetkovic.hr\/portal\/matej-musulin-ante-kaleb-uspjesno-operirani\/","title":{"rendered":"Matej Musulin i Ante Kaleb uspje\u0161no operirani!"},"content":{"rendered":"<p>Danas u popodnevnim satima\u00a0u Zagrebu su operirani\u00a0<strong>Matej Musulin<\/strong> i <strong>Ante Kaleb<\/strong>,\u00a0na\u0161i te\u0161ko bolesni sugra\u0111ani za koje smo ovih dana prikupljali sredstva za njihove operacije.<\/p>\n<p>Matej, koji ima dijagnozu Meduloblastom \u2013 metastatikum, operiran je danas na KBC Rebro nakon \u0161to mu se bolest ponovno vratila i prema rije\u010dima lije\u010dnika bila je uspje\u0161na i sav karcinom je odstranjen. Iza njega je u privatnoj klinici tako\u0111er u Zagrebu operiran i <strong>Ante Kaleb<\/strong>, koji boluje od karcinoma kralje\u017enice i Bogu hvala i njegova je operacija Bogu hvala protekla uspje\u0161no te je uklonjen sav karcinom sa kralje\u017enice.<\/p>\n<p>Sada prestoji njihov daljnji oporavak i\u00a0lije\u010denje za \u0161to \u0107e im biti potrebno\u00a0jo\u0161 sredstava tako da im mo\u017eete jo\u0161 uvijek pomo\u0107i uplatom na prilo\u017eene ra\u010dune.<\/p>\n<p><strong>MATEJ MUSULIN<\/strong><br \/>\nIBAN:\u00a0<strong>HR48 2340 0093 1114\u00a04877 1<\/strong>\u00a0(vrijedi i za uplate iz inozemstva)<br \/>\nOpis pla\u0107anja: Za Mateja Musulina<\/p>\n<p><strong>ANTE KALEB<\/strong> (primatelj\u00a0brat\u00a0Nedjeljko Kaleb)<br \/>\nIBAN:\u00a0<strong>HR40\u00a02340 0093\u00a02180\u00a02223 3<\/strong>\u00a0(vrijedi i za uplate iz inozemstva)<br \/>\nOpis pla\u0107anja: Za Antu Kaleba<\/p>\n","protected":false},"excerpt":{"rendered":"<p>Danas u popodnevnim satima\u00a0u Zagrebu su operirani\u00a0Matej Musulin i Ante Kaleb,\u00a0na\u0161i te\u0161ko bolesni sugra\u0111ani za koje smo ovih dana prikupljali sredstva za njihove operacije. Matej, koji ima dijagnozu Meduloblastom \u2013 metastatikum, operiran je danas na KBC Rebro nakon \u0161to mu se bolest ponovno vratila i prema rije\u010dima lije\u010dnika bila je uspje\u0161na i sav karcinom je [&hellip;]<\/p>\n","protected":false},"author":7,"featured_media":0,"comment_status":"open","ping_status":"open","sticky":false,"template":"","format":"standard","meta":{"footnotes":""},"categories":[283,11],"tags":[713,738],"class_list":{"0":"post-41246","1":"post","2":"type-post","3":"status-publish","4":"format-standard","6":"category-a","7":"category-metkovic-dolina","8":"tag-ante-kaleb","9":"tag-matej-musulin"},"yoast_head":"<!-- This site is optimized with the Yoast SEO plugin v25.2 - https:\/\/yoast.com\/wordpress\/plugins\/seo\/ -->\n<title>Matej Musulin i Ante Kaleb uspje\u0161no operirani! - likemetkovic.hr<\/title>\n<meta name=\"robots\" content=\"index, follow, max-snippet:-1, max-image-preview:large, max-video-preview:-1\" \/>\n<link rel=\"canonical\" href=\"https:\/\/likemetkovic.hr\/matej-musulin-ante-kaleb-uspjesno-operirani\/\" \/>\n<meta property=\"og:locale\" content=\"hr_HR\" \/>\n<meta property=\"og:type\" content=\"article\" \/>\n<meta property=\"og:title\" content=\"Matej Musulin i Ante Kaleb uspje\u0161no operirani! - likemetkovic.hr\" \/>\n<meta property=\"og:description\" content=\"Danas u popodnevnim satima\u00a0u Zagrebu su operirani\u00a0Matej Musulin i Ante Kaleb,\u00a0na\u0161i te\u0161ko bolesni sugra\u0111ani za koje smo ovih dana prikupljali sredstva za njihove operacije. Matej, koji ima dijagnozu Meduloblastom \u2013 metastatikum, operiran je danas na KBC Rebro nakon \u0161to mu se bolest ponovno vratila i prema rije\u010dima lije\u010dnika bila je uspje\u0161na i sav karcinom je [&hellip;]\" \/>\n<meta property=\"og:url\" content=\"https:\/\/likemetkovic.hr\/matej-musulin-ante-kaleb-uspjesno-operirani\/\" \/>\n<meta property=\"og:site_name\" content=\"likemetkovic.hr\" \/>\n<meta property=\"article:publisher\" content=\"https:\/\/www.facebook.com\/likemetkovic.hr\/\" \/>\n<meta property=\"article:published_time\" content=\"2017-05-10T18:08:31+00:00\" \/>\n<meta name=\"author\" content=\"LIKEmetkovic.hr\" \/>\n<meta name=\"twitter:card\" content=\"summary_large_image\" \/>\n<meta name=\"twitter:label1\" content=\"Napisao\/la\" \/>\n\t<meta name=\"twitter:data1\" content=\"LIKEmetkovic.hr\" \/>\n\t<meta name=\"twitter:label2\" content=\"Procijenjeno vrijeme \u010ditanja\" \/>\n\t<meta name=\"twitter:data2\" content=\"1 minuta\" \/>\n<script type=\"application\/ld+json\" class=\"yoast-schema-graph\">{\"@context\":\"https:\/\/schema.org\",\"@graph\":[{\"@type\":\"WebPage\",\"@id\":\"https:\/\/likemetkovic.hr\/matej-musulin-ante-kaleb-uspjesno-operirani\/\",\"url\":\"https:\/\/likemetkovic.hr\/matej-musulin-ante-kaleb-uspjesno-operirani\/\",\"name\":\"Matej Musulin i Ante Kaleb uspje\u0161no operirani! - likemetkovic.hr\",\"isPartOf\":{\"@id\":\"https:\/\/likemetkovic.hr\/#website\"},\"datePublished\":\"2017-05-10T18:08:31+00:00\",\"author\":{\"@id\":\"https:\/\/likemetkovic.hr\/#\/schema\/person\/a42711f3385a0e2be6f7e0443bfb28f0\"},\"breadcrumb\":{\"@id\":\"https:\/\/likemetkovic.hr\/matej-musulin-ante-kaleb-uspjesno-operirani\/#breadcrumb\"},\"inLanguage\":\"hr\",\"potentialAction\":[{\"@type\":\"ReadAction\",\"target\":[\"https:\/\/likemetkovic.hr\/matej-musulin-ante-kaleb-uspjesno-operirani\/\"]}]},{\"@type\":\"BreadcrumbList\",\"@id\":\"https:\/\/likemetkovic.hr\/matej-musulin-ante-kaleb-uspjesno-operirani\/#breadcrumb\",\"itemListElement\":[{\"@type\":\"ListItem\",\"position\":1,\"name\":\"Po\u010detna stranica\",\"item\":\"https:\/\/likemetkovic.hr\/portal\/\"},{\"@type\":\"ListItem\",\"position\":2,\"name\":\"Matej Musulin i Ante Kaleb uspje\u0161no operirani!\"}]},{\"@type\":\"WebSite\",\"@id\":\"https:\/\/likemetkovic.hr\/#website\",\"url\":\"https:\/\/likemetkovic.hr\/\",\"name\":\"likemetkovic.hr\",\"description\":\"Misli pozitivno... \u010ditaj LIKE\",\"potentialAction\":[{\"@type\":\"SearchAction\",\"target\":{\"@type\":\"EntryPoint\",\"urlTemplate\":\"https:\/\/likemetkovic.hr\/?s={search_term_string}\"},\"query-input\":{\"@type\":\"PropertyValueSpecification\",\"valueRequired\":true,\"valueName\":\"search_term_string\"}}],\"inLanguage\":\"hr\"},{\"@type\":\"Person\",\"@id\":\"https:\/\/likemetkovic.hr\/#\/schema\/person\/a42711f3385a0e2be6f7e0443bfb28f0\",\"name\":\"LIKEmetkovic.hr\",\"sameAs\":[\"http:\/\/likemetkovic.hr\"],\"url\":\"https:\/\/likemetkovic.hr\/portal\/author\/likemetkovic-hr\/\"}]}<\/script>\n<!-- \/ Yoast SEO plugin. -->","yoast_head_json":{"title":"Matej Musulin i Ante Kaleb uspje\u0161no operirani! - likemetkovic.hr","robots":{"index":"index","follow":"follow","max-snippet":"max-snippet:-1","max-image-preview":"max-image-preview:large","max-video-preview":"max-video-preview:-1"},"canonical":"https:\/\/likemetkovic.hr\/matej-musulin-ante-kaleb-uspjesno-operirani\/","og_locale":"hr_HR","og_type":"article","og_title":"Matej Musulin i Ante Kaleb uspje\u0161no operirani! - likemetkovic.hr","og_description":"Danas u popodnevnim satima\u00a0u Zagrebu su operirani\u00a0Matej Musulin i Ante Kaleb,\u00a0na\u0161i te\u0161ko bolesni sugra\u0111ani za koje smo ovih dana prikupljali sredstva za njihove operacije. Matej, koji ima dijagnozu Meduloblastom \u2013 metastatikum, operiran je danas na KBC Rebro nakon \u0161to mu se bolest ponovno vratila i prema rije\u010dima lije\u010dnika bila je uspje\u0161na i sav karcinom je [&hellip;]","og_url":"https:\/\/likemetkovic.hr\/matej-musulin-ante-kaleb-uspjesno-operirani\/","og_site_name":"likemetkovic.hr","article_publisher":"https:\/\/www.facebook.com\/likemetkovic.hr\/","article_published_time":"2017-05-10T18:08:31+00:00","author":"LIKEmetkovic.hr","twitter_card":"summary_large_image","twitter_misc":{"Napisao\/la":"LIKEmetkovic.hr","Procijenjeno vrijeme \u010ditanja":"1 minuta"},"schema":{"@context":"https:\/\/schema.org","@graph":[{"@type":"WebPage","@id":"https:\/\/likemetkovic.hr\/matej-musulin-ante-kaleb-uspjesno-operirani\/","url":"https:\/\/likemetkovic.hr\/matej-musulin-ante-kaleb-uspjesno-operirani\/","name":"Matej Musulin i Ante Kaleb uspje\u0161no operirani! - likemetkovic.hr","isPartOf":{"@id":"https:\/\/likemetkovic.hr\/#website"},"datePublished":"2017-05-10T18:08:31+00:00","author":{"@id":"https:\/\/likemetkovic.hr\/#\/schema\/person\/a42711f3385a0e2be6f7e0443bfb28f0"},"breadcrumb":{"@id":"https:\/\/likemetkovic.hr\/matej-musulin-ante-kaleb-uspjesno-operirani\/#breadcrumb"},"inLanguage":"hr","potentialAction":[{"@type":"ReadAction","target":["https:\/\/likemetkovic.hr\/matej-musulin-ante-kaleb-uspjesno-operirani\/"]}]},{"@type":"BreadcrumbList","@id":"https:\/\/likemetkovic.hr\/matej-musulin-ante-kaleb-uspjesno-operirani\/#breadcrumb","itemListElement":[{"@type":"ListItem","position":1,"name":"Po\u010detna stranica","item":"https:\/\/likemetkovic.hr\/portal\/"},{"@type":"ListItem","position":2,"name":"Matej Musulin i Ante Kaleb uspje\u0161no operirani!"}]},{"@type":"WebSite","@id":"https:\/\/likemetkovic.hr\/#website","url":"https:\/\/likemetkovic.hr\/","name":"likemetkovic.hr","description":"Misli pozitivno... \u010ditaj LIKE","potentialAction":[{"@type":"SearchAction","target":{"@type":"EntryPoint","urlTemplate":"https:\/\/likemetkovic.hr\/?s={search_term_string}"},"query-input":{"@type":"PropertyValueSpecification","valueRequired":true,"valueName":"search_term_string"}}],"inLanguage":"hr"},{"@type":"Person","@id":"https:\/\/likemetkovic.hr\/#\/schema\/person\/a42711f3385a0e2be6f7e0443bfb28f0","name":"LIKEmetkovic.hr","sameAs":["http:\/\/likemetkovic.hr"],"url":"https:\/\/likemetkovic.hr\/portal\/author\/likemetkovic-hr\/"}]}},"_links":{"self":[{"href":"https:\/\/likemetkovic.hr\/portal\/wp-json\/wp\/v2\/posts\/41246","targetHints":{"allow":["GET"]}}],"collection":[{"href":"https:\/\/likemetkovic.hr\/portal\/wp-json\/wp\/v2\/posts"}],"about":[{"href":"https:\/\/likemetkovic.hr\/portal\/wp-json\/wp\/v2\/types\/post"}],"author":[{"embeddable":true,"href":"https:\/\/likemetkovic.hr\/portal\/wp-json\/wp\/v2\/users\/7"}],"replies":[{"embeddable":true,"href":"https:\/\/likemetkovic.hr\/portal\/wp-json\/wp\/v2\/comments?post=41246"}],"version-history":[{"count":0,"href":"https:\/\/likemetkovic.hr\/portal\/wp-json\/wp\/v2\/posts\/41246\/revisions"}],"wp:attachment":[{"href":"https:\/\/likemetkovic.hr\/portal\/wp-json\/wp\/v2\/media?parent=41246"}],"wp:term":[{"taxonomy":"category","embeddable":true,"href":"https:\/\/likemetkovic.hr\/portal\/wp-json\/wp\/v2\/categories?post=41246"},{"taxonomy":"post_tag","embeddable":true,"href":"https:\/\/likemetkovic.hr\/portal\/wp-json\/wp\/v2\/tags?post=41246"}],"curies":[{"name":"wp","href":"https:\/\/api.w.org\/{rel}","templated":true}]}}