{"id":41323,"date":"2017-05-12T14:35:24","date_gmt":"2017-05-12T12:35:24","guid":{"rendered":"http:\/\/likemetkovic.hr\/?p=41323"},"modified":"2017-05-12T14:38:39","modified_gmt":"2017-05-12T12:38:39","slug":"priopcenje-gradonacelnice-katarine-ujdur-zbog-izvodenja-radova-rekonstrukciji-mosta","status":"publish","type":"post","link":"https:\/\/likemetkovic.hr\/portal\/priopcenje-gradonacelnice-katarine-ujdur-zbog-izvodenja-radova-rekonstrukciji-mosta\/","title":{"rendered":"Priop\u0107enje gradona\u010delnice Katarine Ujdur zbog izvo\u0111enja radova na rekonstrukciji mosta"},"content":{"rendered":"<p><b><\/b><span style=\"font-weight: 400;\">Ponukani u\u010destalim upitima gra\u0111ana, a razumjev\u0161i njihovo ogor\u010denje i nervozu glede prometnog kaosa u gradu prouzrokovanih radovima na Lu\u010dkom mostu, obra\u0107am vam se sa sljede\u0107im \u010dinjenicama: <\/span><\/p>\n<ul>\n<li style=\"font-weight: 400;\"><span style=\"font-weight: 400;\">dana 6. velja\u010de 2017. godine Hrvatske ceste kao investitor na projektu sanacije Lu\u010dkog mosta, uvele su u posao izvo\u0111a\u010da radova Geotehnika d.o.o. Ugovoreni rok za zavr\u0161etak radova je \u010detiri mjeseca odnosno 6. lipnja 2017. godine. S obzirom na dinamiku i na\u010din izvo\u0111enja radova gotovo sam sigurna da taj rok ne\u0107e biti ispo\u0161tivan.<\/span><\/li>\n<li style=\"font-weight: 400;\"><span style=\"font-weight: 400;\">na posljednjem sastanku koji se dogodio na moju inicijativu Hrvatske ceste su garantirale da \u0107e kolni\u010dka konstrukcija s nanesenim slojem asfalta biti pu\u0161tena u promet najkasnije do 10. svibnja 2017. godine,<\/span><\/li>\n<li style=\"font-weight: 400;\"><span style=\"font-weight: 400;\">konstantno sam inzistirala na ru\u010dnoj regulaciji prometa,<\/span><\/li>\n<li style=\"font-weight: 400;\"><span style=\"font-weight: 400;\">pozivala prometnu policiju na aktivno uklju\u010divanje u rje\u0161avanju ove problematike <\/span><\/li>\n<li style=\"font-weight: 400;\"><span style=\"font-weight: 400;\">i gradsko prometno redarstvo poku\u0161alo je s izvo\u0111a\u010dem radova na\u0107i zajedni\u010dki jezik te pomo\u0107i pri ru\u010dnoj regulaciji prometa, no izvo\u0111a\u010d radova nije imao sluha <\/span><\/li>\n<li style=\"font-weight: 400;\"><span style=\"font-weight: 400;\">Grad je tra\u017eio vi\u0161esmjenski rad izvo\u0111a\u010da radova na \u0161to je dobio odgovor da je to nepotrebno<\/span><\/li>\n<li style=\"font-weight: 400;\"><span style=\"font-weight: 400;\">danas je i moj zamjenik Nikola Grmoja i osobno nazvao resornog ministra Olega Butkovi\u0107a kako bi ga upoznao sa ovom problematikom<\/span><\/li>\n<\/ul>\n<p><span style=\"font-weight: 400;\">Ljudi krivo misle da je Grad Metkovi\u0107 investitor, \u0161to nije istina. Investitor su Hrvatske ceste kojima je direktno nadre\u0111en ministar Butkovi\u0107 (HDZ). Grad Metkovi\u0107 tra\u017eio je obnovu Lu\u010dkog mosta jo\u0161 prije dvije godine, a oni su ih zapo\u010deli tek sad pred lokalne izbore. <\/span><\/p>\n<p><span style=\"font-weight: 400;\">Pozdravljam svako investiranje u grad Metkovi\u0107, no ne i ovakav na\u010din izvo\u0111enja radova. <\/span><\/p>\n<p>Katarina Ujdur<\/p>\n","protected":false},"excerpt":{"rendered":"<p>Ponukani u\u010destalim upitima gra\u0111ana, a razumjev\u0161i njihovo ogor\u010denje i nervozu glede prometnog kaosa u gradu prouzrokovanih radovima na Lu\u010dkom mostu, obra\u0107am vam se sa sljede\u0107im \u010dinjenicama: dana 6. velja\u010de 2017. godine Hrvatske ceste kao investitor na projektu sanacije Lu\u010dkog mosta, uvele su u posao izvo\u0111a\u010da radova Geotehnika d.o.o. Ugovoreni rok za zavr\u0161etak radova je \u010detiri [&hellip;]<\/p>\n","protected":false},"author":7,"featured_media":0,"comment_status":"open","ping_status":"open","sticky":false,"template":"","format":"standard","meta":{"footnotes":""},"categories":[283,290],"tags":[],"class_list":{"0":"post-41323","1":"post","2":"type-post","3":"status-publish","4":"format-standard","6":"category-a","7":"category-politika"},"yoast_head":"<!-- This site is optimized with the Yoast SEO plugin v25.2 - https:\/\/yoast.com\/wordpress\/plugins\/seo\/ -->\n<title>Priop\u0107enje gradona\u010delnice Katarine Ujdur zbog izvo\u0111enja radova na rekonstrukciji mosta - likemetkovic.hr<\/title>\n<meta name=\"robots\" content=\"index, follow, max-snippet:-1, max-image-preview:large, max-video-preview:-1\" \/>\n<link rel=\"canonical\" href=\"https:\/\/likemetkovic.hr\/priopcenje-gradonacelnice-katarine-ujdur-zbog-izvodenja-radova-rekonstrukciji-mosta\/\" \/>\n<meta property=\"og:locale\" content=\"hr_HR\" \/>\n<meta property=\"og:type\" content=\"article\" \/>\n<meta property=\"og:title\" content=\"Priop\u0107enje gradona\u010delnice Katarine Ujdur zbog izvo\u0111enja radova na rekonstrukciji mosta - likemetkovic.hr\" \/>\n<meta property=\"og:description\" content=\"Ponukani u\u010destalim upitima gra\u0111ana, a razumjev\u0161i njihovo ogor\u010denje i nervozu glede prometnog kaosa u gradu prouzrokovanih radovima na Lu\u010dkom mostu, obra\u0107am vam se sa sljede\u0107im \u010dinjenicama: dana 6. velja\u010de 2017. godine Hrvatske ceste kao investitor na projektu sanacije Lu\u010dkog mosta, uvele su u posao izvo\u0111a\u010da radova Geotehnika d.o.o. Ugovoreni rok za zavr\u0161etak radova je \u010detiri [&hellip;]\" \/>\n<meta property=\"og:url\" content=\"https:\/\/likemetkovic.hr\/priopcenje-gradonacelnice-katarine-ujdur-zbog-izvodenja-radova-rekonstrukciji-mosta\/\" \/>\n<meta property=\"og:site_name\" content=\"likemetkovic.hr\" \/>\n<meta property=\"article:publisher\" content=\"https:\/\/www.facebook.com\/likemetkovic.hr\/\" \/>\n<meta property=\"article:published_time\" content=\"2017-05-12T12:35:24+00:00\" \/>\n<meta property=\"article:modified_time\" content=\"2017-05-12T12:38:39+00:00\" \/>\n<meta name=\"author\" content=\"LIKEmetkovic.hr\" \/>\n<meta name=\"twitter:card\" content=\"summary_large_image\" \/>\n<meta name=\"twitter:label1\" content=\"Napisao\/la\" \/>\n\t<meta name=\"twitter:data1\" content=\"LIKEmetkovic.hr\" \/>\n\t<meta name=\"twitter:label2\" content=\"Procijenjeno vrijeme \u010ditanja\" \/>\n\t<meta name=\"twitter:data2\" content=\"1 minuta\" \/>\n<script type=\"application\/ld+json\" class=\"yoast-schema-graph\">{\"@context\":\"https:\/\/schema.org\",\"@graph\":[{\"@type\":\"WebPage\",\"@id\":\"https:\/\/likemetkovic.hr\/priopcenje-gradonacelnice-katarine-ujdur-zbog-izvodenja-radova-rekonstrukciji-mosta\/\",\"url\":\"https:\/\/likemetkovic.hr\/priopcenje-gradonacelnice-katarine-ujdur-zbog-izvodenja-radova-rekonstrukciji-mosta\/\",\"name\":\"Priop\u0107enje gradona\u010delnice Katarine Ujdur zbog izvo\u0111enja radova na rekonstrukciji mosta - likemetkovic.hr\",\"isPartOf\":{\"@id\":\"https:\/\/likemetkovic.hr\/#website\"},\"datePublished\":\"2017-05-12T12:35:24+00:00\",\"dateModified\":\"2017-05-12T12:38:39+00:00\",\"author\":{\"@id\":\"https:\/\/likemetkovic.hr\/#\/schema\/person\/a42711f3385a0e2be6f7e0443bfb28f0\"},\"breadcrumb\":{\"@id\":\"https:\/\/likemetkovic.hr\/priopcenje-gradonacelnice-katarine-ujdur-zbog-izvodenja-radova-rekonstrukciji-mosta\/#breadcrumb\"},\"inLanguage\":\"hr\",\"potentialAction\":[{\"@type\":\"ReadAction\",\"target\":[\"https:\/\/likemetkovic.hr\/priopcenje-gradonacelnice-katarine-ujdur-zbog-izvodenja-radova-rekonstrukciji-mosta\/\"]}]},{\"@type\":\"BreadcrumbList\",\"@id\":\"https:\/\/likemetkovic.hr\/priopcenje-gradonacelnice-katarine-ujdur-zbog-izvodenja-radova-rekonstrukciji-mosta\/#breadcrumb\",\"itemListElement\":[{\"@type\":\"ListItem\",\"position\":1,\"name\":\"Po\u010detna stranica\",\"item\":\"https:\/\/likemetkovic.hr\/portal\/\"},{\"@type\":\"ListItem\",\"position\":2,\"name\":\"Priop\u0107enje gradona\u010delnice Katarine Ujdur zbog izvo\u0111enja radova na rekonstrukciji mosta\"}]},{\"@type\":\"WebSite\",\"@id\":\"https:\/\/likemetkovic.hr\/#website\",\"url\":\"https:\/\/likemetkovic.hr\/\",\"name\":\"likemetkovic.hr\",\"description\":\"Misli pozitivno... \u010ditaj LIKE\",\"potentialAction\":[{\"@type\":\"SearchAction\",\"target\":{\"@type\":\"EntryPoint\",\"urlTemplate\":\"https:\/\/likemetkovic.hr\/?s={search_term_string}\"},\"query-input\":{\"@type\":\"PropertyValueSpecification\",\"valueRequired\":true,\"valueName\":\"search_term_string\"}}],\"inLanguage\":\"hr\"},{\"@type\":\"Person\",\"@id\":\"https:\/\/likemetkovic.hr\/#\/schema\/person\/a42711f3385a0e2be6f7e0443bfb28f0\",\"name\":\"LIKEmetkovic.hr\",\"sameAs\":[\"http:\/\/likemetkovic.hr\"],\"url\":\"https:\/\/likemetkovic.hr\/portal\/author\/likemetkovic-hr\/\"}]}<\/script>\n<!-- \/ Yoast SEO plugin. -->","yoast_head_json":{"title":"Priop\u0107enje gradona\u010delnice Katarine Ujdur zbog izvo\u0111enja radova na rekonstrukciji mosta - likemetkovic.hr","robots":{"index":"index","follow":"follow","max-snippet":"max-snippet:-1","max-image-preview":"max-image-preview:large","max-video-preview":"max-video-preview:-1"},"canonical":"https:\/\/likemetkovic.hr\/priopcenje-gradonacelnice-katarine-ujdur-zbog-izvodenja-radova-rekonstrukciji-mosta\/","og_locale":"hr_HR","og_type":"article","og_title":"Priop\u0107enje gradona\u010delnice Katarine Ujdur zbog izvo\u0111enja radova na rekonstrukciji mosta - likemetkovic.hr","og_description":"Ponukani u\u010destalim upitima gra\u0111ana, a razumjev\u0161i njihovo ogor\u010denje i nervozu glede prometnog kaosa u gradu prouzrokovanih radovima na Lu\u010dkom mostu, obra\u0107am vam se sa sljede\u0107im \u010dinjenicama: dana 6. velja\u010de 2017. godine Hrvatske ceste kao investitor na projektu sanacije Lu\u010dkog mosta, uvele su u posao izvo\u0111a\u010da radova Geotehnika d.o.o. Ugovoreni rok za zavr\u0161etak radova je \u010detiri [&hellip;]","og_url":"https:\/\/likemetkovic.hr\/priopcenje-gradonacelnice-katarine-ujdur-zbog-izvodenja-radova-rekonstrukciji-mosta\/","og_site_name":"likemetkovic.hr","article_publisher":"https:\/\/www.facebook.com\/likemetkovic.hr\/","article_published_time":"2017-05-12T12:35:24+00:00","article_modified_time":"2017-05-12T12:38:39+00:00","author":"LIKEmetkovic.hr","twitter_card":"summary_large_image","twitter_misc":{"Napisao\/la":"LIKEmetkovic.hr","Procijenjeno vrijeme \u010ditanja":"1 minuta"},"schema":{"@context":"https:\/\/schema.org","@graph":[{"@type":"WebPage","@id":"https:\/\/likemetkovic.hr\/priopcenje-gradonacelnice-katarine-ujdur-zbog-izvodenja-radova-rekonstrukciji-mosta\/","url":"https:\/\/likemetkovic.hr\/priopcenje-gradonacelnice-katarine-ujdur-zbog-izvodenja-radova-rekonstrukciji-mosta\/","name":"Priop\u0107enje gradona\u010delnice Katarine Ujdur zbog izvo\u0111enja radova na rekonstrukciji mosta - likemetkovic.hr","isPartOf":{"@id":"https:\/\/likemetkovic.hr\/#website"},"datePublished":"2017-05-12T12:35:24+00:00","dateModified":"2017-05-12T12:38:39+00:00","author":{"@id":"https:\/\/likemetkovic.hr\/#\/schema\/person\/a42711f3385a0e2be6f7e0443bfb28f0"},"breadcrumb":{"@id":"https:\/\/likemetkovic.hr\/priopcenje-gradonacelnice-katarine-ujdur-zbog-izvodenja-radova-rekonstrukciji-mosta\/#breadcrumb"},"inLanguage":"hr","potentialAction":[{"@type":"ReadAction","target":["https:\/\/likemetkovic.hr\/priopcenje-gradonacelnice-katarine-ujdur-zbog-izvodenja-radova-rekonstrukciji-mosta\/"]}]},{"@type":"BreadcrumbList","@id":"https:\/\/likemetkovic.hr\/priopcenje-gradonacelnice-katarine-ujdur-zbog-izvodenja-radova-rekonstrukciji-mosta\/#breadcrumb","itemListElement":[{"@type":"ListItem","position":1,"name":"Po\u010detna stranica","item":"https:\/\/likemetkovic.hr\/portal\/"},{"@type":"ListItem","position":2,"name":"Priop\u0107enje gradona\u010delnice Katarine Ujdur zbog izvo\u0111enja radova na rekonstrukciji mosta"}]},{"@type":"WebSite","@id":"https:\/\/likemetkovic.hr\/#website","url":"https:\/\/likemetkovic.hr\/","name":"likemetkovic.hr","description":"Misli pozitivno... \u010ditaj LIKE","potentialAction":[{"@type":"SearchAction","target":{"@type":"EntryPoint","urlTemplate":"https:\/\/likemetkovic.hr\/?s={search_term_string}"},"query-input":{"@type":"PropertyValueSpecification","valueRequired":true,"valueName":"search_term_string"}}],"inLanguage":"hr"},{"@type":"Person","@id":"https:\/\/likemetkovic.hr\/#\/schema\/person\/a42711f3385a0e2be6f7e0443bfb28f0","name":"LIKEmetkovic.hr","sameAs":["http:\/\/likemetkovic.hr"],"url":"https:\/\/likemetkovic.hr\/portal\/author\/likemetkovic-hr\/"}]}},"_links":{"self":[{"href":"https:\/\/likemetkovic.hr\/portal\/wp-json\/wp\/v2\/posts\/41323","targetHints":{"allow":["GET"]}}],"collection":[{"href":"https:\/\/likemetkovic.hr\/portal\/wp-json\/wp\/v2\/posts"}],"about":[{"href":"https:\/\/likemetkovic.hr\/portal\/wp-json\/wp\/v2\/types\/post"}],"author":[{"embeddable":true,"href":"https:\/\/likemetkovic.hr\/portal\/wp-json\/wp\/v2\/users\/7"}],"replies":[{"embeddable":true,"href":"https:\/\/likemetkovic.hr\/portal\/wp-json\/wp\/v2\/comments?post=41323"}],"version-history":[{"count":0,"href":"https:\/\/likemetkovic.hr\/portal\/wp-json\/wp\/v2\/posts\/41323\/revisions"}],"wp:attachment":[{"href":"https:\/\/likemetkovic.hr\/portal\/wp-json\/wp\/v2\/media?parent=41323"}],"wp:term":[{"taxonomy":"category","embeddable":true,"href":"https:\/\/likemetkovic.hr\/portal\/wp-json\/wp\/v2\/categories?post=41323"},{"taxonomy":"post_tag","embeddable":true,"href":"https:\/\/likemetkovic.hr\/portal\/wp-json\/wp\/v2\/tags?post=41323"}],"curies":[{"name":"wp","href":"https:\/\/api.w.org\/{rel}","templated":true}]}}