{"id":41462,"date":"2017-05-14T18:01:55","date_gmt":"2017-05-14T16:01:55","guid":{"rendered":"http:\/\/likemetkovic.hr\/?p=41462"},"modified":"2017-05-14T18:01:55","modified_gmt":"2017-05-14T16:01:55","slug":"foto-docek-plenkovica-metkovicu-policija-legitimirala-prosvjednika-nije-priveden","status":"publish","type":"post","link":"https:\/\/likemetkovic.hr\/portal\/foto-docek-plenkovica-metkovicu-policija-legitimirala-prosvjednika-nije-priveden\/","title":{"rendered":"[FOTO] \u2018DO\u010cEK\u2019 PLENKOVI\u0106A U METKOVI\u0106U Policija legitimirala prosvjednika, nije priveden"},"content":{"rendered":"<p>Premijer Andrej Plenkovi\u0107 danas je\u00a0u sklopu predizborne kampanje za lokalne izbore, posjetio Metkovi\u0107, gdje su mu prosvjednici ve\u0107 nekoliko transparenata. Iako niti jedna poruka nije bila uvredljivog sadr\u017eaja, policija je legitimirala mladi\u0107a H.M. koji je nosio poruke javlja <a href=\"http:\/\/www.nacional.hr\/foto-mladic-u-metkovicu-priveden-zbog-transparenata-protiv-plenkovica-i-hdz-a\/\"><strong>nacional.hr<\/strong><\/a>.<\/p>\n<p>Policija je reagirala nakon \u0161to se pro\u0161irila vijest da je mladi\u0107 uhi\u0107en pa potom pu\u0161ten.<\/p>\n<p>\u201cNitko nije priveden, mladi\u0107 je legitimiran kad je poku\u0161ao staviti transparent na jedan prometni znak\u201d, rekli su iz Ravnateljstva policije za Nacional, a u me\u0111uvremenu su reagirali i iz PU Dubrova\u010dko-neretvanske priop\u0107enjem, koje Vam prenosimo u cijelosti.<\/p>\n<p>\u201cObzirom na neto\u010dne medijske napise, obavje\u0161tavamo Vas da su policijski slu\u017ebenici PP Metkovi\u0107 danas oko 13.30 sati, provode\u0107i mjere osiguranja boravka \u0161ti\u0107ene osobe, u Metkovi\u0107u, zatekli mu\u0161karca (1991.) u namjeri postavljanja transparenta na prometni znak.<\/p>\n<p>Policijski slu\u017ebenici utvrdili su da navedeni transparent nije uvredljivog sadr\u017eaja, ali je mu\u0161karac upozoren da postavljanjem transparenata na prometni znak \u010dini prekr\u0161aj iz \u010dl. 14. ZSPC te postupa suprotno odredbama Zakona o cestama, nakon \u010dega se mu\u0161karac udaljio.<\/p>\n<p>Napominjemo da navedeni transparent od spomenute osobe nije oduzet niti je osoba privedena u slu\u017ebene policijske prostorije\u201d, navodi se u policijskom priop\u0107enju.<\/p>\n<p>H.M. je za Nacional rekao kako je policija od njega zatra\u017eila samo osobne dokumente, te kako nije priveden niti odveden u stanicu. \u201cTransparenti su oduzeti, ali nisam dobio potvrdu o njihovom oduzimanju\u201d, pri\u010da na\u0161 sugovornik, \u010dije su tvrdnje suprotne onima policije. Dodao je kako su transparenti maknuti kako ne bi do\u010dekali premijera Plenkovi\u0107a prilikom dolaska u Metkovi\u0107.<\/p>\n<p>\u201cU Metkovi\u0107u gra\u0111ani ne smiju iznijeti svoje mi\u0161ljenje. Policija je naglo zako\u010dila i zatra\u017eila moje dokumente kao da sam najgori neprijatelj. Oni izjavljuju da to nije primjereno. Ja ne znam \u0161to tu nije primjereno\u201d, komentira mladi\u0107.<\/p>\n<p>\u201cJa sam simpatizer Mosta, ali u ovom slu\u010daju ja sam radio samostalno transparente, samo sam iznio svoje mi\u0161ljenje\u201d, ka\u017ee H.M., dodaju\u0107i kako HDZ u Metkovi\u0107u stvara probleme.<\/p>\n<p>\u201cUdru\u017eili su se protiv Mosta u Metkovi\u0107u. Sve je to HDZ rascjepkan u manje stranke. Sve vam to mo\u017ee potvrditi i Grmoja\u201d, ka\u017ee uzrujani mladi\u0107.<\/p>\n\n","protected":false},"excerpt":{"rendered":"<p>Premijer Andrej Plenkovi\u0107 danas je\u00a0u sklopu predizborne kampanje za lokalne izbore, posjetio Metkovi\u0107, gdje su mu prosvjednici ve\u0107 nekoliko transparenata. Iako niti jedna poruka nije bila uvredljivog sadr\u017eaja, policija je legitimirala mladi\u0107a H.M. koji je nosio poruke javlja nacional.hr. Policija je reagirala nakon \u0161to se pro\u0161irila vijest da je mladi\u0107 uhi\u0107en pa potom pu\u0161ten. \u201cNitko [&hellip;]<\/p>\n","protected":false},"author":7,"featured_media":0,"comment_status":"open","ping_status":"open","sticky":false,"template":"","format":"standard","meta":{"footnotes":""},"categories":[296],"tags":[],"class_list":{"0":"post-41462","1":"post","2":"type-post","3":"status-publish","4":"format-standard","6":"category-ab"},"yoast_head":"<!-- This site is optimized with the Yoast SEO plugin v25.2 - https:\/\/yoast.com\/wordpress\/plugins\/seo\/ -->\n<title>[FOTO] \u2018DO\u010cEK\u2019 PLENKOVI\u0106A U METKOVI\u0106U Policija legitimirala prosvjednika, nije priveden - likemetkovic.hr<\/title>\n<meta name=\"robots\" content=\"index, follow, max-snippet:-1, max-image-preview:large, max-video-preview:-1\" \/>\n<link rel=\"canonical\" href=\"https:\/\/likemetkovic.hr\/foto-docek-plenkovica-metkovicu-policija-legitimirala-prosvjednika-nije-priveden\/\" \/>\n<meta property=\"og:locale\" content=\"hr_HR\" \/>\n<meta property=\"og:type\" content=\"article\" \/>\n<meta property=\"og:title\" content=\"[FOTO] \u2018DO\u010cEK\u2019 PLENKOVI\u0106A U METKOVI\u0106U Policija legitimirala prosvjednika, nije priveden - likemetkovic.hr\" \/>\n<meta property=\"og:description\" content=\"Premijer Andrej Plenkovi\u0107 danas je\u00a0u sklopu predizborne kampanje za lokalne izbore, posjetio Metkovi\u0107, gdje su mu prosvjednici ve\u0107 nekoliko transparenata. Iako niti jedna poruka nije bila uvredljivog sadr\u017eaja, policija je legitimirala mladi\u0107a H.M. koji je nosio poruke javlja nacional.hr. Policija je reagirala nakon \u0161to se pro\u0161irila vijest da je mladi\u0107 uhi\u0107en pa potom pu\u0161ten. \u201cNitko [&hellip;]\" \/>\n<meta property=\"og:url\" content=\"https:\/\/likemetkovic.hr\/foto-docek-plenkovica-metkovicu-policija-legitimirala-prosvjednika-nije-priveden\/\" \/>\n<meta property=\"og:site_name\" content=\"likemetkovic.hr\" \/>\n<meta property=\"article:publisher\" content=\"https:\/\/www.facebook.com\/likemetkovic.hr\/\" \/>\n<meta property=\"article:published_time\" content=\"2017-05-14T16:01:55+00:00\" \/>\n<meta name=\"author\" content=\"LIKEmetkovic.hr\" \/>\n<meta name=\"twitter:card\" content=\"summary_large_image\" \/>\n<meta name=\"twitter:label1\" content=\"Napisao\/la\" \/>\n\t<meta name=\"twitter:data1\" content=\"LIKEmetkovic.hr\" \/>\n\t<meta name=\"twitter:label2\" content=\"Procijenjeno vrijeme \u010ditanja\" \/>\n\t<meta name=\"twitter:data2\" content=\"2 minute\" \/>\n<script type=\"application\/ld+json\" class=\"yoast-schema-graph\">{\"@context\":\"https:\/\/schema.org\",\"@graph\":[{\"@type\":\"WebPage\",\"@id\":\"https:\/\/likemetkovic.hr\/foto-docek-plenkovica-metkovicu-policija-legitimirala-prosvjednika-nije-priveden\/\",\"url\":\"https:\/\/likemetkovic.hr\/foto-docek-plenkovica-metkovicu-policija-legitimirala-prosvjednika-nije-priveden\/\",\"name\":\"[FOTO] \u2018DO\u010cEK\u2019 PLENKOVI\u0106A U METKOVI\u0106U Policija legitimirala prosvjednika, nije priveden - likemetkovic.hr\",\"isPartOf\":{\"@id\":\"https:\/\/likemetkovic.hr\/#website\"},\"datePublished\":\"2017-05-14T16:01:55+00:00\",\"author\":{\"@id\":\"https:\/\/likemetkovic.hr\/#\/schema\/person\/a42711f3385a0e2be6f7e0443bfb28f0\"},\"breadcrumb\":{\"@id\":\"https:\/\/likemetkovic.hr\/foto-docek-plenkovica-metkovicu-policija-legitimirala-prosvjednika-nije-priveden\/#breadcrumb\"},\"inLanguage\":\"hr\",\"potentialAction\":[{\"@type\":\"ReadAction\",\"target\":[\"https:\/\/likemetkovic.hr\/foto-docek-plenkovica-metkovicu-policija-legitimirala-prosvjednika-nije-priveden\/\"]}]},{\"@type\":\"BreadcrumbList\",\"@id\":\"https:\/\/likemetkovic.hr\/foto-docek-plenkovica-metkovicu-policija-legitimirala-prosvjednika-nije-priveden\/#breadcrumb\",\"itemListElement\":[{\"@type\":\"ListItem\",\"position\":1,\"name\":\"Po\u010detna stranica\",\"item\":\"https:\/\/likemetkovic.hr\/portal\/\"},{\"@type\":\"ListItem\",\"position\":2,\"name\":\"[FOTO] \u2018DO\u010cEK\u2019 PLENKOVI\u0106A U METKOVI\u0106U Policija legitimirala prosvjednika, nije priveden\"}]},{\"@type\":\"WebSite\",\"@id\":\"https:\/\/likemetkovic.hr\/#website\",\"url\":\"https:\/\/likemetkovic.hr\/\",\"name\":\"likemetkovic.hr\",\"description\":\"Misli pozitivno... \u010ditaj LIKE\",\"potentialAction\":[{\"@type\":\"SearchAction\",\"target\":{\"@type\":\"EntryPoint\",\"urlTemplate\":\"https:\/\/likemetkovic.hr\/?s={search_term_string}\"},\"query-input\":{\"@type\":\"PropertyValueSpecification\",\"valueRequired\":true,\"valueName\":\"search_term_string\"}}],\"inLanguage\":\"hr\"},{\"@type\":\"Person\",\"@id\":\"https:\/\/likemetkovic.hr\/#\/schema\/person\/a42711f3385a0e2be6f7e0443bfb28f0\",\"name\":\"LIKEmetkovic.hr\",\"sameAs\":[\"http:\/\/likemetkovic.hr\"],\"url\":\"https:\/\/likemetkovic.hr\/portal\/author\/likemetkovic-hr\/\"}]}<\/script>\n<!-- \/ Yoast SEO plugin. -->","yoast_head_json":{"title":"[FOTO] \u2018DO\u010cEK\u2019 PLENKOVI\u0106A U METKOVI\u0106U Policija legitimirala prosvjednika, nije priveden - likemetkovic.hr","robots":{"index":"index","follow":"follow","max-snippet":"max-snippet:-1","max-image-preview":"max-image-preview:large","max-video-preview":"max-video-preview:-1"},"canonical":"https:\/\/likemetkovic.hr\/foto-docek-plenkovica-metkovicu-policija-legitimirala-prosvjednika-nije-priveden\/","og_locale":"hr_HR","og_type":"article","og_title":"[FOTO] \u2018DO\u010cEK\u2019 PLENKOVI\u0106A U METKOVI\u0106U Policija legitimirala prosvjednika, nije priveden - likemetkovic.hr","og_description":"Premijer Andrej Plenkovi\u0107 danas je\u00a0u sklopu predizborne kampanje za lokalne izbore, posjetio Metkovi\u0107, gdje su mu prosvjednici ve\u0107 nekoliko transparenata. Iako niti jedna poruka nije bila uvredljivog sadr\u017eaja, policija je legitimirala mladi\u0107a H.M. koji je nosio poruke javlja nacional.hr. Policija je reagirala nakon \u0161to se pro\u0161irila vijest da je mladi\u0107 uhi\u0107en pa potom pu\u0161ten. \u201cNitko [&hellip;]","og_url":"https:\/\/likemetkovic.hr\/foto-docek-plenkovica-metkovicu-policija-legitimirala-prosvjednika-nije-priveden\/","og_site_name":"likemetkovic.hr","article_publisher":"https:\/\/www.facebook.com\/likemetkovic.hr\/","article_published_time":"2017-05-14T16:01:55+00:00","author":"LIKEmetkovic.hr","twitter_card":"summary_large_image","twitter_misc":{"Napisao\/la":"LIKEmetkovic.hr","Procijenjeno vrijeme \u010ditanja":"2 minute"},"schema":{"@context":"https:\/\/schema.org","@graph":[{"@type":"WebPage","@id":"https:\/\/likemetkovic.hr\/foto-docek-plenkovica-metkovicu-policija-legitimirala-prosvjednika-nije-priveden\/","url":"https:\/\/likemetkovic.hr\/foto-docek-plenkovica-metkovicu-policija-legitimirala-prosvjednika-nije-priveden\/","name":"[FOTO] \u2018DO\u010cEK\u2019 PLENKOVI\u0106A U METKOVI\u0106U Policija legitimirala prosvjednika, nije priveden - likemetkovic.hr","isPartOf":{"@id":"https:\/\/likemetkovic.hr\/#website"},"datePublished":"2017-05-14T16:01:55+00:00","author":{"@id":"https:\/\/likemetkovic.hr\/#\/schema\/person\/a42711f3385a0e2be6f7e0443bfb28f0"},"breadcrumb":{"@id":"https:\/\/likemetkovic.hr\/foto-docek-plenkovica-metkovicu-policija-legitimirala-prosvjednika-nije-priveden\/#breadcrumb"},"inLanguage":"hr","potentialAction":[{"@type":"ReadAction","target":["https:\/\/likemetkovic.hr\/foto-docek-plenkovica-metkovicu-policija-legitimirala-prosvjednika-nije-priveden\/"]}]},{"@type":"BreadcrumbList","@id":"https:\/\/likemetkovic.hr\/foto-docek-plenkovica-metkovicu-policija-legitimirala-prosvjednika-nije-priveden\/#breadcrumb","itemListElement":[{"@type":"ListItem","position":1,"name":"Po\u010detna stranica","item":"https:\/\/likemetkovic.hr\/portal\/"},{"@type":"ListItem","position":2,"name":"[FOTO] \u2018DO\u010cEK\u2019 PLENKOVI\u0106A U METKOVI\u0106U Policija legitimirala prosvjednika, nije priveden"}]},{"@type":"WebSite","@id":"https:\/\/likemetkovic.hr\/#website","url":"https:\/\/likemetkovic.hr\/","name":"likemetkovic.hr","description":"Misli pozitivno... \u010ditaj LIKE","potentialAction":[{"@type":"SearchAction","target":{"@type":"EntryPoint","urlTemplate":"https:\/\/likemetkovic.hr\/?s={search_term_string}"},"query-input":{"@type":"PropertyValueSpecification","valueRequired":true,"valueName":"search_term_string"}}],"inLanguage":"hr"},{"@type":"Person","@id":"https:\/\/likemetkovic.hr\/#\/schema\/person\/a42711f3385a0e2be6f7e0443bfb28f0","name":"LIKEmetkovic.hr","sameAs":["http:\/\/likemetkovic.hr"],"url":"https:\/\/likemetkovic.hr\/portal\/author\/likemetkovic-hr\/"}]}},"_links":{"self":[{"href":"https:\/\/likemetkovic.hr\/portal\/wp-json\/wp\/v2\/posts\/41462","targetHints":{"allow":["GET"]}}],"collection":[{"href":"https:\/\/likemetkovic.hr\/portal\/wp-json\/wp\/v2\/posts"}],"about":[{"href":"https:\/\/likemetkovic.hr\/portal\/wp-json\/wp\/v2\/types\/post"}],"author":[{"embeddable":true,"href":"https:\/\/likemetkovic.hr\/portal\/wp-json\/wp\/v2\/users\/7"}],"replies":[{"embeddable":true,"href":"https:\/\/likemetkovic.hr\/portal\/wp-json\/wp\/v2\/comments?post=41462"}],"version-history":[{"count":0,"href":"https:\/\/likemetkovic.hr\/portal\/wp-json\/wp\/v2\/posts\/41462\/revisions"}],"wp:attachment":[{"href":"https:\/\/likemetkovic.hr\/portal\/wp-json\/wp\/v2\/media?parent=41462"}],"wp:term":[{"taxonomy":"category","embeddable":true,"href":"https:\/\/likemetkovic.hr\/portal\/wp-json\/wp\/v2\/categories?post=41462"},{"taxonomy":"post_tag","embeddable":true,"href":"https:\/\/likemetkovic.hr\/portal\/wp-json\/wp\/v2\/tags?post=41462"}],"curies":[{"name":"wp","href":"https:\/\/api.w.org\/{rel}","templated":true}]}}