{"id":41514,"date":"2017-05-14T21:52:31","date_gmt":"2017-05-14T19:52:31","guid":{"rendered":"http:\/\/likemetkovic.hr\/?p=41514"},"modified":"2017-05-14T21:55:11","modified_gmt":"2017-05-14T19:55:11","slug":"foto-prva-pricest-zupi-svetog-ilije","status":"publish","type":"post","link":"https:\/\/likemetkovic.hr\/portal\/foto-prva-pricest-zupi-svetog-ilije\/","title":{"rendered":"[FOTO] Prva pri\u010dest u \u017dupi Svetog Ilije"},"content":{"rendered":"<p>Danas je u \u017dupi Svetog Ilije u sklopu svetog misnog slavlja u 10 sati ukupno 86 djece, 48 dje\u010daka i 38 djevoj\u010dica, primilo sakramenat prve pri\u010desti. Prvopri\u010desnicima je sakramenat prve pri\u010desti udijelio \u017eupni vikar <strong>fra Kristijan \u0160ili\u0107<\/strong> koji je predvodio sveto misno slavlje\u00a0u koncelebraciji sa <strong>fra Dujom Juki\u0107em.<\/strong><\/p>\n<p>\u010cestitamo prvopri\u010desnicima, njihovim obiteljima i cijeloj \u017eupnoj zajednici!<\/p>\n<p><strong>Foto: Foto studio Veraja<\/strong><\/p>\n\n","protected":false},"excerpt":{"rendered":"<p>Danas je u \u017dupi Svetog Ilije u sklopu svetog misnog slavlja u 10 sati ukupno 86 djece, 48 dje\u010daka i 38 djevoj\u010dica, primilo sakramenat prve pri\u010desti. Prvopri\u010desnicima je sakramenat prve pri\u010desti udijelio \u017eupni vikar fra Kristijan \u0160ili\u0107 koji je predvodio sveto misno slavlje\u00a0u koncelebraciji sa fra Dujom Juki\u0107em. \u010cestitamo prvopri\u010desnicima, njihovim obiteljima i cijeloj \u017eupnoj [&hellip;]<\/p>\n","protected":false},"author":7,"featured_media":0,"comment_status":"open","ping_status":"open","sticky":false,"template":"","format":"standard","meta":{"footnotes":""},"categories":[283],"tags":[380,718,754],"class_list":{"0":"post-41514","1":"post","2":"type-post","3":"status-publish","4":"format-standard","6":"category-a","7":"tag-metkovic","8":"tag-prva-pricest","9":"tag-zupa-svetog-ilije-proroka"},"yoast_head":"<!-- This site is optimized with the Yoast SEO plugin v25.2 - https:\/\/yoast.com\/wordpress\/plugins\/seo\/ -->\n<title>[FOTO] Prva pri\u010dest u \u017dupi Svetog Ilije - likemetkovic.hr<\/title>\n<meta name=\"robots\" content=\"index, follow, max-snippet:-1, max-image-preview:large, max-video-preview:-1\" \/>\n<link rel=\"canonical\" href=\"https:\/\/likemetkovic.hr\/foto-prva-pricest-zupi-svetog-ilije\/\" \/>\n<meta property=\"og:locale\" content=\"hr_HR\" \/>\n<meta property=\"og:type\" content=\"article\" \/>\n<meta property=\"og:title\" content=\"[FOTO] Prva pri\u010dest u \u017dupi Svetog Ilije - likemetkovic.hr\" \/>\n<meta property=\"og:description\" content=\"Danas je u \u017dupi Svetog Ilije u sklopu svetog misnog slavlja u 10 sati ukupno 86 djece, 48 dje\u010daka i 38 djevoj\u010dica, primilo sakramenat prve pri\u010desti. Prvopri\u010desnicima je sakramenat prve pri\u010desti udijelio \u017eupni vikar fra Kristijan \u0160ili\u0107 koji je predvodio sveto misno slavlje\u00a0u koncelebraciji sa fra Dujom Juki\u0107em. \u010cestitamo prvopri\u010desnicima, njihovim obiteljima i cijeloj \u017eupnoj [&hellip;]\" \/>\n<meta property=\"og:url\" content=\"https:\/\/likemetkovic.hr\/foto-prva-pricest-zupi-svetog-ilije\/\" \/>\n<meta property=\"og:site_name\" content=\"likemetkovic.hr\" \/>\n<meta property=\"article:publisher\" content=\"https:\/\/www.facebook.com\/likemetkovic.hr\/\" \/>\n<meta property=\"article:published_time\" content=\"2017-05-14T19:52:31+00:00\" \/>\n<meta property=\"article:modified_time\" content=\"2017-05-14T19:55:11+00:00\" \/>\n<meta name=\"author\" content=\"LIKEmetkovic.hr\" \/>\n<meta name=\"twitter:card\" content=\"summary_large_image\" \/>\n<meta name=\"twitter:label1\" content=\"Napisao\/la\" \/>\n\t<meta name=\"twitter:data1\" content=\"LIKEmetkovic.hr\" \/>\n<script type=\"application\/ld+json\" class=\"yoast-schema-graph\">{\"@context\":\"https:\/\/schema.org\",\"@graph\":[{\"@type\":\"WebPage\",\"@id\":\"https:\/\/likemetkovic.hr\/foto-prva-pricest-zupi-svetog-ilije\/\",\"url\":\"https:\/\/likemetkovic.hr\/foto-prva-pricest-zupi-svetog-ilije\/\",\"name\":\"[FOTO] Prva pri\u010dest u \u017dupi Svetog Ilije - likemetkovic.hr\",\"isPartOf\":{\"@id\":\"https:\/\/likemetkovic.hr\/#website\"},\"datePublished\":\"2017-05-14T19:52:31+00:00\",\"dateModified\":\"2017-05-14T19:55:11+00:00\",\"author\":{\"@id\":\"https:\/\/likemetkovic.hr\/#\/schema\/person\/a42711f3385a0e2be6f7e0443bfb28f0\"},\"breadcrumb\":{\"@id\":\"https:\/\/likemetkovic.hr\/foto-prva-pricest-zupi-svetog-ilije\/#breadcrumb\"},\"inLanguage\":\"hr\",\"potentialAction\":[{\"@type\":\"ReadAction\",\"target\":[\"https:\/\/likemetkovic.hr\/foto-prva-pricest-zupi-svetog-ilije\/\"]}]},{\"@type\":\"BreadcrumbList\",\"@id\":\"https:\/\/likemetkovic.hr\/foto-prva-pricest-zupi-svetog-ilije\/#breadcrumb\",\"itemListElement\":[{\"@type\":\"ListItem\",\"position\":1,\"name\":\"Po\u010detna stranica\",\"item\":\"https:\/\/likemetkovic.hr\/portal\/\"},{\"@type\":\"ListItem\",\"position\":2,\"name\":\"[FOTO] Prva pri\u010dest u \u017dupi Svetog Ilije\"}]},{\"@type\":\"WebSite\",\"@id\":\"https:\/\/likemetkovic.hr\/#website\",\"url\":\"https:\/\/likemetkovic.hr\/\",\"name\":\"likemetkovic.hr\",\"description\":\"Misli pozitivno... \u010ditaj LIKE\",\"potentialAction\":[{\"@type\":\"SearchAction\",\"target\":{\"@type\":\"EntryPoint\",\"urlTemplate\":\"https:\/\/likemetkovic.hr\/?s={search_term_string}\"},\"query-input\":{\"@type\":\"PropertyValueSpecification\",\"valueRequired\":true,\"valueName\":\"search_term_string\"}}],\"inLanguage\":\"hr\"},{\"@type\":\"Person\",\"@id\":\"https:\/\/likemetkovic.hr\/#\/schema\/person\/a42711f3385a0e2be6f7e0443bfb28f0\",\"name\":\"LIKEmetkovic.hr\",\"sameAs\":[\"http:\/\/likemetkovic.hr\"],\"url\":\"https:\/\/likemetkovic.hr\/portal\/author\/likemetkovic-hr\/\"}]}<\/script>\n<!-- \/ Yoast SEO plugin. -->","yoast_head_json":{"title":"[FOTO] Prva pri\u010dest u \u017dupi Svetog Ilije - likemetkovic.hr","robots":{"index":"index","follow":"follow","max-snippet":"max-snippet:-1","max-image-preview":"max-image-preview:large","max-video-preview":"max-video-preview:-1"},"canonical":"https:\/\/likemetkovic.hr\/foto-prva-pricest-zupi-svetog-ilije\/","og_locale":"hr_HR","og_type":"article","og_title":"[FOTO] Prva pri\u010dest u \u017dupi Svetog Ilije - likemetkovic.hr","og_description":"Danas je u \u017dupi Svetog Ilije u sklopu svetog misnog slavlja u 10 sati ukupno 86 djece, 48 dje\u010daka i 38 djevoj\u010dica, primilo sakramenat prve pri\u010desti. Prvopri\u010desnicima je sakramenat prve pri\u010desti udijelio \u017eupni vikar fra Kristijan \u0160ili\u0107 koji je predvodio sveto misno slavlje\u00a0u koncelebraciji sa fra Dujom Juki\u0107em. \u010cestitamo prvopri\u010desnicima, njihovim obiteljima i cijeloj \u017eupnoj [&hellip;]","og_url":"https:\/\/likemetkovic.hr\/foto-prva-pricest-zupi-svetog-ilije\/","og_site_name":"likemetkovic.hr","article_publisher":"https:\/\/www.facebook.com\/likemetkovic.hr\/","article_published_time":"2017-05-14T19:52:31+00:00","article_modified_time":"2017-05-14T19:55:11+00:00","author":"LIKEmetkovic.hr","twitter_card":"summary_large_image","twitter_misc":{"Napisao\/la":"LIKEmetkovic.hr"},"schema":{"@context":"https:\/\/schema.org","@graph":[{"@type":"WebPage","@id":"https:\/\/likemetkovic.hr\/foto-prva-pricest-zupi-svetog-ilije\/","url":"https:\/\/likemetkovic.hr\/foto-prva-pricest-zupi-svetog-ilije\/","name":"[FOTO] Prva pri\u010dest u \u017dupi Svetog Ilije - likemetkovic.hr","isPartOf":{"@id":"https:\/\/likemetkovic.hr\/#website"},"datePublished":"2017-05-14T19:52:31+00:00","dateModified":"2017-05-14T19:55:11+00:00","author":{"@id":"https:\/\/likemetkovic.hr\/#\/schema\/person\/a42711f3385a0e2be6f7e0443bfb28f0"},"breadcrumb":{"@id":"https:\/\/likemetkovic.hr\/foto-prva-pricest-zupi-svetog-ilije\/#breadcrumb"},"inLanguage":"hr","potentialAction":[{"@type":"ReadAction","target":["https:\/\/likemetkovic.hr\/foto-prva-pricest-zupi-svetog-ilije\/"]}]},{"@type":"BreadcrumbList","@id":"https:\/\/likemetkovic.hr\/foto-prva-pricest-zupi-svetog-ilije\/#breadcrumb","itemListElement":[{"@type":"ListItem","position":1,"name":"Po\u010detna stranica","item":"https:\/\/likemetkovic.hr\/portal\/"},{"@type":"ListItem","position":2,"name":"[FOTO] Prva pri\u010dest u \u017dupi Svetog Ilije"}]},{"@type":"WebSite","@id":"https:\/\/likemetkovic.hr\/#website","url":"https:\/\/likemetkovic.hr\/","name":"likemetkovic.hr","description":"Misli pozitivno... \u010ditaj LIKE","potentialAction":[{"@type":"SearchAction","target":{"@type":"EntryPoint","urlTemplate":"https:\/\/likemetkovic.hr\/?s={search_term_string}"},"query-input":{"@type":"PropertyValueSpecification","valueRequired":true,"valueName":"search_term_string"}}],"inLanguage":"hr"},{"@type":"Person","@id":"https:\/\/likemetkovic.hr\/#\/schema\/person\/a42711f3385a0e2be6f7e0443bfb28f0","name":"LIKEmetkovic.hr","sameAs":["http:\/\/likemetkovic.hr"],"url":"https:\/\/likemetkovic.hr\/portal\/author\/likemetkovic-hr\/"}]}},"_links":{"self":[{"href":"https:\/\/likemetkovic.hr\/portal\/wp-json\/wp\/v2\/posts\/41514","targetHints":{"allow":["GET"]}}],"collection":[{"href":"https:\/\/likemetkovic.hr\/portal\/wp-json\/wp\/v2\/posts"}],"about":[{"href":"https:\/\/likemetkovic.hr\/portal\/wp-json\/wp\/v2\/types\/post"}],"author":[{"embeddable":true,"href":"https:\/\/likemetkovic.hr\/portal\/wp-json\/wp\/v2\/users\/7"}],"replies":[{"embeddable":true,"href":"https:\/\/likemetkovic.hr\/portal\/wp-json\/wp\/v2\/comments?post=41514"}],"version-history":[{"count":0,"href":"https:\/\/likemetkovic.hr\/portal\/wp-json\/wp\/v2\/posts\/41514\/revisions"}],"wp:attachment":[{"href":"https:\/\/likemetkovic.hr\/portal\/wp-json\/wp\/v2\/media?parent=41514"}],"wp:term":[{"taxonomy":"category","embeddable":true,"href":"https:\/\/likemetkovic.hr\/portal\/wp-json\/wp\/v2\/categories?post=41514"},{"taxonomy":"post_tag","embeddable":true,"href":"https:\/\/likemetkovic.hr\/portal\/wp-json\/wp\/v2\/tags?post=41514"}],"curies":[{"name":"wp","href":"https:\/\/api.w.org\/{rel}","templated":true}]}}