{"id":41661,"date":"2017-05-17T13:06:10","date_gmt":"2017-05-17T11:06:10","guid":{"rendered":"http:\/\/likemetkovic.hr\/?p=41661"},"modified":"2017-05-17T13:13:07","modified_gmt":"2017-05-17T11:13:07","slug":"41661-2","status":"publish","type":"post","link":"https:\/\/likemetkovic.hr\/portal\/41661-2\/","title":{"rendered":"[FOTO] MOST nezavisnih lista odr\u017eao veliki predizborni skup u GKS-u"},"content":{"rendered":"<p>Ve\u010deras sa po\u010detkom u 20 sati MOST nezavisnih lista organizirao je veliki predizborni skup u GKS-u na kojem se okupilo 500-njak simpatizera. Program je vodila <strong>Ana Pilj<\/strong> koja je kao prvoga govornika za govornicu\u00a0pozvala saborskog zastupnika Mosta i donedavnog predsjednika Sabora RH, <strong>Bo\u017eu Petrova<\/strong>.<\/p>\n<p><em>&#8220;Sje\u0107am se kao da je ju\u010der bilo kada smo se sastajali u staroj zgradi Razvitka. Ono \u0161to se tada dogodilo, ono zbog \u010dega su danas sa nama tu i drugi gradona\u010delnici i na\u010delnici sa nezavisnih lista, uzdrmalo je temelje hrvatske politike. Zahvaljuju\u0107i vama i njima danas hrvatska politika nije, ne mo\u017ee i ne\u0107e biti ista. Prvi put nakon nakon 25 godina SDP i HDZ se ne mogu vi\u0161e izmjenjivati na centru mo\u0107i. Pokazali smo da u politici mo\u017ee ostati \u010dist obraz, to smo nau\u010dili u svojim obiteljima. I dok god je tako mo\u017eete biti sigurni da \u0107e Most voditi hrvatsku politiku. Mo\u017eete biti sigurni da va\u0161 glas ne\u0107e biti prodan. Mogli ste vidjeti kako se HDZ i SDP bore za pozicije koje su zauzeli i bez obzira \u0161to nas je bilo malo uspjeli smo ih izvesti na \u010distaci i s jedne strane mi nije drago \u0161to je hrvatska javnost vidjela onu sramotu, ali s druge strane mi je drago\u00a0\u0161to smo uspjeli izvesti na \u010distac i pokazati kako se sve iza kulisa dogovara. Hvala vam na povjerenju i mogu vam obe\u0107ati da vas ne\u0107emo iznevjeriti.&#8221; &#8211; <\/em>rekao je<strong> Petrov<\/strong>.<\/p>\n<p>Potom su predstavljeni mostovi kandidati za zamjenike \u017eupana\u00a0<strong>Mato Tomljanovi\u0107<\/strong> i <strong>Darija Pecoti\u0107.<\/strong><\/p>\n<p><strong>Mato Tomljanovi\u0107<\/strong>, biv\u0161i dugogodi\u0161nji novinar HRT-a i trenutni savjetnik za me\u0111unarodnu suradnju i europske fondove u \u017eupaniji, magistar ekonomije je na po\u010detku istaknuo:<em> &#8220;Jako je te\u0161ko govoriti jer su emocije ve\u010deras jake, a jake su jer su danas i ve\u010deras Dubrovnik i Neretva jedno, jer znamo da je danas, ve\u010deras i u nedjelju pobjeda na\u0161a.&#8221;<\/em><\/p>\n<p>Potom je nastavio: <em>&#8220;\u017delio bih se zahvaliti <strong>Nikoli<\/strong> i <strong>Bo\u017ei<\/strong> na ponu\u0111enoj prilici koju su mi dali. Dugo sam razmi\u0161ljao o njoj. Nisam se bojao ni osude ni krivih pogleda. Razmi\u0161ljao sam o velikoj odgovornosti koju time prihva\u0107am. Me\u0111utim, uz\u00a0<strong>Nikolu<\/strong>, <strong>Bo\u017eu<\/strong>, moga <strong>Mara<\/strong> iz Dubrovnika i ostale na\u0161e saborske zastupnike nikakvoga straha nema i odlu\u010dio sam prihvatiti kandidaturu. Moram re\u0107i da sam onoga trenutka kada je pala vlada bio najponosniji i najsretniji \u010dovjek na svijetu.&#8221; &#8211; zav\u0161io je uz pljesak <strong>Tomljanovi\u0107<\/strong>.<\/em><\/p>\n<p>Za mikrofon je zatim iza\u0161la kandidatkinja za zamjenicu <strong>Darija Pecoti\u0107<\/strong>, profesorica kemije i biologije iz Smokvice, u kojoj je i op\u0107inska vije\u0107nica protekle dvije godine: <em>&#8220;Drage Metkovke i Metkovci iznimna mi je \u010dast \u0161to sam ve\u010deras sa vama. Metkovi\u0107 je na putu da postane dio povijesti kao simbol borbe za druga\u010diju i bolju Hrvatsku. Metkovi\u0107 je dio druga\u010dije politike od one koja nas je vodila proteklih 25 godina. Most ima ne\u0161to \u0161to drugo opcije nemaju, a to su ljudi istinskog dijaloga. Sretna sam i ponosna \u0161to mogu stati rame uz rame Nikoli Grmoji, koji je odlu\u010dio meni povjeriti povjerenje\u00a0da budem njegova zamjenica. Dragi ljudi, ovo je prilika koju ne smijemo propustiti.&#8221;<\/em><\/p>\n<p>Voditeljica programa predstavila je pojedina\u010dno kandidate na \u017eupanijskioj listi Mosta, a predstavljen je jo\u0161 jednom spot i nova pjesma Mosta &#8220;<em>Most od ljubavi&#8221;<\/em>.<\/p>\n<p>Uz gromoglasan pljesak pred okupljene je zatim iza\u0161ao <strong>Nikola Grmoja<\/strong>: <em>&#8220;Zamislite skandalozne izjave<strong> Nikole Dobroslavi\u0107a<\/strong> Most \u0107e trebati objasniti svojim bira\u010dima za\u0161to je izgubio \u010detiri ministarstva i mno\u0161tvo javnih poduze\u0107a. Zamislite kakvo je to shva\u0107anje politike, kao nekakvog sredstva za uhljebljivanje svojih kadrova. Mi se nismo svrstali uz SDP, koji nije htio potpisati na\u0161 zahtjev za raspu\u0161tanje Sabora ve\u0107 uz stranku zvanu pamet i logika, koja ka\u017ee da ne mo\u017eemo \u017emiriti kada jedan ministar govori da nije znao \u0161to se doga\u0111a u Agrokoru, a sada je u tamo vladin povjerenik koji ka\u017ee da je ve\u0107 prije godinu dana znao kakva je situacija u Agrokoru. Nismo mogli za\u017emiriti na ne\u0161to o\u010dito \u0161to se doga\u0111a jer ja za desetak godina moram stati pred svoju k\u0107er i objasniti joj \u0161to sam to radio.&#8221;<\/em> i nastavlja<br \/>\n<em>&#8220;Nitko u Saboru nije bio na strani Mosta niti, a posebno HNS i IDS, koji su potisali smjenu <strong>Bo\u017ee Petrova<\/strong>, kako bi nakon lokalnih izbora mogli i\u0107i u koaliciju sa HDZ-om. Jedini zastupnici za koje mo\u017eemo re\u0107i da su se svrstali uz Most mo\u017eemo re\u0107i da su <strong>Goran Aleksi\u0107<\/strong> i <strong>Ivan Pernar<\/strong>. Oni su jedini glasali za zakon o HNB-u, da u HNB\u00a0u\u0111e revizija. \u010cak mi je jedan zastupnik SDP-a pri\u0161ao i pokazao cedulju na kojoj je pisalo da ne smije glasati za zakon o HNB-u iako se sa nama sla\u017ee. Sve to govori tko upravlja sa hrvatskom politikom i strankama. Svu tu sramotnu trgovinu u Saboru u kojoj je predstojnik Milanovi\u0107eva ureda, Saucha, spa\u0161avao Vladu, kojoj je danas glavni partner <strong>Pupovac<\/strong>, sa galerije je gledao jedan od kreatora, <strong>Vladimir \u0160eks<\/strong>. HDZ je svjestan da nema novog preslagivanja, mo\u017eda jedino u opciji sa HNS-om, ali u tom slu\u010daju \u0107e izgubiti svoje\u00a0bira\u010dkog tjela, a u svemu tome Plenkovi\u0107 ne \u017eeli priznati da je lagao javnost i sada \u0107e opet udariti po nama. Ja vas molim da ne dopustimo <strong>\u0160eksu<\/strong>, <strong>Bo\u017einovi\u0107u<\/strong>, <strong>Valenti\u0107u<\/strong>, i drugima da odlu\u010duju o sudbini Metkovi\u0107a. O sudbini Metkovi\u0107a \u0107e odlu\u010divati Metkovci, bez obzira odakle su. Moja baka je iz Hercegovine i te pri\u010de da je Most antihercegova\u010dka ili antihrvatska stranka ne stoje! Vi\u0161e je Most i ministar <strong>Ante \u0160prlje<\/strong> u\u010dinio za Hrvate u BiH &#8220;\u0161estorku&#8221; nego svi ministri pravosu\u0111a od osnutka Hrvatske!&#8221; &#8211;<\/em> rekao je <strong>Grmoja<\/strong> koji je na kraju pozvao sve da pozovu sve svoje i da iza\u0111u na izbore, jer je ovo bitka ne samo za Metkovi\u0107 nego za bolju Hrvatsku.<\/p>\n<p>Nakon<strong> Grmoje<\/strong>\u00a0pred publiku je iza\u0161ao i saborski zastupnik Mosta, <strong>Miro Bulj<\/strong>, koji je pozdravljaju\u0107i sve prisutne istaknuo da se u ovim izborima odlu\u010duje o sudbini Hrvatske i da se na izborima dogodi &#8220;revolucija&#8221;.<\/p>\n<p>Zadnja je na binu uz ovacije iza\u0161la kandidatkinja Mosta za gradona\u010delnicu Metkovi\u0107a, <strong>Katarina Ujdur<\/strong>: <em>&#8220;Ovo su dani u kojima Most pola\u017ee ra\u010dune vama sugra\u0111anima. Nakon saniranja dugova koje smo naslijedili stabilizali smo stanje i zapo\u010deli sa brojnim projektima o \u010demu svjedo\u010di i bilten koji smo pripremili. Sada nam slijede novi izazovi koje \u0107emo ostvariti politikom \u010distih ruku, kao i do sada. U idu\u0107em mandatu planiramo dovr\u0161etak ve\u0107 zapo\u010detih projekata i osiguravanje boljih uvjeta za \u017eivot sugra\u0111ana, ure\u0111enje grada ali i omogu\u0107iti ostanak i \u017eivot mladim obiteljima u Metkovi\u0107u. Nabrojati \u0107u samo neke od bitnih projekata za Metkovi\u0107 koje planiramo realizirati. Prije svega to je projekt Aglomeracije Metkovi\u0107, kojim \u0107e grad Metkovi\u0107 rije\u0161iti sustav otpadnih voda, prera\u0111iva\u010dki pogon za preradu vo\u0107a i povr\u0107a koji je va\u017ean za \u010ditavu dolinu Neretve. I dalje \u0107emo nastaviti na privla\u010denju investitora te na realizaciji poslovne zone Dubravica. Ne\u0107emo dopustiti da se nasipaju rukavci Neretve. Voda je blago, Metkovi\u0107 je nastao na\u00a0Neretvi i vodu \u0107emo \u010duvati. Rukavce Neretve \u0107emo urediti i napraviti nova mjesta za dru\u017eenje i \u0161etnju.&#8221;<\/em><\/p>\n<p>Ujdur je na kraju na binu pozvala i pojedina\u010dno predstavila sve kandidate sa liste za Gradsko vije\u0107e.<\/p>\n\n","protected":false},"excerpt":{"rendered":"<p>Ve\u010deras sa po\u010detkom u 20 sati MOST nezavisnih lista organizirao je veliki predizborni skup u GKS-u na kojem se okupilo 500-njak simpatizera. Program je vodila Ana Pilj koja je kao prvoga govornika za govornicu\u00a0pozvala saborskog zastupnika Mosta i donedavnog predsjednika Sabora RH, Bo\u017eu Petrova. &#8220;Sje\u0107am se kao da je ju\u010der bilo kada smo se sastajali [&hellip;]<\/p>\n","protected":false},"author":7,"featured_media":0,"comment_status":"open","ping_status":"open","sticky":false,"template":"","format":"standard","meta":{"footnotes":""},"categories":[283],"tags":[357,698],"class_list":{"0":"post-41661","1":"post","2":"type-post","3":"status-publish","4":"format-standard","6":"category-a","7":"tag-katarina-ujdur","8":"tag-most-nezavisnih-lista-metkovic"},"yoast_head":"<!-- This site is optimized with the Yoast SEO plugin v25.2 - https:\/\/yoast.com\/wordpress\/plugins\/seo\/ -->\n<title>[FOTO] MOST nezavisnih lista odr\u017eao veliki predizborni skup u GKS-u - likemetkovic.hr<\/title>\n<meta name=\"robots\" content=\"index, follow, max-snippet:-1, max-image-preview:large, max-video-preview:-1\" \/>\n<link rel=\"canonical\" href=\"https:\/\/likemetkovic.hr\/41661-2\/\" \/>\n<meta property=\"og:locale\" content=\"hr_HR\" \/>\n<meta property=\"og:type\" content=\"article\" \/>\n<meta property=\"og:title\" content=\"[FOTO] MOST nezavisnih lista odr\u017eao veliki predizborni skup u GKS-u - likemetkovic.hr\" \/>\n<meta property=\"og:description\" content=\"Ve\u010deras sa po\u010detkom u 20 sati MOST nezavisnih lista organizirao je veliki predizborni skup u GKS-u na kojem se okupilo 500-njak simpatizera. Program je vodila Ana Pilj koja je kao prvoga govornika za govornicu\u00a0pozvala saborskog zastupnika Mosta i donedavnog predsjednika Sabora RH, Bo\u017eu Petrova. &#8220;Sje\u0107am se kao da je ju\u010der bilo kada smo se sastajali [&hellip;]\" \/>\n<meta property=\"og:url\" content=\"https:\/\/likemetkovic.hr\/41661-2\/\" \/>\n<meta property=\"og:site_name\" content=\"likemetkovic.hr\" \/>\n<meta property=\"article:publisher\" content=\"https:\/\/www.facebook.com\/likemetkovic.hr\/\" \/>\n<meta property=\"article:published_time\" content=\"2017-05-17T11:06:10+00:00\" \/>\n<meta property=\"article:modified_time\" content=\"2017-05-17T11:13:07+00:00\" \/>\n<meta name=\"author\" content=\"LIKEmetkovic.hr\" \/>\n<meta name=\"twitter:card\" content=\"summary_large_image\" \/>\n<meta name=\"twitter:label1\" content=\"Napisao\/la\" \/>\n\t<meta name=\"twitter:data1\" content=\"LIKEmetkovic.hr\" \/>\n\t<meta name=\"twitter:label2\" content=\"Procijenjeno vrijeme \u010ditanja\" \/>\n\t<meta name=\"twitter:data2\" content=\"6 minuta\" \/>\n<script type=\"application\/ld+json\" class=\"yoast-schema-graph\">{\"@context\":\"https:\/\/schema.org\",\"@graph\":[{\"@type\":\"WebPage\",\"@id\":\"https:\/\/likemetkovic.hr\/41661-2\/\",\"url\":\"https:\/\/likemetkovic.hr\/41661-2\/\",\"name\":\"[FOTO] MOST nezavisnih lista odr\u017eao veliki predizborni skup u GKS-u - likemetkovic.hr\",\"isPartOf\":{\"@id\":\"https:\/\/likemetkovic.hr\/#website\"},\"datePublished\":\"2017-05-17T11:06:10+00:00\",\"dateModified\":\"2017-05-17T11:13:07+00:00\",\"author\":{\"@id\":\"https:\/\/likemetkovic.hr\/#\/schema\/person\/a42711f3385a0e2be6f7e0443bfb28f0\"},\"breadcrumb\":{\"@id\":\"https:\/\/likemetkovic.hr\/41661-2\/#breadcrumb\"},\"inLanguage\":\"hr\",\"potentialAction\":[{\"@type\":\"ReadAction\",\"target\":[\"https:\/\/likemetkovic.hr\/41661-2\/\"]}]},{\"@type\":\"BreadcrumbList\",\"@id\":\"https:\/\/likemetkovic.hr\/41661-2\/#breadcrumb\",\"itemListElement\":[{\"@type\":\"ListItem\",\"position\":1,\"name\":\"Po\u010detna stranica\",\"item\":\"https:\/\/likemetkovic.hr\/portal\/\"},{\"@type\":\"ListItem\",\"position\":2,\"name\":\"[FOTO] MOST nezavisnih lista odr\u017eao veliki predizborni skup u GKS-u\"}]},{\"@type\":\"WebSite\",\"@id\":\"https:\/\/likemetkovic.hr\/#website\",\"url\":\"https:\/\/likemetkovic.hr\/\",\"name\":\"likemetkovic.hr\",\"description\":\"Misli pozitivno... \u010ditaj LIKE\",\"potentialAction\":[{\"@type\":\"SearchAction\",\"target\":{\"@type\":\"EntryPoint\",\"urlTemplate\":\"https:\/\/likemetkovic.hr\/?s={search_term_string}\"},\"query-input\":{\"@type\":\"PropertyValueSpecification\",\"valueRequired\":true,\"valueName\":\"search_term_string\"}}],\"inLanguage\":\"hr\"},{\"@type\":\"Person\",\"@id\":\"https:\/\/likemetkovic.hr\/#\/schema\/person\/a42711f3385a0e2be6f7e0443bfb28f0\",\"name\":\"LIKEmetkovic.hr\",\"sameAs\":[\"http:\/\/likemetkovic.hr\"],\"url\":\"https:\/\/likemetkovic.hr\/portal\/author\/likemetkovic-hr\/\"}]}<\/script>\n<!-- \/ Yoast SEO plugin. -->","yoast_head_json":{"title":"[FOTO] MOST nezavisnih lista odr\u017eao veliki predizborni skup u GKS-u - likemetkovic.hr","robots":{"index":"index","follow":"follow","max-snippet":"max-snippet:-1","max-image-preview":"max-image-preview:large","max-video-preview":"max-video-preview:-1"},"canonical":"https:\/\/likemetkovic.hr\/41661-2\/","og_locale":"hr_HR","og_type":"article","og_title":"[FOTO] MOST nezavisnih lista odr\u017eao veliki predizborni skup u GKS-u - likemetkovic.hr","og_description":"Ve\u010deras sa po\u010detkom u 20 sati MOST nezavisnih lista organizirao je veliki predizborni skup u GKS-u na kojem se okupilo 500-njak simpatizera. Program je vodila Ana Pilj koja je kao prvoga govornika za govornicu\u00a0pozvala saborskog zastupnika Mosta i donedavnog predsjednika Sabora RH, Bo\u017eu Petrova. &#8220;Sje\u0107am se kao da je ju\u010der bilo kada smo se sastajali [&hellip;]","og_url":"https:\/\/likemetkovic.hr\/41661-2\/","og_site_name":"likemetkovic.hr","article_publisher":"https:\/\/www.facebook.com\/likemetkovic.hr\/","article_published_time":"2017-05-17T11:06:10+00:00","article_modified_time":"2017-05-17T11:13:07+00:00","author":"LIKEmetkovic.hr","twitter_card":"summary_large_image","twitter_misc":{"Napisao\/la":"LIKEmetkovic.hr","Procijenjeno vrijeme \u010ditanja":"6 minuta"},"schema":{"@context":"https:\/\/schema.org","@graph":[{"@type":"WebPage","@id":"https:\/\/likemetkovic.hr\/41661-2\/","url":"https:\/\/likemetkovic.hr\/41661-2\/","name":"[FOTO] MOST nezavisnih lista odr\u017eao veliki predizborni skup u GKS-u - likemetkovic.hr","isPartOf":{"@id":"https:\/\/likemetkovic.hr\/#website"},"datePublished":"2017-05-17T11:06:10+00:00","dateModified":"2017-05-17T11:13:07+00:00","author":{"@id":"https:\/\/likemetkovic.hr\/#\/schema\/person\/a42711f3385a0e2be6f7e0443bfb28f0"},"breadcrumb":{"@id":"https:\/\/likemetkovic.hr\/41661-2\/#breadcrumb"},"inLanguage":"hr","potentialAction":[{"@type":"ReadAction","target":["https:\/\/likemetkovic.hr\/41661-2\/"]}]},{"@type":"BreadcrumbList","@id":"https:\/\/likemetkovic.hr\/41661-2\/#breadcrumb","itemListElement":[{"@type":"ListItem","position":1,"name":"Po\u010detna stranica","item":"https:\/\/likemetkovic.hr\/portal\/"},{"@type":"ListItem","position":2,"name":"[FOTO] MOST nezavisnih lista odr\u017eao veliki predizborni skup u GKS-u"}]},{"@type":"WebSite","@id":"https:\/\/likemetkovic.hr\/#website","url":"https:\/\/likemetkovic.hr\/","name":"likemetkovic.hr","description":"Misli pozitivno... \u010ditaj LIKE","potentialAction":[{"@type":"SearchAction","target":{"@type":"EntryPoint","urlTemplate":"https:\/\/likemetkovic.hr\/?s={search_term_string}"},"query-input":{"@type":"PropertyValueSpecification","valueRequired":true,"valueName":"search_term_string"}}],"inLanguage":"hr"},{"@type":"Person","@id":"https:\/\/likemetkovic.hr\/#\/schema\/person\/a42711f3385a0e2be6f7e0443bfb28f0","name":"LIKEmetkovic.hr","sameAs":["http:\/\/likemetkovic.hr"],"url":"https:\/\/likemetkovic.hr\/portal\/author\/likemetkovic-hr\/"}]}},"_links":{"self":[{"href":"https:\/\/likemetkovic.hr\/portal\/wp-json\/wp\/v2\/posts\/41661","targetHints":{"allow":["GET"]}}],"collection":[{"href":"https:\/\/likemetkovic.hr\/portal\/wp-json\/wp\/v2\/posts"}],"about":[{"href":"https:\/\/likemetkovic.hr\/portal\/wp-json\/wp\/v2\/types\/post"}],"author":[{"embeddable":true,"href":"https:\/\/likemetkovic.hr\/portal\/wp-json\/wp\/v2\/users\/7"}],"replies":[{"embeddable":true,"href":"https:\/\/likemetkovic.hr\/portal\/wp-json\/wp\/v2\/comments?post=41661"}],"version-history":[{"count":0,"href":"https:\/\/likemetkovic.hr\/portal\/wp-json\/wp\/v2\/posts\/41661\/revisions"}],"wp:attachment":[{"href":"https:\/\/likemetkovic.hr\/portal\/wp-json\/wp\/v2\/media?parent=41661"}],"wp:term":[{"taxonomy":"category","embeddable":true,"href":"https:\/\/likemetkovic.hr\/portal\/wp-json\/wp\/v2\/categories?post=41661"},{"taxonomy":"post_tag","embeddable":true,"href":"https:\/\/likemetkovic.hr\/portal\/wp-json\/wp\/v2\/tags?post=41661"}],"curies":[{"name":"wp","href":"https:\/\/api.w.org\/{rel}","templated":true}]}}