{"id":41789,"date":"2017-05-18T07:29:46","date_gmt":"2017-05-18T05:29:46","guid":{"rendered":"http:\/\/likemetkovic.hr\/?p=41789"},"modified":"2017-05-18T07:30:15","modified_gmt":"2017-05-18T05:30:15","slug":"fotovideo-hdz-odrzao-veliki-predizborni-skup-gks","status":"publish","type":"post","link":"https:\/\/likemetkovic.hr\/portal\/fotovideo-hdz-odrzao-veliki-predizborni-skup-gks\/","title":{"rendered":"[FOTO\/VIDEO] HDZ odr\u017eao veliki predizborni skup u GKS-u"},"content":{"rendered":"<p>U sino\u0107njem predizbornom skupu HDZ-a, odr\u017eanom u dvorani GKS-a u Metkovi\u0107u, kandidat za gradona\u010delnika <strong>Dalibor Milan<\/strong> predstavio je svoj program i \u010dlanove Gradskog vije\u0107a grada Metkovi\u0107a.<\/p>\n<p>Skup je po\u010deo minutom \u0161utnje, kao znak po\u010dasti poginulim braniteljima i prvom Hrvatskom predsjedniku dr. Franji Tu\u0111manu.\u00a0Zatim su suradnici odr\u017eali kratke govore u cilju prezentacije programa, te potpore svom kandidatu za gradona\u010delnika Daliboru Milanu.<\/p>\n<p>Prvi se prisutnima obratio \u017eupan <strong>Nikola Dobroslavi\u0107<\/strong>.<\/p>\n<p>\u2013 Ovo je veli\u010danstveno ozra\u010dje ovdje danas u Metkovi\u0107u, koje zna\u010di samo jedno \u2013 pobjedu na izborima u nedjelju 21. svibnja. To zna\u010di novi gradona\u010delnik u Metkovi\u0107u, Dalibor Milan. HDZ je uvijek bio u Metkovi\u0107u u svojoj utvrdi i to \u0107e tako biti i u budu\u0107nosti\u00a0\u2013 naglasio je \u017eupan Dobroslavi\u0107.<\/p>\n<p>Predsjednik kluba zastupnika HDZ-a, <strong>Branko Ba\u010di\u0107<\/strong>\u00a0je poru\u010dio:<\/p>\n<p>\u2013 \u00a0\u010cast mi je pozdraviti vas u ime pobjedni\u010dkog odbora, i kao \u0161to sam rekao prije par dana pobjedu, sveukupnu pobjedu Hrvatske demokratske zajednice u svih pet gradova Dubrova\u010dko-neretvanske \u017eupanije, a posebno najsla\u0111a pobjeda biti \u0107e upravo ovdje u Metkovi\u0107u. Za\u0161to \u0107e Dado pobijediti? Prije svega, a ve\u0107 dugo godina dolazim u Metkovi\u0107, i puno sam puta govorio i u ovoj dvorani i na metkovskim trgovima, ali ovakav osje\u0107aj pobjede u zraku, ovoliko ljudi u ovoj dvorani ja jo\u0161 nisam vidio. I budite sigurni da je na\u0161 ve\u010dera\u0161nji dolazak kao i onih koji su ostali vani jer nisu mogli u\u0107i u ovu dvoranu najve\u0107i pokazatelj da su se okolnosti u Metkovi\u0107u promijenile i da je Dalibor na\u0161 budu\u0107i gradona\u010delnik. I ja koliko vidim u posljednjih nekoliko mjeseci koliko se dru\u017eim sa Dadom. Ono \u0161to mogu re\u0107i je da sam ga upoznao kao jednog posebnog i dragog \u010dovjeka, i samo takav nastavi i ostani, poru\u010dio je Ba\u010di\u0107.<\/p>\n<p>Kandidatkinja za zamjenicu \u017eupana, <strong>\u017daklina Marevi\u0107<\/strong>, se obratila\u00a0rije\u010dima:<\/p>\n<p>\u2013 Jako sam uzbu\u0111ena, jer se ne sje\u0107am da smo ikada imali ovako veli\u010danstven skup. Hvala svima \u0161to ste do\u0161li i hvala ti Dalibore \u0161to si ovo sve divno organizirao. Dalibora osobno poznajem ve\u0107 godinama, znam da je sr\u010dan i da je \u010dovjek koji svima \u017eeli pomo\u0107i. Daliborova i moja suradnja nastavit \u0107e se naredne \u010detiri godine, kada zajedno budemo mogli puno toga u\u010diniti za na\u0161 grad, \u2013 uvjerena\u00a0je Marevi\u0107.<\/p>\n<p>Prisutnima se obratila i predsjednica koalicijskog partnera, HSLS-a, <strong>Miljenka Manenica<\/strong>:<\/p>\n<p>\u2013 Na listi su ljudi koji sa svojim znanjem mogu donijeti bolje promjene gradu, i zato apeliram da svi iza\u0111emo na izbore i dajmo glas Daliboru kao izvrsnom \u010dovjeku, koji je uistinu sastavio dobar tim i stvarno sam ponosna \u0161to sam dio ovog skupa, \u2013 kazala je Manenica<\/p>\n<p>Kratki govor odr\u017eao je i drugi zamjenik, <strong>Damir Rai\u010d<\/strong>:<\/p>\n<p>\u2013 Ponosan sam da mogu re\u0107i da sam dio ovoga tima HDZ-a. Ono \u0161to je va\u017eno, mi imamo jedan vrlo odli\u010dan gospodarski program, i svatko tko ima bilo kakav konstruktivan prijedlog na\u0161a su mu vrata uvijek otvorena. Stoga vas molim iza\u0111imo 21. svibnja, zaokru\u017eimo broj 4 za gradona\u010delnika i broj 1 za Gradsko vije\u0107e, kako bismo ve\u0107 22. krenuli iskreno i bez podjela.<\/p>\n<p>Ekspert za poljoprivredu i prvi zamjenik, <strong>Robert Doko<\/strong> je rekao:<\/p>\n<p>\u2013 Moram priznati da mi \u010dast biti danas ovdje s vama, \u010dast mi je biti na listi Hrvatske demokratske zajednice, stranke pod \u010dijim je vodstvom stvorena Hrvatska dr\u017eava. \u010cast mi je biti zamjenik na\u0161emu kandidatu gospodinu Daliboru Milanu, \u2013 rekao je gospodin Doko, nakon \u010dega se osvrnuo na hrvatsku poljoprivredu, predstavljaju\u0107i plan za pomo\u0107 neretvanskoj poljoprivredi.<\/p>\n<p>Govor <strong>Dalibora Milana<\/strong> pogledajte u videu ispod (Nportal)<\/p>\n<p><span style=\"color: #999999;\"><em>Pi\u0161e: S. \u0160iljeg &#8211; Metkovic-news.com<\/em><\/span><\/p>\n<p><iframe src=\"https:\/\/www.facebook.com\/plugins\/video.php?href=https%3A%2F%2Fwww.facebook.com%2FNeovisniportal%2Fvideos%2F1912920835643089%2F&amp;show_text=0&amp;width=640\" width=\"640\" height=\"354\" frameborder=\"0\" scrolling=\"no\" allowfullscreen=\"allowfullscreen\" data-mce-fragment=\"1\"><\/iframe><\/p>\n\n","protected":false},"excerpt":{"rendered":"<p>U sino\u0107njem predizbornom skupu HDZ-a, odr\u017eanom u dvorani GKS-a u Metkovi\u0107u, kandidat za gradona\u010delnika Dalibor Milan predstavio je svoj program i \u010dlanove Gradskog vije\u0107a grada Metkovi\u0107a. Skup je po\u010deo minutom \u0161utnje, kao znak po\u010dasti poginulim braniteljima i prvom Hrvatskom predsjedniku dr. Franji Tu\u0111manu.\u00a0Zatim su suradnici odr\u017eali kratke govore u cilju prezentacije programa, te potpore svom [&hellip;]<\/p>\n","protected":false},"author":7,"featured_media":0,"comment_status":"open","ping_status":"open","sticky":false,"template":"","format":"standard","meta":{"footnotes":""},"categories":[283],"tags":[],"class_list":{"0":"post-41789","1":"post","2":"type-post","3":"status-publish","4":"format-standard","6":"category-a"},"yoast_head":"<!-- This site is optimized with the Yoast SEO plugin v25.2 - https:\/\/yoast.com\/wordpress\/plugins\/seo\/ -->\n<title>[FOTO\/VIDEO] HDZ odr\u017eao veliki predizborni skup u GKS-u - likemetkovic.hr<\/title>\n<meta name=\"robots\" content=\"index, follow, max-snippet:-1, max-image-preview:large, max-video-preview:-1\" \/>\n<link rel=\"canonical\" href=\"https:\/\/likemetkovic.hr\/fotovideo-hdz-odrzao-veliki-predizborni-skup-gks\/\" \/>\n<meta property=\"og:locale\" content=\"hr_HR\" \/>\n<meta property=\"og:type\" content=\"article\" \/>\n<meta property=\"og:title\" content=\"[FOTO\/VIDEO] HDZ odr\u017eao veliki predizborni skup u GKS-u - likemetkovic.hr\" \/>\n<meta property=\"og:description\" content=\"U sino\u0107njem predizbornom skupu HDZ-a, odr\u017eanom u dvorani GKS-a u Metkovi\u0107u, kandidat za gradona\u010delnika Dalibor Milan predstavio je svoj program i \u010dlanove Gradskog vije\u0107a grada Metkovi\u0107a. Skup je po\u010deo minutom \u0161utnje, kao znak po\u010dasti poginulim braniteljima i prvom Hrvatskom predsjedniku dr. Franji Tu\u0111manu.\u00a0Zatim su suradnici odr\u017eali kratke govore u cilju prezentacije programa, te potpore svom [&hellip;]\" \/>\n<meta property=\"og:url\" content=\"https:\/\/likemetkovic.hr\/fotovideo-hdz-odrzao-veliki-predizborni-skup-gks\/\" \/>\n<meta property=\"og:site_name\" content=\"likemetkovic.hr\" \/>\n<meta property=\"article:publisher\" content=\"https:\/\/www.facebook.com\/likemetkovic.hr\/\" \/>\n<meta property=\"article:published_time\" content=\"2017-05-18T05:29:46+00:00\" \/>\n<meta property=\"article:modified_time\" content=\"2017-05-18T05:30:15+00:00\" \/>\n<meta name=\"author\" content=\"LIKEmetkovic.hr\" \/>\n<meta name=\"twitter:card\" content=\"summary_large_image\" \/>\n<meta name=\"twitter:label1\" content=\"Napisao\/la\" \/>\n\t<meta name=\"twitter:data1\" content=\"LIKEmetkovic.hr\" \/>\n\t<meta name=\"twitter:label2\" content=\"Procijenjeno vrijeme \u010ditanja\" \/>\n\t<meta name=\"twitter:data2\" content=\"3 minute\" \/>\n<script type=\"application\/ld+json\" class=\"yoast-schema-graph\">{\"@context\":\"https:\/\/schema.org\",\"@graph\":[{\"@type\":\"WebPage\",\"@id\":\"https:\/\/likemetkovic.hr\/fotovideo-hdz-odrzao-veliki-predizborni-skup-gks\/\",\"url\":\"https:\/\/likemetkovic.hr\/fotovideo-hdz-odrzao-veliki-predizborni-skup-gks\/\",\"name\":\"[FOTO\/VIDEO] HDZ odr\u017eao veliki predizborni skup u GKS-u - likemetkovic.hr\",\"isPartOf\":{\"@id\":\"https:\/\/likemetkovic.hr\/#website\"},\"datePublished\":\"2017-05-18T05:29:46+00:00\",\"dateModified\":\"2017-05-18T05:30:15+00:00\",\"author\":{\"@id\":\"https:\/\/likemetkovic.hr\/#\/schema\/person\/a42711f3385a0e2be6f7e0443bfb28f0\"},\"breadcrumb\":{\"@id\":\"https:\/\/likemetkovic.hr\/fotovideo-hdz-odrzao-veliki-predizborni-skup-gks\/#breadcrumb\"},\"inLanguage\":\"hr\",\"potentialAction\":[{\"@type\":\"ReadAction\",\"target\":[\"https:\/\/likemetkovic.hr\/fotovideo-hdz-odrzao-veliki-predizborni-skup-gks\/\"]}]},{\"@type\":\"BreadcrumbList\",\"@id\":\"https:\/\/likemetkovic.hr\/fotovideo-hdz-odrzao-veliki-predizborni-skup-gks\/#breadcrumb\",\"itemListElement\":[{\"@type\":\"ListItem\",\"position\":1,\"name\":\"Po\u010detna stranica\",\"item\":\"https:\/\/likemetkovic.hr\/portal\/\"},{\"@type\":\"ListItem\",\"position\":2,\"name\":\"[FOTO\/VIDEO] HDZ odr\u017eao veliki predizborni skup u GKS-u\"}]},{\"@type\":\"WebSite\",\"@id\":\"https:\/\/likemetkovic.hr\/#website\",\"url\":\"https:\/\/likemetkovic.hr\/\",\"name\":\"likemetkovic.hr\",\"description\":\"Misli pozitivno... \u010ditaj LIKE\",\"potentialAction\":[{\"@type\":\"SearchAction\",\"target\":{\"@type\":\"EntryPoint\",\"urlTemplate\":\"https:\/\/likemetkovic.hr\/?s={search_term_string}\"},\"query-input\":{\"@type\":\"PropertyValueSpecification\",\"valueRequired\":true,\"valueName\":\"search_term_string\"}}],\"inLanguage\":\"hr\"},{\"@type\":\"Person\",\"@id\":\"https:\/\/likemetkovic.hr\/#\/schema\/person\/a42711f3385a0e2be6f7e0443bfb28f0\",\"name\":\"LIKEmetkovic.hr\",\"sameAs\":[\"http:\/\/likemetkovic.hr\"],\"url\":\"https:\/\/likemetkovic.hr\/portal\/author\/likemetkovic-hr\/\"}]}<\/script>\n<!-- \/ Yoast SEO plugin. -->","yoast_head_json":{"title":"[FOTO\/VIDEO] HDZ odr\u017eao veliki predizborni skup u GKS-u - likemetkovic.hr","robots":{"index":"index","follow":"follow","max-snippet":"max-snippet:-1","max-image-preview":"max-image-preview:large","max-video-preview":"max-video-preview:-1"},"canonical":"https:\/\/likemetkovic.hr\/fotovideo-hdz-odrzao-veliki-predizborni-skup-gks\/","og_locale":"hr_HR","og_type":"article","og_title":"[FOTO\/VIDEO] HDZ odr\u017eao veliki predizborni skup u GKS-u - likemetkovic.hr","og_description":"U sino\u0107njem predizbornom skupu HDZ-a, odr\u017eanom u dvorani GKS-a u Metkovi\u0107u, kandidat za gradona\u010delnika Dalibor Milan predstavio je svoj program i \u010dlanove Gradskog vije\u0107a grada Metkovi\u0107a. Skup je po\u010deo minutom \u0161utnje, kao znak po\u010dasti poginulim braniteljima i prvom Hrvatskom predsjedniku dr. Franji Tu\u0111manu.\u00a0Zatim su suradnici odr\u017eali kratke govore u cilju prezentacije programa, te potpore svom [&hellip;]","og_url":"https:\/\/likemetkovic.hr\/fotovideo-hdz-odrzao-veliki-predizborni-skup-gks\/","og_site_name":"likemetkovic.hr","article_publisher":"https:\/\/www.facebook.com\/likemetkovic.hr\/","article_published_time":"2017-05-18T05:29:46+00:00","article_modified_time":"2017-05-18T05:30:15+00:00","author":"LIKEmetkovic.hr","twitter_card":"summary_large_image","twitter_misc":{"Napisao\/la":"LIKEmetkovic.hr","Procijenjeno vrijeme \u010ditanja":"3 minute"},"schema":{"@context":"https:\/\/schema.org","@graph":[{"@type":"WebPage","@id":"https:\/\/likemetkovic.hr\/fotovideo-hdz-odrzao-veliki-predizborni-skup-gks\/","url":"https:\/\/likemetkovic.hr\/fotovideo-hdz-odrzao-veliki-predizborni-skup-gks\/","name":"[FOTO\/VIDEO] HDZ odr\u017eao veliki predizborni skup u GKS-u - likemetkovic.hr","isPartOf":{"@id":"https:\/\/likemetkovic.hr\/#website"},"datePublished":"2017-05-18T05:29:46+00:00","dateModified":"2017-05-18T05:30:15+00:00","author":{"@id":"https:\/\/likemetkovic.hr\/#\/schema\/person\/a42711f3385a0e2be6f7e0443bfb28f0"},"breadcrumb":{"@id":"https:\/\/likemetkovic.hr\/fotovideo-hdz-odrzao-veliki-predizborni-skup-gks\/#breadcrumb"},"inLanguage":"hr","potentialAction":[{"@type":"ReadAction","target":["https:\/\/likemetkovic.hr\/fotovideo-hdz-odrzao-veliki-predizborni-skup-gks\/"]}]},{"@type":"BreadcrumbList","@id":"https:\/\/likemetkovic.hr\/fotovideo-hdz-odrzao-veliki-predizborni-skup-gks\/#breadcrumb","itemListElement":[{"@type":"ListItem","position":1,"name":"Po\u010detna stranica","item":"https:\/\/likemetkovic.hr\/portal\/"},{"@type":"ListItem","position":2,"name":"[FOTO\/VIDEO] HDZ odr\u017eao veliki predizborni skup u GKS-u"}]},{"@type":"WebSite","@id":"https:\/\/likemetkovic.hr\/#website","url":"https:\/\/likemetkovic.hr\/","name":"likemetkovic.hr","description":"Misli pozitivno... \u010ditaj LIKE","potentialAction":[{"@type":"SearchAction","target":{"@type":"EntryPoint","urlTemplate":"https:\/\/likemetkovic.hr\/?s={search_term_string}"},"query-input":{"@type":"PropertyValueSpecification","valueRequired":true,"valueName":"search_term_string"}}],"inLanguage":"hr"},{"@type":"Person","@id":"https:\/\/likemetkovic.hr\/#\/schema\/person\/a42711f3385a0e2be6f7e0443bfb28f0","name":"LIKEmetkovic.hr","sameAs":["http:\/\/likemetkovic.hr"],"url":"https:\/\/likemetkovic.hr\/portal\/author\/likemetkovic-hr\/"}]}},"_links":{"self":[{"href":"https:\/\/likemetkovic.hr\/portal\/wp-json\/wp\/v2\/posts\/41789","targetHints":{"allow":["GET"]}}],"collection":[{"href":"https:\/\/likemetkovic.hr\/portal\/wp-json\/wp\/v2\/posts"}],"about":[{"href":"https:\/\/likemetkovic.hr\/portal\/wp-json\/wp\/v2\/types\/post"}],"author":[{"embeddable":true,"href":"https:\/\/likemetkovic.hr\/portal\/wp-json\/wp\/v2\/users\/7"}],"replies":[{"embeddable":true,"href":"https:\/\/likemetkovic.hr\/portal\/wp-json\/wp\/v2\/comments?post=41789"}],"version-history":[{"count":0,"href":"https:\/\/likemetkovic.hr\/portal\/wp-json\/wp\/v2\/posts\/41789\/revisions"}],"wp:attachment":[{"href":"https:\/\/likemetkovic.hr\/portal\/wp-json\/wp\/v2\/media?parent=41789"}],"wp:term":[{"taxonomy":"category","embeddable":true,"href":"https:\/\/likemetkovic.hr\/portal\/wp-json\/wp\/v2\/categories?post=41789"},{"taxonomy":"post_tag","embeddable":true,"href":"https:\/\/likemetkovic.hr\/portal\/wp-json\/wp\/v2\/tags?post=41789"}],"curies":[{"name":"wp","href":"https:\/\/api.w.org\/{rel}","templated":true}]}}