{"id":42338,"date":"2017-05-26T17:42:28","date_gmt":"2017-05-26T15:42:28","guid":{"rendered":"http:\/\/likemetkovic.hr\/?p=42338"},"modified":"2017-05-26T17:42:28","modified_gmt":"2017-05-26T15:42:28","slug":"foto-sudar-tri-vozila-pored-velikih-zala-tri-osobe-ozlijedene","status":"publish","type":"post","link":"https:\/\/likemetkovic.hr\/portal\/foto-sudar-tri-vozila-pored-velikih-zala-tri-osobe-ozlijedene\/","title":{"rendered":"[FOTO] Sudar tri vozila pored Velikih \u017eala, tri osobe ozlije\u0111ene!"},"content":{"rendered":"<p>Danas popodne u 14 sati i 50 minuta dogodila se te\u017ea prometna nesre\u0107a na dr\u017eavnoj cesti D8, kraj Velikih \u017eala.<\/p>\n<p>Sudjelovali su tri vozila, dva osobna automobila i jedan kombi. Dva su vozila dubrova\u010dkih registarskih oznaka, dok je jedno daruvarskih, pa se pretpostavlja kako se radi o rent-a-car vozilu.<\/p>\n<p>Iz Policije tako\u0111er doznaje\u00a0dulist.hr kako su tri osobe ozlije\u0111ene, te kako je, promet jo\u0161 u potpunosti obustavljen. Uskoro \u0107e se cesta osloboditi za prolazak manjih vozila, a vi\u0161e detalja bit \u0107e poznato po okon\u010danju policijskog o\u010devida.<\/p>\n<p><span style=\"color: #999999;\"><em>FOTO: Radarska kontrola, Dubrovnik i okolica \/ DuList<\/em><\/span><\/p>\n\n","protected":false},"excerpt":{"rendered":"<p>Danas popodne u 14 sati i 50 minuta dogodila se te\u017ea prometna nesre\u0107a na dr\u017eavnoj cesti D8, kraj Velikih \u017eala. Sudjelovali su tri vozila, dva osobna automobila i jedan kombi. Dva su vozila dubrova\u010dkih registarskih oznaka, dok je jedno daruvarskih, pa se pretpostavlja kako se radi o rent-a-car vozilu. Iz Policije tako\u0111er doznaje\u00a0dulist.hr kako su [&hellip;]<\/p>\n","protected":false},"author":7,"featured_media":0,"comment_status":"open","ping_status":"open","sticky":false,"template":"","format":"standard","meta":{"footnotes":""},"categories":[296,71],"tags":[568],"class_list":{"0":"post-42338","1":"post","2":"type-post","3":"status-publish","4":"format-standard","6":"category-ab","7":"category-svega-po-malo","8":"tag-prometna-nesreca"},"yoast_head":"<!-- This site is optimized with the Yoast SEO plugin v25.2 - https:\/\/yoast.com\/wordpress\/plugins\/seo\/ -->\n<title>[FOTO] Sudar tri vozila pored Velikih \u017eala, tri osobe ozlije\u0111ene! - likemetkovic.hr<\/title>\n<meta name=\"robots\" content=\"index, follow, max-snippet:-1, max-image-preview:large, max-video-preview:-1\" \/>\n<link rel=\"canonical\" href=\"https:\/\/likemetkovic.hr\/foto-sudar-tri-vozila-pored-velikih-zala-tri-osobe-ozlijedene\/\" \/>\n<meta property=\"og:locale\" content=\"hr_HR\" \/>\n<meta property=\"og:type\" content=\"article\" \/>\n<meta property=\"og:title\" content=\"[FOTO] Sudar tri vozila pored Velikih \u017eala, tri osobe ozlije\u0111ene! - likemetkovic.hr\" \/>\n<meta property=\"og:description\" content=\"Danas popodne u 14 sati i 50 minuta dogodila se te\u017ea prometna nesre\u0107a na dr\u017eavnoj cesti D8, kraj Velikih \u017eala. Sudjelovali su tri vozila, dva osobna automobila i jedan kombi. Dva su vozila dubrova\u010dkih registarskih oznaka, dok je jedno daruvarskih, pa se pretpostavlja kako se radi o rent-a-car vozilu. Iz Policije tako\u0111er doznaje\u00a0dulist.hr kako su [&hellip;]\" \/>\n<meta property=\"og:url\" content=\"https:\/\/likemetkovic.hr\/foto-sudar-tri-vozila-pored-velikih-zala-tri-osobe-ozlijedene\/\" \/>\n<meta property=\"og:site_name\" content=\"likemetkovic.hr\" \/>\n<meta property=\"article:publisher\" content=\"https:\/\/www.facebook.com\/likemetkovic.hr\/\" \/>\n<meta property=\"article:published_time\" content=\"2017-05-26T15:42:28+00:00\" \/>\n<meta name=\"author\" content=\"LIKEmetkovic.hr\" \/>\n<meta name=\"twitter:card\" content=\"summary_large_image\" \/>\n<meta name=\"twitter:label1\" content=\"Napisao\/la\" \/>\n\t<meta name=\"twitter:data1\" content=\"LIKEmetkovic.hr\" \/>\n\t<meta name=\"twitter:label2\" content=\"Procijenjeno vrijeme \u010ditanja\" \/>\n\t<meta name=\"twitter:data2\" content=\"1 minuta\" \/>\n<script type=\"application\/ld+json\" class=\"yoast-schema-graph\">{\"@context\":\"https:\/\/schema.org\",\"@graph\":[{\"@type\":\"WebPage\",\"@id\":\"https:\/\/likemetkovic.hr\/foto-sudar-tri-vozila-pored-velikih-zala-tri-osobe-ozlijedene\/\",\"url\":\"https:\/\/likemetkovic.hr\/foto-sudar-tri-vozila-pored-velikih-zala-tri-osobe-ozlijedene\/\",\"name\":\"[FOTO] Sudar tri vozila pored Velikih \u017eala, tri osobe ozlije\u0111ene! - likemetkovic.hr\",\"isPartOf\":{\"@id\":\"https:\/\/likemetkovic.hr\/#website\"},\"datePublished\":\"2017-05-26T15:42:28+00:00\",\"author\":{\"@id\":\"https:\/\/likemetkovic.hr\/#\/schema\/person\/a42711f3385a0e2be6f7e0443bfb28f0\"},\"breadcrumb\":{\"@id\":\"https:\/\/likemetkovic.hr\/foto-sudar-tri-vozila-pored-velikih-zala-tri-osobe-ozlijedene\/#breadcrumb\"},\"inLanguage\":\"hr\",\"potentialAction\":[{\"@type\":\"ReadAction\",\"target\":[\"https:\/\/likemetkovic.hr\/foto-sudar-tri-vozila-pored-velikih-zala-tri-osobe-ozlijedene\/\"]}]},{\"@type\":\"BreadcrumbList\",\"@id\":\"https:\/\/likemetkovic.hr\/foto-sudar-tri-vozila-pored-velikih-zala-tri-osobe-ozlijedene\/#breadcrumb\",\"itemListElement\":[{\"@type\":\"ListItem\",\"position\":1,\"name\":\"Po\u010detna stranica\",\"item\":\"https:\/\/likemetkovic.hr\/portal\/\"},{\"@type\":\"ListItem\",\"position\":2,\"name\":\"[FOTO] Sudar tri vozila pored Velikih \u017eala, tri osobe ozlije\u0111ene!\"}]},{\"@type\":\"WebSite\",\"@id\":\"https:\/\/likemetkovic.hr\/#website\",\"url\":\"https:\/\/likemetkovic.hr\/\",\"name\":\"likemetkovic.hr\",\"description\":\"Misli pozitivno... \u010ditaj LIKE\",\"potentialAction\":[{\"@type\":\"SearchAction\",\"target\":{\"@type\":\"EntryPoint\",\"urlTemplate\":\"https:\/\/likemetkovic.hr\/?s={search_term_string}\"},\"query-input\":{\"@type\":\"PropertyValueSpecification\",\"valueRequired\":true,\"valueName\":\"search_term_string\"}}],\"inLanguage\":\"hr\"},{\"@type\":\"Person\",\"@id\":\"https:\/\/likemetkovic.hr\/#\/schema\/person\/a42711f3385a0e2be6f7e0443bfb28f0\",\"name\":\"LIKEmetkovic.hr\",\"sameAs\":[\"http:\/\/likemetkovic.hr\"],\"url\":\"https:\/\/likemetkovic.hr\/portal\/author\/likemetkovic-hr\/\"}]}<\/script>\n<!-- \/ Yoast SEO plugin. -->","yoast_head_json":{"title":"[FOTO] Sudar tri vozila pored Velikih \u017eala, tri osobe ozlije\u0111ene! - likemetkovic.hr","robots":{"index":"index","follow":"follow","max-snippet":"max-snippet:-1","max-image-preview":"max-image-preview:large","max-video-preview":"max-video-preview:-1"},"canonical":"https:\/\/likemetkovic.hr\/foto-sudar-tri-vozila-pored-velikih-zala-tri-osobe-ozlijedene\/","og_locale":"hr_HR","og_type":"article","og_title":"[FOTO] Sudar tri vozila pored Velikih \u017eala, tri osobe ozlije\u0111ene! - likemetkovic.hr","og_description":"Danas popodne u 14 sati i 50 minuta dogodila se te\u017ea prometna nesre\u0107a na dr\u017eavnoj cesti D8, kraj Velikih \u017eala. Sudjelovali su tri vozila, dva osobna automobila i jedan kombi. Dva su vozila dubrova\u010dkih registarskih oznaka, dok je jedno daruvarskih, pa se pretpostavlja kako se radi o rent-a-car vozilu. Iz Policije tako\u0111er doznaje\u00a0dulist.hr kako su [&hellip;]","og_url":"https:\/\/likemetkovic.hr\/foto-sudar-tri-vozila-pored-velikih-zala-tri-osobe-ozlijedene\/","og_site_name":"likemetkovic.hr","article_publisher":"https:\/\/www.facebook.com\/likemetkovic.hr\/","article_published_time":"2017-05-26T15:42:28+00:00","author":"LIKEmetkovic.hr","twitter_card":"summary_large_image","twitter_misc":{"Napisao\/la":"LIKEmetkovic.hr","Procijenjeno vrijeme \u010ditanja":"1 minuta"},"schema":{"@context":"https:\/\/schema.org","@graph":[{"@type":"WebPage","@id":"https:\/\/likemetkovic.hr\/foto-sudar-tri-vozila-pored-velikih-zala-tri-osobe-ozlijedene\/","url":"https:\/\/likemetkovic.hr\/foto-sudar-tri-vozila-pored-velikih-zala-tri-osobe-ozlijedene\/","name":"[FOTO] Sudar tri vozila pored Velikih \u017eala, tri osobe ozlije\u0111ene! - likemetkovic.hr","isPartOf":{"@id":"https:\/\/likemetkovic.hr\/#website"},"datePublished":"2017-05-26T15:42:28+00:00","author":{"@id":"https:\/\/likemetkovic.hr\/#\/schema\/person\/a42711f3385a0e2be6f7e0443bfb28f0"},"breadcrumb":{"@id":"https:\/\/likemetkovic.hr\/foto-sudar-tri-vozila-pored-velikih-zala-tri-osobe-ozlijedene\/#breadcrumb"},"inLanguage":"hr","potentialAction":[{"@type":"ReadAction","target":["https:\/\/likemetkovic.hr\/foto-sudar-tri-vozila-pored-velikih-zala-tri-osobe-ozlijedene\/"]}]},{"@type":"BreadcrumbList","@id":"https:\/\/likemetkovic.hr\/foto-sudar-tri-vozila-pored-velikih-zala-tri-osobe-ozlijedene\/#breadcrumb","itemListElement":[{"@type":"ListItem","position":1,"name":"Po\u010detna stranica","item":"https:\/\/likemetkovic.hr\/portal\/"},{"@type":"ListItem","position":2,"name":"[FOTO] Sudar tri vozila pored Velikih \u017eala, tri osobe ozlije\u0111ene!"}]},{"@type":"WebSite","@id":"https:\/\/likemetkovic.hr\/#website","url":"https:\/\/likemetkovic.hr\/","name":"likemetkovic.hr","description":"Misli pozitivno... \u010ditaj LIKE","potentialAction":[{"@type":"SearchAction","target":{"@type":"EntryPoint","urlTemplate":"https:\/\/likemetkovic.hr\/?s={search_term_string}"},"query-input":{"@type":"PropertyValueSpecification","valueRequired":true,"valueName":"search_term_string"}}],"inLanguage":"hr"},{"@type":"Person","@id":"https:\/\/likemetkovic.hr\/#\/schema\/person\/a42711f3385a0e2be6f7e0443bfb28f0","name":"LIKEmetkovic.hr","sameAs":["http:\/\/likemetkovic.hr"],"url":"https:\/\/likemetkovic.hr\/portal\/author\/likemetkovic-hr\/"}]}},"_links":{"self":[{"href":"https:\/\/likemetkovic.hr\/portal\/wp-json\/wp\/v2\/posts\/42338","targetHints":{"allow":["GET"]}}],"collection":[{"href":"https:\/\/likemetkovic.hr\/portal\/wp-json\/wp\/v2\/posts"}],"about":[{"href":"https:\/\/likemetkovic.hr\/portal\/wp-json\/wp\/v2\/types\/post"}],"author":[{"embeddable":true,"href":"https:\/\/likemetkovic.hr\/portal\/wp-json\/wp\/v2\/users\/7"}],"replies":[{"embeddable":true,"href":"https:\/\/likemetkovic.hr\/portal\/wp-json\/wp\/v2\/comments?post=42338"}],"version-history":[{"count":0,"href":"https:\/\/likemetkovic.hr\/portal\/wp-json\/wp\/v2\/posts\/42338\/revisions"}],"wp:attachment":[{"href":"https:\/\/likemetkovic.hr\/portal\/wp-json\/wp\/v2\/media?parent=42338"}],"wp:term":[{"taxonomy":"category","embeddable":true,"href":"https:\/\/likemetkovic.hr\/portal\/wp-json\/wp\/v2\/categories?post=42338"},{"taxonomy":"post_tag","embeddable":true,"href":"https:\/\/likemetkovic.hr\/portal\/wp-json\/wp\/v2\/tags?post=42338"}],"curies":[{"name":"wp","href":"https:\/\/api.w.org\/{rel}","templated":true}]}}