{"id":42468,"date":"2017-05-30T08:51:39","date_gmt":"2017-05-30T06:51:39","guid":{"rendered":"http:\/\/likemetkovic.hr\/?p=42468"},"modified":"2017-05-30T08:51:39","modified_gmt":"2017-05-30T06:51:39","slug":"jambo-ponovno-pozvao-da-se-glasa-milana","status":"publish","type":"post","link":"https:\/\/likemetkovic.hr\/portal\/jambo-ponovno-pozvao-da-se-glasa-milana\/","title":{"rendered":"Jambo ponovno pozvao da se glasa za Milana"},"content":{"rendered":"<p>Stipo Gabri\u0107 &#8211; Jambo objavio je status na svojoj facebook stranici koji prenosimo u cijelosti:<br \/>\n<em>&#8220;Draga gospo\u0111o Ujdur,<\/em><br \/>\n<em>danas je 29.svibnja i 8 dana je pro\u0161lo od 1. kruga izbora u kojem ste ti i tvoja sekta izgubili. Da, izgubili.<\/em><br \/>\n<em>Na tvoju \u017ealost, bit \u0107ete zapam\u0107eni u gradu Metkovi\u0107u kao jedna lo\u0161a, neprepoznatljiva skupina politikanata. Da ste izgubili ove lokalne izbore, jasno vam pokazuju rezultati. Znate koliko je MOST dobio, znate koliko je dobio HDZ, koliko je dobio HSS, SDP i HSU, HSP, HNS i Grupa bira\u010da Andrej Vi\u0161tica.<\/em><br \/>\n<em>S obzirom da ti matematika lo\u0161e ide, ovaj Gabri\u0107 ( Jambo), kako me ti naziva\u0161, \u0107e ti re\u0107i da ste dobili otprilike 1500 glasova manje. Kako bi vi rekli, ljudi \u017eele promjene. Prije \u010detiri godine, kada su ljudi \u017eeljeli promjene i glasali za MOST, to je bilo u redu. Kada vam je prije \u010detiri godine HDZ pru\u017eio javnu podr\u0161ku za drugi krug, to je bilo u redu i moralno. Sada bi, po va\u0161em razmi\u0161ljanju, svi trebali glasati za vas ili ostati ku\u0107i. Ne ide to tako u politici.<\/em><br \/>\n<em>Moje je demokratsko pravo podr\u017eati koga ja \u017eelim. Vidim da tebi demokracija nije ba\u0161 jasna, pa \u010dita\u0161 sa sa blesimetra po tu\u0111im uputama i dr\u017ei\u0161 moralna predavanja Daliboru Milanu. Umjesto da si dva puta kad si bila pozvana na su\u010deljavanje do\u0161la i obrazlo\u017eila javnosti sve \u0161to si trebala i htjela, sada kad ti je voda do\u0161la do grla, proziva\u0161 ljude kukavicama. Draga gospo\u0111o, jedine su kukavice bile i ostali diletanti iz MOST-a.<\/em><br \/>\n<em>O mojim &#8221;kriminalnim radnjama&#8221; samo ti imam re\u0107i dvije rije\u010di \u2013 presumpcija nevinosti. To, gospo\u0111o Ujdur, zna\u010di da nitko nije kriv dok mu se ne doka\u017ee suprotno.<\/em><br \/>\n<em>Prije \u010detiri godine ja sam MOSTU-u bio kriv za sve. Nakon toga, glavni krivac je bio Tomislav Karamarko pa Zoran Milanovi\u0107 i na kraju Andrej Plenkovi\u0107. Kada ste javnosti dokazali svoju nesposobnost i izgubili povjerenje gra\u0111ana, opet ste se sjetili ovog Gabri\u0107a koji vam je uzeo ve\u0107inu u Gradskom vije\u0107u.<\/em><br \/>\n<em>Ovo je gospo\u0111o Ujdur 2017.godina i u drugom krugu nije ovaj Gabri\u0107 nego gospodin Dalibor Milan. Ti moja gospo\u0111o, nikad ne\u0107e\u0161 biti gradona\u010delnica nego vr\u0161iteljica du\u017enosti. Prona\u0111i utjehu u Doma\u0107ici, soku i kavici, a ja koristim ovu priliku da ponovo pozovem sve moje bira\u010de da u nedjelju, 4. lipnja, iza\u0111u na izbore i svoj glas daju Daliboru Milanu (za gradona\u010delnika) i gospodinu Nikoli Dobroslavi\u0107u (za \u017eupana).<\/em><br \/>\n<em>Va\u0161, <\/em><br \/>\n<em>Stipo Gabri\u0107 Jambo&#8221;<\/em><\/p>\n","protected":false},"excerpt":{"rendered":"<p>Stipo Gabri\u0107 &#8211; Jambo objavio je status na svojoj facebook stranici koji prenosimo u cijelosti: &#8220;Draga gospo\u0111o Ujdur, danas je 29.svibnja i 8 dana je pro\u0161lo od 1. kruga izbora u kojem ste ti i tvoja sekta izgubili. Da, izgubili. Na tvoju \u017ealost, bit \u0107ete zapam\u0107eni u gradu Metkovi\u0107u kao jedna lo\u0161a, neprepoznatljiva skupina politikanata. [&hellip;]<\/p>\n","protected":false},"author":7,"featured_media":36511,"comment_status":"open","ping_status":"open","sticky":false,"template":"","format":"standard","meta":{"footnotes":""},"categories":[296],"tags":[818,526],"class_list":{"0":"post-42468","1":"post","2":"type-post","3":"status-publish","4":"format-standard","5":"has-post-thumbnail","7":"category-ab","8":"tag-loklani-izbori-2017","9":"tag-stipo-gabric-jambo"},"yoast_head":"<!-- This site is optimized with the Yoast SEO plugin v25.2 - https:\/\/yoast.com\/wordpress\/plugins\/seo\/ -->\n<title>Jambo ponovno pozvao da se glasa za Milana - likemetkovic.hr<\/title>\n<meta name=\"robots\" content=\"index, follow, max-snippet:-1, max-image-preview:large, max-video-preview:-1\" \/>\n<link rel=\"canonical\" href=\"https:\/\/likemetkovic.hr\/jambo-ponovno-pozvao-da-se-glasa-milana\/\" \/>\n<meta property=\"og:locale\" content=\"hr_HR\" \/>\n<meta property=\"og:type\" content=\"article\" \/>\n<meta property=\"og:title\" content=\"Jambo ponovno pozvao da se glasa za Milana - likemetkovic.hr\" \/>\n<meta property=\"og:description\" content=\"Stipo Gabri\u0107 &#8211; Jambo objavio je status na svojoj facebook stranici koji prenosimo u cijelosti: &#8220;Draga gospo\u0111o Ujdur, danas je 29.svibnja i 8 dana je pro\u0161lo od 1. kruga izbora u kojem ste ti i tvoja sekta izgubili. Da, izgubili. Na tvoju \u017ealost, bit \u0107ete zapam\u0107eni u gradu Metkovi\u0107u kao jedna lo\u0161a, neprepoznatljiva skupina politikanata. [&hellip;]\" \/>\n<meta property=\"og:url\" content=\"https:\/\/likemetkovic.hr\/jambo-ponovno-pozvao-da-se-glasa-milana\/\" \/>\n<meta property=\"og:site_name\" content=\"likemetkovic.hr\" \/>\n<meta property=\"article:publisher\" content=\"https:\/\/www.facebook.com\/likemetkovic.hr\/\" \/>\n<meta property=\"article:published_time\" content=\"2017-05-30T06:51:39+00:00\" \/>\n<meta property=\"og:image\" content=\"https:\/\/likemetkovic.hr\/wp-content\/uploads\/2017\/02\/vlcsnap-2017-02-21-12h23m01s623.jpg\" \/>\n\t<meta property=\"og:image:width\" content=\"1065\" \/>\n\t<meta property=\"og:image:height\" content=\"600\" \/>\n\t<meta property=\"og:image:type\" content=\"image\/jpeg\" \/>\n<meta name=\"author\" content=\"LIKEmetkovic.hr\" \/>\n<meta name=\"twitter:card\" content=\"summary_large_image\" \/>\n<meta name=\"twitter:label1\" content=\"Napisao\/la\" \/>\n\t<meta name=\"twitter:data1\" content=\"LIKEmetkovic.hr\" \/>\n\t<meta name=\"twitter:label2\" content=\"Procijenjeno vrijeme \u010ditanja\" \/>\n\t<meta name=\"twitter:data2\" content=\"2 minute\" \/>\n<script type=\"application\/ld+json\" class=\"yoast-schema-graph\">{\"@context\":\"https:\/\/schema.org\",\"@graph\":[{\"@type\":\"WebPage\",\"@id\":\"https:\/\/likemetkovic.hr\/jambo-ponovno-pozvao-da-se-glasa-milana\/\",\"url\":\"https:\/\/likemetkovic.hr\/jambo-ponovno-pozvao-da-se-glasa-milana\/\",\"name\":\"Jambo ponovno pozvao da se glasa za Milana - likemetkovic.hr\",\"isPartOf\":{\"@id\":\"https:\/\/likemetkovic.hr\/#website\"},\"primaryImageOfPage\":{\"@id\":\"https:\/\/likemetkovic.hr\/jambo-ponovno-pozvao-da-se-glasa-milana\/#primaryimage\"},\"image\":{\"@id\":\"https:\/\/likemetkovic.hr\/jambo-ponovno-pozvao-da-se-glasa-milana\/#primaryimage\"},\"thumbnailUrl\":\"https:\/\/likemetkovic.hr\/portal\/wp-content\/uploads\/2017\/02\/vlcsnap-2017-02-21-12h23m01s623.jpg\",\"datePublished\":\"2017-05-30T06:51:39+00:00\",\"author\":{\"@id\":\"https:\/\/likemetkovic.hr\/#\/schema\/person\/a42711f3385a0e2be6f7e0443bfb28f0\"},\"breadcrumb\":{\"@id\":\"https:\/\/likemetkovic.hr\/jambo-ponovno-pozvao-da-se-glasa-milana\/#breadcrumb\"},\"inLanguage\":\"hr\",\"potentialAction\":[{\"@type\":\"ReadAction\",\"target\":[\"https:\/\/likemetkovic.hr\/jambo-ponovno-pozvao-da-se-glasa-milana\/\"]}]},{\"@type\":\"ImageObject\",\"inLanguage\":\"hr\",\"@id\":\"https:\/\/likemetkovic.hr\/jambo-ponovno-pozvao-da-se-glasa-milana\/#primaryimage\",\"url\":\"https:\/\/likemetkovic.hr\/portal\/wp-content\/uploads\/2017\/02\/vlcsnap-2017-02-21-12h23m01s623.jpg\",\"contentUrl\":\"https:\/\/likemetkovic.hr\/portal\/wp-content\/uploads\/2017\/02\/vlcsnap-2017-02-21-12h23m01s623.jpg\",\"width\":1065,\"height\":600,\"caption\":\"Foto: hrt.hr\"},{\"@type\":\"BreadcrumbList\",\"@id\":\"https:\/\/likemetkovic.hr\/jambo-ponovno-pozvao-da-se-glasa-milana\/#breadcrumb\",\"itemListElement\":[{\"@type\":\"ListItem\",\"position\":1,\"name\":\"Po\u010detna stranica\",\"item\":\"https:\/\/likemetkovic.hr\/portal\/\"},{\"@type\":\"ListItem\",\"position\":2,\"name\":\"Jambo ponovno pozvao da se glasa za Milana\"}]},{\"@type\":\"WebSite\",\"@id\":\"https:\/\/likemetkovic.hr\/#website\",\"url\":\"https:\/\/likemetkovic.hr\/\",\"name\":\"likemetkovic.hr\",\"description\":\"Misli pozitivno... \u010ditaj LIKE\",\"potentialAction\":[{\"@type\":\"SearchAction\",\"target\":{\"@type\":\"EntryPoint\",\"urlTemplate\":\"https:\/\/likemetkovic.hr\/?s={search_term_string}\"},\"query-input\":{\"@type\":\"PropertyValueSpecification\",\"valueRequired\":true,\"valueName\":\"search_term_string\"}}],\"inLanguage\":\"hr\"},{\"@type\":\"Person\",\"@id\":\"https:\/\/likemetkovic.hr\/#\/schema\/person\/a42711f3385a0e2be6f7e0443bfb28f0\",\"name\":\"LIKEmetkovic.hr\",\"sameAs\":[\"http:\/\/likemetkovic.hr\"],\"url\":\"https:\/\/likemetkovic.hr\/portal\/author\/likemetkovic-hr\/\"}]}<\/script>\n<!-- \/ Yoast SEO plugin. -->","yoast_head_json":{"title":"Jambo ponovno pozvao da se glasa za Milana - likemetkovic.hr","robots":{"index":"index","follow":"follow","max-snippet":"max-snippet:-1","max-image-preview":"max-image-preview:large","max-video-preview":"max-video-preview:-1"},"canonical":"https:\/\/likemetkovic.hr\/jambo-ponovno-pozvao-da-se-glasa-milana\/","og_locale":"hr_HR","og_type":"article","og_title":"Jambo ponovno pozvao da se glasa za Milana - likemetkovic.hr","og_description":"Stipo Gabri\u0107 &#8211; Jambo objavio je status na svojoj facebook stranici koji prenosimo u cijelosti: &#8220;Draga gospo\u0111o Ujdur, danas je 29.svibnja i 8 dana je pro\u0161lo od 1. kruga izbora u kojem ste ti i tvoja sekta izgubili. Da, izgubili. Na tvoju \u017ealost, bit \u0107ete zapam\u0107eni u gradu Metkovi\u0107u kao jedna lo\u0161a, neprepoznatljiva skupina politikanata. [&hellip;]","og_url":"https:\/\/likemetkovic.hr\/jambo-ponovno-pozvao-da-se-glasa-milana\/","og_site_name":"likemetkovic.hr","article_publisher":"https:\/\/www.facebook.com\/likemetkovic.hr\/","article_published_time":"2017-05-30T06:51:39+00:00","og_image":[{"width":1065,"height":600,"url":"https:\/\/likemetkovic.hr\/wp-content\/uploads\/2017\/02\/vlcsnap-2017-02-21-12h23m01s623.jpg","type":"image\/jpeg"}],"author":"LIKEmetkovic.hr","twitter_card":"summary_large_image","twitter_misc":{"Napisao\/la":"LIKEmetkovic.hr","Procijenjeno vrijeme \u010ditanja":"2 minute"},"schema":{"@context":"https:\/\/schema.org","@graph":[{"@type":"WebPage","@id":"https:\/\/likemetkovic.hr\/jambo-ponovno-pozvao-da-se-glasa-milana\/","url":"https:\/\/likemetkovic.hr\/jambo-ponovno-pozvao-da-se-glasa-milana\/","name":"Jambo ponovno pozvao da se glasa za Milana - likemetkovic.hr","isPartOf":{"@id":"https:\/\/likemetkovic.hr\/#website"},"primaryImageOfPage":{"@id":"https:\/\/likemetkovic.hr\/jambo-ponovno-pozvao-da-se-glasa-milana\/#primaryimage"},"image":{"@id":"https:\/\/likemetkovic.hr\/jambo-ponovno-pozvao-da-se-glasa-milana\/#primaryimage"},"thumbnailUrl":"https:\/\/likemetkovic.hr\/portal\/wp-content\/uploads\/2017\/02\/vlcsnap-2017-02-21-12h23m01s623.jpg","datePublished":"2017-05-30T06:51:39+00:00","author":{"@id":"https:\/\/likemetkovic.hr\/#\/schema\/person\/a42711f3385a0e2be6f7e0443bfb28f0"},"breadcrumb":{"@id":"https:\/\/likemetkovic.hr\/jambo-ponovno-pozvao-da-se-glasa-milana\/#breadcrumb"},"inLanguage":"hr","potentialAction":[{"@type":"ReadAction","target":["https:\/\/likemetkovic.hr\/jambo-ponovno-pozvao-da-se-glasa-milana\/"]}]},{"@type":"ImageObject","inLanguage":"hr","@id":"https:\/\/likemetkovic.hr\/jambo-ponovno-pozvao-da-se-glasa-milana\/#primaryimage","url":"https:\/\/likemetkovic.hr\/portal\/wp-content\/uploads\/2017\/02\/vlcsnap-2017-02-21-12h23m01s623.jpg","contentUrl":"https:\/\/likemetkovic.hr\/portal\/wp-content\/uploads\/2017\/02\/vlcsnap-2017-02-21-12h23m01s623.jpg","width":1065,"height":600,"caption":"Foto: hrt.hr"},{"@type":"BreadcrumbList","@id":"https:\/\/likemetkovic.hr\/jambo-ponovno-pozvao-da-se-glasa-milana\/#breadcrumb","itemListElement":[{"@type":"ListItem","position":1,"name":"Po\u010detna stranica","item":"https:\/\/likemetkovic.hr\/portal\/"},{"@type":"ListItem","position":2,"name":"Jambo ponovno pozvao da se glasa za Milana"}]},{"@type":"WebSite","@id":"https:\/\/likemetkovic.hr\/#website","url":"https:\/\/likemetkovic.hr\/","name":"likemetkovic.hr","description":"Misli pozitivno... \u010ditaj LIKE","potentialAction":[{"@type":"SearchAction","target":{"@type":"EntryPoint","urlTemplate":"https:\/\/likemetkovic.hr\/?s={search_term_string}"},"query-input":{"@type":"PropertyValueSpecification","valueRequired":true,"valueName":"search_term_string"}}],"inLanguage":"hr"},{"@type":"Person","@id":"https:\/\/likemetkovic.hr\/#\/schema\/person\/a42711f3385a0e2be6f7e0443bfb28f0","name":"LIKEmetkovic.hr","sameAs":["http:\/\/likemetkovic.hr"],"url":"https:\/\/likemetkovic.hr\/portal\/author\/likemetkovic-hr\/"}]}},"_links":{"self":[{"href":"https:\/\/likemetkovic.hr\/portal\/wp-json\/wp\/v2\/posts\/42468","targetHints":{"allow":["GET"]}}],"collection":[{"href":"https:\/\/likemetkovic.hr\/portal\/wp-json\/wp\/v2\/posts"}],"about":[{"href":"https:\/\/likemetkovic.hr\/portal\/wp-json\/wp\/v2\/types\/post"}],"author":[{"embeddable":true,"href":"https:\/\/likemetkovic.hr\/portal\/wp-json\/wp\/v2\/users\/7"}],"replies":[{"embeddable":true,"href":"https:\/\/likemetkovic.hr\/portal\/wp-json\/wp\/v2\/comments?post=42468"}],"version-history":[{"count":0,"href":"https:\/\/likemetkovic.hr\/portal\/wp-json\/wp\/v2\/posts\/42468\/revisions"}],"wp:featuredmedia":[{"embeddable":true,"href":"https:\/\/likemetkovic.hr\/portal\/wp-json\/wp\/v2\/media\/36511"}],"wp:attachment":[{"href":"https:\/\/likemetkovic.hr\/portal\/wp-json\/wp\/v2\/media?parent=42468"}],"wp:term":[{"taxonomy":"category","embeddable":true,"href":"https:\/\/likemetkovic.hr\/portal\/wp-json\/wp\/v2\/categories?post=42468"},{"taxonomy":"post_tag","embeddable":true,"href":"https:\/\/likemetkovic.hr\/portal\/wp-json\/wp\/v2\/tags?post=42468"}],"curies":[{"name":"wp","href":"https:\/\/api.w.org\/{rel}","templated":true}]}}