{"id":42816,"date":"2017-06-06T16:00:38","date_gmt":"2017-06-06T14:00:38","guid":{"rendered":"http:\/\/likemetkovic.hr\/?p=42816"},"modified":"2017-06-06T19:44:53","modified_gmt":"2017-06-06T17:44:53","slug":"milan-hvala-sugradani-hvala-premijeru-ime-nase-stranke-se-izgovara-ponosom","status":"publish","type":"post","link":"https:\/\/likemetkovic.hr\/portal\/milan-hvala-sugradani-hvala-premijeru-ime-nase-stranke-se-izgovara-ponosom\/","title":{"rendered":"Milan: Hvala sugra\u0111ani, hvala premijeru, ime na\u0161e stranke se izgovara sa ponosom!"},"content":{"rendered":"<p>Dalibor Milan\u00a0se obratio svojim sugra\u0111anima na svom slu\u017ebenom facebook profilu te njezin status prenosimo u cijelosti:<\/p>\n<p>HVALA ti, rodni grade &#8211; HVALA vam, dragi ljudi!<br \/>\nMetkovi\u0107 je rekao NE! podjelama, prljavoj kampanji, stalnom izmi\u0161ljanju sukoba i isklju\u010divosti &#8211; a dao je glas za zajedni\u0161tvo i me\u0111usobno uva\u017eavanje, za suradnju na dobrobit svih na\u0161ih ljudi!<br \/>\nHvala \u010dlanovima i simpatizerima HDZ-a, mojim suradnicima, hvala predsjedniku Plenkovi\u0107u na velikoj podr\u0161ci. Ime na\u0161e stranke u Metkovi\u0107u se izgovara na sav glas i s ponosom &#8211; Hrvatska demokratska zajednica!<br \/>\nU iskrenom partnerstvu s na\u0161om \u017eupanijom i vladom pokrenut \u0107emo zajedno na\u0161 voljeni grad! Ne\u0107e mi biti te\u0161ko svakog dana moliti, tra\u017eiti, zahtijevati pomo\u0107. Interes Metkovi\u0107a mora biti iznad svih ta\u0161tina i politi\u010dkih prijepora!<br \/>\nHvala svim starijim i mla\u0111im sugra\u0111anima, svim gradskim i prigradskim naseljima, i Prudu, i Vidu, i Dubravici, i Glu\u0161cima, i Metkovcima i Hercegovcima, i HSS-u i SDP-u, i HSP-u i HSU, i HNS-u i Metkovi\u0107 u srcu i Metkovskoj pjaci!<br \/>\nHvala i glasa\u010dima Mosta koji su se pridru\u017eili mojoj viziji slo\u017enog i sna\u017enog Metkovi\u0107a! Premostili smo podjele &#8211; obnovljeni HDZ istinski je i iskreni most zajedni\u0161tva u na\u0161em voljenom gradu!<br \/>\nHvala mojoj obitelji, mojoj voljenoj supruzi i dvjema k\u0107erkicama. Va\u0161a ljubav mi je dala snagu da izdr\u017eim sve uvrede i klevete na svoj ra\u010dun, i &#8211; jo\u0161 va\u017enije &#8211; da na vulgarne uvrede na osobnoj razini ne uzvratim istom mjerom.<br \/>\nJer uvrede ne\u0107e otvoriti nijedno radno mjesto! Metkovci su vrijedni, ponosni i \u010destiti ljudi &#8211; i oni ne zaslu\u017euju medijske obmane, la\u017ene ankete i sukobe, nego konkretne projekte, stvarne investicije i zajedni\u0161tvo!<br \/>\nNa kraju, zahvaljujem i glasa\u010dima moje protukandidatkinje. Unato\u010d svih uvreda kojima sam bio izlo\u017een, bit \u0107u gradona\u010delnik svih Metkovki i Metkovaca! Borit \u0107u se za svako radno mjesto, za svakog \u010dovjeka u na\u0161em gradu!<br \/>\nTo je moje obe\u0107anje, moj program, moja vizija!<br \/>\nRadujemo se pobjedi, ali nema mjesta euforiji. Puno je posla pred nama. Moj stru\u010dni tim i ja zasukat \u0107emo rukave i idemo raditi!<br \/>\nZajedno, u\u010dinimo Metkovi\u0107 onakvim kakvim zaslu\u017euje biti s obzirom na svoje potencijale i vrijedne ljude!<br \/>\nSvi vi, dragi ljudi, bit \u0107ete moj pouzdani partner u predanom radu za bolju budu\u0107nost na\u0161ega voljenog grada!<br \/>\nHVALA od srca!<\/p>\n","protected":false},"excerpt":{"rendered":"<p>Dalibor Milan\u00a0se obratio svojim sugra\u0111anima na svom slu\u017ebenom facebook profilu te njezin status prenosimo u cijelosti: HVALA ti, rodni grade &#8211; HVALA vam, dragi ljudi! Metkovi\u0107 je rekao NE! podjelama, prljavoj kampanji, stalnom izmi\u0161ljanju sukoba i isklju\u010divosti &#8211; a dao je glas za zajedni\u0161tvo i me\u0111usobno uva\u017eavanje, za suradnju na dobrobit svih na\u0161ih ljudi! Hvala [&hellip;]<\/p>\n","protected":false},"author":7,"featured_media":39590,"comment_status":"open","ping_status":"open","sticky":false,"template":"","format":"standard","meta":{"footnotes":""},"categories":[283],"tags":[414],"class_list":{"0":"post-42816","1":"post","2":"type-post","3":"status-publish","4":"format-standard","5":"has-post-thumbnail","7":"category-a","8":"tag-dalibor-milan"},"yoast_head":"<!-- This site is optimized with the Yoast SEO plugin v25.2 - https:\/\/yoast.com\/wordpress\/plugins\/seo\/ -->\n<title>Milan: Hvala sugra\u0111ani, hvala premijeru, ime na\u0161e stranke se izgovara sa ponosom! - likemetkovic.hr<\/title>\n<meta name=\"robots\" content=\"index, follow, max-snippet:-1, max-image-preview:large, max-video-preview:-1\" \/>\n<link rel=\"canonical\" href=\"https:\/\/likemetkovic.hr\/milan-hvala-sugradani-hvala-premijeru-ime-nase-stranke-se-izgovara-ponosom\/\" \/>\n<meta property=\"og:locale\" content=\"hr_HR\" \/>\n<meta property=\"og:type\" content=\"article\" \/>\n<meta property=\"og:title\" content=\"Milan: Hvala sugra\u0111ani, hvala premijeru, ime na\u0161e stranke se izgovara sa ponosom! - likemetkovic.hr\" \/>\n<meta property=\"og:description\" content=\"Dalibor Milan\u00a0se obratio svojim sugra\u0111anima na svom slu\u017ebenom facebook profilu te njezin status prenosimo u cijelosti: HVALA ti, rodni grade &#8211; HVALA vam, dragi ljudi! Metkovi\u0107 je rekao NE! podjelama, prljavoj kampanji, stalnom izmi\u0161ljanju sukoba i isklju\u010divosti &#8211; a dao je glas za zajedni\u0161tvo i me\u0111usobno uva\u017eavanje, za suradnju na dobrobit svih na\u0161ih ljudi! Hvala [&hellip;]\" \/>\n<meta property=\"og:url\" content=\"https:\/\/likemetkovic.hr\/milan-hvala-sugradani-hvala-premijeru-ime-nase-stranke-se-izgovara-ponosom\/\" \/>\n<meta property=\"og:site_name\" content=\"likemetkovic.hr\" \/>\n<meta property=\"article:publisher\" content=\"https:\/\/www.facebook.com\/likemetkovic.hr\/\" \/>\n<meta property=\"article:published_time\" content=\"2017-06-06T14:00:38+00:00\" \/>\n<meta property=\"article:modified_time\" content=\"2017-06-06T17:44:53+00:00\" \/>\n<meta property=\"og:image\" content=\"https:\/\/likemetkovic.hr\/wp-content\/uploads\/2017\/04\/dalibor-milan.jpg\" \/>\n\t<meta property=\"og:image:width\" content=\"853\" \/>\n\t<meta property=\"og:image:height\" content=\"600\" \/>\n\t<meta property=\"og:image:type\" content=\"image\/jpeg\" \/>\n<meta name=\"author\" content=\"LIKEmetkovic.hr\" \/>\n<meta name=\"twitter:card\" content=\"summary_large_image\" \/>\n<meta name=\"twitter:label1\" content=\"Napisao\/la\" \/>\n\t<meta name=\"twitter:data1\" content=\"LIKEmetkovic.hr\" \/>\n\t<meta name=\"twitter:label2\" content=\"Procijenjeno vrijeme \u010ditanja\" \/>\n\t<meta name=\"twitter:data2\" content=\"2 minute\" \/>\n<script type=\"application\/ld+json\" class=\"yoast-schema-graph\">{\"@context\":\"https:\/\/schema.org\",\"@graph\":[{\"@type\":\"WebPage\",\"@id\":\"https:\/\/likemetkovic.hr\/milan-hvala-sugradani-hvala-premijeru-ime-nase-stranke-se-izgovara-ponosom\/\",\"url\":\"https:\/\/likemetkovic.hr\/milan-hvala-sugradani-hvala-premijeru-ime-nase-stranke-se-izgovara-ponosom\/\",\"name\":\"Milan: Hvala sugra\u0111ani, hvala premijeru, ime na\u0161e stranke se izgovara sa ponosom! - likemetkovic.hr\",\"isPartOf\":{\"@id\":\"https:\/\/likemetkovic.hr\/#website\"},\"primaryImageOfPage\":{\"@id\":\"https:\/\/likemetkovic.hr\/milan-hvala-sugradani-hvala-premijeru-ime-nase-stranke-se-izgovara-ponosom\/#primaryimage\"},\"image\":{\"@id\":\"https:\/\/likemetkovic.hr\/milan-hvala-sugradani-hvala-premijeru-ime-nase-stranke-se-izgovara-ponosom\/#primaryimage\"},\"thumbnailUrl\":\"https:\/\/likemetkovic.hr\/portal\/wp-content\/uploads\/2017\/04\/dalibor-milan.jpg\",\"datePublished\":\"2017-06-06T14:00:38+00:00\",\"dateModified\":\"2017-06-06T17:44:53+00:00\",\"author\":{\"@id\":\"https:\/\/likemetkovic.hr\/#\/schema\/person\/a42711f3385a0e2be6f7e0443bfb28f0\"},\"breadcrumb\":{\"@id\":\"https:\/\/likemetkovic.hr\/milan-hvala-sugradani-hvala-premijeru-ime-nase-stranke-se-izgovara-ponosom\/#breadcrumb\"},\"inLanguage\":\"hr\",\"potentialAction\":[{\"@type\":\"ReadAction\",\"target\":[\"https:\/\/likemetkovic.hr\/milan-hvala-sugradani-hvala-premijeru-ime-nase-stranke-se-izgovara-ponosom\/\"]}]},{\"@type\":\"ImageObject\",\"inLanguage\":\"hr\",\"@id\":\"https:\/\/likemetkovic.hr\/milan-hvala-sugradani-hvala-premijeru-ime-nase-stranke-se-izgovara-ponosom\/#primaryimage\",\"url\":\"https:\/\/likemetkovic.hr\/portal\/wp-content\/uploads\/2017\/04\/dalibor-milan.jpg\",\"contentUrl\":\"https:\/\/likemetkovic.hr\/portal\/wp-content\/uploads\/2017\/04\/dalibor-milan.jpg\",\"width\":853,\"height\":600},{\"@type\":\"BreadcrumbList\",\"@id\":\"https:\/\/likemetkovic.hr\/milan-hvala-sugradani-hvala-premijeru-ime-nase-stranke-se-izgovara-ponosom\/#breadcrumb\",\"itemListElement\":[{\"@type\":\"ListItem\",\"position\":1,\"name\":\"Po\u010detna stranica\",\"item\":\"https:\/\/likemetkovic.hr\/portal\/\"},{\"@type\":\"ListItem\",\"position\":2,\"name\":\"Milan: Hvala sugra\u0111ani, hvala premijeru, ime na\u0161e stranke se izgovara sa ponosom!\"}]},{\"@type\":\"WebSite\",\"@id\":\"https:\/\/likemetkovic.hr\/#website\",\"url\":\"https:\/\/likemetkovic.hr\/\",\"name\":\"likemetkovic.hr\",\"description\":\"Misli pozitivno... \u010ditaj LIKE\",\"potentialAction\":[{\"@type\":\"SearchAction\",\"target\":{\"@type\":\"EntryPoint\",\"urlTemplate\":\"https:\/\/likemetkovic.hr\/?s={search_term_string}\"},\"query-input\":{\"@type\":\"PropertyValueSpecification\",\"valueRequired\":true,\"valueName\":\"search_term_string\"}}],\"inLanguage\":\"hr\"},{\"@type\":\"Person\",\"@id\":\"https:\/\/likemetkovic.hr\/#\/schema\/person\/a42711f3385a0e2be6f7e0443bfb28f0\",\"name\":\"LIKEmetkovic.hr\",\"sameAs\":[\"http:\/\/likemetkovic.hr\"],\"url\":\"https:\/\/likemetkovic.hr\/portal\/author\/likemetkovic-hr\/\"}]}<\/script>\n<!-- \/ Yoast SEO plugin. -->","yoast_head_json":{"title":"Milan: Hvala sugra\u0111ani, hvala premijeru, ime na\u0161e stranke se izgovara sa ponosom! - likemetkovic.hr","robots":{"index":"index","follow":"follow","max-snippet":"max-snippet:-1","max-image-preview":"max-image-preview:large","max-video-preview":"max-video-preview:-1"},"canonical":"https:\/\/likemetkovic.hr\/milan-hvala-sugradani-hvala-premijeru-ime-nase-stranke-se-izgovara-ponosom\/","og_locale":"hr_HR","og_type":"article","og_title":"Milan: Hvala sugra\u0111ani, hvala premijeru, ime na\u0161e stranke se izgovara sa ponosom! - likemetkovic.hr","og_description":"Dalibor Milan\u00a0se obratio svojim sugra\u0111anima na svom slu\u017ebenom facebook profilu te njezin status prenosimo u cijelosti: HVALA ti, rodni grade &#8211; HVALA vam, dragi ljudi! Metkovi\u0107 je rekao NE! podjelama, prljavoj kampanji, stalnom izmi\u0161ljanju sukoba i isklju\u010divosti &#8211; a dao je glas za zajedni\u0161tvo i me\u0111usobno uva\u017eavanje, za suradnju na dobrobit svih na\u0161ih ljudi! Hvala [&hellip;]","og_url":"https:\/\/likemetkovic.hr\/milan-hvala-sugradani-hvala-premijeru-ime-nase-stranke-se-izgovara-ponosom\/","og_site_name":"likemetkovic.hr","article_publisher":"https:\/\/www.facebook.com\/likemetkovic.hr\/","article_published_time":"2017-06-06T14:00:38+00:00","article_modified_time":"2017-06-06T17:44:53+00:00","og_image":[{"width":853,"height":600,"url":"https:\/\/likemetkovic.hr\/wp-content\/uploads\/2017\/04\/dalibor-milan.jpg","type":"image\/jpeg"}],"author":"LIKEmetkovic.hr","twitter_card":"summary_large_image","twitter_misc":{"Napisao\/la":"LIKEmetkovic.hr","Procijenjeno vrijeme \u010ditanja":"2 minute"},"schema":{"@context":"https:\/\/schema.org","@graph":[{"@type":"WebPage","@id":"https:\/\/likemetkovic.hr\/milan-hvala-sugradani-hvala-premijeru-ime-nase-stranke-se-izgovara-ponosom\/","url":"https:\/\/likemetkovic.hr\/milan-hvala-sugradani-hvala-premijeru-ime-nase-stranke-se-izgovara-ponosom\/","name":"Milan: Hvala sugra\u0111ani, hvala premijeru, ime na\u0161e stranke se izgovara sa ponosom! - likemetkovic.hr","isPartOf":{"@id":"https:\/\/likemetkovic.hr\/#website"},"primaryImageOfPage":{"@id":"https:\/\/likemetkovic.hr\/milan-hvala-sugradani-hvala-premijeru-ime-nase-stranke-se-izgovara-ponosom\/#primaryimage"},"image":{"@id":"https:\/\/likemetkovic.hr\/milan-hvala-sugradani-hvala-premijeru-ime-nase-stranke-se-izgovara-ponosom\/#primaryimage"},"thumbnailUrl":"https:\/\/likemetkovic.hr\/portal\/wp-content\/uploads\/2017\/04\/dalibor-milan.jpg","datePublished":"2017-06-06T14:00:38+00:00","dateModified":"2017-06-06T17:44:53+00:00","author":{"@id":"https:\/\/likemetkovic.hr\/#\/schema\/person\/a42711f3385a0e2be6f7e0443bfb28f0"},"breadcrumb":{"@id":"https:\/\/likemetkovic.hr\/milan-hvala-sugradani-hvala-premijeru-ime-nase-stranke-se-izgovara-ponosom\/#breadcrumb"},"inLanguage":"hr","potentialAction":[{"@type":"ReadAction","target":["https:\/\/likemetkovic.hr\/milan-hvala-sugradani-hvala-premijeru-ime-nase-stranke-se-izgovara-ponosom\/"]}]},{"@type":"ImageObject","inLanguage":"hr","@id":"https:\/\/likemetkovic.hr\/milan-hvala-sugradani-hvala-premijeru-ime-nase-stranke-se-izgovara-ponosom\/#primaryimage","url":"https:\/\/likemetkovic.hr\/portal\/wp-content\/uploads\/2017\/04\/dalibor-milan.jpg","contentUrl":"https:\/\/likemetkovic.hr\/portal\/wp-content\/uploads\/2017\/04\/dalibor-milan.jpg","width":853,"height":600},{"@type":"BreadcrumbList","@id":"https:\/\/likemetkovic.hr\/milan-hvala-sugradani-hvala-premijeru-ime-nase-stranke-se-izgovara-ponosom\/#breadcrumb","itemListElement":[{"@type":"ListItem","position":1,"name":"Po\u010detna stranica","item":"https:\/\/likemetkovic.hr\/portal\/"},{"@type":"ListItem","position":2,"name":"Milan: Hvala sugra\u0111ani, hvala premijeru, ime na\u0161e stranke se izgovara sa ponosom!"}]},{"@type":"WebSite","@id":"https:\/\/likemetkovic.hr\/#website","url":"https:\/\/likemetkovic.hr\/","name":"likemetkovic.hr","description":"Misli pozitivno... \u010ditaj LIKE","potentialAction":[{"@type":"SearchAction","target":{"@type":"EntryPoint","urlTemplate":"https:\/\/likemetkovic.hr\/?s={search_term_string}"},"query-input":{"@type":"PropertyValueSpecification","valueRequired":true,"valueName":"search_term_string"}}],"inLanguage":"hr"},{"@type":"Person","@id":"https:\/\/likemetkovic.hr\/#\/schema\/person\/a42711f3385a0e2be6f7e0443bfb28f0","name":"LIKEmetkovic.hr","sameAs":["http:\/\/likemetkovic.hr"],"url":"https:\/\/likemetkovic.hr\/portal\/author\/likemetkovic-hr\/"}]}},"_links":{"self":[{"href":"https:\/\/likemetkovic.hr\/portal\/wp-json\/wp\/v2\/posts\/42816","targetHints":{"allow":["GET"]}}],"collection":[{"href":"https:\/\/likemetkovic.hr\/portal\/wp-json\/wp\/v2\/posts"}],"about":[{"href":"https:\/\/likemetkovic.hr\/portal\/wp-json\/wp\/v2\/types\/post"}],"author":[{"embeddable":true,"href":"https:\/\/likemetkovic.hr\/portal\/wp-json\/wp\/v2\/users\/7"}],"replies":[{"embeddable":true,"href":"https:\/\/likemetkovic.hr\/portal\/wp-json\/wp\/v2\/comments?post=42816"}],"version-history":[{"count":0,"href":"https:\/\/likemetkovic.hr\/portal\/wp-json\/wp\/v2\/posts\/42816\/revisions"}],"wp:featuredmedia":[{"embeddable":true,"href":"https:\/\/likemetkovic.hr\/portal\/wp-json\/wp\/v2\/media\/39590"}],"wp:attachment":[{"href":"https:\/\/likemetkovic.hr\/portal\/wp-json\/wp\/v2\/media?parent=42816"}],"wp:term":[{"taxonomy":"category","embeddable":true,"href":"https:\/\/likemetkovic.hr\/portal\/wp-json\/wp\/v2\/categories?post=42816"},{"taxonomy":"post_tag","embeddable":true,"href":"https:\/\/likemetkovic.hr\/portal\/wp-json\/wp\/v2\/tags?post=42816"}],"curies":[{"name":"wp","href":"https:\/\/api.w.org\/{rel}","templated":true}]}}