{"id":43233,"date":"2017-06-22T04:44:18","date_gmt":"2017-06-22T02:44:18","guid":{"rendered":"http:\/\/likemetkovic.hr\/?p=43233"},"modified":"2017-06-22T16:16:33","modified_gmt":"2017-06-22T14:16:33","slug":"43233-2","status":"publish","type":"post","link":"https:\/\/likemetkovic.hr\/portal\/43233-2\/","title":{"rendered":"Konstituirano Gradsko vije\u0107e, predsjednik Hrvoje Bebi\u0107"},"content":{"rendered":"<p>U Zgradi politi\u010dkih stranaka odr\u017eana je Konstituiraju\u0107a sjednica Gradskog vije\u0107a Grada Metkovi\u0107a, na kojoj je za predsjednika izabran HDZ-ov Hrvoje Bebi\u0107. Novoizabranoga predsjednika GV-a podr\u017ealo je 10 vije\u0107nika, dok je sedmero Mostovih bilo suzdr\u017eano. Za potpredsjednike su jednoglasno izabrani Miljenka Manenica iz HSLS-a i Kre\u0161imir Juri\u0107 iz Mosta NL.<br \/>\n\u2013 Zahvaljujem svim vije\u0107nicima koji su mi ukazali povjerenje, ali i onima koji su bili suzdr\u017eani. O\u010dekujem da \u0107emo svi sura\u0111ivati i da \u0107emo raditi sve za dobrobit gra\u0111ana \u2013 naglasio je predsjednik Bebi\u0107.<br \/>\n\u2013 Mi smo ve\u0107 ranije najavili da \u0107emo na ovoj Sjednici biti suzdr\u017eani. Promijenili smo jednu praksu podr\u017eavanja predsjednika Gradskog vije\u0107a jer smo htjeli utvrditi tko je ta ve\u0107ina u Gradskom vije\u0107u Grada Metkovi\u0107a. Mi \u0107emo sve kvalitetne prijedloge podr\u017eavati i bit \u0107emo konstruktivna oporba koja \u0107e pratiti sve \u0161to se radi u Gradu i u Gradskoj upravi \u2013 rekla je biv\u0161a gradona\u010delnica Katarina Ujdur.<br \/>\n\u2013 \u017delim biti konstruktivan u Gradskom vije\u0107u i pomo\u0107i tim mladim ljudima, a moju bezuvjetnu podr\u0161ku imaju i od prije. Sve moje \u017eelje su ispunjene 4. lipnja \u2013 rekao je gradski vije\u0107nik Stipo Gabri\u0107 Jambo.<br \/>\n\u2013 Mi nemamo ve\u0107inu u Gradskome vije\u0107u. Ni s kim nismo potpisivali koalicijski sporazum, imamo sedam vije\u0107nika, a nadam da \u0107e nas svi vije\u0107nici podr\u017eavati. O\u010dekujem potporu od HSS-a, SDP- a i Mosta \u2013 izjavio je gradona\u010delnik Dalibor Milan. Na pitanje \u0161to \u0107e biti s obe\u0107anim ukidanjem naplate parkinga, rekao je da rade na tome, ali problem su \u010detiri radna mjesta pa se mora na\u0107i najbolje rje\u0161enje kako bi se ona zadr\u017eala.<\/p>\n<p>Meri Pehar &#8211; metkovic.hr<\/p>\n","protected":false},"excerpt":{"rendered":"<p>U Zgradi politi\u010dkih stranaka odr\u017eana je Konstituiraju\u0107a sjednica Gradskog vije\u0107a Grada Metkovi\u0107a, na kojoj je za predsjednika izabran HDZ-ov Hrvoje Bebi\u0107. Novoizabranoga predsjednika GV-a podr\u017ealo je 10 vije\u0107nika, dok je sedmero Mostovih bilo suzdr\u017eano. Za potpredsjednike su jednoglasno izabrani Miljenka Manenica iz HSLS-a i Kre\u0161imir Juri\u0107 iz Mosta NL. \u2013 Zahvaljujem svim vije\u0107nicima koji su [&hellip;]<\/p>\n","protected":false},"author":7,"featured_media":0,"comment_status":"open","ping_status":"open","sticky":false,"template":"","format":"standard","meta":{"footnotes":""},"categories":[283,290],"tags":[],"class_list":{"0":"post-43233","1":"post","2":"type-post","3":"status-publish","4":"format-standard","6":"category-a","7":"category-politika"},"yoast_head":"<!-- This site is optimized with the Yoast SEO plugin v25.2 - https:\/\/yoast.com\/wordpress\/plugins\/seo\/ -->\n<title>Konstituirano Gradsko vije\u0107e, predsjednik Hrvoje Bebi\u0107 - likemetkovic.hr<\/title>\n<meta name=\"robots\" content=\"index, follow, max-snippet:-1, max-image-preview:large, max-video-preview:-1\" \/>\n<link rel=\"canonical\" href=\"https:\/\/likemetkovic.hr\/43233-2\/\" \/>\n<meta property=\"og:locale\" content=\"hr_HR\" \/>\n<meta property=\"og:type\" content=\"article\" \/>\n<meta property=\"og:title\" content=\"Konstituirano Gradsko vije\u0107e, predsjednik Hrvoje Bebi\u0107 - likemetkovic.hr\" \/>\n<meta property=\"og:description\" content=\"U Zgradi politi\u010dkih stranaka odr\u017eana je Konstituiraju\u0107a sjednica Gradskog vije\u0107a Grada Metkovi\u0107a, na kojoj je za predsjednika izabran HDZ-ov Hrvoje Bebi\u0107. Novoizabranoga predsjednika GV-a podr\u017ealo je 10 vije\u0107nika, dok je sedmero Mostovih bilo suzdr\u017eano. Za potpredsjednike su jednoglasno izabrani Miljenka Manenica iz HSLS-a i Kre\u0161imir Juri\u0107 iz Mosta NL. \u2013 Zahvaljujem svim vije\u0107nicima koji su [&hellip;]\" \/>\n<meta property=\"og:url\" content=\"https:\/\/likemetkovic.hr\/43233-2\/\" \/>\n<meta property=\"og:site_name\" content=\"likemetkovic.hr\" \/>\n<meta property=\"article:publisher\" content=\"https:\/\/www.facebook.com\/likemetkovic.hr\/\" \/>\n<meta property=\"article:published_time\" content=\"2017-06-22T02:44:18+00:00\" \/>\n<meta property=\"article:modified_time\" content=\"2017-06-22T14:16:33+00:00\" \/>\n<meta name=\"author\" content=\"LIKEmetkovic.hr\" \/>\n<meta name=\"twitter:card\" content=\"summary_large_image\" \/>\n<meta name=\"twitter:label1\" content=\"Napisao\/la\" \/>\n\t<meta name=\"twitter:data1\" content=\"LIKEmetkovic.hr\" \/>\n\t<meta name=\"twitter:label2\" content=\"Procijenjeno vrijeme \u010ditanja\" \/>\n\t<meta name=\"twitter:data2\" content=\"1 minuta\" \/>\n<script type=\"application\/ld+json\" class=\"yoast-schema-graph\">{\"@context\":\"https:\/\/schema.org\",\"@graph\":[{\"@type\":\"WebPage\",\"@id\":\"https:\/\/likemetkovic.hr\/43233-2\/\",\"url\":\"https:\/\/likemetkovic.hr\/43233-2\/\",\"name\":\"Konstituirano Gradsko vije\u0107e, predsjednik Hrvoje Bebi\u0107 - likemetkovic.hr\",\"isPartOf\":{\"@id\":\"https:\/\/likemetkovic.hr\/#website\"},\"datePublished\":\"2017-06-22T02:44:18+00:00\",\"dateModified\":\"2017-06-22T14:16:33+00:00\",\"author\":{\"@id\":\"https:\/\/likemetkovic.hr\/#\/schema\/person\/a42711f3385a0e2be6f7e0443bfb28f0\"},\"breadcrumb\":{\"@id\":\"https:\/\/likemetkovic.hr\/43233-2\/#breadcrumb\"},\"inLanguage\":\"hr\",\"potentialAction\":[{\"@type\":\"ReadAction\",\"target\":[\"https:\/\/likemetkovic.hr\/43233-2\/\"]}]},{\"@type\":\"BreadcrumbList\",\"@id\":\"https:\/\/likemetkovic.hr\/43233-2\/#breadcrumb\",\"itemListElement\":[{\"@type\":\"ListItem\",\"position\":1,\"name\":\"Po\u010detna stranica\",\"item\":\"https:\/\/likemetkovic.hr\/portal\/\"},{\"@type\":\"ListItem\",\"position\":2,\"name\":\"Konstituirano Gradsko vije\u0107e, predsjednik Hrvoje Bebi\u0107\"}]},{\"@type\":\"WebSite\",\"@id\":\"https:\/\/likemetkovic.hr\/#website\",\"url\":\"https:\/\/likemetkovic.hr\/\",\"name\":\"likemetkovic.hr\",\"description\":\"Misli pozitivno... \u010ditaj LIKE\",\"potentialAction\":[{\"@type\":\"SearchAction\",\"target\":{\"@type\":\"EntryPoint\",\"urlTemplate\":\"https:\/\/likemetkovic.hr\/?s={search_term_string}\"},\"query-input\":{\"@type\":\"PropertyValueSpecification\",\"valueRequired\":true,\"valueName\":\"search_term_string\"}}],\"inLanguage\":\"hr\"},{\"@type\":\"Person\",\"@id\":\"https:\/\/likemetkovic.hr\/#\/schema\/person\/a42711f3385a0e2be6f7e0443bfb28f0\",\"name\":\"LIKEmetkovic.hr\",\"sameAs\":[\"http:\/\/likemetkovic.hr\"],\"url\":\"https:\/\/likemetkovic.hr\/portal\/author\/likemetkovic-hr\/\"}]}<\/script>\n<!-- \/ Yoast SEO plugin. -->","yoast_head_json":{"title":"Konstituirano Gradsko vije\u0107e, predsjednik Hrvoje Bebi\u0107 - likemetkovic.hr","robots":{"index":"index","follow":"follow","max-snippet":"max-snippet:-1","max-image-preview":"max-image-preview:large","max-video-preview":"max-video-preview:-1"},"canonical":"https:\/\/likemetkovic.hr\/43233-2\/","og_locale":"hr_HR","og_type":"article","og_title":"Konstituirano Gradsko vije\u0107e, predsjednik Hrvoje Bebi\u0107 - likemetkovic.hr","og_description":"U Zgradi politi\u010dkih stranaka odr\u017eana je Konstituiraju\u0107a sjednica Gradskog vije\u0107a Grada Metkovi\u0107a, na kojoj je za predsjednika izabran HDZ-ov Hrvoje Bebi\u0107. Novoizabranoga predsjednika GV-a podr\u017ealo je 10 vije\u0107nika, dok je sedmero Mostovih bilo suzdr\u017eano. Za potpredsjednike su jednoglasno izabrani Miljenka Manenica iz HSLS-a i Kre\u0161imir Juri\u0107 iz Mosta NL. \u2013 Zahvaljujem svim vije\u0107nicima koji su [&hellip;]","og_url":"https:\/\/likemetkovic.hr\/43233-2\/","og_site_name":"likemetkovic.hr","article_publisher":"https:\/\/www.facebook.com\/likemetkovic.hr\/","article_published_time":"2017-06-22T02:44:18+00:00","article_modified_time":"2017-06-22T14:16:33+00:00","author":"LIKEmetkovic.hr","twitter_card":"summary_large_image","twitter_misc":{"Napisao\/la":"LIKEmetkovic.hr","Procijenjeno vrijeme \u010ditanja":"1 minuta"},"schema":{"@context":"https:\/\/schema.org","@graph":[{"@type":"WebPage","@id":"https:\/\/likemetkovic.hr\/43233-2\/","url":"https:\/\/likemetkovic.hr\/43233-2\/","name":"Konstituirano Gradsko vije\u0107e, predsjednik Hrvoje Bebi\u0107 - likemetkovic.hr","isPartOf":{"@id":"https:\/\/likemetkovic.hr\/#website"},"datePublished":"2017-06-22T02:44:18+00:00","dateModified":"2017-06-22T14:16:33+00:00","author":{"@id":"https:\/\/likemetkovic.hr\/#\/schema\/person\/a42711f3385a0e2be6f7e0443bfb28f0"},"breadcrumb":{"@id":"https:\/\/likemetkovic.hr\/43233-2\/#breadcrumb"},"inLanguage":"hr","potentialAction":[{"@type":"ReadAction","target":["https:\/\/likemetkovic.hr\/43233-2\/"]}]},{"@type":"BreadcrumbList","@id":"https:\/\/likemetkovic.hr\/43233-2\/#breadcrumb","itemListElement":[{"@type":"ListItem","position":1,"name":"Po\u010detna stranica","item":"https:\/\/likemetkovic.hr\/portal\/"},{"@type":"ListItem","position":2,"name":"Konstituirano Gradsko vije\u0107e, predsjednik Hrvoje Bebi\u0107"}]},{"@type":"WebSite","@id":"https:\/\/likemetkovic.hr\/#website","url":"https:\/\/likemetkovic.hr\/","name":"likemetkovic.hr","description":"Misli pozitivno... \u010ditaj LIKE","potentialAction":[{"@type":"SearchAction","target":{"@type":"EntryPoint","urlTemplate":"https:\/\/likemetkovic.hr\/?s={search_term_string}"},"query-input":{"@type":"PropertyValueSpecification","valueRequired":true,"valueName":"search_term_string"}}],"inLanguage":"hr"},{"@type":"Person","@id":"https:\/\/likemetkovic.hr\/#\/schema\/person\/a42711f3385a0e2be6f7e0443bfb28f0","name":"LIKEmetkovic.hr","sameAs":["http:\/\/likemetkovic.hr"],"url":"https:\/\/likemetkovic.hr\/portal\/author\/likemetkovic-hr\/"}]}},"_links":{"self":[{"href":"https:\/\/likemetkovic.hr\/portal\/wp-json\/wp\/v2\/posts\/43233","targetHints":{"allow":["GET"]}}],"collection":[{"href":"https:\/\/likemetkovic.hr\/portal\/wp-json\/wp\/v2\/posts"}],"about":[{"href":"https:\/\/likemetkovic.hr\/portal\/wp-json\/wp\/v2\/types\/post"}],"author":[{"embeddable":true,"href":"https:\/\/likemetkovic.hr\/portal\/wp-json\/wp\/v2\/users\/7"}],"replies":[{"embeddable":true,"href":"https:\/\/likemetkovic.hr\/portal\/wp-json\/wp\/v2\/comments?post=43233"}],"version-history":[{"count":0,"href":"https:\/\/likemetkovic.hr\/portal\/wp-json\/wp\/v2\/posts\/43233\/revisions"}],"wp:attachment":[{"href":"https:\/\/likemetkovic.hr\/portal\/wp-json\/wp\/v2\/media?parent=43233"}],"wp:term":[{"taxonomy":"category","embeddable":true,"href":"https:\/\/likemetkovic.hr\/portal\/wp-json\/wp\/v2\/categories?post=43233"},{"taxonomy":"post_tag","embeddable":true,"href":"https:\/\/likemetkovic.hr\/portal\/wp-json\/wp\/v2\/tags?post=43233"}],"curies":[{"name":"wp","href":"https:\/\/api.w.org\/{rel}","templated":true}]}}