{"id":43327,"date":"2017-06-26T07:28:16","date_gmt":"2017-06-26T05:28:16","guid":{"rendered":"http:\/\/likemetkovic.hr\/?p=43327"},"modified":"2017-06-26T07:28:16","modified_gmt":"2017-06-26T05:28:16","slug":"foto-pozar-obiteljskoj-kuci-metkovicu","status":"publish","type":"post","link":"https:\/\/likemetkovic.hr\/portal\/foto-pozar-obiteljskoj-kuci-metkovicu\/","title":{"rendered":"[FOTO] Po\u017ear na obiteljskoj ku\u0107i u Metkovi\u0107u"},"content":{"rendered":"<p>Po\u017ear obiteljske ku\u0107e u Metkovi\u0107u u nedjelju negdje oko 19 sati nastao je u Splitskoj ulici na ku\u0107nom broju 6. Izazvao ga je ro\u0161tilj koji nije adekvatno poga\u0161en nakon lo\u017eenja. Po\u017ear je uzrokovao manju materijalnu \u0161tetu zahvaljuju\u0107i brzoj intervenciji JVP Metkovi\u0107. Na mjestu po\u017eara iza\u0161li su vatrogasci JVP Metkovi i djelatnici PP Metkovi\u0107.<\/p>\n\n","protected":false},"excerpt":{"rendered":"<p>Po\u017ear obiteljske ku\u0107e u Metkovi\u0107u u nedjelju negdje oko 19 sati nastao je u Splitskoj ulici na ku\u0107nom broju 6. Izazvao ga je ro\u0161tilj koji nije adekvatno poga\u0161en nakon lo\u017eenja. Po\u017ear je uzrokovao manju materijalnu \u0161tetu zahvaljuju\u0107i brzoj intervenciji JVP Metkovi\u0107. Na mjestu po\u017eara iza\u0161li su vatrogasci JVP Metkovi i djelatnici PP Metkovi\u0107.<\/p>\n","protected":false},"author":7,"featured_media":0,"comment_status":"open","ping_status":"open","sticky":false,"template":"","format":"standard","meta":{"footnotes":""},"categories":[283,11],"tags":[],"class_list":{"0":"post-43327","1":"post","2":"type-post","3":"status-publish","4":"format-standard","6":"category-a","7":"category-metkovic-dolina"},"yoast_head":"<!-- This site is optimized with the Yoast SEO plugin v25.2 - https:\/\/yoast.com\/wordpress\/plugins\/seo\/ -->\n<title>[FOTO] Po\u017ear na obiteljskoj ku\u0107i u Metkovi\u0107u - likemetkovic.hr<\/title>\n<meta name=\"robots\" content=\"index, follow, max-snippet:-1, max-image-preview:large, max-video-preview:-1\" \/>\n<link rel=\"canonical\" href=\"https:\/\/likemetkovic.hr\/foto-pozar-obiteljskoj-kuci-metkovicu\/\" \/>\n<meta property=\"og:locale\" content=\"hr_HR\" \/>\n<meta property=\"og:type\" content=\"article\" \/>\n<meta property=\"og:title\" content=\"[FOTO] Po\u017ear na obiteljskoj ku\u0107i u Metkovi\u0107u - likemetkovic.hr\" \/>\n<meta property=\"og:description\" content=\"Po\u017ear obiteljske ku\u0107e u Metkovi\u0107u u nedjelju negdje oko 19 sati nastao je u Splitskoj ulici na ku\u0107nom broju 6. Izazvao ga je ro\u0161tilj koji nije adekvatno poga\u0161en nakon lo\u017eenja. Po\u017ear je uzrokovao manju materijalnu \u0161tetu zahvaljuju\u0107i brzoj intervenciji JVP Metkovi\u0107. Na mjestu po\u017eara iza\u0161li su vatrogasci JVP Metkovi i djelatnici PP Metkovi\u0107.\" \/>\n<meta property=\"og:url\" content=\"https:\/\/likemetkovic.hr\/foto-pozar-obiteljskoj-kuci-metkovicu\/\" \/>\n<meta property=\"og:site_name\" content=\"likemetkovic.hr\" \/>\n<meta property=\"article:publisher\" content=\"https:\/\/www.facebook.com\/likemetkovic.hr\/\" \/>\n<meta property=\"article:published_time\" content=\"2017-06-26T05:28:16+00:00\" \/>\n<meta name=\"author\" content=\"LIKEmetkovic.hr\" \/>\n<meta name=\"twitter:card\" content=\"summary_large_image\" \/>\n<meta name=\"twitter:label1\" content=\"Napisao\/la\" \/>\n\t<meta name=\"twitter:data1\" content=\"LIKEmetkovic.hr\" \/>\n<script type=\"application\/ld+json\" class=\"yoast-schema-graph\">{\"@context\":\"https:\/\/schema.org\",\"@graph\":[{\"@type\":\"WebPage\",\"@id\":\"https:\/\/likemetkovic.hr\/foto-pozar-obiteljskoj-kuci-metkovicu\/\",\"url\":\"https:\/\/likemetkovic.hr\/foto-pozar-obiteljskoj-kuci-metkovicu\/\",\"name\":\"[FOTO] Po\u017ear na obiteljskoj ku\u0107i u Metkovi\u0107u - likemetkovic.hr\",\"isPartOf\":{\"@id\":\"https:\/\/likemetkovic.hr\/#website\"},\"datePublished\":\"2017-06-26T05:28:16+00:00\",\"author\":{\"@id\":\"https:\/\/likemetkovic.hr\/#\/schema\/person\/a42711f3385a0e2be6f7e0443bfb28f0\"},\"breadcrumb\":{\"@id\":\"https:\/\/likemetkovic.hr\/foto-pozar-obiteljskoj-kuci-metkovicu\/#breadcrumb\"},\"inLanguage\":\"hr\",\"potentialAction\":[{\"@type\":\"ReadAction\",\"target\":[\"https:\/\/likemetkovic.hr\/foto-pozar-obiteljskoj-kuci-metkovicu\/\"]}]},{\"@type\":\"BreadcrumbList\",\"@id\":\"https:\/\/likemetkovic.hr\/foto-pozar-obiteljskoj-kuci-metkovicu\/#breadcrumb\",\"itemListElement\":[{\"@type\":\"ListItem\",\"position\":1,\"name\":\"Po\u010detna stranica\",\"item\":\"https:\/\/likemetkovic.hr\/portal\/\"},{\"@type\":\"ListItem\",\"position\":2,\"name\":\"[FOTO] Po\u017ear na obiteljskoj ku\u0107i u Metkovi\u0107u\"}]},{\"@type\":\"WebSite\",\"@id\":\"https:\/\/likemetkovic.hr\/#website\",\"url\":\"https:\/\/likemetkovic.hr\/\",\"name\":\"likemetkovic.hr\",\"description\":\"Misli pozitivno... \u010ditaj LIKE\",\"potentialAction\":[{\"@type\":\"SearchAction\",\"target\":{\"@type\":\"EntryPoint\",\"urlTemplate\":\"https:\/\/likemetkovic.hr\/?s={search_term_string}\"},\"query-input\":{\"@type\":\"PropertyValueSpecification\",\"valueRequired\":true,\"valueName\":\"search_term_string\"}}],\"inLanguage\":\"hr\"},{\"@type\":\"Person\",\"@id\":\"https:\/\/likemetkovic.hr\/#\/schema\/person\/a42711f3385a0e2be6f7e0443bfb28f0\",\"name\":\"LIKEmetkovic.hr\",\"sameAs\":[\"http:\/\/likemetkovic.hr\"],\"url\":\"https:\/\/likemetkovic.hr\/portal\/author\/likemetkovic-hr\/\"}]}<\/script>\n<!-- \/ Yoast SEO plugin. -->","yoast_head_json":{"title":"[FOTO] Po\u017ear na obiteljskoj ku\u0107i u Metkovi\u0107u - likemetkovic.hr","robots":{"index":"index","follow":"follow","max-snippet":"max-snippet:-1","max-image-preview":"max-image-preview:large","max-video-preview":"max-video-preview:-1"},"canonical":"https:\/\/likemetkovic.hr\/foto-pozar-obiteljskoj-kuci-metkovicu\/","og_locale":"hr_HR","og_type":"article","og_title":"[FOTO] Po\u017ear na obiteljskoj ku\u0107i u Metkovi\u0107u - likemetkovic.hr","og_description":"Po\u017ear obiteljske ku\u0107e u Metkovi\u0107u u nedjelju negdje oko 19 sati nastao je u Splitskoj ulici na ku\u0107nom broju 6. Izazvao ga je ro\u0161tilj koji nije adekvatno poga\u0161en nakon lo\u017eenja. Po\u017ear je uzrokovao manju materijalnu \u0161tetu zahvaljuju\u0107i brzoj intervenciji JVP Metkovi\u0107. Na mjestu po\u017eara iza\u0161li su vatrogasci JVP Metkovi i djelatnici PP Metkovi\u0107.","og_url":"https:\/\/likemetkovic.hr\/foto-pozar-obiteljskoj-kuci-metkovicu\/","og_site_name":"likemetkovic.hr","article_publisher":"https:\/\/www.facebook.com\/likemetkovic.hr\/","article_published_time":"2017-06-26T05:28:16+00:00","author":"LIKEmetkovic.hr","twitter_card":"summary_large_image","twitter_misc":{"Napisao\/la":"LIKEmetkovic.hr"},"schema":{"@context":"https:\/\/schema.org","@graph":[{"@type":"WebPage","@id":"https:\/\/likemetkovic.hr\/foto-pozar-obiteljskoj-kuci-metkovicu\/","url":"https:\/\/likemetkovic.hr\/foto-pozar-obiteljskoj-kuci-metkovicu\/","name":"[FOTO] Po\u017ear na obiteljskoj ku\u0107i u Metkovi\u0107u - likemetkovic.hr","isPartOf":{"@id":"https:\/\/likemetkovic.hr\/#website"},"datePublished":"2017-06-26T05:28:16+00:00","author":{"@id":"https:\/\/likemetkovic.hr\/#\/schema\/person\/a42711f3385a0e2be6f7e0443bfb28f0"},"breadcrumb":{"@id":"https:\/\/likemetkovic.hr\/foto-pozar-obiteljskoj-kuci-metkovicu\/#breadcrumb"},"inLanguage":"hr","potentialAction":[{"@type":"ReadAction","target":["https:\/\/likemetkovic.hr\/foto-pozar-obiteljskoj-kuci-metkovicu\/"]}]},{"@type":"BreadcrumbList","@id":"https:\/\/likemetkovic.hr\/foto-pozar-obiteljskoj-kuci-metkovicu\/#breadcrumb","itemListElement":[{"@type":"ListItem","position":1,"name":"Po\u010detna stranica","item":"https:\/\/likemetkovic.hr\/portal\/"},{"@type":"ListItem","position":2,"name":"[FOTO] Po\u017ear na obiteljskoj ku\u0107i u Metkovi\u0107u"}]},{"@type":"WebSite","@id":"https:\/\/likemetkovic.hr\/#website","url":"https:\/\/likemetkovic.hr\/","name":"likemetkovic.hr","description":"Misli pozitivno... \u010ditaj LIKE","potentialAction":[{"@type":"SearchAction","target":{"@type":"EntryPoint","urlTemplate":"https:\/\/likemetkovic.hr\/?s={search_term_string}"},"query-input":{"@type":"PropertyValueSpecification","valueRequired":true,"valueName":"search_term_string"}}],"inLanguage":"hr"},{"@type":"Person","@id":"https:\/\/likemetkovic.hr\/#\/schema\/person\/a42711f3385a0e2be6f7e0443bfb28f0","name":"LIKEmetkovic.hr","sameAs":["http:\/\/likemetkovic.hr"],"url":"https:\/\/likemetkovic.hr\/portal\/author\/likemetkovic-hr\/"}]}},"_links":{"self":[{"href":"https:\/\/likemetkovic.hr\/portal\/wp-json\/wp\/v2\/posts\/43327","targetHints":{"allow":["GET"]}}],"collection":[{"href":"https:\/\/likemetkovic.hr\/portal\/wp-json\/wp\/v2\/posts"}],"about":[{"href":"https:\/\/likemetkovic.hr\/portal\/wp-json\/wp\/v2\/types\/post"}],"author":[{"embeddable":true,"href":"https:\/\/likemetkovic.hr\/portal\/wp-json\/wp\/v2\/users\/7"}],"replies":[{"embeddable":true,"href":"https:\/\/likemetkovic.hr\/portal\/wp-json\/wp\/v2\/comments?post=43327"}],"version-history":[{"count":0,"href":"https:\/\/likemetkovic.hr\/portal\/wp-json\/wp\/v2\/posts\/43327\/revisions"}],"wp:attachment":[{"href":"https:\/\/likemetkovic.hr\/portal\/wp-json\/wp\/v2\/media?parent=43327"}],"wp:term":[{"taxonomy":"category","embeddable":true,"href":"https:\/\/likemetkovic.hr\/portal\/wp-json\/wp\/v2\/categories?post=43327"},{"taxonomy":"post_tag","embeddable":true,"href":"https:\/\/likemetkovic.hr\/portal\/wp-json\/wp\/v2\/tags?post=43327"}],"curies":[{"name":"wp","href":"https:\/\/api.w.org\/{rel}","templated":true}]}}