{"id":43461,"date":"2017-07-08T08:30:56","date_gmt":"2017-07-08T06:30:56","guid":{"rendered":"http:\/\/likemetkovic.hr\/?p=43461"},"modified":"2017-07-08T08:30:56","modified_gmt":"2017-07-08T06:30:56","slug":"nova-kadrovska-rjesenja-gradskim-ustanovama-poduzecima","status":"publish","type":"post","link":"https:\/\/likemetkovic.hr\/portal\/nova-kadrovska-rjesenja-gradskim-ustanovama-poduzecima\/","title":{"rendered":"Nova kadrovska rje\u0161enja u gradskim ustanovama i poduze\u0107ima"},"content":{"rendered":"<p><span style=\"font-weight: 400;\">Gradona\u010delnik Dalibor Milan je ovih dana donio odluku o novim \u010dlanovima upravnih vije\u0107a gradskih ustanova i nadzornih odbora gradskih poduze\u0107a.<\/span><\/p>\n<p><span style=\"font-weight: 400;\">Novi \u010dlanovi Upravnog vije\u0107a Javne vatrogasne postrojbe Metkovi\u0107 su <\/span><b>Hranislav Ga\u0161par, Davor Boras, Davor Petkovi\u0107 i Mario Senta.<\/b><\/p>\n<p><span style=\"font-weight: 400;\">U Upravno vije\u0107e Gradske knji\u017enice Metkovi\u0107 imenovane su <\/span><b>Jelica Lazarevi\u0107 i Mateja Krsti\u010devi\u0107<\/b><span style=\"font-weight: 400;\">.<\/span><\/p>\n<p><span style=\"font-weight: 400;\">U Upravno vije\u0107e Dje\u010djeg vrti\u0107a imenovani su <\/span><b>Sanda Tomi\u0107, Ivica Kuran, Vesna Pavlovi\u0107 i Miljenka Manenica.<\/b><\/p>\n<p><span style=\"font-weight: 400;\">Novi \u010dlanovi Nadzornog odbora \u010cisto\u0107e d.o.o. su <\/span><b>Filip Dominikovi\u0107, Ivica Popovi\u0107, Marinko Ob\u0161iva\u010d i Jakov Jel\u010di\u0107<\/b><span style=\"font-weight: 400;\">, a Metkovi\u0107 d.o.o. za vodoopskrbu i odvodnju \u00a0<\/span><b>Bla\u017eko Miji\u0107, Hrvoje Bebi\u0107, Nikola Manenica i Dragana Volarevi\u0107<\/b><span style=\"font-weight: 400;\">.<\/span><\/p>\n<p><span style=\"font-weight: 400;\">U Nadzorni odbor Metkovi\u0107 razvoja d.o.o. imenovani su<\/span><b> Vi\u0161nja Doko, Gordan \u0106eli\u0107, Ivan Dani\u010di\u0107 i Gabrijela Dragovi\u0107.<\/b><\/p>\n<p><span style=\"font-weight: 400;\">Gradona\u010delnik \u00a0i Odbor za imenovanja Gradskog vije\u0107a predla\u017eu za nove \u010dlanove Upravnog vije\u0107a Ustanove za kulturu i sport <\/span><b>Ivanu \u010carapinu, Danijelu Dragobratovi\u0107 i Nina Ercega<\/b><span style=\"font-weight: 400;\">. Odluku \u0107e donijeti Gradsko vije\u0107e Grada Metkovi\u0107a na sjednici 11. srpnja. 2017.<\/span><\/p>\n","protected":false},"excerpt":{"rendered":"<p>Gradona\u010delnik Dalibor Milan je ovih dana donio odluku o novim \u010dlanovima upravnih vije\u0107a gradskih ustanova i nadzornih odbora gradskih poduze\u0107a. Novi \u010dlanovi Upravnog vije\u0107a Javne vatrogasne postrojbe Metkovi\u0107 su Hranislav Ga\u0161par, Davor Boras, Davor Petkovi\u0107 i Mario Senta. U Upravno vije\u0107e Gradske knji\u017enice Metkovi\u0107 imenovane su Jelica Lazarevi\u0107 i Mateja Krsti\u010devi\u0107. U Upravno vije\u0107e Dje\u010djeg [&hellip;]<\/p>\n","protected":false},"author":7,"featured_media":30002,"comment_status":"open","ping_status":"open","sticky":false,"template":"","format":"standard","meta":{"footnotes":""},"categories":[283,11],"tags":[],"class_list":{"0":"post-43461","1":"post","2":"type-post","3":"status-publish","4":"format-standard","5":"has-post-thumbnail","7":"category-a","8":"category-metkovic-dolina"},"yoast_head":"<!-- This site is optimized with the Yoast SEO plugin v25.2 - https:\/\/yoast.com\/wordpress\/plugins\/seo\/ -->\n<title>Nova kadrovska rje\u0161enja u gradskim ustanovama i poduze\u0107ima - likemetkovic.hr<\/title>\n<meta name=\"robots\" content=\"index, follow, max-snippet:-1, max-image-preview:large, max-video-preview:-1\" \/>\n<link rel=\"canonical\" href=\"https:\/\/likemetkovic.hr\/nova-kadrovska-rjesenja-gradskim-ustanovama-poduzecima\/\" \/>\n<meta property=\"og:locale\" content=\"hr_HR\" \/>\n<meta property=\"og:type\" content=\"article\" \/>\n<meta property=\"og:title\" content=\"Nova kadrovska rje\u0161enja u gradskim ustanovama i poduze\u0107ima - likemetkovic.hr\" \/>\n<meta property=\"og:description\" content=\"Gradona\u010delnik Dalibor Milan je ovih dana donio odluku o novim \u010dlanovima upravnih vije\u0107a gradskih ustanova i nadzornih odbora gradskih poduze\u0107a. Novi \u010dlanovi Upravnog vije\u0107a Javne vatrogasne postrojbe Metkovi\u0107 su Hranislav Ga\u0161par, Davor Boras, Davor Petkovi\u0107 i Mario Senta. U Upravno vije\u0107e Gradske knji\u017enice Metkovi\u0107 imenovane su Jelica Lazarevi\u0107 i Mateja Krsti\u010devi\u0107. U Upravno vije\u0107e Dje\u010djeg [&hellip;]\" \/>\n<meta property=\"og:url\" content=\"https:\/\/likemetkovic.hr\/nova-kadrovska-rjesenja-gradskim-ustanovama-poduzecima\/\" \/>\n<meta property=\"og:site_name\" content=\"likemetkovic.hr\" \/>\n<meta property=\"article:publisher\" content=\"https:\/\/www.facebook.com\/likemetkovic.hr\/\" \/>\n<meta property=\"article:published_time\" content=\"2017-07-08T06:30:56+00:00\" \/>\n<meta property=\"og:image\" content=\"https:\/\/likemetkovic.hr\/wp-content\/uploads\/2016\/11\/grad-metkovic_1.jpg\" \/>\n\t<meta property=\"og:image:width\" content=\"1366\" \/>\n\t<meta property=\"og:image:height\" content=\"1025\" \/>\n\t<meta property=\"og:image:type\" content=\"image\/jpeg\" \/>\n<meta name=\"author\" content=\"LIKEmetkovic.hr\" \/>\n<meta name=\"twitter:card\" content=\"summary_large_image\" \/>\n<meta name=\"twitter:label1\" content=\"Napisao\/la\" \/>\n\t<meta name=\"twitter:data1\" content=\"LIKEmetkovic.hr\" \/>\n\t<meta name=\"twitter:label2\" content=\"Procijenjeno vrijeme \u010ditanja\" \/>\n\t<meta name=\"twitter:data2\" content=\"1 minuta\" \/>\n<script type=\"application\/ld+json\" class=\"yoast-schema-graph\">{\"@context\":\"https:\/\/schema.org\",\"@graph\":[{\"@type\":\"WebPage\",\"@id\":\"https:\/\/likemetkovic.hr\/nova-kadrovska-rjesenja-gradskim-ustanovama-poduzecima\/\",\"url\":\"https:\/\/likemetkovic.hr\/nova-kadrovska-rjesenja-gradskim-ustanovama-poduzecima\/\",\"name\":\"Nova kadrovska rje\u0161enja u gradskim ustanovama i poduze\u0107ima - likemetkovic.hr\",\"isPartOf\":{\"@id\":\"https:\/\/likemetkovic.hr\/#website\"},\"primaryImageOfPage\":{\"@id\":\"https:\/\/likemetkovic.hr\/nova-kadrovska-rjesenja-gradskim-ustanovama-poduzecima\/#primaryimage\"},\"image\":{\"@id\":\"https:\/\/likemetkovic.hr\/nova-kadrovska-rjesenja-gradskim-ustanovama-poduzecima\/#primaryimage\"},\"thumbnailUrl\":\"https:\/\/likemetkovic.hr\/portal\/wp-content\/uploads\/2016\/11\/grad-metkovic_1.jpg\",\"datePublished\":\"2017-07-08T06:30:56+00:00\",\"author\":{\"@id\":\"https:\/\/likemetkovic.hr\/#\/schema\/person\/a42711f3385a0e2be6f7e0443bfb28f0\"},\"breadcrumb\":{\"@id\":\"https:\/\/likemetkovic.hr\/nova-kadrovska-rjesenja-gradskim-ustanovama-poduzecima\/#breadcrumb\"},\"inLanguage\":\"hr\",\"potentialAction\":[{\"@type\":\"ReadAction\",\"target\":[\"https:\/\/likemetkovic.hr\/nova-kadrovska-rjesenja-gradskim-ustanovama-poduzecima\/\"]}]},{\"@type\":\"ImageObject\",\"inLanguage\":\"hr\",\"@id\":\"https:\/\/likemetkovic.hr\/nova-kadrovska-rjesenja-gradskim-ustanovama-poduzecima\/#primaryimage\",\"url\":\"https:\/\/likemetkovic.hr\/portal\/wp-content\/uploads\/2016\/11\/grad-metkovic_1.jpg\",\"contentUrl\":\"https:\/\/likemetkovic.hr\/portal\/wp-content\/uploads\/2016\/11\/grad-metkovic_1.jpg\",\"width\":1366,\"height\":1025},{\"@type\":\"BreadcrumbList\",\"@id\":\"https:\/\/likemetkovic.hr\/nova-kadrovska-rjesenja-gradskim-ustanovama-poduzecima\/#breadcrumb\",\"itemListElement\":[{\"@type\":\"ListItem\",\"position\":1,\"name\":\"Po\u010detna stranica\",\"item\":\"https:\/\/likemetkovic.hr\/portal\/\"},{\"@type\":\"ListItem\",\"position\":2,\"name\":\"Nova kadrovska rje\u0161enja u gradskim ustanovama i poduze\u0107ima\"}]},{\"@type\":\"WebSite\",\"@id\":\"https:\/\/likemetkovic.hr\/#website\",\"url\":\"https:\/\/likemetkovic.hr\/\",\"name\":\"likemetkovic.hr\",\"description\":\"Misli pozitivno... \u010ditaj LIKE\",\"potentialAction\":[{\"@type\":\"SearchAction\",\"target\":{\"@type\":\"EntryPoint\",\"urlTemplate\":\"https:\/\/likemetkovic.hr\/?s={search_term_string}\"},\"query-input\":{\"@type\":\"PropertyValueSpecification\",\"valueRequired\":true,\"valueName\":\"search_term_string\"}}],\"inLanguage\":\"hr\"},{\"@type\":\"Person\",\"@id\":\"https:\/\/likemetkovic.hr\/#\/schema\/person\/a42711f3385a0e2be6f7e0443bfb28f0\",\"name\":\"LIKEmetkovic.hr\",\"sameAs\":[\"http:\/\/likemetkovic.hr\"],\"url\":\"https:\/\/likemetkovic.hr\/portal\/author\/likemetkovic-hr\/\"}]}<\/script>\n<!-- \/ Yoast SEO plugin. -->","yoast_head_json":{"title":"Nova kadrovska rje\u0161enja u gradskim ustanovama i poduze\u0107ima - likemetkovic.hr","robots":{"index":"index","follow":"follow","max-snippet":"max-snippet:-1","max-image-preview":"max-image-preview:large","max-video-preview":"max-video-preview:-1"},"canonical":"https:\/\/likemetkovic.hr\/nova-kadrovska-rjesenja-gradskim-ustanovama-poduzecima\/","og_locale":"hr_HR","og_type":"article","og_title":"Nova kadrovska rje\u0161enja u gradskim ustanovama i poduze\u0107ima - likemetkovic.hr","og_description":"Gradona\u010delnik Dalibor Milan je ovih dana donio odluku o novim \u010dlanovima upravnih vije\u0107a gradskih ustanova i nadzornih odbora gradskih poduze\u0107a. Novi \u010dlanovi Upravnog vije\u0107a Javne vatrogasne postrojbe Metkovi\u0107 su Hranislav Ga\u0161par, Davor Boras, Davor Petkovi\u0107 i Mario Senta. U Upravno vije\u0107e Gradske knji\u017enice Metkovi\u0107 imenovane su Jelica Lazarevi\u0107 i Mateja Krsti\u010devi\u0107. U Upravno vije\u0107e Dje\u010djeg [&hellip;]","og_url":"https:\/\/likemetkovic.hr\/nova-kadrovska-rjesenja-gradskim-ustanovama-poduzecima\/","og_site_name":"likemetkovic.hr","article_publisher":"https:\/\/www.facebook.com\/likemetkovic.hr\/","article_published_time":"2017-07-08T06:30:56+00:00","og_image":[{"width":1366,"height":1025,"url":"https:\/\/likemetkovic.hr\/wp-content\/uploads\/2016\/11\/grad-metkovic_1.jpg","type":"image\/jpeg"}],"author":"LIKEmetkovic.hr","twitter_card":"summary_large_image","twitter_misc":{"Napisao\/la":"LIKEmetkovic.hr","Procijenjeno vrijeme \u010ditanja":"1 minuta"},"schema":{"@context":"https:\/\/schema.org","@graph":[{"@type":"WebPage","@id":"https:\/\/likemetkovic.hr\/nova-kadrovska-rjesenja-gradskim-ustanovama-poduzecima\/","url":"https:\/\/likemetkovic.hr\/nova-kadrovska-rjesenja-gradskim-ustanovama-poduzecima\/","name":"Nova kadrovska rje\u0161enja u gradskim ustanovama i poduze\u0107ima - likemetkovic.hr","isPartOf":{"@id":"https:\/\/likemetkovic.hr\/#website"},"primaryImageOfPage":{"@id":"https:\/\/likemetkovic.hr\/nova-kadrovska-rjesenja-gradskim-ustanovama-poduzecima\/#primaryimage"},"image":{"@id":"https:\/\/likemetkovic.hr\/nova-kadrovska-rjesenja-gradskim-ustanovama-poduzecima\/#primaryimage"},"thumbnailUrl":"https:\/\/likemetkovic.hr\/portal\/wp-content\/uploads\/2016\/11\/grad-metkovic_1.jpg","datePublished":"2017-07-08T06:30:56+00:00","author":{"@id":"https:\/\/likemetkovic.hr\/#\/schema\/person\/a42711f3385a0e2be6f7e0443bfb28f0"},"breadcrumb":{"@id":"https:\/\/likemetkovic.hr\/nova-kadrovska-rjesenja-gradskim-ustanovama-poduzecima\/#breadcrumb"},"inLanguage":"hr","potentialAction":[{"@type":"ReadAction","target":["https:\/\/likemetkovic.hr\/nova-kadrovska-rjesenja-gradskim-ustanovama-poduzecima\/"]}]},{"@type":"ImageObject","inLanguage":"hr","@id":"https:\/\/likemetkovic.hr\/nova-kadrovska-rjesenja-gradskim-ustanovama-poduzecima\/#primaryimage","url":"https:\/\/likemetkovic.hr\/portal\/wp-content\/uploads\/2016\/11\/grad-metkovic_1.jpg","contentUrl":"https:\/\/likemetkovic.hr\/portal\/wp-content\/uploads\/2016\/11\/grad-metkovic_1.jpg","width":1366,"height":1025},{"@type":"BreadcrumbList","@id":"https:\/\/likemetkovic.hr\/nova-kadrovska-rjesenja-gradskim-ustanovama-poduzecima\/#breadcrumb","itemListElement":[{"@type":"ListItem","position":1,"name":"Po\u010detna stranica","item":"https:\/\/likemetkovic.hr\/portal\/"},{"@type":"ListItem","position":2,"name":"Nova kadrovska rje\u0161enja u gradskim ustanovama i poduze\u0107ima"}]},{"@type":"WebSite","@id":"https:\/\/likemetkovic.hr\/#website","url":"https:\/\/likemetkovic.hr\/","name":"likemetkovic.hr","description":"Misli pozitivno... \u010ditaj LIKE","potentialAction":[{"@type":"SearchAction","target":{"@type":"EntryPoint","urlTemplate":"https:\/\/likemetkovic.hr\/?s={search_term_string}"},"query-input":{"@type":"PropertyValueSpecification","valueRequired":true,"valueName":"search_term_string"}}],"inLanguage":"hr"},{"@type":"Person","@id":"https:\/\/likemetkovic.hr\/#\/schema\/person\/a42711f3385a0e2be6f7e0443bfb28f0","name":"LIKEmetkovic.hr","sameAs":["http:\/\/likemetkovic.hr"],"url":"https:\/\/likemetkovic.hr\/portal\/author\/likemetkovic-hr\/"}]}},"_links":{"self":[{"href":"https:\/\/likemetkovic.hr\/portal\/wp-json\/wp\/v2\/posts\/43461","targetHints":{"allow":["GET"]}}],"collection":[{"href":"https:\/\/likemetkovic.hr\/portal\/wp-json\/wp\/v2\/posts"}],"about":[{"href":"https:\/\/likemetkovic.hr\/portal\/wp-json\/wp\/v2\/types\/post"}],"author":[{"embeddable":true,"href":"https:\/\/likemetkovic.hr\/portal\/wp-json\/wp\/v2\/users\/7"}],"replies":[{"embeddable":true,"href":"https:\/\/likemetkovic.hr\/portal\/wp-json\/wp\/v2\/comments?post=43461"}],"version-history":[{"count":0,"href":"https:\/\/likemetkovic.hr\/portal\/wp-json\/wp\/v2\/posts\/43461\/revisions"}],"wp:featuredmedia":[{"embeddable":true,"href":"https:\/\/likemetkovic.hr\/portal\/wp-json\/wp\/v2\/media\/30002"}],"wp:attachment":[{"href":"https:\/\/likemetkovic.hr\/portal\/wp-json\/wp\/v2\/media?parent=43461"}],"wp:term":[{"taxonomy":"category","embeddable":true,"href":"https:\/\/likemetkovic.hr\/portal\/wp-json\/wp\/v2\/categories?post=43461"},{"taxonomy":"post_tag","embeddable":true,"href":"https:\/\/likemetkovic.hr\/portal\/wp-json\/wp\/v2\/tags?post=43461"}],"curies":[{"name":"wp","href":"https:\/\/api.w.org\/{rel}","templated":true}]}}