{"id":43503,"date":"2017-07-10T19:00:08","date_gmt":"2017-07-10T17:00:08","guid":{"rendered":"http:\/\/likemetkovic.hr\/?p=43503"},"modified":"2017-07-10T16:32:07","modified_gmt":"2017-07-10T14:32:07","slug":"novi-direktor-komunalnog-poduzeca-cistoca-d","status":"publish","type":"post","link":"https:\/\/likemetkovic.hr\/portal\/novi-direktor-komunalnog-poduzeca-cistoca-d\/","title":{"rendered":"Novi direktor komunalnog poduze\u0107a \u010cisto\u0107a d.o.o."},"content":{"rendered":"<p>Skup\u0161tina gradskog poduze\u0107a \u010cisto\u0107a d.o.o., koju \u010dini Grad Metkovi\u0107 zastupan po gradona\u010delniku Daliboru Milanu, a koja je odr\u017eana 5 srpnja 2017., imenovala je novog direktora <strong>dipl. oec. \u017deljka Mord\u017eina<\/strong>. G. Mord\u017ein je izabrani vije\u0107nik HSS u sada\u0161njem sazivu Gradskog vije\u0107a Grada Metkovi\u0107a, stoga\u00a0 se o\u010dekuje zamrzavanje njegova mandata u vije\u0107u i potvrda novog vije\u0107nika iz redova HSS-a.<\/p>\n<p>Gospodinu \u017deljku Mord\u017einu ovo nije prvi put da vr\u0161i funkciju direktora ovog komunalnog poduze\u0107a, biio je to i u vrijeme gradona\u010delnika Stipe Gabri\u0107a Jambe. Iz toga vremena ga se tereti za kazneno djelo zlouporabe povjerenja (ovlasti) u gospodarskom poslovanju kojim je, sumnja se, o\u0161tetio poduze\u0107e. Optu\u017enica je potvr\u0111ena pro\u0161le godine i o\u010dekuje se po\u010detak su\u0111enja na Op\u0107inskom sudu u Metkovi\u0107u.<\/p>\n<p style=\"text-align: right;\"><em>foto: metkovic.hr<\/em><\/p>\n","protected":false},"excerpt":{"rendered":"<p>Skup\u0161tina gradskog poduze\u0107a \u010cisto\u0107a d.o.o., koju \u010dini Grad Metkovi\u0107 zastupan po gradona\u010delniku Daliboru Milanu, a koja je odr\u017eana 5 srpnja 2017., imenovala je novog direktora dipl. oec. \u017deljka Mord\u017eina. G. Mord\u017ein je izabrani vije\u0107nik HSS u sada\u0161njem sazivu Gradskog vije\u0107a Grada Metkovi\u0107a, stoga\u00a0 se o\u010dekuje zamrzavanje njegova mandata u vije\u0107u i potvrda novog vije\u0107nika iz [&hellip;]<\/p>\n","protected":false},"author":7,"featured_media":0,"comment_status":"open","ping_status":"open","sticky":false,"template":"","format":"standard","meta":{"footnotes":""},"categories":[283,11,290],"tags":[],"class_list":{"0":"post-43503","1":"post","2":"type-post","3":"status-publish","4":"format-standard","6":"category-a","7":"category-metkovic-dolina","8":"category-politika"},"yoast_head":"<!-- This site is optimized with the Yoast SEO plugin v25.2 - https:\/\/yoast.com\/wordpress\/plugins\/seo\/ -->\n<title>Novi direktor komunalnog poduze\u0107a \u010cisto\u0107a d.o.o. - likemetkovic.hr<\/title>\n<meta name=\"robots\" content=\"index, follow, max-snippet:-1, max-image-preview:large, max-video-preview:-1\" \/>\n<link rel=\"canonical\" href=\"https:\/\/likemetkovic.hr\/novi-direktor-komunalnog-poduzeca-cistoca-d\/\" \/>\n<meta property=\"og:locale\" content=\"hr_HR\" \/>\n<meta property=\"og:type\" content=\"article\" \/>\n<meta property=\"og:title\" content=\"Novi direktor komunalnog poduze\u0107a \u010cisto\u0107a d.o.o. - likemetkovic.hr\" \/>\n<meta property=\"og:description\" content=\"Skup\u0161tina gradskog poduze\u0107a \u010cisto\u0107a d.o.o., koju \u010dini Grad Metkovi\u0107 zastupan po gradona\u010delniku Daliboru Milanu, a koja je odr\u017eana 5 srpnja 2017., imenovala je novog direktora dipl. oec. \u017deljka Mord\u017eina. G. Mord\u017ein je izabrani vije\u0107nik HSS u sada\u0161njem sazivu Gradskog vije\u0107a Grada Metkovi\u0107a, stoga\u00a0 se o\u010dekuje zamrzavanje njegova mandata u vije\u0107u i potvrda novog vije\u0107nika iz [&hellip;]\" \/>\n<meta property=\"og:url\" content=\"https:\/\/likemetkovic.hr\/novi-direktor-komunalnog-poduzeca-cistoca-d\/\" \/>\n<meta property=\"og:site_name\" content=\"likemetkovic.hr\" \/>\n<meta property=\"article:publisher\" content=\"https:\/\/www.facebook.com\/likemetkovic.hr\/\" \/>\n<meta property=\"article:published_time\" content=\"2017-07-10T17:00:08+00:00\" \/>\n<meta name=\"author\" content=\"LIKEmetkovic.hr\" \/>\n<meta name=\"twitter:card\" content=\"summary_large_image\" \/>\n<meta name=\"twitter:label1\" content=\"Napisao\/la\" \/>\n\t<meta name=\"twitter:data1\" content=\"LIKEmetkovic.hr\" \/>\n\t<meta name=\"twitter:label2\" content=\"Procijenjeno vrijeme \u010ditanja\" \/>\n\t<meta name=\"twitter:data2\" content=\"1 minuta\" \/>\n<script type=\"application\/ld+json\" class=\"yoast-schema-graph\">{\"@context\":\"https:\/\/schema.org\",\"@graph\":[{\"@type\":\"WebPage\",\"@id\":\"https:\/\/likemetkovic.hr\/novi-direktor-komunalnog-poduzeca-cistoca-d\/\",\"url\":\"https:\/\/likemetkovic.hr\/novi-direktor-komunalnog-poduzeca-cistoca-d\/\",\"name\":\"Novi direktor komunalnog poduze\u0107a \u010cisto\u0107a d.o.o. - likemetkovic.hr\",\"isPartOf\":{\"@id\":\"https:\/\/likemetkovic.hr\/#website\"},\"datePublished\":\"2017-07-10T17:00:08+00:00\",\"author\":{\"@id\":\"https:\/\/likemetkovic.hr\/#\/schema\/person\/a42711f3385a0e2be6f7e0443bfb28f0\"},\"breadcrumb\":{\"@id\":\"https:\/\/likemetkovic.hr\/novi-direktor-komunalnog-poduzeca-cistoca-d\/#breadcrumb\"},\"inLanguage\":\"hr\",\"potentialAction\":[{\"@type\":\"ReadAction\",\"target\":[\"https:\/\/likemetkovic.hr\/novi-direktor-komunalnog-poduzeca-cistoca-d\/\"]}]},{\"@type\":\"BreadcrumbList\",\"@id\":\"https:\/\/likemetkovic.hr\/novi-direktor-komunalnog-poduzeca-cistoca-d\/#breadcrumb\",\"itemListElement\":[{\"@type\":\"ListItem\",\"position\":1,\"name\":\"Po\u010detna stranica\",\"item\":\"https:\/\/likemetkovic.hr\/portal\/\"},{\"@type\":\"ListItem\",\"position\":2,\"name\":\"Novi direktor komunalnog poduze\u0107a \u010cisto\u0107a d.o.o.\"}]},{\"@type\":\"WebSite\",\"@id\":\"https:\/\/likemetkovic.hr\/#website\",\"url\":\"https:\/\/likemetkovic.hr\/\",\"name\":\"likemetkovic.hr\",\"description\":\"Misli pozitivno... \u010ditaj LIKE\",\"potentialAction\":[{\"@type\":\"SearchAction\",\"target\":{\"@type\":\"EntryPoint\",\"urlTemplate\":\"https:\/\/likemetkovic.hr\/?s={search_term_string}\"},\"query-input\":{\"@type\":\"PropertyValueSpecification\",\"valueRequired\":true,\"valueName\":\"search_term_string\"}}],\"inLanguage\":\"hr\"},{\"@type\":\"Person\",\"@id\":\"https:\/\/likemetkovic.hr\/#\/schema\/person\/a42711f3385a0e2be6f7e0443bfb28f0\",\"name\":\"LIKEmetkovic.hr\",\"sameAs\":[\"http:\/\/likemetkovic.hr\"],\"url\":\"https:\/\/likemetkovic.hr\/portal\/author\/likemetkovic-hr\/\"}]}<\/script>\n<!-- \/ Yoast SEO plugin. -->","yoast_head_json":{"title":"Novi direktor komunalnog poduze\u0107a \u010cisto\u0107a d.o.o. - likemetkovic.hr","robots":{"index":"index","follow":"follow","max-snippet":"max-snippet:-1","max-image-preview":"max-image-preview:large","max-video-preview":"max-video-preview:-1"},"canonical":"https:\/\/likemetkovic.hr\/novi-direktor-komunalnog-poduzeca-cistoca-d\/","og_locale":"hr_HR","og_type":"article","og_title":"Novi direktor komunalnog poduze\u0107a \u010cisto\u0107a d.o.o. - likemetkovic.hr","og_description":"Skup\u0161tina gradskog poduze\u0107a \u010cisto\u0107a d.o.o., koju \u010dini Grad Metkovi\u0107 zastupan po gradona\u010delniku Daliboru Milanu, a koja je odr\u017eana 5 srpnja 2017., imenovala je novog direktora dipl. oec. \u017deljka Mord\u017eina. G. Mord\u017ein je izabrani vije\u0107nik HSS u sada\u0161njem sazivu Gradskog vije\u0107a Grada Metkovi\u0107a, stoga\u00a0 se o\u010dekuje zamrzavanje njegova mandata u vije\u0107u i potvrda novog vije\u0107nika iz [&hellip;]","og_url":"https:\/\/likemetkovic.hr\/novi-direktor-komunalnog-poduzeca-cistoca-d\/","og_site_name":"likemetkovic.hr","article_publisher":"https:\/\/www.facebook.com\/likemetkovic.hr\/","article_published_time":"2017-07-10T17:00:08+00:00","author":"LIKEmetkovic.hr","twitter_card":"summary_large_image","twitter_misc":{"Napisao\/la":"LIKEmetkovic.hr","Procijenjeno vrijeme \u010ditanja":"1 minuta"},"schema":{"@context":"https:\/\/schema.org","@graph":[{"@type":"WebPage","@id":"https:\/\/likemetkovic.hr\/novi-direktor-komunalnog-poduzeca-cistoca-d\/","url":"https:\/\/likemetkovic.hr\/novi-direktor-komunalnog-poduzeca-cistoca-d\/","name":"Novi direktor komunalnog poduze\u0107a \u010cisto\u0107a d.o.o. - likemetkovic.hr","isPartOf":{"@id":"https:\/\/likemetkovic.hr\/#website"},"datePublished":"2017-07-10T17:00:08+00:00","author":{"@id":"https:\/\/likemetkovic.hr\/#\/schema\/person\/a42711f3385a0e2be6f7e0443bfb28f0"},"breadcrumb":{"@id":"https:\/\/likemetkovic.hr\/novi-direktor-komunalnog-poduzeca-cistoca-d\/#breadcrumb"},"inLanguage":"hr","potentialAction":[{"@type":"ReadAction","target":["https:\/\/likemetkovic.hr\/novi-direktor-komunalnog-poduzeca-cistoca-d\/"]}]},{"@type":"BreadcrumbList","@id":"https:\/\/likemetkovic.hr\/novi-direktor-komunalnog-poduzeca-cistoca-d\/#breadcrumb","itemListElement":[{"@type":"ListItem","position":1,"name":"Po\u010detna stranica","item":"https:\/\/likemetkovic.hr\/portal\/"},{"@type":"ListItem","position":2,"name":"Novi direktor komunalnog poduze\u0107a \u010cisto\u0107a d.o.o."}]},{"@type":"WebSite","@id":"https:\/\/likemetkovic.hr\/#website","url":"https:\/\/likemetkovic.hr\/","name":"likemetkovic.hr","description":"Misli pozitivno... \u010ditaj LIKE","potentialAction":[{"@type":"SearchAction","target":{"@type":"EntryPoint","urlTemplate":"https:\/\/likemetkovic.hr\/?s={search_term_string}"},"query-input":{"@type":"PropertyValueSpecification","valueRequired":true,"valueName":"search_term_string"}}],"inLanguage":"hr"},{"@type":"Person","@id":"https:\/\/likemetkovic.hr\/#\/schema\/person\/a42711f3385a0e2be6f7e0443bfb28f0","name":"LIKEmetkovic.hr","sameAs":["http:\/\/likemetkovic.hr"],"url":"https:\/\/likemetkovic.hr\/portal\/author\/likemetkovic-hr\/"}]}},"_links":{"self":[{"href":"https:\/\/likemetkovic.hr\/portal\/wp-json\/wp\/v2\/posts\/43503","targetHints":{"allow":["GET"]}}],"collection":[{"href":"https:\/\/likemetkovic.hr\/portal\/wp-json\/wp\/v2\/posts"}],"about":[{"href":"https:\/\/likemetkovic.hr\/portal\/wp-json\/wp\/v2\/types\/post"}],"author":[{"embeddable":true,"href":"https:\/\/likemetkovic.hr\/portal\/wp-json\/wp\/v2\/users\/7"}],"replies":[{"embeddable":true,"href":"https:\/\/likemetkovic.hr\/portal\/wp-json\/wp\/v2\/comments?post=43503"}],"version-history":[{"count":0,"href":"https:\/\/likemetkovic.hr\/portal\/wp-json\/wp\/v2\/posts\/43503\/revisions"}],"wp:attachment":[{"href":"https:\/\/likemetkovic.hr\/portal\/wp-json\/wp\/v2\/media?parent=43503"}],"wp:term":[{"taxonomy":"category","embeddable":true,"href":"https:\/\/likemetkovic.hr\/portal\/wp-json\/wp\/v2\/categories?post=43503"},{"taxonomy":"post_tag","embeddable":true,"href":"https:\/\/likemetkovic.hr\/portal\/wp-json\/wp\/v2\/tags?post=43503"}],"curies":[{"name":"wp","href":"https:\/\/api.w.org\/{rel}","templated":true}]}}