{"id":43739,"date":"2017-07-15T13:03:58","date_gmt":"2017-07-15T11:03:58","guid":{"rendered":"http:\/\/likemetkovic.hr\/?p=43739"},"modified":"2017-07-15T13:03:58","modified_gmt":"2017-07-15T11:03:58","slug":"glas-neretve-nagrada-publike-ivanu-volarevicu-a-struke-mariji-previsic","status":"publish","type":"post","link":"https:\/\/likemetkovic.hr\/portal\/glas-neretve-nagrada-publike-ivanu-volarevicu-a-struke-mariji-previsic\/","title":{"rendered":"[GLAS NERETVE] Nagrada publike Ivanu Volarevi\u0107u, a struke Mariji Previ\u0161i\u0107"},"content":{"rendered":"<p align=\"justify\"><span style=\"font-family: Verdana;\">Na ovogodi\u0161njem\u00a0<i>Glasu Neretve\u00a0<\/i>prema glasovima publike pobijedio je Ivan Volarevi\u0107 s pjesmom\u00a0<i>Zadnja \u017eelja<\/i>, dok je nagradu Stru\u010dnog ocjenjiva\u010dkog suda osvojila Marija Previ\u0161i\u0107 s pjesmom\u00a0<i>Don\u2019t you remember<\/i>.<\/span><\/p>\n<p class=\"vijest2\"><img decoding=\"async\" class=\"size-full wp-image-43740 aligncenter\" src=\"http:\/\/likemetkovic.hr\/wp-content\/uploads\/2017\/07\/glas-neretve.jpg\" alt=\"\" width=\"610\" height=\"320\" \/><\/p>\n<p class=\"vijest2\">Nakon pozdravnih govora u festivalsku ve\u010der nas je uvela plesna skupina\u00a0<i>Calypso. <\/i>Potom su nastupili\u00a0sljede\u0107i izvo\u0111a\u010di:<\/p>\n<p class=\"vijest2\"><em>Kristina Bre\u010di\u0107<\/em> &#8211; Love On The Brain<\/p>\n<p class=\"vijest2\"><em>Helena Sr\u0161en<\/em> &#8211; \u017divot nije siv<\/p>\n<p class=\"vijest2\"><em>Ema Ba\u0161i\u0107<\/em> &#8211; Wrecking Ball<\/p>\n<p class=\"vijest2\"><em>Nikola Batinovi\u0107<\/em> &#8211; 1944<\/p>\n<p class=\"vijest2\"><em>Ivan Volarevi\u0107<\/em> &#8211; Zadnja \u017eelja<\/p>\n<p class=\"vijest2\"><em>Ana Medak<\/em> &#8211; Kao moja mati<\/p>\n<p class=\"vijest2\"><em>Gabrijela Grmoja<\/em> &#8211; Stay<\/p>\n<p class=\"vijest2\"><em>Katia Crn\u010devi\u0107<\/em> &#8211; Bezimeni<\/p>\n<p class=\"vijest2\"><em>Andrea Petru\u0161i\u0107<\/em> &#8211; Pri\u010de tag<\/p>\n<p class=\"vijest2\"><em>Antonio \u010covi\u0107<\/em> &#8211; Sve je s tobom napokon na mjestu<\/p>\n<p class=\"vijest2\"><em>Ana i Agnes \u0106eli\u0107<\/em> &#8211; Jar of hearts<\/p>\n<p class=\"vijest2\"><em>Marija Previ\u0161i\u0107<\/em> &#8211; Don\u2019t you remember<\/p>\n<p class=\"vijest2\"><em>Lucija Curi\u0107<\/em> &#8211; Ima jedan svijet<\/p>\n<p class=\"vijest2\"><em>Antonela Osmanovi\u0107<\/em> &#8211; Lejla<\/p>\n<p class=\"vijest2\">Tre\u0107u nagradu publike osvojila je Kristina Bre\u010di\u0107 s\u00a0<i>Love On The Brain<\/i>, drugu je nagradu osvojila Lucija Curi\u0107 s\u00a0<i>Ima jedan svijet<\/i>. Njima su nagrade predali Ante Zovko i direktorica Ureda TZ grada Metkovi\u0107a Magdalena Medar Ujdur. Struka je rekla da je najbolja bila Marija Previ\u0161i\u0107 s pjesmom\u00a0<i>Don\u2019t you remember<\/i>\u00a0pa je njoj nagradu uru\u010dila do\u017eupanica g\u0111a \u017daklina Marevi\u0107, dok je najvi\u0161e glasova publike dobio Ivan Volarevi\u0107 za izvedbu pjesme\u00a0<i>Zadnja \u017eelja<\/i>. Njemu je nagradu predao dogradona\u010delnik g. Damir Rai\u0107.\n<\/p>\n<p class=\"vijest2\">Pokrovitelji Festivala: Grad Metkovi\u0107, Dubrova\u010dko-neretvanska \u017eupanija i Turisti\u010dka zajednica grada Metkovi\u0107a.<\/p>\n<p class=\"vijest2\">Ravnatelj festivala: Milan Kapovi\u0107.<\/p>\n<p>Stru\u010dni ocjenjiva\u010dki sud: Marija Jerkovi\u0107, Zrinka Boras i Marko Mustapi\u0107<\/p>\n<p class=\"vijest2\">Umjetni\u010dki voditelj: Ja\u0161ar Murtezani.<\/p>\n<p class=\"vijest2\">Voditeljica festivala: Romana Gabri\u0107.<\/p>\n<p class=\"vijest2\">Organizator festivala: Ustanova za kulturu i sport Metkovi\u0107.<\/p>\n<p class=\"vijest2\">Sponzori: Cvje\u0107arnica Flamingo-Dugand\u017ei\u0107, Foto Veraja Metkovi\u0107 i Tiskara Pe\u010dat.<\/p>\n<p>&nbsp;<\/p>\n<p>Foto: metkovic.hr<\/p>\n","protected":false},"excerpt":{"rendered":"<p>Na ovogodi\u0161njem\u00a0Glasu Neretve\u00a0prema glasovima publike pobijedio je Ivan Volarevi\u0107 s pjesmom\u00a0Zadnja \u017eelja, dok je nagradu Stru\u010dnog ocjenjiva\u010dkog suda osvojila Marija Previ\u0161i\u0107 s pjesmom\u00a0Don\u2019t you remember. Nakon pozdravnih govora u festivalsku ve\u010der nas je uvela plesna skupina\u00a0Calypso. Potom su nastupili\u00a0sljede\u0107i izvo\u0111a\u010di: Kristina Bre\u010di\u0107 &#8211; Love On The Brain Helena Sr\u0161en &#8211; \u017divot nije siv Ema Ba\u0161i\u0107 [&hellip;]<\/p>\n","protected":false},"author":7,"featured_media":0,"comment_status":"open","ping_status":"open","sticky":false,"template":"","format":"standard","meta":{"footnotes":""},"categories":[283,71],"tags":[823],"class_list":{"0":"post-43739","1":"post","2":"type-post","3":"status-publish","4":"format-standard","6":"category-a","7":"category-svega-po-malo","8":"tag-glas-neretve"},"yoast_head":"<!-- This site is optimized with the Yoast SEO plugin v25.2 - https:\/\/yoast.com\/wordpress\/plugins\/seo\/ -->\n<title>[GLAS NERETVE] Nagrada publike Ivanu Volarevi\u0107u, a struke Mariji Previ\u0161i\u0107 - likemetkovic.hr<\/title>\n<meta name=\"robots\" content=\"index, follow, max-snippet:-1, max-image-preview:large, max-video-preview:-1\" \/>\n<link rel=\"canonical\" href=\"https:\/\/likemetkovic.hr\/glas-neretve-nagrada-publike-ivanu-volarevicu-a-struke-mariji-previsic\/\" \/>\n<meta property=\"og:locale\" content=\"hr_HR\" \/>\n<meta property=\"og:type\" content=\"article\" \/>\n<meta property=\"og:title\" content=\"[GLAS NERETVE] Nagrada publike Ivanu Volarevi\u0107u, a struke Mariji Previ\u0161i\u0107 - likemetkovic.hr\" \/>\n<meta property=\"og:description\" content=\"Na ovogodi\u0161njem\u00a0Glasu Neretve\u00a0prema glasovima publike pobijedio je Ivan Volarevi\u0107 s pjesmom\u00a0Zadnja \u017eelja, dok je nagradu Stru\u010dnog ocjenjiva\u010dkog suda osvojila Marija Previ\u0161i\u0107 s pjesmom\u00a0Don\u2019t you remember. Nakon pozdravnih govora u festivalsku ve\u010der nas je uvela plesna skupina\u00a0Calypso. Potom su nastupili\u00a0sljede\u0107i izvo\u0111a\u010di: Kristina Bre\u010di\u0107 &#8211; Love On The Brain Helena Sr\u0161en &#8211; \u017divot nije siv Ema Ba\u0161i\u0107 [&hellip;]\" \/>\n<meta property=\"og:url\" content=\"https:\/\/likemetkovic.hr\/glas-neretve-nagrada-publike-ivanu-volarevicu-a-struke-mariji-previsic\/\" \/>\n<meta property=\"og:site_name\" content=\"likemetkovic.hr\" \/>\n<meta property=\"article:publisher\" content=\"https:\/\/www.facebook.com\/likemetkovic.hr\/\" \/>\n<meta property=\"article:published_time\" content=\"2017-07-15T11:03:58+00:00\" \/>\n<meta property=\"og:image\" content=\"http:\/\/likemetkovic.hr\/wp-content\/uploads\/2017\/07\/glas-neretve.jpg\" \/>\n<meta name=\"author\" content=\"LIKEmetkovic.hr\" \/>\n<meta name=\"twitter:card\" content=\"summary_large_image\" \/>\n<meta name=\"twitter:label1\" content=\"Napisao\/la\" \/>\n\t<meta name=\"twitter:data1\" content=\"LIKEmetkovic.hr\" \/>\n\t<meta name=\"twitter:label2\" content=\"Procijenjeno vrijeme \u010ditanja\" \/>\n\t<meta name=\"twitter:data2\" content=\"1 minuta\" \/>\n<script type=\"application\/ld+json\" class=\"yoast-schema-graph\">{\"@context\":\"https:\/\/schema.org\",\"@graph\":[{\"@type\":\"WebPage\",\"@id\":\"https:\/\/likemetkovic.hr\/glas-neretve-nagrada-publike-ivanu-volarevicu-a-struke-mariji-previsic\/\",\"url\":\"https:\/\/likemetkovic.hr\/glas-neretve-nagrada-publike-ivanu-volarevicu-a-struke-mariji-previsic\/\",\"name\":\"[GLAS NERETVE] Nagrada publike Ivanu Volarevi\u0107u, a struke Mariji Previ\u0161i\u0107 - likemetkovic.hr\",\"isPartOf\":{\"@id\":\"https:\/\/likemetkovic.hr\/#website\"},\"primaryImageOfPage\":{\"@id\":\"https:\/\/likemetkovic.hr\/glas-neretve-nagrada-publike-ivanu-volarevicu-a-struke-mariji-previsic\/#primaryimage\"},\"image\":{\"@id\":\"https:\/\/likemetkovic.hr\/glas-neretve-nagrada-publike-ivanu-volarevicu-a-struke-mariji-previsic\/#primaryimage\"},\"thumbnailUrl\":\"http:\/\/likemetkovic.hr\/wp-content\/uploads\/2017\/07\/glas-neretve.jpg\",\"datePublished\":\"2017-07-15T11:03:58+00:00\",\"author\":{\"@id\":\"https:\/\/likemetkovic.hr\/#\/schema\/person\/a42711f3385a0e2be6f7e0443bfb28f0\"},\"breadcrumb\":{\"@id\":\"https:\/\/likemetkovic.hr\/glas-neretve-nagrada-publike-ivanu-volarevicu-a-struke-mariji-previsic\/#breadcrumb\"},\"inLanguage\":\"hr\",\"potentialAction\":[{\"@type\":\"ReadAction\",\"target\":[\"https:\/\/likemetkovic.hr\/glas-neretve-nagrada-publike-ivanu-volarevicu-a-struke-mariji-previsic\/\"]}]},{\"@type\":\"ImageObject\",\"inLanguage\":\"hr\",\"@id\":\"https:\/\/likemetkovic.hr\/glas-neretve-nagrada-publike-ivanu-volarevicu-a-struke-mariji-previsic\/#primaryimage\",\"url\":\"http:\/\/likemetkovic.hr\/wp-content\/uploads\/2017\/07\/glas-neretve.jpg\",\"contentUrl\":\"http:\/\/likemetkovic.hr\/wp-content\/uploads\/2017\/07\/glas-neretve.jpg\"},{\"@type\":\"BreadcrumbList\",\"@id\":\"https:\/\/likemetkovic.hr\/glas-neretve-nagrada-publike-ivanu-volarevicu-a-struke-mariji-previsic\/#breadcrumb\",\"itemListElement\":[{\"@type\":\"ListItem\",\"position\":1,\"name\":\"Po\u010detna stranica\",\"item\":\"https:\/\/likemetkovic.hr\/portal\/\"},{\"@type\":\"ListItem\",\"position\":2,\"name\":\"[GLAS NERETVE] Nagrada publike Ivanu Volarevi\u0107u, a struke Mariji Previ\u0161i\u0107\"}]},{\"@type\":\"WebSite\",\"@id\":\"https:\/\/likemetkovic.hr\/#website\",\"url\":\"https:\/\/likemetkovic.hr\/\",\"name\":\"likemetkovic.hr\",\"description\":\"Misli pozitivno... \u010ditaj LIKE\",\"potentialAction\":[{\"@type\":\"SearchAction\",\"target\":{\"@type\":\"EntryPoint\",\"urlTemplate\":\"https:\/\/likemetkovic.hr\/?s={search_term_string}\"},\"query-input\":{\"@type\":\"PropertyValueSpecification\",\"valueRequired\":true,\"valueName\":\"search_term_string\"}}],\"inLanguage\":\"hr\"},{\"@type\":\"Person\",\"@id\":\"https:\/\/likemetkovic.hr\/#\/schema\/person\/a42711f3385a0e2be6f7e0443bfb28f0\",\"name\":\"LIKEmetkovic.hr\",\"sameAs\":[\"http:\/\/likemetkovic.hr\"],\"url\":\"https:\/\/likemetkovic.hr\/portal\/author\/likemetkovic-hr\/\"}]}<\/script>\n<!-- \/ Yoast SEO plugin. -->","yoast_head_json":{"title":"[GLAS NERETVE] Nagrada publike Ivanu Volarevi\u0107u, a struke Mariji Previ\u0161i\u0107 - likemetkovic.hr","robots":{"index":"index","follow":"follow","max-snippet":"max-snippet:-1","max-image-preview":"max-image-preview:large","max-video-preview":"max-video-preview:-1"},"canonical":"https:\/\/likemetkovic.hr\/glas-neretve-nagrada-publike-ivanu-volarevicu-a-struke-mariji-previsic\/","og_locale":"hr_HR","og_type":"article","og_title":"[GLAS NERETVE] Nagrada publike Ivanu Volarevi\u0107u, a struke Mariji Previ\u0161i\u0107 - likemetkovic.hr","og_description":"Na ovogodi\u0161njem\u00a0Glasu Neretve\u00a0prema glasovima publike pobijedio je Ivan Volarevi\u0107 s pjesmom\u00a0Zadnja \u017eelja, dok je nagradu Stru\u010dnog ocjenjiva\u010dkog suda osvojila Marija Previ\u0161i\u0107 s pjesmom\u00a0Don\u2019t you remember. Nakon pozdravnih govora u festivalsku ve\u010der nas je uvela plesna skupina\u00a0Calypso. Potom su nastupili\u00a0sljede\u0107i izvo\u0111a\u010di: Kristina Bre\u010di\u0107 &#8211; Love On The Brain Helena Sr\u0161en &#8211; \u017divot nije siv Ema Ba\u0161i\u0107 [&hellip;]","og_url":"https:\/\/likemetkovic.hr\/glas-neretve-nagrada-publike-ivanu-volarevicu-a-struke-mariji-previsic\/","og_site_name":"likemetkovic.hr","article_publisher":"https:\/\/www.facebook.com\/likemetkovic.hr\/","article_published_time":"2017-07-15T11:03:58+00:00","og_image":[{"url":"http:\/\/likemetkovic.hr\/wp-content\/uploads\/2017\/07\/glas-neretve.jpg","type":"","width":"","height":""}],"author":"LIKEmetkovic.hr","twitter_card":"summary_large_image","twitter_misc":{"Napisao\/la":"LIKEmetkovic.hr","Procijenjeno vrijeme \u010ditanja":"1 minuta"},"schema":{"@context":"https:\/\/schema.org","@graph":[{"@type":"WebPage","@id":"https:\/\/likemetkovic.hr\/glas-neretve-nagrada-publike-ivanu-volarevicu-a-struke-mariji-previsic\/","url":"https:\/\/likemetkovic.hr\/glas-neretve-nagrada-publike-ivanu-volarevicu-a-struke-mariji-previsic\/","name":"[GLAS NERETVE] Nagrada publike Ivanu Volarevi\u0107u, a struke Mariji Previ\u0161i\u0107 - likemetkovic.hr","isPartOf":{"@id":"https:\/\/likemetkovic.hr\/#website"},"primaryImageOfPage":{"@id":"https:\/\/likemetkovic.hr\/glas-neretve-nagrada-publike-ivanu-volarevicu-a-struke-mariji-previsic\/#primaryimage"},"image":{"@id":"https:\/\/likemetkovic.hr\/glas-neretve-nagrada-publike-ivanu-volarevicu-a-struke-mariji-previsic\/#primaryimage"},"thumbnailUrl":"http:\/\/likemetkovic.hr\/wp-content\/uploads\/2017\/07\/glas-neretve.jpg","datePublished":"2017-07-15T11:03:58+00:00","author":{"@id":"https:\/\/likemetkovic.hr\/#\/schema\/person\/a42711f3385a0e2be6f7e0443bfb28f0"},"breadcrumb":{"@id":"https:\/\/likemetkovic.hr\/glas-neretve-nagrada-publike-ivanu-volarevicu-a-struke-mariji-previsic\/#breadcrumb"},"inLanguage":"hr","potentialAction":[{"@type":"ReadAction","target":["https:\/\/likemetkovic.hr\/glas-neretve-nagrada-publike-ivanu-volarevicu-a-struke-mariji-previsic\/"]}]},{"@type":"ImageObject","inLanguage":"hr","@id":"https:\/\/likemetkovic.hr\/glas-neretve-nagrada-publike-ivanu-volarevicu-a-struke-mariji-previsic\/#primaryimage","url":"http:\/\/likemetkovic.hr\/wp-content\/uploads\/2017\/07\/glas-neretve.jpg","contentUrl":"http:\/\/likemetkovic.hr\/wp-content\/uploads\/2017\/07\/glas-neretve.jpg"},{"@type":"BreadcrumbList","@id":"https:\/\/likemetkovic.hr\/glas-neretve-nagrada-publike-ivanu-volarevicu-a-struke-mariji-previsic\/#breadcrumb","itemListElement":[{"@type":"ListItem","position":1,"name":"Po\u010detna stranica","item":"https:\/\/likemetkovic.hr\/portal\/"},{"@type":"ListItem","position":2,"name":"[GLAS NERETVE] Nagrada publike Ivanu Volarevi\u0107u, a struke Mariji Previ\u0161i\u0107"}]},{"@type":"WebSite","@id":"https:\/\/likemetkovic.hr\/#website","url":"https:\/\/likemetkovic.hr\/","name":"likemetkovic.hr","description":"Misli pozitivno... \u010ditaj LIKE","potentialAction":[{"@type":"SearchAction","target":{"@type":"EntryPoint","urlTemplate":"https:\/\/likemetkovic.hr\/?s={search_term_string}"},"query-input":{"@type":"PropertyValueSpecification","valueRequired":true,"valueName":"search_term_string"}}],"inLanguage":"hr"},{"@type":"Person","@id":"https:\/\/likemetkovic.hr\/#\/schema\/person\/a42711f3385a0e2be6f7e0443bfb28f0","name":"LIKEmetkovic.hr","sameAs":["http:\/\/likemetkovic.hr"],"url":"https:\/\/likemetkovic.hr\/portal\/author\/likemetkovic-hr\/"}]}},"_links":{"self":[{"href":"https:\/\/likemetkovic.hr\/portal\/wp-json\/wp\/v2\/posts\/43739","targetHints":{"allow":["GET"]}}],"collection":[{"href":"https:\/\/likemetkovic.hr\/portal\/wp-json\/wp\/v2\/posts"}],"about":[{"href":"https:\/\/likemetkovic.hr\/portal\/wp-json\/wp\/v2\/types\/post"}],"author":[{"embeddable":true,"href":"https:\/\/likemetkovic.hr\/portal\/wp-json\/wp\/v2\/users\/7"}],"replies":[{"embeddable":true,"href":"https:\/\/likemetkovic.hr\/portal\/wp-json\/wp\/v2\/comments?post=43739"}],"version-history":[{"count":0,"href":"https:\/\/likemetkovic.hr\/portal\/wp-json\/wp\/v2\/posts\/43739\/revisions"}],"wp:attachment":[{"href":"https:\/\/likemetkovic.hr\/portal\/wp-json\/wp\/v2\/media?parent=43739"}],"wp:term":[{"taxonomy":"category","embeddable":true,"href":"https:\/\/likemetkovic.hr\/portal\/wp-json\/wp\/v2\/categories?post=43739"},{"taxonomy":"post_tag","embeddable":true,"href":"https:\/\/likemetkovic.hr\/portal\/wp-json\/wp\/v2\/tags?post=43739"}],"curies":[{"name":"wp","href":"https:\/\/api.w.org\/{rel}","templated":true}]}}