{"id":44994,"date":"2017-07-19T14:02:13","date_gmt":"2017-07-19T12:02:13","guid":{"rendered":"http:\/\/likemetkovic.hr\/?p=44994"},"modified":"2017-07-19T14:02:13","modified_gmt":"2017-07-19T12:02:13","slug":"svecani-koncert-kud-a-metkovic-povodom-40-rodendana","status":"publish","type":"post","link":"https:\/\/likemetkovic.hr\/portal\/svecani-koncert-kud-a-metkovic-povodom-40-rodendana\/","title":{"rendered":"Sve\u010dani koncert KUD-a Metkovi\u0107 povodom 40. ro\u0111endana"},"content":{"rendered":"<p class=\"vijest2\">Na obnovljenoj ljetnoj pozornici GKS-a okupila se brojna publika na Sve\u010danom ro\u0111endanskom koncertu KUD-a Metkovi\u0107. Na po\u010detku programa, kojega je vodila Romana Gabri\u0107, publici se obratio predsjednik KUD-a Mate Obrvan. On je zahvalio svima \u0161to su do\u0161li na koncert, pozdraviv\u0161i potpredsjednika Sabora Bo\u017eu Petrova, zamjenicu \u017eupana \u017daklinu Marevi\u0107, gradona\u010delnika Dalibora Milana i njegove zamjenike Damira Rai\u0107a i Roberta Doku.<\/p>\n<p class=\"vijest2\">U nastavku programa zaplesali su najmla\u0111i, a potom su se redale starije uzrasne skupine. Program je bio \u0161arolik i zanimljiv, htjelo se pokazati svu plesa\u010dku, pjeva\u010dku i svira\u010dku rasko\u0161 te narodne no\u0161nje s kojima KUD Metkovi\u0107 raspola\u017ee. Tako je uprili\u010dena i \u201emodan revija\u201c narodnih no\u0161nja iz fundusa Dru\u0161tva, od kojih su neke rekonstruirale vrijedne ruke Julije Kaleb i Paule Mili\u010devi\u0107.<\/p>\n<p class=\"vijest2\">U program su se uklju\u010dili i stariji \u010dlanovi koji vi\u0161e nisu aktivni. Tako su na kraju trojica zdravi\u010dara publici za\u017eeljeli zdravlja i svakoga blaga. Od \u010destitarskih brzojava treba istaknuti onaj prof. Vidoslava Bagura, najzaslu\u017enijega za ugled koji metkovski folklor ima danas, a koji je zbog puno prije ugovorenih obveza bio sprije\u010den do\u0107i na proslavu.<\/p>\n<p class=\"vijest2\">Za kraj je na pozornicu iza\u0161ao Zdravko Obradovi\u0107 te jo\u0161 jednom zahvalio svima i pozvao ih na domjenak na terasi ljetne pozornice. Istovremeno je terasi uz Neretvu Branko Medak svojom pjesmom i svirkom okupio one kojima se jo\u0161 nije i\u0161lo doma.<\/p>\n\n","protected":false},"excerpt":{"rendered":"<p>Na obnovljenoj ljetnoj pozornici GKS-a okupila se brojna publika na Sve\u010danom ro\u0111endanskom koncertu KUD-a Metkovi\u0107. Na po\u010detku programa, kojega je vodila Romana Gabri\u0107, publici se obratio predsjednik KUD-a Mate Obrvan. On je zahvalio svima \u0161to su do\u0161li na koncert, pozdraviv\u0161i potpredsjednika Sabora Bo\u017eu Petrova, zamjenicu \u017eupana \u017daklinu Marevi\u0107, gradona\u010delnika Dalibora Milana i njegove zamjenike Damira [&hellip;]<\/p>\n","protected":false},"author":7,"featured_media":0,"comment_status":"open","ping_status":"open","sticky":false,"template":"","format":"standard","meta":{"footnotes":""},"categories":[283,11],"tags":[431,944],"class_list":{"0":"post-44994","1":"post","2":"type-post","3":"status-publish","4":"format-standard","6":"category-a","7":"category-metkovic-dolina","8":"tag-kud-metkovic","9":"tag-obljetnica"},"yoast_head":"<!-- This site is optimized with the Yoast SEO plugin v25.2 - https:\/\/yoast.com\/wordpress\/plugins\/seo\/ -->\n<title>Sve\u010dani koncert KUD-a Metkovi\u0107 povodom 40. ro\u0111endana - likemetkovic.hr<\/title>\n<meta name=\"robots\" content=\"index, follow, max-snippet:-1, max-image-preview:large, max-video-preview:-1\" \/>\n<link rel=\"canonical\" href=\"https:\/\/likemetkovic.hr\/svecani-koncert-kud-a-metkovic-povodom-40-rodendana\/\" \/>\n<meta property=\"og:locale\" content=\"hr_HR\" \/>\n<meta property=\"og:type\" content=\"article\" \/>\n<meta property=\"og:title\" content=\"Sve\u010dani koncert KUD-a Metkovi\u0107 povodom 40. ro\u0111endana - likemetkovic.hr\" \/>\n<meta property=\"og:description\" content=\"Na obnovljenoj ljetnoj pozornici GKS-a okupila se brojna publika na Sve\u010danom ro\u0111endanskom koncertu KUD-a Metkovi\u0107. Na po\u010detku programa, kojega je vodila Romana Gabri\u0107, publici se obratio predsjednik KUD-a Mate Obrvan. On je zahvalio svima \u0161to su do\u0161li na koncert, pozdraviv\u0161i potpredsjednika Sabora Bo\u017eu Petrova, zamjenicu \u017eupana \u017daklinu Marevi\u0107, gradona\u010delnika Dalibora Milana i njegove zamjenike Damira [&hellip;]\" \/>\n<meta property=\"og:url\" content=\"https:\/\/likemetkovic.hr\/svecani-koncert-kud-a-metkovic-povodom-40-rodendana\/\" \/>\n<meta property=\"og:site_name\" content=\"likemetkovic.hr\" \/>\n<meta property=\"article:publisher\" content=\"https:\/\/www.facebook.com\/likemetkovic.hr\/\" \/>\n<meta property=\"article:published_time\" content=\"2017-07-19T12:02:13+00:00\" \/>\n<meta name=\"author\" content=\"LIKEmetkovic.hr\" \/>\n<meta name=\"twitter:card\" content=\"summary_large_image\" \/>\n<meta name=\"twitter:label1\" content=\"Napisao\/la\" \/>\n\t<meta name=\"twitter:data1\" content=\"LIKEmetkovic.hr\" \/>\n\t<meta name=\"twitter:label2\" content=\"Procijenjeno vrijeme \u010ditanja\" \/>\n\t<meta name=\"twitter:data2\" content=\"1 minuta\" \/>\n<script type=\"application\/ld+json\" class=\"yoast-schema-graph\">{\"@context\":\"https:\/\/schema.org\",\"@graph\":[{\"@type\":\"WebPage\",\"@id\":\"https:\/\/likemetkovic.hr\/svecani-koncert-kud-a-metkovic-povodom-40-rodendana\/\",\"url\":\"https:\/\/likemetkovic.hr\/svecani-koncert-kud-a-metkovic-povodom-40-rodendana\/\",\"name\":\"Sve\u010dani koncert KUD-a Metkovi\u0107 povodom 40. ro\u0111endana - likemetkovic.hr\",\"isPartOf\":{\"@id\":\"https:\/\/likemetkovic.hr\/#website\"},\"datePublished\":\"2017-07-19T12:02:13+00:00\",\"author\":{\"@id\":\"https:\/\/likemetkovic.hr\/#\/schema\/person\/a42711f3385a0e2be6f7e0443bfb28f0\"},\"breadcrumb\":{\"@id\":\"https:\/\/likemetkovic.hr\/svecani-koncert-kud-a-metkovic-povodom-40-rodendana\/#breadcrumb\"},\"inLanguage\":\"hr\",\"potentialAction\":[{\"@type\":\"ReadAction\",\"target\":[\"https:\/\/likemetkovic.hr\/svecani-koncert-kud-a-metkovic-povodom-40-rodendana\/\"]}]},{\"@type\":\"BreadcrumbList\",\"@id\":\"https:\/\/likemetkovic.hr\/svecani-koncert-kud-a-metkovic-povodom-40-rodendana\/#breadcrumb\",\"itemListElement\":[{\"@type\":\"ListItem\",\"position\":1,\"name\":\"Po\u010detna stranica\",\"item\":\"https:\/\/likemetkovic.hr\/portal\/\"},{\"@type\":\"ListItem\",\"position\":2,\"name\":\"Sve\u010dani koncert KUD-a Metkovi\u0107 povodom 40. ro\u0111endana\"}]},{\"@type\":\"WebSite\",\"@id\":\"https:\/\/likemetkovic.hr\/#website\",\"url\":\"https:\/\/likemetkovic.hr\/\",\"name\":\"likemetkovic.hr\",\"description\":\"Misli pozitivno... \u010ditaj LIKE\",\"potentialAction\":[{\"@type\":\"SearchAction\",\"target\":{\"@type\":\"EntryPoint\",\"urlTemplate\":\"https:\/\/likemetkovic.hr\/?s={search_term_string}\"},\"query-input\":{\"@type\":\"PropertyValueSpecification\",\"valueRequired\":true,\"valueName\":\"search_term_string\"}}],\"inLanguage\":\"hr\"},{\"@type\":\"Person\",\"@id\":\"https:\/\/likemetkovic.hr\/#\/schema\/person\/a42711f3385a0e2be6f7e0443bfb28f0\",\"name\":\"LIKEmetkovic.hr\",\"sameAs\":[\"http:\/\/likemetkovic.hr\"],\"url\":\"https:\/\/likemetkovic.hr\/portal\/author\/likemetkovic-hr\/\"}]}<\/script>\n<!-- \/ Yoast SEO plugin. -->","yoast_head_json":{"title":"Sve\u010dani koncert KUD-a Metkovi\u0107 povodom 40. ro\u0111endana - likemetkovic.hr","robots":{"index":"index","follow":"follow","max-snippet":"max-snippet:-1","max-image-preview":"max-image-preview:large","max-video-preview":"max-video-preview:-1"},"canonical":"https:\/\/likemetkovic.hr\/svecani-koncert-kud-a-metkovic-povodom-40-rodendana\/","og_locale":"hr_HR","og_type":"article","og_title":"Sve\u010dani koncert KUD-a Metkovi\u0107 povodom 40. ro\u0111endana - likemetkovic.hr","og_description":"Na obnovljenoj ljetnoj pozornici GKS-a okupila se brojna publika na Sve\u010danom ro\u0111endanskom koncertu KUD-a Metkovi\u0107. Na po\u010detku programa, kojega je vodila Romana Gabri\u0107, publici se obratio predsjednik KUD-a Mate Obrvan. On je zahvalio svima \u0161to su do\u0161li na koncert, pozdraviv\u0161i potpredsjednika Sabora Bo\u017eu Petrova, zamjenicu \u017eupana \u017daklinu Marevi\u0107, gradona\u010delnika Dalibora Milana i njegove zamjenike Damira [&hellip;]","og_url":"https:\/\/likemetkovic.hr\/svecani-koncert-kud-a-metkovic-povodom-40-rodendana\/","og_site_name":"likemetkovic.hr","article_publisher":"https:\/\/www.facebook.com\/likemetkovic.hr\/","article_published_time":"2017-07-19T12:02:13+00:00","author":"LIKEmetkovic.hr","twitter_card":"summary_large_image","twitter_misc":{"Napisao\/la":"LIKEmetkovic.hr","Procijenjeno vrijeme \u010ditanja":"1 minuta"},"schema":{"@context":"https:\/\/schema.org","@graph":[{"@type":"WebPage","@id":"https:\/\/likemetkovic.hr\/svecani-koncert-kud-a-metkovic-povodom-40-rodendana\/","url":"https:\/\/likemetkovic.hr\/svecani-koncert-kud-a-metkovic-povodom-40-rodendana\/","name":"Sve\u010dani koncert KUD-a Metkovi\u0107 povodom 40. ro\u0111endana - likemetkovic.hr","isPartOf":{"@id":"https:\/\/likemetkovic.hr\/#website"},"datePublished":"2017-07-19T12:02:13+00:00","author":{"@id":"https:\/\/likemetkovic.hr\/#\/schema\/person\/a42711f3385a0e2be6f7e0443bfb28f0"},"breadcrumb":{"@id":"https:\/\/likemetkovic.hr\/svecani-koncert-kud-a-metkovic-povodom-40-rodendana\/#breadcrumb"},"inLanguage":"hr","potentialAction":[{"@type":"ReadAction","target":["https:\/\/likemetkovic.hr\/svecani-koncert-kud-a-metkovic-povodom-40-rodendana\/"]}]},{"@type":"BreadcrumbList","@id":"https:\/\/likemetkovic.hr\/svecani-koncert-kud-a-metkovic-povodom-40-rodendana\/#breadcrumb","itemListElement":[{"@type":"ListItem","position":1,"name":"Po\u010detna stranica","item":"https:\/\/likemetkovic.hr\/portal\/"},{"@type":"ListItem","position":2,"name":"Sve\u010dani koncert KUD-a Metkovi\u0107 povodom 40. ro\u0111endana"}]},{"@type":"WebSite","@id":"https:\/\/likemetkovic.hr\/#website","url":"https:\/\/likemetkovic.hr\/","name":"likemetkovic.hr","description":"Misli pozitivno... \u010ditaj LIKE","potentialAction":[{"@type":"SearchAction","target":{"@type":"EntryPoint","urlTemplate":"https:\/\/likemetkovic.hr\/?s={search_term_string}"},"query-input":{"@type":"PropertyValueSpecification","valueRequired":true,"valueName":"search_term_string"}}],"inLanguage":"hr"},{"@type":"Person","@id":"https:\/\/likemetkovic.hr\/#\/schema\/person\/a42711f3385a0e2be6f7e0443bfb28f0","name":"LIKEmetkovic.hr","sameAs":["http:\/\/likemetkovic.hr"],"url":"https:\/\/likemetkovic.hr\/portal\/author\/likemetkovic-hr\/"}]}},"_links":{"self":[{"href":"https:\/\/likemetkovic.hr\/portal\/wp-json\/wp\/v2\/posts\/44994","targetHints":{"allow":["GET"]}}],"collection":[{"href":"https:\/\/likemetkovic.hr\/portal\/wp-json\/wp\/v2\/posts"}],"about":[{"href":"https:\/\/likemetkovic.hr\/portal\/wp-json\/wp\/v2\/types\/post"}],"author":[{"embeddable":true,"href":"https:\/\/likemetkovic.hr\/portal\/wp-json\/wp\/v2\/users\/7"}],"replies":[{"embeddable":true,"href":"https:\/\/likemetkovic.hr\/portal\/wp-json\/wp\/v2\/comments?post=44994"}],"version-history":[{"count":0,"href":"https:\/\/likemetkovic.hr\/portal\/wp-json\/wp\/v2\/posts\/44994\/revisions"}],"wp:attachment":[{"href":"https:\/\/likemetkovic.hr\/portal\/wp-json\/wp\/v2\/media?parent=44994"}],"wp:term":[{"taxonomy":"category","embeddable":true,"href":"https:\/\/likemetkovic.hr\/portal\/wp-json\/wp\/v2\/categories?post=44994"},{"taxonomy":"post_tag","embeddable":true,"href":"https:\/\/likemetkovic.hr\/portal\/wp-json\/wp\/v2\/tags?post=44994"}],"curies":[{"name":"wp","href":"https:\/\/api.w.org\/{rel}","templated":true}]}}