{"id":45042,"date":"2017-07-20T11:51:35","date_gmt":"2017-07-20T09:51:35","guid":{"rendered":"http:\/\/likemetkovic.hr\/?p=45042"},"modified":"2017-07-20T11:53:58","modified_gmt":"2017-07-20T09:53:58","slug":"svecana-sjednica-gradskoga-vijeca-grada-metkovica","status":"publish","type":"post","link":"https:\/\/likemetkovic.hr\/portal\/svecana-sjednica-gradskoga-vijeca-grada-metkovica\/","title":{"rendered":"Sa sve\u010dane sjednice Gradskoga vije\u0107a Grada Metkovi\u0107a"},"content":{"rendered":"<p class=\"vijest2\">Nave\u010der, 19.srpnja 2017., pod predsjedavanjem Hrvoja Bebi\u0107a odr\u017eana je sve\u010dana sjednica Gradskoga vije\u0107a Grada Metkovi\u0107a. Uz doma\u0107ine gradona\u010delnika Milana i njegove zamjenike Roberta Doku, Damira Rai\u0107a i gradske vije\u0107nike, bili su potpredsjednik Sabora RH Bo\u017eo Petrov, saborski zastupnici Ivan \u0106eli\u0107, Nikola Grmoja, Miro Bulj i Branko Ba\u010di\u0107, \u017eupan Dubrova\u010dko-neretvanske \u017eupanije Nikola Dobroslavi\u0107, zamjenici \u017eupana \u017daklina Marevi\u0107 i Jo\u0161ko Cebalo, zamjenica gradona\u010delnika Grada Zagreba dr. Olivera Maji\u0107 u pratnji dr. Mladena Bu\u0161i\u0107a, gradona\u010delnici i na\u010delnici susjednih gradova i op\u0107ina, nekada\u0161nji predsjednik Sabora RH Luka Bebi\u0107\u00a0i mnogi gra\u0111ani.<\/p>\n<p class=\"vijest2\">Gradona\u010delnik Dalibor Milan se na po\u010detku svog obra\u0107anja zahvalio svim svojim prethodnicima za dobro koje su ostvarili za svog mandata. Zatim se u svome govoru uglavnom osvrnuo na projekte koji su u tijeku ili \u0107e se uskoro po\u010deti ostvarivati. Posebno je istaknuo projekte koje vodi komunalno poduze\u0107e Metkovi\u0107 d.o.o. (strate\u0161ki projekt RH Izgradnja kanalizacijske mre\u017ee i obnove vodoopskrbne mre\u017ee vrijedan 274 mil. koji je dobio lokacijsku i u postupku je isho\u0111enja gra\u0111evinske dozvole). Pozvao je sve na suradnju za dobrobit Metkovi\u0107a i njegovih gra\u0111ana.<\/p>\n<p class=\"vijest2\">Nakon gradona\u010delnika govorio je \u017eupan Nikola Dobroslavi\u0107 koji je do\u0161ao i u svojstvu izaslanika premijera Plenkovi\u0107a i obe\u0107ao izgradnju Dnevne bolnice i poduzetni\u010dkog inkubatora u Metkovi\u0107u. Potom se prisutnima obratio Branko Ba\u010di\u0107, izaslanik predsjednika Sabora RH Gordana Jandrokovi\u0107a, koji je naglasio potrebu politi\u010dke stabilnosti i u tom kontekstu pohvalio politi\u010dku suradnju vladaju\u0107ih u Gradu.<\/p>\n<p class=\"vijest2\">Na kraju je predsjednik Odbora za javna priznanja Robert Doko pro\u010ditao odluke Gradskoga vije\u0107a o dodjeli nagrada Grada za 2017. godinu koje je uru\u010dio gradona\u010delnik Milan.<\/p>\n<p class=\"vijest2\">Ovogodi\u0161nji laureati su:<\/p>\n<p class=\"vijest2\"><b>Radojka Bagur<\/b>\u00a0i\u00a0<b>Jo\u0161ko Martinovi\u0107<\/b>\u00a0(posmrtno) \u2013 Nagrada Grada Metkovi\u0107a za \u017eivotno djelo, u obliku povelje i nov\u010dane nagrade od 8000 kuna<\/p>\n<p class=\"vijest2\"><b>Svjetlana Bebi\u0107<\/b>\u00a0\u2013 Nagrada Grada Metkovi\u0107a\u00a0<i>Narona<\/i>\u00a0u podru\u010dju obrazovanja, u obliku povelje i nov\u010dane nagrade od 4000 kuna<\/p>\n<p class=\"vijest2\"><b>Vinko Vukovi\u0107<\/b>\u00a0\u2013 Nagrada Grada Metkovi\u0107a\u00a0<i>Narona<\/i>\u00a0u podru\u010dju kulture, u obliku povelje i nov\u010dane nagrade od 4000 kuna<\/p>\n<p class=\"vijest2\"><b>Vatroslav Vugdelija<\/b>\u00a0\u2013 Nagrada Grada Metkovi\u0107a\u00a0<i>Sveti Ilija<\/i>\u00a0u podru\u010dju socijalne skrbi, u obliku povelje i nov\u010dane nagrade od 4000 kuna<\/p>\n<p class=\"vijest2\"><b>Ivan \u010cupi\u0107<\/b>\u00a0\u2013 Nagrada Grada Metkovi\u0107a\u00a0<i>\u017ddral<\/i>\u00a0u podru\u010dju sporta, u obliku povelje i nov\u010dane nagrade od 4000 kuna<\/p>\n<p class=\"vijest2\"><b>Sportska udruga<\/b>\u00a0<i><b>Neretva run<\/b><\/i>\u00a0\u2013 Nagrada Grada Metkovi\u0107a\u00a0<i>\u017ddral<\/i>\u00a0u podru\u010dju sporta, u obliku povelje.<\/p>\n","protected":false},"excerpt":{"rendered":"<p>Nave\u010der, 19.srpnja 2017., pod predsjedavanjem Hrvoja Bebi\u0107a odr\u017eana je sve\u010dana sjednica Gradskoga vije\u0107a Grada Metkovi\u0107a. Uz doma\u0107ine gradona\u010delnika Milana i njegove zamjenike Roberta Doku, Damira Rai\u0107a i gradske vije\u0107nike, bili su potpredsjednik Sabora RH Bo\u017eo Petrov, saborski zastupnici Ivan \u0106eli\u0107, Nikola Grmoja, Miro Bulj i Branko Ba\u010di\u0107, \u017eupan Dubrova\u010dko-neretvanske \u017eupanije Nikola Dobroslavi\u0107, zamjenici \u017eupana \u017daklina [&hellip;]<\/p>\n","protected":false},"author":7,"featured_media":0,"comment_status":"open","ping_status":"open","sticky":false,"template":"","format":"standard","meta":{"footnotes":""},"categories":[283,11],"tags":[380,949],"class_list":{"0":"post-45042","1":"post","2":"type-post","3":"status-publish","4":"format-standard","6":"category-a","7":"category-metkovic-dolina","8":"tag-metkovic","9":"tag-svecana-sjednica"},"yoast_head":"<!-- This site is optimized with the Yoast SEO plugin v25.2 - https:\/\/yoast.com\/wordpress\/plugins\/seo\/ -->\n<title>Sa sve\u010dane sjednice Gradskoga vije\u0107a Grada Metkovi\u0107a - likemetkovic.hr<\/title>\n<meta name=\"robots\" content=\"index, follow, max-snippet:-1, max-image-preview:large, max-video-preview:-1\" \/>\n<link rel=\"canonical\" href=\"https:\/\/likemetkovic.hr\/svecana-sjednica-gradskoga-vijeca-grada-metkovica\/\" \/>\n<meta property=\"og:locale\" content=\"hr_HR\" \/>\n<meta property=\"og:type\" content=\"article\" \/>\n<meta property=\"og:title\" content=\"Sa sve\u010dane sjednice Gradskoga vije\u0107a Grada Metkovi\u0107a - likemetkovic.hr\" \/>\n<meta property=\"og:description\" content=\"Nave\u010der, 19.srpnja 2017., pod predsjedavanjem Hrvoja Bebi\u0107a odr\u017eana je sve\u010dana sjednica Gradskoga vije\u0107a Grada Metkovi\u0107a. Uz doma\u0107ine gradona\u010delnika Milana i njegove zamjenike Roberta Doku, Damira Rai\u0107a i gradske vije\u0107nike, bili su potpredsjednik Sabora RH Bo\u017eo Petrov, saborski zastupnici Ivan \u0106eli\u0107, Nikola Grmoja, Miro Bulj i Branko Ba\u010di\u0107, \u017eupan Dubrova\u010dko-neretvanske \u017eupanije Nikola Dobroslavi\u0107, zamjenici \u017eupana \u017daklina [&hellip;]\" \/>\n<meta property=\"og:url\" content=\"https:\/\/likemetkovic.hr\/svecana-sjednica-gradskoga-vijeca-grada-metkovica\/\" \/>\n<meta property=\"og:site_name\" content=\"likemetkovic.hr\" \/>\n<meta property=\"article:publisher\" content=\"https:\/\/www.facebook.com\/likemetkovic.hr\/\" \/>\n<meta property=\"article:published_time\" content=\"2017-07-20T09:51:35+00:00\" \/>\n<meta property=\"article:modified_time\" content=\"2017-07-20T09:53:58+00:00\" \/>\n<meta name=\"author\" content=\"LIKEmetkovic.hr\" \/>\n<meta name=\"twitter:card\" content=\"summary_large_image\" \/>\n<meta name=\"twitter:label1\" content=\"Napisao\/la\" \/>\n\t<meta name=\"twitter:data1\" content=\"LIKEmetkovic.hr\" \/>\n\t<meta name=\"twitter:label2\" content=\"Procijenjeno vrijeme \u010ditanja\" \/>\n\t<meta name=\"twitter:data2\" content=\"2 minute\" \/>\n<script type=\"application\/ld+json\" class=\"yoast-schema-graph\">{\"@context\":\"https:\/\/schema.org\",\"@graph\":[{\"@type\":\"WebPage\",\"@id\":\"https:\/\/likemetkovic.hr\/svecana-sjednica-gradskoga-vijeca-grada-metkovica\/\",\"url\":\"https:\/\/likemetkovic.hr\/svecana-sjednica-gradskoga-vijeca-grada-metkovica\/\",\"name\":\"Sa sve\u010dane sjednice Gradskoga vije\u0107a Grada Metkovi\u0107a - likemetkovic.hr\",\"isPartOf\":{\"@id\":\"https:\/\/likemetkovic.hr\/#website\"},\"datePublished\":\"2017-07-20T09:51:35+00:00\",\"dateModified\":\"2017-07-20T09:53:58+00:00\",\"author\":{\"@id\":\"https:\/\/likemetkovic.hr\/#\/schema\/person\/a42711f3385a0e2be6f7e0443bfb28f0\"},\"breadcrumb\":{\"@id\":\"https:\/\/likemetkovic.hr\/svecana-sjednica-gradskoga-vijeca-grada-metkovica\/#breadcrumb\"},\"inLanguage\":\"hr\",\"potentialAction\":[{\"@type\":\"ReadAction\",\"target\":[\"https:\/\/likemetkovic.hr\/svecana-sjednica-gradskoga-vijeca-grada-metkovica\/\"]}]},{\"@type\":\"BreadcrumbList\",\"@id\":\"https:\/\/likemetkovic.hr\/svecana-sjednica-gradskoga-vijeca-grada-metkovica\/#breadcrumb\",\"itemListElement\":[{\"@type\":\"ListItem\",\"position\":1,\"name\":\"Po\u010detna stranica\",\"item\":\"https:\/\/likemetkovic.hr\/portal\/\"},{\"@type\":\"ListItem\",\"position\":2,\"name\":\"Sa sve\u010dane sjednice Gradskoga vije\u0107a Grada Metkovi\u0107a\"}]},{\"@type\":\"WebSite\",\"@id\":\"https:\/\/likemetkovic.hr\/#website\",\"url\":\"https:\/\/likemetkovic.hr\/\",\"name\":\"likemetkovic.hr\",\"description\":\"Misli pozitivno... \u010ditaj LIKE\",\"potentialAction\":[{\"@type\":\"SearchAction\",\"target\":{\"@type\":\"EntryPoint\",\"urlTemplate\":\"https:\/\/likemetkovic.hr\/?s={search_term_string}\"},\"query-input\":{\"@type\":\"PropertyValueSpecification\",\"valueRequired\":true,\"valueName\":\"search_term_string\"}}],\"inLanguage\":\"hr\"},{\"@type\":\"Person\",\"@id\":\"https:\/\/likemetkovic.hr\/#\/schema\/person\/a42711f3385a0e2be6f7e0443bfb28f0\",\"name\":\"LIKEmetkovic.hr\",\"sameAs\":[\"http:\/\/likemetkovic.hr\"],\"url\":\"https:\/\/likemetkovic.hr\/portal\/author\/likemetkovic-hr\/\"}]}<\/script>\n<!-- \/ Yoast SEO plugin. -->","yoast_head_json":{"title":"Sa sve\u010dane sjednice Gradskoga vije\u0107a Grada Metkovi\u0107a - likemetkovic.hr","robots":{"index":"index","follow":"follow","max-snippet":"max-snippet:-1","max-image-preview":"max-image-preview:large","max-video-preview":"max-video-preview:-1"},"canonical":"https:\/\/likemetkovic.hr\/svecana-sjednica-gradskoga-vijeca-grada-metkovica\/","og_locale":"hr_HR","og_type":"article","og_title":"Sa sve\u010dane sjednice Gradskoga vije\u0107a Grada Metkovi\u0107a - likemetkovic.hr","og_description":"Nave\u010der, 19.srpnja 2017., pod predsjedavanjem Hrvoja Bebi\u0107a odr\u017eana je sve\u010dana sjednica Gradskoga vije\u0107a Grada Metkovi\u0107a. Uz doma\u0107ine gradona\u010delnika Milana i njegove zamjenike Roberta Doku, Damira Rai\u0107a i gradske vije\u0107nike, bili su potpredsjednik Sabora RH Bo\u017eo Petrov, saborski zastupnici Ivan \u0106eli\u0107, Nikola Grmoja, Miro Bulj i Branko Ba\u010di\u0107, \u017eupan Dubrova\u010dko-neretvanske \u017eupanije Nikola Dobroslavi\u0107, zamjenici \u017eupana \u017daklina [&hellip;]","og_url":"https:\/\/likemetkovic.hr\/svecana-sjednica-gradskoga-vijeca-grada-metkovica\/","og_site_name":"likemetkovic.hr","article_publisher":"https:\/\/www.facebook.com\/likemetkovic.hr\/","article_published_time":"2017-07-20T09:51:35+00:00","article_modified_time":"2017-07-20T09:53:58+00:00","author":"LIKEmetkovic.hr","twitter_card":"summary_large_image","twitter_misc":{"Napisao\/la":"LIKEmetkovic.hr","Procijenjeno vrijeme \u010ditanja":"2 minute"},"schema":{"@context":"https:\/\/schema.org","@graph":[{"@type":"WebPage","@id":"https:\/\/likemetkovic.hr\/svecana-sjednica-gradskoga-vijeca-grada-metkovica\/","url":"https:\/\/likemetkovic.hr\/svecana-sjednica-gradskoga-vijeca-grada-metkovica\/","name":"Sa sve\u010dane sjednice Gradskoga vije\u0107a Grada Metkovi\u0107a - likemetkovic.hr","isPartOf":{"@id":"https:\/\/likemetkovic.hr\/#website"},"datePublished":"2017-07-20T09:51:35+00:00","dateModified":"2017-07-20T09:53:58+00:00","author":{"@id":"https:\/\/likemetkovic.hr\/#\/schema\/person\/a42711f3385a0e2be6f7e0443bfb28f0"},"breadcrumb":{"@id":"https:\/\/likemetkovic.hr\/svecana-sjednica-gradskoga-vijeca-grada-metkovica\/#breadcrumb"},"inLanguage":"hr","potentialAction":[{"@type":"ReadAction","target":["https:\/\/likemetkovic.hr\/svecana-sjednica-gradskoga-vijeca-grada-metkovica\/"]}]},{"@type":"BreadcrumbList","@id":"https:\/\/likemetkovic.hr\/svecana-sjednica-gradskoga-vijeca-grada-metkovica\/#breadcrumb","itemListElement":[{"@type":"ListItem","position":1,"name":"Po\u010detna stranica","item":"https:\/\/likemetkovic.hr\/portal\/"},{"@type":"ListItem","position":2,"name":"Sa sve\u010dane sjednice Gradskoga vije\u0107a Grada Metkovi\u0107a"}]},{"@type":"WebSite","@id":"https:\/\/likemetkovic.hr\/#website","url":"https:\/\/likemetkovic.hr\/","name":"likemetkovic.hr","description":"Misli pozitivno... \u010ditaj LIKE","potentialAction":[{"@type":"SearchAction","target":{"@type":"EntryPoint","urlTemplate":"https:\/\/likemetkovic.hr\/?s={search_term_string}"},"query-input":{"@type":"PropertyValueSpecification","valueRequired":true,"valueName":"search_term_string"}}],"inLanguage":"hr"},{"@type":"Person","@id":"https:\/\/likemetkovic.hr\/#\/schema\/person\/a42711f3385a0e2be6f7e0443bfb28f0","name":"LIKEmetkovic.hr","sameAs":["http:\/\/likemetkovic.hr"],"url":"https:\/\/likemetkovic.hr\/portal\/author\/likemetkovic-hr\/"}]}},"_links":{"self":[{"href":"https:\/\/likemetkovic.hr\/portal\/wp-json\/wp\/v2\/posts\/45042","targetHints":{"allow":["GET"]}}],"collection":[{"href":"https:\/\/likemetkovic.hr\/portal\/wp-json\/wp\/v2\/posts"}],"about":[{"href":"https:\/\/likemetkovic.hr\/portal\/wp-json\/wp\/v2\/types\/post"}],"author":[{"embeddable":true,"href":"https:\/\/likemetkovic.hr\/portal\/wp-json\/wp\/v2\/users\/7"}],"replies":[{"embeddable":true,"href":"https:\/\/likemetkovic.hr\/portal\/wp-json\/wp\/v2\/comments?post=45042"}],"version-history":[{"count":0,"href":"https:\/\/likemetkovic.hr\/portal\/wp-json\/wp\/v2\/posts\/45042\/revisions"}],"wp:attachment":[{"href":"https:\/\/likemetkovic.hr\/portal\/wp-json\/wp\/v2\/media?parent=45042"}],"wp:term":[{"taxonomy":"category","embeddable":true,"href":"https:\/\/likemetkovic.hr\/portal\/wp-json\/wp\/v2\/categories?post=45042"},{"taxonomy":"post_tag","embeddable":true,"href":"https:\/\/likemetkovic.hr\/portal\/wp-json\/wp\/v2\/tags?post=45042"}],"curies":[{"name":"wp","href":"https:\/\/api.w.org\/{rel}","templated":true}]}}