{"id":45284,"date":"2017-07-27T08:00:40","date_gmt":"2017-07-27T06:00:40","guid":{"rendered":"http:\/\/likemetkovic.hr\/?p=45284"},"modified":"2017-07-27T00:18:15","modified_gmt":"2017-07-26T22:18:15","slug":"koncet-bruno-philipp-gudacki-kvartet-rucner-dvoristu-obitelji-barbir","status":"publish","type":"post","link":"https:\/\/likemetkovic.hr\/portal\/koncet-bruno-philipp-gudacki-kvartet-rucner-dvoristu-obitelji-barbir\/","title":{"rendered":"KONCET: Bruno Philipp &#038; Guda\u010dki kvartet &#8216;Rucner&#8217; u dvori\u0161tu obitelji Barbir"},"content":{"rendered":"<p>Ve\u010deras u prelijepom ambijentu dvori\u0161ta obitelji Barbir na Verajinu guvnu odr\u017eat \u0107e se s po\u010detkom u 21:00 koncert <strong>Bruna Philippa<\/strong> na klarinetu i <strong>Guda\u010dkog kvarteta Rucner<\/strong> u sastavu Ivana Peni\u0107 Defar, violina, Ana Paula Knapi\u0107 Frankovi\u0107, violina, Dragan Rucner, viola i Snje\u017eana Rucner, violoncello.<\/p>\n<p>Kakav repertoar mo\u017eemo o\u010dekivati razvidno je iz naslova koncerta (ujedno i nosa\u010da zvuka):\u00a0<strong>Glazbena etno kutijica \u2013 Clarinet unlimited<\/strong>. To su djela renomiranih hrvatskih i \u00a0stranih kompozitora ujedinjena\u00a0sa \u017eivim aran\u017emanima glazbe inspirirane iz korijena bogate narodne ostav\u0161tine Hrvatske (Me\u0111imurje, Slavonija), Rumunjske, Argentine, Kube i klezmer tradicije. Posebnost njihova albuma, a tako i ve\u010dera\u0161njeg koncerta, je zastupljenost kompozicija \u017eivu\u0107ih legenda aktivnih klarinetista koja su proslavila ovaj instrument u \u017eanrovima narodnog izraza: Paquito d\u2019Rivera, Giora Feidman, Bela Kovacs i Bo\u017eidar Boki Milo\u0161evi\u0107.<\/p>\n<p>Do\u0111ite u\u017eivati u glazbi! Ulaz je oslobo\u0111en svake ulaznice!<\/p>\n","protected":false},"excerpt":{"rendered":"<p>Ve\u010deras u prelijepom ambijentu dvori\u0161ta obitelji Barbir na Verajinu guvnu odr\u017eat \u0107e se s po\u010detkom u 21:00 koncert Bruna Philippa na klarinetu i Guda\u010dkog kvarteta Rucner u sastavu Ivana Peni\u0107 Defar, violina, Ana Paula Knapi\u0107 Frankovi\u0107, violina, Dragan Rucner, viola i Snje\u017eana Rucner, violoncello. Kakav repertoar mo\u017eemo o\u010dekivati razvidno je iz naslova koncerta (ujedno i [&hellip;]<\/p>\n","protected":false},"author":7,"featured_media":45287,"comment_status":"open","ping_status":"open","sticky":false,"template":"","format":"standard","meta":{"footnotes":""},"categories":[296,11],"tags":[988,987],"class_list":{"0":"post-45284","1":"post","2":"type-post","3":"status-publish","4":"format-standard","5":"has-post-thumbnail","7":"category-ab","8":"category-metkovic-dolina","9":"tag-bruno-philipp","10":"tag-kvartet-rucner"},"yoast_head":"<!-- This site is optimized with the Yoast SEO plugin v25.2 - https:\/\/yoast.com\/wordpress\/plugins\/seo\/ -->\n<title>KONCET: Bruno Philipp &amp; Guda\u010dki kvartet &#039;Rucner&#039; u dvori\u0161tu obitelji Barbir - likemetkovic.hr<\/title>\n<meta name=\"robots\" content=\"index, follow, max-snippet:-1, max-image-preview:large, max-video-preview:-1\" \/>\n<link rel=\"canonical\" href=\"https:\/\/likemetkovic.hr\/koncet-bruno-philipp-gudacki-kvartet-rucner-dvoristu-obitelji-barbir\/\" \/>\n<meta property=\"og:locale\" content=\"hr_HR\" \/>\n<meta property=\"og:type\" content=\"article\" \/>\n<meta property=\"og:title\" content=\"KONCET: Bruno Philipp &amp; Guda\u010dki kvartet &#039;Rucner&#039; u dvori\u0161tu obitelji Barbir - likemetkovic.hr\" \/>\n<meta property=\"og:description\" content=\"Ve\u010deras u prelijepom ambijentu dvori\u0161ta obitelji Barbir na Verajinu guvnu odr\u017eat \u0107e se s po\u010detkom u 21:00 koncert Bruna Philippa na klarinetu i Guda\u010dkog kvarteta Rucner u sastavu Ivana Peni\u0107 Defar, violina, Ana Paula Knapi\u0107 Frankovi\u0107, violina, Dragan Rucner, viola i Snje\u017eana Rucner, violoncello. Kakav repertoar mo\u017eemo o\u010dekivati razvidno je iz naslova koncerta (ujedno i [&hellip;]\" \/>\n<meta property=\"og:url\" content=\"https:\/\/likemetkovic.hr\/koncet-bruno-philipp-gudacki-kvartet-rucner-dvoristu-obitelji-barbir\/\" \/>\n<meta property=\"og:site_name\" content=\"likemetkovic.hr\" \/>\n<meta property=\"article:publisher\" content=\"https:\/\/www.facebook.com\/likemetkovic.hr\/\" \/>\n<meta property=\"article:published_time\" content=\"2017-07-27T06:00:40+00:00\" \/>\n<meta property=\"og:image\" content=\"https:\/\/likemetkovic.hr\/wp-content\/uploads\/2017\/07\/bruno.jpg\" \/>\n\t<meta property=\"og:image:width\" content=\"600\" \/>\n\t<meta property=\"og:image:height\" content=\"600\" \/>\n\t<meta property=\"og:image:type\" content=\"image\/jpeg\" \/>\n<meta name=\"author\" content=\"LIKEmetkovic.hr\" \/>\n<meta name=\"twitter:card\" content=\"summary_large_image\" \/>\n<meta name=\"twitter:label1\" content=\"Napisao\/la\" \/>\n\t<meta name=\"twitter:data1\" content=\"LIKEmetkovic.hr\" \/>\n\t<meta name=\"twitter:label2\" content=\"Procijenjeno vrijeme \u010ditanja\" \/>\n\t<meta name=\"twitter:data2\" content=\"1 minuta\" \/>\n<script type=\"application\/ld+json\" class=\"yoast-schema-graph\">{\"@context\":\"https:\/\/schema.org\",\"@graph\":[{\"@type\":\"WebPage\",\"@id\":\"https:\/\/likemetkovic.hr\/koncet-bruno-philipp-gudacki-kvartet-rucner-dvoristu-obitelji-barbir\/\",\"url\":\"https:\/\/likemetkovic.hr\/koncet-bruno-philipp-gudacki-kvartet-rucner-dvoristu-obitelji-barbir\/\",\"name\":\"KONCET: Bruno Philipp & Guda\u010dki kvartet 'Rucner' u dvori\u0161tu obitelji Barbir - likemetkovic.hr\",\"isPartOf\":{\"@id\":\"https:\/\/likemetkovic.hr\/#website\"},\"primaryImageOfPage\":{\"@id\":\"https:\/\/likemetkovic.hr\/koncet-bruno-philipp-gudacki-kvartet-rucner-dvoristu-obitelji-barbir\/#primaryimage\"},\"image\":{\"@id\":\"https:\/\/likemetkovic.hr\/koncet-bruno-philipp-gudacki-kvartet-rucner-dvoristu-obitelji-barbir\/#primaryimage\"},\"thumbnailUrl\":\"https:\/\/likemetkovic.hr\/portal\/wp-content\/uploads\/2017\/07\/bruno.jpg\",\"datePublished\":\"2017-07-27T06:00:40+00:00\",\"author\":{\"@id\":\"https:\/\/likemetkovic.hr\/#\/schema\/person\/a42711f3385a0e2be6f7e0443bfb28f0\"},\"breadcrumb\":{\"@id\":\"https:\/\/likemetkovic.hr\/koncet-bruno-philipp-gudacki-kvartet-rucner-dvoristu-obitelji-barbir\/#breadcrumb\"},\"inLanguage\":\"hr\",\"potentialAction\":[{\"@type\":\"ReadAction\",\"target\":[\"https:\/\/likemetkovic.hr\/koncet-bruno-philipp-gudacki-kvartet-rucner-dvoristu-obitelji-barbir\/\"]}]},{\"@type\":\"ImageObject\",\"inLanguage\":\"hr\",\"@id\":\"https:\/\/likemetkovic.hr\/koncet-bruno-philipp-gudacki-kvartet-rucner-dvoristu-obitelji-barbir\/#primaryimage\",\"url\":\"https:\/\/likemetkovic.hr\/portal\/wp-content\/uploads\/2017\/07\/bruno.jpg\",\"contentUrl\":\"https:\/\/likemetkovic.hr\/portal\/wp-content\/uploads\/2017\/07\/bruno.jpg\",\"width\":600,\"height\":600},{\"@type\":\"BreadcrumbList\",\"@id\":\"https:\/\/likemetkovic.hr\/koncet-bruno-philipp-gudacki-kvartet-rucner-dvoristu-obitelji-barbir\/#breadcrumb\",\"itemListElement\":[{\"@type\":\"ListItem\",\"position\":1,\"name\":\"Po\u010detna stranica\",\"item\":\"https:\/\/likemetkovic.hr\/portal\/\"},{\"@type\":\"ListItem\",\"position\":2,\"name\":\"KONCET: Bruno Philipp &#038; Guda\u010dki kvartet &#8216;Rucner&#8217; u dvori\u0161tu obitelji Barbir\"}]},{\"@type\":\"WebSite\",\"@id\":\"https:\/\/likemetkovic.hr\/#website\",\"url\":\"https:\/\/likemetkovic.hr\/\",\"name\":\"likemetkovic.hr\",\"description\":\"Misli pozitivno... \u010ditaj LIKE\",\"potentialAction\":[{\"@type\":\"SearchAction\",\"target\":{\"@type\":\"EntryPoint\",\"urlTemplate\":\"https:\/\/likemetkovic.hr\/?s={search_term_string}\"},\"query-input\":{\"@type\":\"PropertyValueSpecification\",\"valueRequired\":true,\"valueName\":\"search_term_string\"}}],\"inLanguage\":\"hr\"},{\"@type\":\"Person\",\"@id\":\"https:\/\/likemetkovic.hr\/#\/schema\/person\/a42711f3385a0e2be6f7e0443bfb28f0\",\"name\":\"LIKEmetkovic.hr\",\"sameAs\":[\"http:\/\/likemetkovic.hr\"],\"url\":\"https:\/\/likemetkovic.hr\/portal\/author\/likemetkovic-hr\/\"}]}<\/script>\n<!-- \/ Yoast SEO plugin. -->","yoast_head_json":{"title":"KONCET: Bruno Philipp & Guda\u010dki kvartet 'Rucner' u dvori\u0161tu obitelji Barbir - likemetkovic.hr","robots":{"index":"index","follow":"follow","max-snippet":"max-snippet:-1","max-image-preview":"max-image-preview:large","max-video-preview":"max-video-preview:-1"},"canonical":"https:\/\/likemetkovic.hr\/koncet-bruno-philipp-gudacki-kvartet-rucner-dvoristu-obitelji-barbir\/","og_locale":"hr_HR","og_type":"article","og_title":"KONCET: Bruno Philipp & Guda\u010dki kvartet 'Rucner' u dvori\u0161tu obitelji Barbir - likemetkovic.hr","og_description":"Ve\u010deras u prelijepom ambijentu dvori\u0161ta obitelji Barbir na Verajinu guvnu odr\u017eat \u0107e se s po\u010detkom u 21:00 koncert Bruna Philippa na klarinetu i Guda\u010dkog kvarteta Rucner u sastavu Ivana Peni\u0107 Defar, violina, Ana Paula Knapi\u0107 Frankovi\u0107, violina, Dragan Rucner, viola i Snje\u017eana Rucner, violoncello. Kakav repertoar mo\u017eemo o\u010dekivati razvidno je iz naslova koncerta (ujedno i [&hellip;]","og_url":"https:\/\/likemetkovic.hr\/koncet-bruno-philipp-gudacki-kvartet-rucner-dvoristu-obitelji-barbir\/","og_site_name":"likemetkovic.hr","article_publisher":"https:\/\/www.facebook.com\/likemetkovic.hr\/","article_published_time":"2017-07-27T06:00:40+00:00","og_image":[{"width":600,"height":600,"url":"https:\/\/likemetkovic.hr\/wp-content\/uploads\/2017\/07\/bruno.jpg","type":"image\/jpeg"}],"author":"LIKEmetkovic.hr","twitter_card":"summary_large_image","twitter_misc":{"Napisao\/la":"LIKEmetkovic.hr","Procijenjeno vrijeme \u010ditanja":"1 minuta"},"schema":{"@context":"https:\/\/schema.org","@graph":[{"@type":"WebPage","@id":"https:\/\/likemetkovic.hr\/koncet-bruno-philipp-gudacki-kvartet-rucner-dvoristu-obitelji-barbir\/","url":"https:\/\/likemetkovic.hr\/koncet-bruno-philipp-gudacki-kvartet-rucner-dvoristu-obitelji-barbir\/","name":"KONCET: Bruno Philipp & Guda\u010dki kvartet 'Rucner' u dvori\u0161tu obitelji Barbir - likemetkovic.hr","isPartOf":{"@id":"https:\/\/likemetkovic.hr\/#website"},"primaryImageOfPage":{"@id":"https:\/\/likemetkovic.hr\/koncet-bruno-philipp-gudacki-kvartet-rucner-dvoristu-obitelji-barbir\/#primaryimage"},"image":{"@id":"https:\/\/likemetkovic.hr\/koncet-bruno-philipp-gudacki-kvartet-rucner-dvoristu-obitelji-barbir\/#primaryimage"},"thumbnailUrl":"https:\/\/likemetkovic.hr\/portal\/wp-content\/uploads\/2017\/07\/bruno.jpg","datePublished":"2017-07-27T06:00:40+00:00","author":{"@id":"https:\/\/likemetkovic.hr\/#\/schema\/person\/a42711f3385a0e2be6f7e0443bfb28f0"},"breadcrumb":{"@id":"https:\/\/likemetkovic.hr\/koncet-bruno-philipp-gudacki-kvartet-rucner-dvoristu-obitelji-barbir\/#breadcrumb"},"inLanguage":"hr","potentialAction":[{"@type":"ReadAction","target":["https:\/\/likemetkovic.hr\/koncet-bruno-philipp-gudacki-kvartet-rucner-dvoristu-obitelji-barbir\/"]}]},{"@type":"ImageObject","inLanguage":"hr","@id":"https:\/\/likemetkovic.hr\/koncet-bruno-philipp-gudacki-kvartet-rucner-dvoristu-obitelji-barbir\/#primaryimage","url":"https:\/\/likemetkovic.hr\/portal\/wp-content\/uploads\/2017\/07\/bruno.jpg","contentUrl":"https:\/\/likemetkovic.hr\/portal\/wp-content\/uploads\/2017\/07\/bruno.jpg","width":600,"height":600},{"@type":"BreadcrumbList","@id":"https:\/\/likemetkovic.hr\/koncet-bruno-philipp-gudacki-kvartet-rucner-dvoristu-obitelji-barbir\/#breadcrumb","itemListElement":[{"@type":"ListItem","position":1,"name":"Po\u010detna stranica","item":"https:\/\/likemetkovic.hr\/portal\/"},{"@type":"ListItem","position":2,"name":"KONCET: Bruno Philipp &#038; Guda\u010dki kvartet &#8216;Rucner&#8217; u dvori\u0161tu obitelji Barbir"}]},{"@type":"WebSite","@id":"https:\/\/likemetkovic.hr\/#website","url":"https:\/\/likemetkovic.hr\/","name":"likemetkovic.hr","description":"Misli pozitivno... \u010ditaj LIKE","potentialAction":[{"@type":"SearchAction","target":{"@type":"EntryPoint","urlTemplate":"https:\/\/likemetkovic.hr\/?s={search_term_string}"},"query-input":{"@type":"PropertyValueSpecification","valueRequired":true,"valueName":"search_term_string"}}],"inLanguage":"hr"},{"@type":"Person","@id":"https:\/\/likemetkovic.hr\/#\/schema\/person\/a42711f3385a0e2be6f7e0443bfb28f0","name":"LIKEmetkovic.hr","sameAs":["http:\/\/likemetkovic.hr"],"url":"https:\/\/likemetkovic.hr\/portal\/author\/likemetkovic-hr\/"}]}},"_links":{"self":[{"href":"https:\/\/likemetkovic.hr\/portal\/wp-json\/wp\/v2\/posts\/45284","targetHints":{"allow":["GET"]}}],"collection":[{"href":"https:\/\/likemetkovic.hr\/portal\/wp-json\/wp\/v2\/posts"}],"about":[{"href":"https:\/\/likemetkovic.hr\/portal\/wp-json\/wp\/v2\/types\/post"}],"author":[{"embeddable":true,"href":"https:\/\/likemetkovic.hr\/portal\/wp-json\/wp\/v2\/users\/7"}],"replies":[{"embeddable":true,"href":"https:\/\/likemetkovic.hr\/portal\/wp-json\/wp\/v2\/comments?post=45284"}],"version-history":[{"count":0,"href":"https:\/\/likemetkovic.hr\/portal\/wp-json\/wp\/v2\/posts\/45284\/revisions"}],"wp:featuredmedia":[{"embeddable":true,"href":"https:\/\/likemetkovic.hr\/portal\/wp-json\/wp\/v2\/media\/45287"}],"wp:attachment":[{"href":"https:\/\/likemetkovic.hr\/portal\/wp-json\/wp\/v2\/media?parent=45284"}],"wp:term":[{"taxonomy":"category","embeddable":true,"href":"https:\/\/likemetkovic.hr\/portal\/wp-json\/wp\/v2\/categories?post=45284"},{"taxonomy":"post_tag","embeddable":true,"href":"https:\/\/likemetkovic.hr\/portal\/wp-json\/wp\/v2\/tags?post=45284"}],"curies":[{"name":"wp","href":"https:\/\/api.w.org\/{rel}","templated":true}]}}