{"id":45433,"date":"2017-07-30T01:01:59","date_gmt":"2017-07-29T23:01:59","guid":{"rendered":"http:\/\/likemetkovic.hr\/?p=45433"},"modified":"2017-07-30T01:01:59","modified_gmt":"2017-07-29T23:01:59","slug":"spoj-metkovica-s-autocestom-grmoja-inzistira-a-butkovic-poziva-izmjenu-prostornog-plana","status":"publish","type":"post","link":"https:\/\/likemetkovic.hr\/portal\/spoj-metkovica-s-autocestom-grmoja-inzistira-a-butkovic-poziva-izmjenu-prostornog-plana\/","title":{"rendered":"Spoj Metkovi\u0107a s autocestom: Grmoja inzistira, a Butkovi\u0107 poziva na izmjenu prostornog plana"},"content":{"rendered":"<p>&nbsp;<\/p>\n<p>Politi\u010dki tajnik i saborski zastupnik Mosta nezavisnih lista<strong> Nikola Grmoja uputio je u Saboru zastupni\u010dko pitanje Ministarstvu mora, prometa i infrastrukture<\/strong> vezano za izradu projektne dokumentacije spojne ceste od Grada Metkovi\u0107a do autoceste A1. Ministarstvo je pitao u kojoj je fazi izrada dokumentacije za spoj Grada Metkovi\u0107a s autocestom A1 za koju je novac osiguran u programu Hrvatskih autocesta i kada se mo\u017ee o\u010dekivati po\u010detak radova te koja je dinamika realizacije projekata navedenih u prometnoj studiji predstavljenoj 14. velja\u010de 2017. u Metkovi\u0107u.<\/p>\n<h4>Prometna studija spajanja Metkovi\u0107a s autocestom<\/h4>\n<p>Naime, u prosincu 2016. godine, prije izglasavanja prora\u010duna RH za 2017. godinu, Nikola Grmoja pripremio je amandman kojim je predlagao da se u Prijedlogu dr\u017eavnog prora\u010duna u dijelu \u201ePrijedlog financijskog plana Hrvatskih autocesta za 2017. i projekcija za 2018. i 2019. godinu\u201c pod nazivom SPOJEVI NA AUTOCESTE planirani iznos uve\u0107a za 3 000 000 00 kuna te detaljno obrazlo\u017eio potrebu spajanja grada Metkovi\u0107a s autocestom A1. <strong>Nakon razgovora s ministrima Butkovi\u0107em i Mari\u0107em povukao je navedeni amandman jer je dogovoreno da projektna dokumentacija za ovu cestu svakako u\u0111e u program Hrvatskih cesta za 2017. godinu.<\/strong> Nakon toga, 27. sije\u010dnja 2017. na inicijativu Nikole Grmoje u Ministarstvu mora, prometa i infrastrukture odr\u017ean je sastanak o temi prometne problematike Grada Metkovi\u0107a. Na sastanku su bili prisutni ministar Butkovi\u0107, direktor Hrvatskih cesta Josip \u0160kori\u0107, direktor Hrvatskih autocesta Josip Dra\u017eenovi\u0107, tada\u0161nja gradona\u010delnica Metkovi\u0107a Katarina Ujdur te predstavnici Grada. Tom prilikom potvr\u0111eno je da \u0107e se izraditi projektna dokumentacija za spoj Metkovi\u0107a s autocestom A1 kao i da \u0107e se izraditi prometna studija za Grad Metkovi\u0107.<\/p>\n<p><strong>Prometna studija predstavljena je u Metkovi\u0107u 14. velja\u010de 2017.<\/strong> te obuhva\u0107a analizu i prijedloge spoja s autocestom, idejna rje\u0161enja planiranih cesta, novi most preko Neretve te rje\u0161avanje niza \u201emanjih\u201c problema u Gradu. Kroz formu zastupni\u010dkog pitanja zatra\u017eio je odgovor na pitanje u kojoj fazi je izrada projektne dokumentacije za spoj s autocestom A1 te koja je dinamika realizacije, odnosno po\u010detak i zavr\u0161etak, projekata navedenih u prometne studije za Grad Metkovi\u0107.<\/p>\n<h4>Odgovor ministra Olega Butkovi\u0107a<\/h4>\n<p>\u201eS ciljem pobolj\u0161anja odvijanja prometa na podru\u010dju Grada Metkovi\u0107a te ostvarenja kvalitetne veze Grada Metkovi\u0107a s autocestom, dru\u0161tvo Hrvatske ceste d.o.o. izradilo je Prostorno-prometno-gra\u0111evinsku studiju cestovne mre\u017ee dr\u017eavnog zna\u010denja na \u0161irem podru\u010dju Grada Metkovi\u0107a. U studiji su obra\u0111ene prostorne osobitosti predmetnog okru\u017eenja, analizirano je stanje postoje\u0107ih dr\u017eavnih cesta, izra\u0111ena je analiza prometnih tokova te je izra\u0111en prometni model. Izra\u0111eno je idejno rje\u0161enje vi\u0161e varijanti predmetne spojne ceste koje su me\u0111usobno uspore\u0111ene kroz vi\u0161e kriterija. Predlo\u017eene su faze realizacije odabrane varijante te smjernice za daljnje aktivnosti.<\/p>\n<p>U dogovoru s lokalnom samoupravom za prvu fazu realizacije predlo\u017eena je dionica od \u010cvora Kula Norinska (A10\/DC62) do \u017dC 6218 (grani\u010dni prijelaz Prud). Prezentaciju studije lokalnoj i regionalnoj samoupravi odr\u017eali su stru\u010dnjaci iz dru\u0161tva Hrvatske ceste d.o.o. u Metkovi\u0107u 14. velja\u010de 2017. godine.<\/p>\n<p><strong>Osnovni preduvjet za pokretanje daljnje izrade projektne dokumentacije planirane spojne ceste je uskla\u0111enost s prostorno-planskom dokumentacijom, tj. s prostornim planom Dubrova\u010dko-neretvanske \u017eupanije kao i prostornim planovima ure\u0111enja Grada Metkovi\u0107a i op\u0107ine Kula Norinska.<\/strong> Trasa spojne ceste dostavljena je Zavodu za prostorno ure\u0111enje Dubrova\u010dko-neretvanske \u017eupanije za potrebe izrade izmjena i dopuna \u017eupanijskog plana, koje su trenutno u tijeku.<\/p>\n<p>Tek nakon izmjena i dopuna navedenih planova mogu se pokrenuti upravni postupci za isho\u0111enje potrebnih dozvola te izrada daljnje projektne dokumentacije. Prvo se na temelju izra\u0111ene studije o utjecaju na okoli\u0161 provodi postupak procjene utjecaja zahvata na okoli\u0161 s ciljem isho\u0111enja rje\u0161enja o prihvatljivosti zahvata za okoli\u0161. Nakon isho\u0111enog rje\u0161enja izra\u0111uje se projektna dokumentacija te provode upravni postupci za isho\u0111enje lokacijske i gra\u0111evinske dozvole pri nadle\u017enim ministarstvima.<\/p>\n<p>Provo\u0111enja izmjena i dopuna prostornih planova ne ovise o dru\u0161tvu Hrvatske ceste d.o.o. te trajanje ovisi o vi\u0161e faktora koji ne moraju biti vezani uz planiranu cestu. U skladu s navedenim, napominjemo kako je te\u0161ko u ovako ranoj fazi predvidjeti ukupno trajanje navedenih postupaka kao i po\u010detak gradnje planirane spojne ceste.\u201c<\/p>\n","protected":false},"excerpt":{"rendered":"<p>&nbsp; Politi\u010dki tajnik i saborski zastupnik Mosta nezavisnih lista Nikola Grmoja uputio je u Saboru zastupni\u010dko pitanje Ministarstvu mora, prometa i infrastrukture vezano za izradu projektne dokumentacije spojne ceste od Grada Metkovi\u0107a do autoceste A1. Ministarstvo je pitao u kojoj je fazi izrada dokumentacije za spoj Grada Metkovi\u0107a s autocestom A1 za koju je novac [&hellip;]<\/p>\n","protected":false},"author":7,"featured_media":23447,"comment_status":"open","ping_status":"open","sticky":false,"template":"","format":"standard","meta":{"footnotes":""},"categories":[283,290],"tags":[380,321,1012],"class_list":{"0":"post-45433","1":"post","2":"type-post","3":"status-publish","4":"format-standard","5":"has-post-thumbnail","7":"category-a","8":"category-politika","9":"tag-metkovic","10":"tag-nikola-grmoja","11":"tag-oleg-butkovic"},"yoast_head":"<!-- This site is optimized with the Yoast SEO plugin v25.2 - https:\/\/yoast.com\/wordpress\/plugins\/seo\/ -->\n<title>Spoj Metkovi\u0107a s autocestom: Grmoja inzistira, a Butkovi\u0107 poziva na izmjenu prostornog plana - likemetkovic.hr<\/title>\n<meta name=\"robots\" content=\"index, follow, max-snippet:-1, max-image-preview:large, max-video-preview:-1\" \/>\n<link rel=\"canonical\" href=\"https:\/\/likemetkovic.hr\/spoj-metkovica-s-autocestom-grmoja-inzistira-a-butkovic-poziva-izmjenu-prostornog-plana\/\" \/>\n<meta property=\"og:locale\" content=\"hr_HR\" \/>\n<meta property=\"og:type\" content=\"article\" \/>\n<meta property=\"og:title\" content=\"Spoj Metkovi\u0107a s autocestom: Grmoja inzistira, a Butkovi\u0107 poziva na izmjenu prostornog plana - likemetkovic.hr\" \/>\n<meta property=\"og:description\" content=\"&nbsp; Politi\u010dki tajnik i saborski zastupnik Mosta nezavisnih lista Nikola Grmoja uputio je u Saboru zastupni\u010dko pitanje Ministarstvu mora, prometa i infrastrukture vezano za izradu projektne dokumentacije spojne ceste od Grada Metkovi\u0107a do autoceste A1. Ministarstvo je pitao u kojoj je fazi izrada dokumentacije za spoj Grada Metkovi\u0107a s autocestom A1 za koju je novac [&hellip;]\" \/>\n<meta property=\"og:url\" content=\"https:\/\/likemetkovic.hr\/spoj-metkovica-s-autocestom-grmoja-inzistira-a-butkovic-poziva-izmjenu-prostornog-plana\/\" \/>\n<meta property=\"og:site_name\" content=\"likemetkovic.hr\" \/>\n<meta property=\"article:publisher\" content=\"https:\/\/www.facebook.com\/likemetkovic.hr\/\" \/>\n<meta property=\"article:published_time\" content=\"2017-07-29T23:01:59+00:00\" \/>\n<meta property=\"og:image\" content=\"https:\/\/likemetkovic.hr\/wp-content\/uploads\/2016\/07\/Autocesta.jpg\" \/>\n\t<meta property=\"og:image:width\" content=\"800\" \/>\n\t<meta property=\"og:image:height\" content=\"600\" \/>\n\t<meta property=\"og:image:type\" content=\"image\/jpeg\" \/>\n<meta name=\"author\" content=\"LIKEmetkovic.hr\" \/>\n<meta name=\"twitter:card\" content=\"summary_large_image\" \/>\n<meta name=\"twitter:label1\" content=\"Napisao\/la\" \/>\n\t<meta name=\"twitter:data1\" content=\"LIKEmetkovic.hr\" \/>\n\t<meta name=\"twitter:label2\" content=\"Procijenjeno vrijeme \u010ditanja\" \/>\n\t<meta name=\"twitter:data2\" content=\"4 minute\" \/>\n<script type=\"application\/ld+json\" class=\"yoast-schema-graph\">{\"@context\":\"https:\/\/schema.org\",\"@graph\":[{\"@type\":\"WebPage\",\"@id\":\"https:\/\/likemetkovic.hr\/spoj-metkovica-s-autocestom-grmoja-inzistira-a-butkovic-poziva-izmjenu-prostornog-plana\/\",\"url\":\"https:\/\/likemetkovic.hr\/spoj-metkovica-s-autocestom-grmoja-inzistira-a-butkovic-poziva-izmjenu-prostornog-plana\/\",\"name\":\"Spoj Metkovi\u0107a s autocestom: Grmoja inzistira, a Butkovi\u0107 poziva na izmjenu prostornog plana - likemetkovic.hr\",\"isPartOf\":{\"@id\":\"https:\/\/likemetkovic.hr\/#website\"},\"primaryImageOfPage\":{\"@id\":\"https:\/\/likemetkovic.hr\/spoj-metkovica-s-autocestom-grmoja-inzistira-a-butkovic-poziva-izmjenu-prostornog-plana\/#primaryimage\"},\"image\":{\"@id\":\"https:\/\/likemetkovic.hr\/spoj-metkovica-s-autocestom-grmoja-inzistira-a-butkovic-poziva-izmjenu-prostornog-plana\/#primaryimage\"},\"thumbnailUrl\":\"https:\/\/likemetkovic.hr\/portal\/wp-content\/uploads\/2016\/07\/Autocesta.jpg\",\"datePublished\":\"2017-07-29T23:01:59+00:00\",\"author\":{\"@id\":\"https:\/\/likemetkovic.hr\/#\/schema\/person\/a42711f3385a0e2be6f7e0443bfb28f0\"},\"breadcrumb\":{\"@id\":\"https:\/\/likemetkovic.hr\/spoj-metkovica-s-autocestom-grmoja-inzistira-a-butkovic-poziva-izmjenu-prostornog-plana\/#breadcrumb\"},\"inLanguage\":\"hr\",\"potentialAction\":[{\"@type\":\"ReadAction\",\"target\":[\"https:\/\/likemetkovic.hr\/spoj-metkovica-s-autocestom-grmoja-inzistira-a-butkovic-poziva-izmjenu-prostornog-plana\/\"]}]},{\"@type\":\"ImageObject\",\"inLanguage\":\"hr\",\"@id\":\"https:\/\/likemetkovic.hr\/spoj-metkovica-s-autocestom-grmoja-inzistira-a-butkovic-poziva-izmjenu-prostornog-plana\/#primaryimage\",\"url\":\"https:\/\/likemetkovic.hr\/portal\/wp-content\/uploads\/2016\/07\/Autocesta.jpg\",\"contentUrl\":\"https:\/\/likemetkovic.hr\/portal\/wp-content\/uploads\/2016\/07\/Autocesta.jpg\",\"width\":800,\"height\":600,\"caption\":\"Foto: wikipedia.org\"},{\"@type\":\"BreadcrumbList\",\"@id\":\"https:\/\/likemetkovic.hr\/spoj-metkovica-s-autocestom-grmoja-inzistira-a-butkovic-poziva-izmjenu-prostornog-plana\/#breadcrumb\",\"itemListElement\":[{\"@type\":\"ListItem\",\"position\":1,\"name\":\"Po\u010detna stranica\",\"item\":\"https:\/\/likemetkovic.hr\/portal\/\"},{\"@type\":\"ListItem\",\"position\":2,\"name\":\"Spoj Metkovi\u0107a s autocestom: Grmoja inzistira, a Butkovi\u0107 poziva na izmjenu prostornog plana\"}]},{\"@type\":\"WebSite\",\"@id\":\"https:\/\/likemetkovic.hr\/#website\",\"url\":\"https:\/\/likemetkovic.hr\/\",\"name\":\"likemetkovic.hr\",\"description\":\"Misli pozitivno... \u010ditaj LIKE\",\"potentialAction\":[{\"@type\":\"SearchAction\",\"target\":{\"@type\":\"EntryPoint\",\"urlTemplate\":\"https:\/\/likemetkovic.hr\/?s={search_term_string}\"},\"query-input\":{\"@type\":\"PropertyValueSpecification\",\"valueRequired\":true,\"valueName\":\"search_term_string\"}}],\"inLanguage\":\"hr\"},{\"@type\":\"Person\",\"@id\":\"https:\/\/likemetkovic.hr\/#\/schema\/person\/a42711f3385a0e2be6f7e0443bfb28f0\",\"name\":\"LIKEmetkovic.hr\",\"sameAs\":[\"http:\/\/likemetkovic.hr\"],\"url\":\"https:\/\/likemetkovic.hr\/portal\/author\/likemetkovic-hr\/\"}]}<\/script>\n<!-- \/ Yoast SEO plugin. -->","yoast_head_json":{"title":"Spoj Metkovi\u0107a s autocestom: Grmoja inzistira, a Butkovi\u0107 poziva na izmjenu prostornog plana - likemetkovic.hr","robots":{"index":"index","follow":"follow","max-snippet":"max-snippet:-1","max-image-preview":"max-image-preview:large","max-video-preview":"max-video-preview:-1"},"canonical":"https:\/\/likemetkovic.hr\/spoj-metkovica-s-autocestom-grmoja-inzistira-a-butkovic-poziva-izmjenu-prostornog-plana\/","og_locale":"hr_HR","og_type":"article","og_title":"Spoj Metkovi\u0107a s autocestom: Grmoja inzistira, a Butkovi\u0107 poziva na izmjenu prostornog plana - likemetkovic.hr","og_description":"&nbsp; Politi\u010dki tajnik i saborski zastupnik Mosta nezavisnih lista Nikola Grmoja uputio je u Saboru zastupni\u010dko pitanje Ministarstvu mora, prometa i infrastrukture vezano za izradu projektne dokumentacije spojne ceste od Grada Metkovi\u0107a do autoceste A1. Ministarstvo je pitao u kojoj je fazi izrada dokumentacije za spoj Grada Metkovi\u0107a s autocestom A1 za koju je novac [&hellip;]","og_url":"https:\/\/likemetkovic.hr\/spoj-metkovica-s-autocestom-grmoja-inzistira-a-butkovic-poziva-izmjenu-prostornog-plana\/","og_site_name":"likemetkovic.hr","article_publisher":"https:\/\/www.facebook.com\/likemetkovic.hr\/","article_published_time":"2017-07-29T23:01:59+00:00","og_image":[{"width":800,"height":600,"url":"https:\/\/likemetkovic.hr\/wp-content\/uploads\/2016\/07\/Autocesta.jpg","type":"image\/jpeg"}],"author":"LIKEmetkovic.hr","twitter_card":"summary_large_image","twitter_misc":{"Napisao\/la":"LIKEmetkovic.hr","Procijenjeno vrijeme \u010ditanja":"4 minute"},"schema":{"@context":"https:\/\/schema.org","@graph":[{"@type":"WebPage","@id":"https:\/\/likemetkovic.hr\/spoj-metkovica-s-autocestom-grmoja-inzistira-a-butkovic-poziva-izmjenu-prostornog-plana\/","url":"https:\/\/likemetkovic.hr\/spoj-metkovica-s-autocestom-grmoja-inzistira-a-butkovic-poziva-izmjenu-prostornog-plana\/","name":"Spoj Metkovi\u0107a s autocestom: Grmoja inzistira, a Butkovi\u0107 poziva na izmjenu prostornog plana - likemetkovic.hr","isPartOf":{"@id":"https:\/\/likemetkovic.hr\/#website"},"primaryImageOfPage":{"@id":"https:\/\/likemetkovic.hr\/spoj-metkovica-s-autocestom-grmoja-inzistira-a-butkovic-poziva-izmjenu-prostornog-plana\/#primaryimage"},"image":{"@id":"https:\/\/likemetkovic.hr\/spoj-metkovica-s-autocestom-grmoja-inzistira-a-butkovic-poziva-izmjenu-prostornog-plana\/#primaryimage"},"thumbnailUrl":"https:\/\/likemetkovic.hr\/portal\/wp-content\/uploads\/2016\/07\/Autocesta.jpg","datePublished":"2017-07-29T23:01:59+00:00","author":{"@id":"https:\/\/likemetkovic.hr\/#\/schema\/person\/a42711f3385a0e2be6f7e0443bfb28f0"},"breadcrumb":{"@id":"https:\/\/likemetkovic.hr\/spoj-metkovica-s-autocestom-grmoja-inzistira-a-butkovic-poziva-izmjenu-prostornog-plana\/#breadcrumb"},"inLanguage":"hr","potentialAction":[{"@type":"ReadAction","target":["https:\/\/likemetkovic.hr\/spoj-metkovica-s-autocestom-grmoja-inzistira-a-butkovic-poziva-izmjenu-prostornog-plana\/"]}]},{"@type":"ImageObject","inLanguage":"hr","@id":"https:\/\/likemetkovic.hr\/spoj-metkovica-s-autocestom-grmoja-inzistira-a-butkovic-poziva-izmjenu-prostornog-plana\/#primaryimage","url":"https:\/\/likemetkovic.hr\/portal\/wp-content\/uploads\/2016\/07\/Autocesta.jpg","contentUrl":"https:\/\/likemetkovic.hr\/portal\/wp-content\/uploads\/2016\/07\/Autocesta.jpg","width":800,"height":600,"caption":"Foto: wikipedia.org"},{"@type":"BreadcrumbList","@id":"https:\/\/likemetkovic.hr\/spoj-metkovica-s-autocestom-grmoja-inzistira-a-butkovic-poziva-izmjenu-prostornog-plana\/#breadcrumb","itemListElement":[{"@type":"ListItem","position":1,"name":"Po\u010detna stranica","item":"https:\/\/likemetkovic.hr\/portal\/"},{"@type":"ListItem","position":2,"name":"Spoj Metkovi\u0107a s autocestom: Grmoja inzistira, a Butkovi\u0107 poziva na izmjenu prostornog plana"}]},{"@type":"WebSite","@id":"https:\/\/likemetkovic.hr\/#website","url":"https:\/\/likemetkovic.hr\/","name":"likemetkovic.hr","description":"Misli pozitivno... \u010ditaj LIKE","potentialAction":[{"@type":"SearchAction","target":{"@type":"EntryPoint","urlTemplate":"https:\/\/likemetkovic.hr\/?s={search_term_string}"},"query-input":{"@type":"PropertyValueSpecification","valueRequired":true,"valueName":"search_term_string"}}],"inLanguage":"hr"},{"@type":"Person","@id":"https:\/\/likemetkovic.hr\/#\/schema\/person\/a42711f3385a0e2be6f7e0443bfb28f0","name":"LIKEmetkovic.hr","sameAs":["http:\/\/likemetkovic.hr"],"url":"https:\/\/likemetkovic.hr\/portal\/author\/likemetkovic-hr\/"}]}},"_links":{"self":[{"href":"https:\/\/likemetkovic.hr\/portal\/wp-json\/wp\/v2\/posts\/45433","targetHints":{"allow":["GET"]}}],"collection":[{"href":"https:\/\/likemetkovic.hr\/portal\/wp-json\/wp\/v2\/posts"}],"about":[{"href":"https:\/\/likemetkovic.hr\/portal\/wp-json\/wp\/v2\/types\/post"}],"author":[{"embeddable":true,"href":"https:\/\/likemetkovic.hr\/portal\/wp-json\/wp\/v2\/users\/7"}],"replies":[{"embeddable":true,"href":"https:\/\/likemetkovic.hr\/portal\/wp-json\/wp\/v2\/comments?post=45433"}],"version-history":[{"count":0,"href":"https:\/\/likemetkovic.hr\/portal\/wp-json\/wp\/v2\/posts\/45433\/revisions"}],"wp:featuredmedia":[{"embeddable":true,"href":"https:\/\/likemetkovic.hr\/portal\/wp-json\/wp\/v2\/media\/23447"}],"wp:attachment":[{"href":"https:\/\/likemetkovic.hr\/portal\/wp-json\/wp\/v2\/media?parent=45433"}],"wp:term":[{"taxonomy":"category","embeddable":true,"href":"https:\/\/likemetkovic.hr\/portal\/wp-json\/wp\/v2\/categories?post=45433"},{"taxonomy":"post_tag","embeddable":true,"href":"https:\/\/likemetkovic.hr\/portal\/wp-json\/wp\/v2\/tags?post=45433"}],"curies":[{"name":"wp","href":"https:\/\/api.w.org\/{rel}","templated":true}]}}