{"id":45491,"date":"2017-07-31T15:56:52","date_gmt":"2017-07-31T13:56:52","guid":{"rendered":"http:\/\/likemetkovic.hr\/?p=45491"},"modified":"2017-07-31T15:56:52","modified_gmt":"2017-07-31T13:56:52","slug":"neda-frane-crncevic-proslavili-zlatni-pir","status":"publish","type":"post","link":"https:\/\/likemetkovic.hr\/portal\/neda-frane-crncevic-proslavili-zlatni-pir\/","title":{"rendered":"Neda i Frane Crn\u010devi\u0107 proslavili zlatni pir"},"content":{"rendered":"<p>Na misnom slavlju koje je u nedjelju 30. srpnja u crkvi sv. Nikole biskupa u Metkovi\u0107u predvodio don Miroslav Rubi\u0107, \u017eupni vikar, bra\u010dni par Crn\u010devi\u0107 &#8211; Frane i Neda, ro\u0111ena Vidovi\u0107, proslavili su zlatni pir &#8211; 50. godi\u0161njicu \u00a0braka. Na misnom slavlju nazo\u010dili su prijatelji i rodbina, te sin Zoran sa suprugom Anamarijom i k\u0107erkom Gitom.<\/p>\n<p>U \u017eupi je bilo trostruko slavlje jer su kr\u0161teni Andrej i Ivan. \u201eKrist nas poti\u010de i preusmjerava pogled da kraljevstvo Bo\u017eje tra\u017eimo u svakodnevnim stvarima i osobama s kojima se susre\u0107emo. Zasigurno, i ovo slavlje &#8211; zlatni pir \u00a0i dva kr\u0161tenja \u2013 (Andrej i Ivan), pokazuju nam da je Bo\u017eje kraljevstvo itekako vidljivo i ostvarivo ve\u0107 na ovom svijetu i u ovom vremenu!\u201c rekao je don Miroslav, \u010destitaju\u0107i slavljenicima.<\/p>\n<p>Prije sve\u010danog blagoslova mladim roditeljima kr\u0161tenika po\u017eelio je da svoju djecu odgajaju kao gra\u0111ane kraljevstva Bo\u017ejega.<\/p>\n","protected":false},"excerpt":{"rendered":"<p>Na misnom slavlju koje je u nedjelju 30. srpnja u crkvi sv. Nikole biskupa u Metkovi\u0107u predvodio don Miroslav Rubi\u0107, \u017eupni vikar, bra\u010dni par Crn\u010devi\u0107 &#8211; Frane i Neda, ro\u0111ena Vidovi\u0107, proslavili su zlatni pir &#8211; 50. godi\u0161njicu \u00a0braka. Na misnom slavlju nazo\u010dili su prijatelji i rodbina, te sin Zoran sa suprugom Anamarijom i k\u0107erkom [&hellip;]<\/p>\n","protected":false},"author":7,"featured_media":45492,"comment_status":"open","ping_status":"open","sticky":false,"template":"","format":"standard","meta":{"footnotes":""},"categories":[296,27],"tags":[1023,1022],"class_list":{"0":"post-45491","1":"post","2":"type-post","3":"status-publish","4":"format-standard","5":"has-post-thumbnail","7":"category-ab","8":"category-vjera-i-zivot","9":"tag-neda-i-frane-crncevic","10":"tag-zlatni-pir"},"yoast_head":"<!-- This site is optimized with the Yoast SEO plugin v25.2 - https:\/\/yoast.com\/wordpress\/plugins\/seo\/ -->\n<title>Neda i Frane Crn\u010devi\u0107 proslavili zlatni pir - likemetkovic.hr<\/title>\n<meta name=\"robots\" content=\"index, follow, max-snippet:-1, max-image-preview:large, max-video-preview:-1\" \/>\n<link rel=\"canonical\" href=\"https:\/\/likemetkovic.hr\/neda-frane-crncevic-proslavili-zlatni-pir\/\" \/>\n<meta property=\"og:locale\" content=\"hr_HR\" \/>\n<meta property=\"og:type\" content=\"article\" \/>\n<meta property=\"og:title\" content=\"Neda i Frane Crn\u010devi\u0107 proslavili zlatni pir - likemetkovic.hr\" \/>\n<meta property=\"og:description\" content=\"Na misnom slavlju koje je u nedjelju 30. srpnja u crkvi sv. Nikole biskupa u Metkovi\u0107u predvodio don Miroslav Rubi\u0107, \u017eupni vikar, bra\u010dni par Crn\u010devi\u0107 &#8211; Frane i Neda, ro\u0111ena Vidovi\u0107, proslavili su zlatni pir &#8211; 50. godi\u0161njicu \u00a0braka. Na misnom slavlju nazo\u010dili su prijatelji i rodbina, te sin Zoran sa suprugom Anamarijom i k\u0107erkom [&hellip;]\" \/>\n<meta property=\"og:url\" content=\"https:\/\/likemetkovic.hr\/neda-frane-crncevic-proslavili-zlatni-pir\/\" \/>\n<meta property=\"og:site_name\" content=\"likemetkovic.hr\" \/>\n<meta property=\"article:publisher\" content=\"https:\/\/www.facebook.com\/likemetkovic.hr\/\" \/>\n<meta property=\"article:published_time\" content=\"2017-07-31T13:56:52+00:00\" \/>\n<meta property=\"og:image\" content=\"https:\/\/likemetkovic.hr\/wp-content\/uploads\/2017\/07\/crncevic.jpg\" \/>\n\t<meta property=\"og:image:width\" content=\"800\" \/>\n\t<meta property=\"og:image:height\" content=\"600\" \/>\n\t<meta property=\"og:image:type\" content=\"image\/jpeg\" \/>\n<meta name=\"author\" content=\"LIKEmetkovic.hr\" \/>\n<meta name=\"twitter:card\" content=\"summary_large_image\" \/>\n<meta name=\"twitter:label1\" content=\"Napisao\/la\" \/>\n\t<meta name=\"twitter:data1\" content=\"LIKEmetkovic.hr\" \/>\n\t<meta name=\"twitter:label2\" content=\"Procijenjeno vrijeme \u010ditanja\" \/>\n\t<meta name=\"twitter:data2\" content=\"1 minuta\" \/>\n<script type=\"application\/ld+json\" class=\"yoast-schema-graph\">{\"@context\":\"https:\/\/schema.org\",\"@graph\":[{\"@type\":\"WebPage\",\"@id\":\"https:\/\/likemetkovic.hr\/neda-frane-crncevic-proslavili-zlatni-pir\/\",\"url\":\"https:\/\/likemetkovic.hr\/neda-frane-crncevic-proslavili-zlatni-pir\/\",\"name\":\"Neda i Frane Crn\u010devi\u0107 proslavili zlatni pir - likemetkovic.hr\",\"isPartOf\":{\"@id\":\"https:\/\/likemetkovic.hr\/#website\"},\"primaryImageOfPage\":{\"@id\":\"https:\/\/likemetkovic.hr\/neda-frane-crncevic-proslavili-zlatni-pir\/#primaryimage\"},\"image\":{\"@id\":\"https:\/\/likemetkovic.hr\/neda-frane-crncevic-proslavili-zlatni-pir\/#primaryimage\"},\"thumbnailUrl\":\"https:\/\/likemetkovic.hr\/portal\/wp-content\/uploads\/2017\/07\/crncevic.jpg\",\"datePublished\":\"2017-07-31T13:56:52+00:00\",\"author\":{\"@id\":\"https:\/\/likemetkovic.hr\/#\/schema\/person\/a42711f3385a0e2be6f7e0443bfb28f0\"},\"breadcrumb\":{\"@id\":\"https:\/\/likemetkovic.hr\/neda-frane-crncevic-proslavili-zlatni-pir\/#breadcrumb\"},\"inLanguage\":\"hr\",\"potentialAction\":[{\"@type\":\"ReadAction\",\"target\":[\"https:\/\/likemetkovic.hr\/neda-frane-crncevic-proslavili-zlatni-pir\/\"]}]},{\"@type\":\"ImageObject\",\"inLanguage\":\"hr\",\"@id\":\"https:\/\/likemetkovic.hr\/neda-frane-crncevic-proslavili-zlatni-pir\/#primaryimage\",\"url\":\"https:\/\/likemetkovic.hr\/portal\/wp-content\/uploads\/2017\/07\/crncevic.jpg\",\"contentUrl\":\"https:\/\/likemetkovic.hr\/portal\/wp-content\/uploads\/2017\/07\/crncevic.jpg\",\"width\":800,\"height\":600,\"caption\":\"OLYMPUS DIGITAL CAMERA\"},{\"@type\":\"BreadcrumbList\",\"@id\":\"https:\/\/likemetkovic.hr\/neda-frane-crncevic-proslavili-zlatni-pir\/#breadcrumb\",\"itemListElement\":[{\"@type\":\"ListItem\",\"position\":1,\"name\":\"Po\u010detna stranica\",\"item\":\"https:\/\/likemetkovic.hr\/portal\/\"},{\"@type\":\"ListItem\",\"position\":2,\"name\":\"Neda i Frane Crn\u010devi\u0107 proslavili zlatni pir\"}]},{\"@type\":\"WebSite\",\"@id\":\"https:\/\/likemetkovic.hr\/#website\",\"url\":\"https:\/\/likemetkovic.hr\/\",\"name\":\"likemetkovic.hr\",\"description\":\"Misli pozitivno... \u010ditaj LIKE\",\"potentialAction\":[{\"@type\":\"SearchAction\",\"target\":{\"@type\":\"EntryPoint\",\"urlTemplate\":\"https:\/\/likemetkovic.hr\/?s={search_term_string}\"},\"query-input\":{\"@type\":\"PropertyValueSpecification\",\"valueRequired\":true,\"valueName\":\"search_term_string\"}}],\"inLanguage\":\"hr\"},{\"@type\":\"Person\",\"@id\":\"https:\/\/likemetkovic.hr\/#\/schema\/person\/a42711f3385a0e2be6f7e0443bfb28f0\",\"name\":\"LIKEmetkovic.hr\",\"sameAs\":[\"http:\/\/likemetkovic.hr\"],\"url\":\"https:\/\/likemetkovic.hr\/portal\/author\/likemetkovic-hr\/\"}]}<\/script>\n<!-- \/ Yoast SEO plugin. -->","yoast_head_json":{"title":"Neda i Frane Crn\u010devi\u0107 proslavili zlatni pir - likemetkovic.hr","robots":{"index":"index","follow":"follow","max-snippet":"max-snippet:-1","max-image-preview":"max-image-preview:large","max-video-preview":"max-video-preview:-1"},"canonical":"https:\/\/likemetkovic.hr\/neda-frane-crncevic-proslavili-zlatni-pir\/","og_locale":"hr_HR","og_type":"article","og_title":"Neda i Frane Crn\u010devi\u0107 proslavili zlatni pir - likemetkovic.hr","og_description":"Na misnom slavlju koje je u nedjelju 30. srpnja u crkvi sv. Nikole biskupa u Metkovi\u0107u predvodio don Miroslav Rubi\u0107, \u017eupni vikar, bra\u010dni par Crn\u010devi\u0107 &#8211; Frane i Neda, ro\u0111ena Vidovi\u0107, proslavili su zlatni pir &#8211; 50. godi\u0161njicu \u00a0braka. Na misnom slavlju nazo\u010dili su prijatelji i rodbina, te sin Zoran sa suprugom Anamarijom i k\u0107erkom [&hellip;]","og_url":"https:\/\/likemetkovic.hr\/neda-frane-crncevic-proslavili-zlatni-pir\/","og_site_name":"likemetkovic.hr","article_publisher":"https:\/\/www.facebook.com\/likemetkovic.hr\/","article_published_time":"2017-07-31T13:56:52+00:00","og_image":[{"width":800,"height":600,"url":"https:\/\/likemetkovic.hr\/wp-content\/uploads\/2017\/07\/crncevic.jpg","type":"image\/jpeg"}],"author":"LIKEmetkovic.hr","twitter_card":"summary_large_image","twitter_misc":{"Napisao\/la":"LIKEmetkovic.hr","Procijenjeno vrijeme \u010ditanja":"1 minuta"},"schema":{"@context":"https:\/\/schema.org","@graph":[{"@type":"WebPage","@id":"https:\/\/likemetkovic.hr\/neda-frane-crncevic-proslavili-zlatni-pir\/","url":"https:\/\/likemetkovic.hr\/neda-frane-crncevic-proslavili-zlatni-pir\/","name":"Neda i Frane Crn\u010devi\u0107 proslavili zlatni pir - likemetkovic.hr","isPartOf":{"@id":"https:\/\/likemetkovic.hr\/#website"},"primaryImageOfPage":{"@id":"https:\/\/likemetkovic.hr\/neda-frane-crncevic-proslavili-zlatni-pir\/#primaryimage"},"image":{"@id":"https:\/\/likemetkovic.hr\/neda-frane-crncevic-proslavili-zlatni-pir\/#primaryimage"},"thumbnailUrl":"https:\/\/likemetkovic.hr\/portal\/wp-content\/uploads\/2017\/07\/crncevic.jpg","datePublished":"2017-07-31T13:56:52+00:00","author":{"@id":"https:\/\/likemetkovic.hr\/#\/schema\/person\/a42711f3385a0e2be6f7e0443bfb28f0"},"breadcrumb":{"@id":"https:\/\/likemetkovic.hr\/neda-frane-crncevic-proslavili-zlatni-pir\/#breadcrumb"},"inLanguage":"hr","potentialAction":[{"@type":"ReadAction","target":["https:\/\/likemetkovic.hr\/neda-frane-crncevic-proslavili-zlatni-pir\/"]}]},{"@type":"ImageObject","inLanguage":"hr","@id":"https:\/\/likemetkovic.hr\/neda-frane-crncevic-proslavili-zlatni-pir\/#primaryimage","url":"https:\/\/likemetkovic.hr\/portal\/wp-content\/uploads\/2017\/07\/crncevic.jpg","contentUrl":"https:\/\/likemetkovic.hr\/portal\/wp-content\/uploads\/2017\/07\/crncevic.jpg","width":800,"height":600,"caption":"OLYMPUS DIGITAL CAMERA"},{"@type":"BreadcrumbList","@id":"https:\/\/likemetkovic.hr\/neda-frane-crncevic-proslavili-zlatni-pir\/#breadcrumb","itemListElement":[{"@type":"ListItem","position":1,"name":"Po\u010detna stranica","item":"https:\/\/likemetkovic.hr\/portal\/"},{"@type":"ListItem","position":2,"name":"Neda i Frane Crn\u010devi\u0107 proslavili zlatni pir"}]},{"@type":"WebSite","@id":"https:\/\/likemetkovic.hr\/#website","url":"https:\/\/likemetkovic.hr\/","name":"likemetkovic.hr","description":"Misli pozitivno... \u010ditaj LIKE","potentialAction":[{"@type":"SearchAction","target":{"@type":"EntryPoint","urlTemplate":"https:\/\/likemetkovic.hr\/?s={search_term_string}"},"query-input":{"@type":"PropertyValueSpecification","valueRequired":true,"valueName":"search_term_string"}}],"inLanguage":"hr"},{"@type":"Person","@id":"https:\/\/likemetkovic.hr\/#\/schema\/person\/a42711f3385a0e2be6f7e0443bfb28f0","name":"LIKEmetkovic.hr","sameAs":["http:\/\/likemetkovic.hr"],"url":"https:\/\/likemetkovic.hr\/portal\/author\/likemetkovic-hr\/"}]}},"_links":{"self":[{"href":"https:\/\/likemetkovic.hr\/portal\/wp-json\/wp\/v2\/posts\/45491","targetHints":{"allow":["GET"]}}],"collection":[{"href":"https:\/\/likemetkovic.hr\/portal\/wp-json\/wp\/v2\/posts"}],"about":[{"href":"https:\/\/likemetkovic.hr\/portal\/wp-json\/wp\/v2\/types\/post"}],"author":[{"embeddable":true,"href":"https:\/\/likemetkovic.hr\/portal\/wp-json\/wp\/v2\/users\/7"}],"replies":[{"embeddable":true,"href":"https:\/\/likemetkovic.hr\/portal\/wp-json\/wp\/v2\/comments?post=45491"}],"version-history":[{"count":0,"href":"https:\/\/likemetkovic.hr\/portal\/wp-json\/wp\/v2\/posts\/45491\/revisions"}],"wp:featuredmedia":[{"embeddable":true,"href":"https:\/\/likemetkovic.hr\/portal\/wp-json\/wp\/v2\/media\/45492"}],"wp:attachment":[{"href":"https:\/\/likemetkovic.hr\/portal\/wp-json\/wp\/v2\/media?parent=45491"}],"wp:term":[{"taxonomy":"category","embeddable":true,"href":"https:\/\/likemetkovic.hr\/portal\/wp-json\/wp\/v2\/categories?post=45491"},{"taxonomy":"post_tag","embeddable":true,"href":"https:\/\/likemetkovic.hr\/portal\/wp-json\/wp\/v2\/tags?post=45491"}],"curies":[{"name":"wp","href":"https:\/\/api.w.org\/{rel}","templated":true}]}}