{"id":46134,"date":"2017-08-16T12:18:27","date_gmt":"2017-08-16T10:18:27","guid":{"rendered":"http:\/\/likemetkovic.hr\/?p=46134"},"modified":"2017-08-16T12:18:27","modified_gmt":"2017-08-16T10:18:27","slug":"ujdur-gradonacelnik-ugrozava-postojece-a-ne-pokrece-obecane-projekte","status":"publish","type":"post","link":"https:\/\/likemetkovic.hr\/portal\/ujdur-gradonacelnik-ugrozava-postojece-a-ne-pokrece-obecane-projekte\/","title":{"rendered":"K. Ujdur: Gradona\u010delnik ugro\u017eava postoje\u0107e, a ne pokre\u0107e obe\u0107ane projekte"},"content":{"rendered":"<p>Povodom odr\u017eavanja 3. sjednice Gradskog vije\u0107a Grada Metkovi\u0107a Most nezavisnih lista oglasila se priop\u0107enjem za javnost kojega prenosimo u cijelosti.<\/p>\n<p><em>Na dana\u0161njoj je sjednici Gradskog vije\u0107a Grada Metkovi\u0107a Mostova gradska vije\u0107nica Katarina Ujdur ponovno upozorila na nelogi\u010dnost i neutemeljenost odluka i postupaka sada\u0161njeg gradona\u010delnika Dalibora Milana i njegovog partnera u vlasti Stipe Gabri\u0107a Jambe te posvema\u0161nji izostanak pokretanja novih projekata. Naime, osim na propust kod dostave materijala s odgovorima na pitanja vije\u0107nika Gabri\u0107a, na \u0161to je gradona\u010delnik (u suprotnosti s Poslovnikom) obe\u0107ao usmeno priop\u0107iti odgovore, Katarina Ujdur ukazala je na upitnu odluku o imenovanju ravnateljice Dje\u010djeg vrti\u0107a Metkovi\u0107 i opre\u010dne stavove Stipe Gabri\u0107a o naplati parkinga te na gradona\u010delnikov nedostatak vizije razvoja grada, kao i ugro\u017eavanje postoje\u0107ih projekata.<\/em><\/p>\n<p><em>Na pitanje Katarine Ujdur o kriterijima imenovanja ravnateljice vrti\u0107a gradona\u010delnik Milan odgovorio je kritikom na Mostovo vo\u0111enje Metkovi\u0107a, umjesto konkretnim razlozima za neproduljenje mandata sada\u0161njoj ravnateljici i obrazlo\u017eenjem odluke za novu. Ovakva je neupu\u0107enost i netransparentno odbijanje informiranja javnosti o klju\u010dnim pitanjima indikativno \u0161to se ti\u010de obe\u0107anja da \u0107e gradski vrti\u0107 biti besplatan, budu\u0107i da gradona\u010delnik ne otkriva iz kojeg \u0107e se izvora financirati takva odluka.<\/em><\/p>\n<p><em>Vije\u0107nica Ujdur potom je pustila snimku na kojoj je Stipe Gabri\u0107 zagovarao uvo\u0111enje naplate parkinga 2008. godine kakou bi naglasila \u010deste potpune promjene stavova \u010delnika sada\u0161nje gradske vlasti. Naime, Gabri\u0107 je tada tvrdio kako \u0107e naplata parkinga uvesti reda i kako oni koji nam dolaze u Grad moraju platiti parking kao \u0161to ga mi pla\u0107amo u njihovim gradovima. Gradona\u010delnik Milan tako je zbog vije\u0107nika Gabri\u0107a, iako je i on prethodno govorio o potrebi naplate, promijenio mi\u0161ljenje i time ugrozio profitabilnu i stabilnu gradsku tvrtku i njene zaposlenike.<\/em><\/p>\n<p><em>\u201e\u0160to \u0107e sad biti s projektima koje je zapo\u010deo Metkovi\u0107 razvoj, tj. projektima koji su se djelomi\u010dno financirali iz parkinga, poput najjeftinijeg gradskog interneta i projekta prerade vo\u0107a i povr\u0107a? Ako ovako ispunjavate obe\u0107anja, mo\u017eemo li na idu\u0107oj sjednici o\u010dekivati nasipanje stare Neretve koje ste obe\u0107ali?\u201c \u2013 upitala je gradona\u010delnika vije\u0107nica Ujdur, na \u0161to tako\u0111er nije dobila konkretan odgovor.<\/em><\/p>\n","protected":false},"excerpt":{"rendered":"<p>Povodom odr\u017eavanja 3. sjednice Gradskog vije\u0107a Grada Metkovi\u0107a Most nezavisnih lista oglasila se priop\u0107enjem za javnost kojega prenosimo u cijelosti. Na dana\u0161njoj je sjednici Gradskog vije\u0107a Grada Metkovi\u0107a Mostova gradska vije\u0107nica Katarina Ujdur ponovno upozorila na nelogi\u010dnost i neutemeljenost odluka i postupaka sada\u0161njeg gradona\u010delnika Dalibora Milana i njegovog partnera u vlasti Stipe Gabri\u0107a Jambe te [&hellip;]<\/p>\n","protected":false},"author":7,"featured_media":38094,"comment_status":"open","ping_status":"open","sticky":false,"template":"","format":"standard","meta":{"footnotes":""},"categories":[296,290],"tags":[414,357,793],"class_list":{"0":"post-46134","1":"post","2":"type-post","3":"status-publish","4":"format-standard","5":"has-post-thumbnail","7":"category-ab","8":"category-politika","9":"tag-dalibor-milan","10":"tag-katarina-ujdur","11":"tag-most-nl"},"yoast_head":"<!-- This site is optimized with the Yoast SEO plugin v25.2 - https:\/\/yoast.com\/wordpress\/plugins\/seo\/ -->\n<title>K. Ujdur: Gradona\u010delnik ugro\u017eava postoje\u0107e, a ne pokre\u0107e obe\u0107ane projekte - likemetkovic.hr<\/title>\n<meta name=\"robots\" content=\"index, follow, max-snippet:-1, max-image-preview:large, max-video-preview:-1\" \/>\n<link rel=\"canonical\" href=\"https:\/\/likemetkovic.hr\/ujdur-gradonacelnik-ugrozava-postojece-a-ne-pokrece-obecane-projekte\/\" \/>\n<meta property=\"og:locale\" content=\"hr_HR\" \/>\n<meta property=\"og:type\" content=\"article\" \/>\n<meta property=\"og:title\" content=\"K. Ujdur: Gradona\u010delnik ugro\u017eava postoje\u0107e, a ne pokre\u0107e obe\u0107ane projekte - likemetkovic.hr\" \/>\n<meta property=\"og:description\" content=\"Povodom odr\u017eavanja 3. sjednice Gradskog vije\u0107a Grada Metkovi\u0107a Most nezavisnih lista oglasila se priop\u0107enjem za javnost kojega prenosimo u cijelosti. Na dana\u0161njoj je sjednici Gradskog vije\u0107a Grada Metkovi\u0107a Mostova gradska vije\u0107nica Katarina Ujdur ponovno upozorila na nelogi\u010dnost i neutemeljenost odluka i postupaka sada\u0161njeg gradona\u010delnika Dalibora Milana i njegovog partnera u vlasti Stipe Gabri\u0107a Jambe te [&hellip;]\" \/>\n<meta property=\"og:url\" content=\"https:\/\/likemetkovic.hr\/ujdur-gradonacelnik-ugrozava-postojece-a-ne-pokrece-obecane-projekte\/\" \/>\n<meta property=\"og:site_name\" content=\"likemetkovic.hr\" \/>\n<meta property=\"article:publisher\" content=\"https:\/\/www.facebook.com\/likemetkovic.hr\/\" \/>\n<meta property=\"article:published_time\" content=\"2017-08-16T10:18:27+00:00\" \/>\n<meta property=\"og:image\" content=\"https:\/\/likemetkovic.hr\/wp-content\/uploads\/2017\/03\/DSC_0855.jpg\" \/>\n\t<meta property=\"og:image:width\" content=\"1366\" \/>\n\t<meta property=\"og:image:height\" content=\"941\" \/>\n\t<meta property=\"og:image:type\" content=\"image\/jpeg\" \/>\n<meta name=\"author\" content=\"LIKEmetkovic.hr\" \/>\n<meta name=\"twitter:card\" content=\"summary_large_image\" \/>\n<meta name=\"twitter:label1\" content=\"Napisao\/la\" \/>\n\t<meta name=\"twitter:data1\" content=\"LIKEmetkovic.hr\" \/>\n\t<meta name=\"twitter:label2\" content=\"Procijenjeno vrijeme \u010ditanja\" \/>\n\t<meta name=\"twitter:data2\" content=\"2 minute\" \/>\n<script type=\"application\/ld+json\" class=\"yoast-schema-graph\">{\"@context\":\"https:\/\/schema.org\",\"@graph\":[{\"@type\":\"WebPage\",\"@id\":\"https:\/\/likemetkovic.hr\/ujdur-gradonacelnik-ugrozava-postojece-a-ne-pokrece-obecane-projekte\/\",\"url\":\"https:\/\/likemetkovic.hr\/ujdur-gradonacelnik-ugrozava-postojece-a-ne-pokrece-obecane-projekte\/\",\"name\":\"K. Ujdur: Gradona\u010delnik ugro\u017eava postoje\u0107e, a ne pokre\u0107e obe\u0107ane projekte - likemetkovic.hr\",\"isPartOf\":{\"@id\":\"https:\/\/likemetkovic.hr\/#website\"},\"primaryImageOfPage\":{\"@id\":\"https:\/\/likemetkovic.hr\/ujdur-gradonacelnik-ugrozava-postojece-a-ne-pokrece-obecane-projekte\/#primaryimage\"},\"image\":{\"@id\":\"https:\/\/likemetkovic.hr\/ujdur-gradonacelnik-ugrozava-postojece-a-ne-pokrece-obecane-projekte\/#primaryimage\"},\"thumbnailUrl\":\"https:\/\/likemetkovic.hr\/portal\/wp-content\/uploads\/2017\/03\/DSC_0855.jpg\",\"datePublished\":\"2017-08-16T10:18:27+00:00\",\"author\":{\"@id\":\"https:\/\/likemetkovic.hr\/#\/schema\/person\/a42711f3385a0e2be6f7e0443bfb28f0\"},\"breadcrumb\":{\"@id\":\"https:\/\/likemetkovic.hr\/ujdur-gradonacelnik-ugrozava-postojece-a-ne-pokrece-obecane-projekte\/#breadcrumb\"},\"inLanguage\":\"hr\",\"potentialAction\":[{\"@type\":\"ReadAction\",\"target\":[\"https:\/\/likemetkovic.hr\/ujdur-gradonacelnik-ugrozava-postojece-a-ne-pokrece-obecane-projekte\/\"]}]},{\"@type\":\"ImageObject\",\"inLanguage\":\"hr\",\"@id\":\"https:\/\/likemetkovic.hr\/ujdur-gradonacelnik-ugrozava-postojece-a-ne-pokrece-obecane-projekte\/#primaryimage\",\"url\":\"https:\/\/likemetkovic.hr\/portal\/wp-content\/uploads\/2017\/03\/DSC_0855.jpg\",\"contentUrl\":\"https:\/\/likemetkovic.hr\/portal\/wp-content\/uploads\/2017\/03\/DSC_0855.jpg\",\"width\":1366,\"height\":941},{\"@type\":\"BreadcrumbList\",\"@id\":\"https:\/\/likemetkovic.hr\/ujdur-gradonacelnik-ugrozava-postojece-a-ne-pokrece-obecane-projekte\/#breadcrumb\",\"itemListElement\":[{\"@type\":\"ListItem\",\"position\":1,\"name\":\"Po\u010detna stranica\",\"item\":\"https:\/\/likemetkovic.hr\/portal\/\"},{\"@type\":\"ListItem\",\"position\":2,\"name\":\"K. Ujdur: Gradona\u010delnik ugro\u017eava postoje\u0107e, a ne pokre\u0107e obe\u0107ane projekte\"}]},{\"@type\":\"WebSite\",\"@id\":\"https:\/\/likemetkovic.hr\/#website\",\"url\":\"https:\/\/likemetkovic.hr\/\",\"name\":\"likemetkovic.hr\",\"description\":\"Misli pozitivno... \u010ditaj LIKE\",\"potentialAction\":[{\"@type\":\"SearchAction\",\"target\":{\"@type\":\"EntryPoint\",\"urlTemplate\":\"https:\/\/likemetkovic.hr\/?s={search_term_string}\"},\"query-input\":{\"@type\":\"PropertyValueSpecification\",\"valueRequired\":true,\"valueName\":\"search_term_string\"}}],\"inLanguage\":\"hr\"},{\"@type\":\"Person\",\"@id\":\"https:\/\/likemetkovic.hr\/#\/schema\/person\/a42711f3385a0e2be6f7e0443bfb28f0\",\"name\":\"LIKEmetkovic.hr\",\"sameAs\":[\"http:\/\/likemetkovic.hr\"],\"url\":\"https:\/\/likemetkovic.hr\/portal\/author\/likemetkovic-hr\/\"}]}<\/script>\n<!-- \/ Yoast SEO plugin. -->","yoast_head_json":{"title":"K. Ujdur: Gradona\u010delnik ugro\u017eava postoje\u0107e, a ne pokre\u0107e obe\u0107ane projekte - likemetkovic.hr","robots":{"index":"index","follow":"follow","max-snippet":"max-snippet:-1","max-image-preview":"max-image-preview:large","max-video-preview":"max-video-preview:-1"},"canonical":"https:\/\/likemetkovic.hr\/ujdur-gradonacelnik-ugrozava-postojece-a-ne-pokrece-obecane-projekte\/","og_locale":"hr_HR","og_type":"article","og_title":"K. Ujdur: Gradona\u010delnik ugro\u017eava postoje\u0107e, a ne pokre\u0107e obe\u0107ane projekte - likemetkovic.hr","og_description":"Povodom odr\u017eavanja 3. sjednice Gradskog vije\u0107a Grada Metkovi\u0107a Most nezavisnih lista oglasila se priop\u0107enjem za javnost kojega prenosimo u cijelosti. Na dana\u0161njoj je sjednici Gradskog vije\u0107a Grada Metkovi\u0107a Mostova gradska vije\u0107nica Katarina Ujdur ponovno upozorila na nelogi\u010dnost i neutemeljenost odluka i postupaka sada\u0161njeg gradona\u010delnika Dalibora Milana i njegovog partnera u vlasti Stipe Gabri\u0107a Jambe te [&hellip;]","og_url":"https:\/\/likemetkovic.hr\/ujdur-gradonacelnik-ugrozava-postojece-a-ne-pokrece-obecane-projekte\/","og_site_name":"likemetkovic.hr","article_publisher":"https:\/\/www.facebook.com\/likemetkovic.hr\/","article_published_time":"2017-08-16T10:18:27+00:00","og_image":[{"width":1366,"height":941,"url":"https:\/\/likemetkovic.hr\/wp-content\/uploads\/2017\/03\/DSC_0855.jpg","type":"image\/jpeg"}],"author":"LIKEmetkovic.hr","twitter_card":"summary_large_image","twitter_misc":{"Napisao\/la":"LIKEmetkovic.hr","Procijenjeno vrijeme \u010ditanja":"2 minute"},"schema":{"@context":"https:\/\/schema.org","@graph":[{"@type":"WebPage","@id":"https:\/\/likemetkovic.hr\/ujdur-gradonacelnik-ugrozava-postojece-a-ne-pokrece-obecane-projekte\/","url":"https:\/\/likemetkovic.hr\/ujdur-gradonacelnik-ugrozava-postojece-a-ne-pokrece-obecane-projekte\/","name":"K. Ujdur: Gradona\u010delnik ugro\u017eava postoje\u0107e, a ne pokre\u0107e obe\u0107ane projekte - likemetkovic.hr","isPartOf":{"@id":"https:\/\/likemetkovic.hr\/#website"},"primaryImageOfPage":{"@id":"https:\/\/likemetkovic.hr\/ujdur-gradonacelnik-ugrozava-postojece-a-ne-pokrece-obecane-projekte\/#primaryimage"},"image":{"@id":"https:\/\/likemetkovic.hr\/ujdur-gradonacelnik-ugrozava-postojece-a-ne-pokrece-obecane-projekte\/#primaryimage"},"thumbnailUrl":"https:\/\/likemetkovic.hr\/portal\/wp-content\/uploads\/2017\/03\/DSC_0855.jpg","datePublished":"2017-08-16T10:18:27+00:00","author":{"@id":"https:\/\/likemetkovic.hr\/#\/schema\/person\/a42711f3385a0e2be6f7e0443bfb28f0"},"breadcrumb":{"@id":"https:\/\/likemetkovic.hr\/ujdur-gradonacelnik-ugrozava-postojece-a-ne-pokrece-obecane-projekte\/#breadcrumb"},"inLanguage":"hr","potentialAction":[{"@type":"ReadAction","target":["https:\/\/likemetkovic.hr\/ujdur-gradonacelnik-ugrozava-postojece-a-ne-pokrece-obecane-projekte\/"]}]},{"@type":"ImageObject","inLanguage":"hr","@id":"https:\/\/likemetkovic.hr\/ujdur-gradonacelnik-ugrozava-postojece-a-ne-pokrece-obecane-projekte\/#primaryimage","url":"https:\/\/likemetkovic.hr\/portal\/wp-content\/uploads\/2017\/03\/DSC_0855.jpg","contentUrl":"https:\/\/likemetkovic.hr\/portal\/wp-content\/uploads\/2017\/03\/DSC_0855.jpg","width":1366,"height":941},{"@type":"BreadcrumbList","@id":"https:\/\/likemetkovic.hr\/ujdur-gradonacelnik-ugrozava-postojece-a-ne-pokrece-obecane-projekte\/#breadcrumb","itemListElement":[{"@type":"ListItem","position":1,"name":"Po\u010detna stranica","item":"https:\/\/likemetkovic.hr\/portal\/"},{"@type":"ListItem","position":2,"name":"K. Ujdur: Gradona\u010delnik ugro\u017eava postoje\u0107e, a ne pokre\u0107e obe\u0107ane projekte"}]},{"@type":"WebSite","@id":"https:\/\/likemetkovic.hr\/#website","url":"https:\/\/likemetkovic.hr\/","name":"likemetkovic.hr","description":"Misli pozitivno... \u010ditaj LIKE","potentialAction":[{"@type":"SearchAction","target":{"@type":"EntryPoint","urlTemplate":"https:\/\/likemetkovic.hr\/?s={search_term_string}"},"query-input":{"@type":"PropertyValueSpecification","valueRequired":true,"valueName":"search_term_string"}}],"inLanguage":"hr"},{"@type":"Person","@id":"https:\/\/likemetkovic.hr\/#\/schema\/person\/a42711f3385a0e2be6f7e0443bfb28f0","name":"LIKEmetkovic.hr","sameAs":["http:\/\/likemetkovic.hr"],"url":"https:\/\/likemetkovic.hr\/portal\/author\/likemetkovic-hr\/"}]}},"_links":{"self":[{"href":"https:\/\/likemetkovic.hr\/portal\/wp-json\/wp\/v2\/posts\/46134","targetHints":{"allow":["GET"]}}],"collection":[{"href":"https:\/\/likemetkovic.hr\/portal\/wp-json\/wp\/v2\/posts"}],"about":[{"href":"https:\/\/likemetkovic.hr\/portal\/wp-json\/wp\/v2\/types\/post"}],"author":[{"embeddable":true,"href":"https:\/\/likemetkovic.hr\/portal\/wp-json\/wp\/v2\/users\/7"}],"replies":[{"embeddable":true,"href":"https:\/\/likemetkovic.hr\/portal\/wp-json\/wp\/v2\/comments?post=46134"}],"version-history":[{"count":0,"href":"https:\/\/likemetkovic.hr\/portal\/wp-json\/wp\/v2\/posts\/46134\/revisions"}],"wp:featuredmedia":[{"embeddable":true,"href":"https:\/\/likemetkovic.hr\/portal\/wp-json\/wp\/v2\/media\/38094"}],"wp:attachment":[{"href":"https:\/\/likemetkovic.hr\/portal\/wp-json\/wp\/v2\/media?parent=46134"}],"wp:term":[{"taxonomy":"category","embeddable":true,"href":"https:\/\/likemetkovic.hr\/portal\/wp-json\/wp\/v2\/categories?post=46134"},{"taxonomy":"post_tag","embeddable":true,"href":"https:\/\/likemetkovic.hr\/portal\/wp-json\/wp\/v2\/tags?post=46134"}],"curies":[{"name":"wp","href":"https:\/\/api.w.org\/{rel}","templated":true}]}}