{"id":46193,"date":"2017-08-18T08:12:56","date_gmt":"2017-08-18T06:12:56","guid":{"rendered":"http:\/\/likemetkovic.hr\/?p=46193"},"modified":"2017-08-18T08:16:43","modified_gmt":"2017-08-18T06:16:43","slug":"ukidanjem-parkinga-metkovicu-bavi-se-specijalizirani-portal-gradonacelnik-hr","status":"publish","type":"post","link":"https:\/\/likemetkovic.hr\/portal\/ukidanjem-parkinga-metkovicu-bavi-se-specijalizirani-portal-gradonacelnik-hr\/","title":{"rendered":"Ukidanjem parkinga u Metkovi\u0107u bavi se i specijalizirani portal Gradona\u010delnik.hr"},"content":{"rendered":"<p><strong>Specijalizirani portal <a href=\"http:\/\/www.gradonacelnik.hr\/vijesti\/ukida-se-naplata-parkinga-u-metkovicu\">Gradona\u010delnik.hr<\/a> koji prati lokalnu politiku, tj. rad na\u010delnika i gradona\u010delnika na lokalnoj razini objavio je \u010dlanak o odluci o ukidanju naplate parkinga u Metkovi\u0107u koja \u0107e stupiti na snagu osam dana nakon objave u <em>Neretvanskom glasniku<\/em>. Zanimljivo je vidjeti kako tu odluku vide oni koji nisu stanovnici Grada Metkovi\u0107a i kojih se ta odluka ne ti\u010de, osim ako ne do\u0111u u na\u0161 grad sa svojim limenim ljubimcem.<\/strong><\/p>\n<p align=\"justify\"><em>Kao \u0161to je novi gradona\u010delnik Dalibor Milan u predizbornoj kampanji i obe\u0107ao, Gradsko vije\u0107e Metkovi\u0107a na svojoj je sjednici u srijedu donijelo odluku o ukidanju naplate parkinga u gradu. Iz Grada nisu objavili koliki su prihodi bili ostvarivani od naplate parkinga, no gradona\u010delnik Milan na sjednici Vije\u0107a je ustvrdio da \u0107e se\u00a0bez obzira na ukidanje naplate parkinga prometni red nastaviti odr\u017eavati.<\/em><\/p>\n<p align=\"justify\"><em>Gradona\u010delnik je najavio i da \u0107e se, uz\u00a0postoje\u0107eg prometnog redara zaposliti jo\u0161 jedan, a sve to radi aktivnog o\u010duvanja prometnoga reda. Za djelatnike koji trenutno rade na naplati parkinga poku\u0161at \u0107e se na\u0107i druga radna mjesta, a ako se ne na\u0111u ispunit \u0107e se sva njihova prava prema Zakonu o radu,\u00a0najavio je Milan.\u00a0Besplatno parkiranje u \u010ditavom Metkovi\u0107u trebalo bi za\u017eivjeti od po\u010detka rujna, najavljuju iz Grada.<\/em><\/p>\n<p align=\"justify\"><em>Biv\u0161a gradona\u010delnica, a sada gradska vije\u0107nica, Katarina Ujdur, postavila je pak\u00a0na sjednici Gradskog vije\u0107apitanje \u0161to \u0107e sada biti\u00a0s projektima koje je zapo\u010deo Metkovi\u0107 razvoj, tj. projektima koji su se djelomi\u010dno financirali iz parkinga, poput najjeftinijeg gradskog interneta i projekta prerade vo\u0107a i povr\u0107a, no gradona\u010delnik nije odgovorio.<\/em><\/p>\n<p align=\"justify\"><em>Naplatu parkinga u Metkovi\u0107u je uspje\u0161no uvedena tek iz drugog poku\u0161aja, 2014. godine, dok je Gradom upravljao Bo\u017eo Petrov. Pritom se vodilo ra\u010duna o stanarima u zoni naplate, umirovljenicima i gra\u0111anima s podru\u010dja Grada i prigradskih naselja. Prvi su imali jednu besplatnu kartu, drugi povla\u0161tenu mjese\u010dnu kartu od 40 kuna, a tre\u0107i od 60 kuna. Svi ostali su pla\u0107ali mjese\u010dnu kartu od 150 kuna, odnosno sat u prvoj zoni od 5 kuna i u drugoj zoni od 3 kuna po satu. Za obitelji s \u010detvero i vi\u0161e djece uvedena je jedna besplatna karta kao i besplatni priklju\u010dak na gradski internet, pi\u0161e portal<strong>\u00a0<a href=\"http:\/\/likemetkovic.hr\/grad-metkovic-prvi-hrvatskoj-uspjesno-uveo-pa-ukinuo-naplatu-parkinga\/\">likemektovic.hr<\/a><\/strong>\u00a0u tekstu\u00a0koji propituje je li odluka o ukidanju naplate parkinga populisti\u010dka ili racionalna, o \u010demu su podijeljena mi\u0161ljenja i samih gra\u0111ana Metkovi\u0107a. Nasuprot onima koji su zadovoljni ovom odlukom, dio Metkov\u010dana smatra kako nije trebalo ukidati naplatu parkinga, jer se on napla\u0107uje u svim gradovima, nego eventualno uvesti dodatne olak\u0161ice za gra\u0111ane Metkovi\u0107a,\u00a0<\/em>pi\u0161e na portalu <a href=\"http:\/\/www.gradonacelnik.hr\/vijesti\/ukida-se-naplata-parkinga-u-metkovicu\">Gradona\u010delnik.hr<\/a>.<\/p>\n","protected":false},"excerpt":{"rendered":"<p>Specijalizirani portal Gradona\u010delnik.hr koji prati lokalnu politiku, tj. rad na\u010delnika i gradona\u010delnika na lokalnoj razini objavio je \u010dlanak o odluci o ukidanju naplate parkinga u Metkovi\u0107u koja \u0107e stupiti na snagu osam dana nakon objave u Neretvanskom glasniku. Zanimljivo je vidjeti kako tu odluku vide oni koji nisu stanovnici Grada Metkovi\u0107a i kojih se ta [&hellip;]<\/p>\n","protected":false},"author":7,"featured_media":46196,"comment_status":"open","ping_status":"open","sticky":false,"template":"","format":"standard","meta":{"footnotes":""},"categories":[283,290],"tags":[380,619],"class_list":{"0":"post-46193","1":"post","2":"type-post","3":"status-publish","4":"format-standard","5":"has-post-thumbnail","7":"category-a","8":"category-politika","9":"tag-metkovic","10":"tag-parking"},"yoast_head":"<!-- This site is optimized with the Yoast SEO plugin v25.2 - https:\/\/yoast.com\/wordpress\/plugins\/seo\/ -->\n<title>Ukidanjem parkinga u Metkovi\u0107u bavi se i specijalizirani portal Gradona\u010delnik.hr - likemetkovic.hr<\/title>\n<meta name=\"robots\" content=\"index, follow, max-snippet:-1, max-image-preview:large, max-video-preview:-1\" \/>\n<link rel=\"canonical\" href=\"https:\/\/likemetkovic.hr\/ukidanjem-parkinga-metkovicu-bavi-se-specijalizirani-portal-gradonacelnik-hr\/\" \/>\n<meta property=\"og:locale\" content=\"hr_HR\" \/>\n<meta property=\"og:type\" content=\"article\" \/>\n<meta property=\"og:title\" content=\"Ukidanjem parkinga u Metkovi\u0107u bavi se i specijalizirani portal Gradona\u010delnik.hr - likemetkovic.hr\" \/>\n<meta property=\"og:description\" content=\"Specijalizirani portal Gradona\u010delnik.hr koji prati lokalnu politiku, tj. rad na\u010delnika i gradona\u010delnika na lokalnoj razini objavio je \u010dlanak o odluci o ukidanju naplate parkinga u Metkovi\u0107u koja \u0107e stupiti na snagu osam dana nakon objave u Neretvanskom glasniku. Zanimljivo je vidjeti kako tu odluku vide oni koji nisu stanovnici Grada Metkovi\u0107a i kojih se ta [&hellip;]\" \/>\n<meta property=\"og:url\" content=\"https:\/\/likemetkovic.hr\/ukidanjem-parkinga-metkovicu-bavi-se-specijalizirani-portal-gradonacelnik-hr\/\" \/>\n<meta property=\"og:site_name\" content=\"likemetkovic.hr\" \/>\n<meta property=\"article:publisher\" content=\"https:\/\/www.facebook.com\/likemetkovic.hr\/\" \/>\n<meta property=\"article:published_time\" content=\"2017-08-18T06:12:56+00:00\" \/>\n<meta property=\"article:modified_time\" content=\"2017-08-18T06:16:43+00:00\" \/>\n<meta property=\"og:image\" content=\"https:\/\/likemetkovic.hr\/wp-content\/uploads\/2017\/08\/Untitled-1.jpg\" \/>\n\t<meta property=\"og:image:width\" content=\"800\" \/>\n\t<meta property=\"og:image:height\" content=\"496\" \/>\n\t<meta property=\"og:image:type\" content=\"image\/jpeg\" \/>\n<meta name=\"author\" content=\"LIKEmetkovic.hr\" \/>\n<meta name=\"twitter:card\" content=\"summary_large_image\" \/>\n<meta name=\"twitter:label1\" content=\"Napisao\/la\" \/>\n\t<meta name=\"twitter:data1\" content=\"LIKEmetkovic.hr\" \/>\n\t<meta name=\"twitter:label2\" content=\"Procijenjeno vrijeme \u010ditanja\" \/>\n\t<meta name=\"twitter:data2\" content=\"2 minute\" \/>\n<script type=\"application\/ld+json\" class=\"yoast-schema-graph\">{\"@context\":\"https:\/\/schema.org\",\"@graph\":[{\"@type\":\"WebPage\",\"@id\":\"https:\/\/likemetkovic.hr\/ukidanjem-parkinga-metkovicu-bavi-se-specijalizirani-portal-gradonacelnik-hr\/\",\"url\":\"https:\/\/likemetkovic.hr\/ukidanjem-parkinga-metkovicu-bavi-se-specijalizirani-portal-gradonacelnik-hr\/\",\"name\":\"Ukidanjem parkinga u Metkovi\u0107u bavi se i specijalizirani portal Gradona\u010delnik.hr - likemetkovic.hr\",\"isPartOf\":{\"@id\":\"https:\/\/likemetkovic.hr\/#website\"},\"primaryImageOfPage\":{\"@id\":\"https:\/\/likemetkovic.hr\/ukidanjem-parkinga-metkovicu-bavi-se-specijalizirani-portal-gradonacelnik-hr\/#primaryimage\"},\"image\":{\"@id\":\"https:\/\/likemetkovic.hr\/ukidanjem-parkinga-metkovicu-bavi-se-specijalizirani-portal-gradonacelnik-hr\/#primaryimage\"},\"thumbnailUrl\":\"https:\/\/likemetkovic.hr\/portal\/wp-content\/uploads\/2017\/08\/Untitled-1.jpg\",\"datePublished\":\"2017-08-18T06:12:56+00:00\",\"dateModified\":\"2017-08-18T06:16:43+00:00\",\"author\":{\"@id\":\"https:\/\/likemetkovic.hr\/#\/schema\/person\/a42711f3385a0e2be6f7e0443bfb28f0\"},\"breadcrumb\":{\"@id\":\"https:\/\/likemetkovic.hr\/ukidanjem-parkinga-metkovicu-bavi-se-specijalizirani-portal-gradonacelnik-hr\/#breadcrumb\"},\"inLanguage\":\"hr\",\"potentialAction\":[{\"@type\":\"ReadAction\",\"target\":[\"https:\/\/likemetkovic.hr\/ukidanjem-parkinga-metkovicu-bavi-se-specijalizirani-portal-gradonacelnik-hr\/\"]}]},{\"@type\":\"ImageObject\",\"inLanguage\":\"hr\",\"@id\":\"https:\/\/likemetkovic.hr\/ukidanjem-parkinga-metkovicu-bavi-se-specijalizirani-portal-gradonacelnik-hr\/#primaryimage\",\"url\":\"https:\/\/likemetkovic.hr\/portal\/wp-content\/uploads\/2017\/08\/Untitled-1.jpg\",\"contentUrl\":\"https:\/\/likemetkovic.hr\/portal\/wp-content\/uploads\/2017\/08\/Untitled-1.jpg\",\"width\":800,\"height\":496},{\"@type\":\"BreadcrumbList\",\"@id\":\"https:\/\/likemetkovic.hr\/ukidanjem-parkinga-metkovicu-bavi-se-specijalizirani-portal-gradonacelnik-hr\/#breadcrumb\",\"itemListElement\":[{\"@type\":\"ListItem\",\"position\":1,\"name\":\"Po\u010detna stranica\",\"item\":\"https:\/\/likemetkovic.hr\/portal\/\"},{\"@type\":\"ListItem\",\"position\":2,\"name\":\"Ukidanjem parkinga u Metkovi\u0107u bavi se i specijalizirani portal Gradona\u010delnik.hr\"}]},{\"@type\":\"WebSite\",\"@id\":\"https:\/\/likemetkovic.hr\/#website\",\"url\":\"https:\/\/likemetkovic.hr\/\",\"name\":\"likemetkovic.hr\",\"description\":\"Misli pozitivno... \u010ditaj LIKE\",\"potentialAction\":[{\"@type\":\"SearchAction\",\"target\":{\"@type\":\"EntryPoint\",\"urlTemplate\":\"https:\/\/likemetkovic.hr\/?s={search_term_string}\"},\"query-input\":{\"@type\":\"PropertyValueSpecification\",\"valueRequired\":true,\"valueName\":\"search_term_string\"}}],\"inLanguage\":\"hr\"},{\"@type\":\"Person\",\"@id\":\"https:\/\/likemetkovic.hr\/#\/schema\/person\/a42711f3385a0e2be6f7e0443bfb28f0\",\"name\":\"LIKEmetkovic.hr\",\"sameAs\":[\"http:\/\/likemetkovic.hr\"],\"url\":\"https:\/\/likemetkovic.hr\/portal\/author\/likemetkovic-hr\/\"}]}<\/script>\n<!-- \/ Yoast SEO plugin. -->","yoast_head_json":{"title":"Ukidanjem parkinga u Metkovi\u0107u bavi se i specijalizirani portal Gradona\u010delnik.hr - likemetkovic.hr","robots":{"index":"index","follow":"follow","max-snippet":"max-snippet:-1","max-image-preview":"max-image-preview:large","max-video-preview":"max-video-preview:-1"},"canonical":"https:\/\/likemetkovic.hr\/ukidanjem-parkinga-metkovicu-bavi-se-specijalizirani-portal-gradonacelnik-hr\/","og_locale":"hr_HR","og_type":"article","og_title":"Ukidanjem parkinga u Metkovi\u0107u bavi se i specijalizirani portal Gradona\u010delnik.hr - likemetkovic.hr","og_description":"Specijalizirani portal Gradona\u010delnik.hr koji prati lokalnu politiku, tj. rad na\u010delnika i gradona\u010delnika na lokalnoj razini objavio je \u010dlanak o odluci o ukidanju naplate parkinga u Metkovi\u0107u koja \u0107e stupiti na snagu osam dana nakon objave u Neretvanskom glasniku. Zanimljivo je vidjeti kako tu odluku vide oni koji nisu stanovnici Grada Metkovi\u0107a i kojih se ta [&hellip;]","og_url":"https:\/\/likemetkovic.hr\/ukidanjem-parkinga-metkovicu-bavi-se-specijalizirani-portal-gradonacelnik-hr\/","og_site_name":"likemetkovic.hr","article_publisher":"https:\/\/www.facebook.com\/likemetkovic.hr\/","article_published_time":"2017-08-18T06:12:56+00:00","article_modified_time":"2017-08-18T06:16:43+00:00","og_image":[{"width":800,"height":496,"url":"https:\/\/likemetkovic.hr\/wp-content\/uploads\/2017\/08\/Untitled-1.jpg","type":"image\/jpeg"}],"author":"LIKEmetkovic.hr","twitter_card":"summary_large_image","twitter_misc":{"Napisao\/la":"LIKEmetkovic.hr","Procijenjeno vrijeme \u010ditanja":"2 minute"},"schema":{"@context":"https:\/\/schema.org","@graph":[{"@type":"WebPage","@id":"https:\/\/likemetkovic.hr\/ukidanjem-parkinga-metkovicu-bavi-se-specijalizirani-portal-gradonacelnik-hr\/","url":"https:\/\/likemetkovic.hr\/ukidanjem-parkinga-metkovicu-bavi-se-specijalizirani-portal-gradonacelnik-hr\/","name":"Ukidanjem parkinga u Metkovi\u0107u bavi se i specijalizirani portal Gradona\u010delnik.hr - likemetkovic.hr","isPartOf":{"@id":"https:\/\/likemetkovic.hr\/#website"},"primaryImageOfPage":{"@id":"https:\/\/likemetkovic.hr\/ukidanjem-parkinga-metkovicu-bavi-se-specijalizirani-portal-gradonacelnik-hr\/#primaryimage"},"image":{"@id":"https:\/\/likemetkovic.hr\/ukidanjem-parkinga-metkovicu-bavi-se-specijalizirani-portal-gradonacelnik-hr\/#primaryimage"},"thumbnailUrl":"https:\/\/likemetkovic.hr\/portal\/wp-content\/uploads\/2017\/08\/Untitled-1.jpg","datePublished":"2017-08-18T06:12:56+00:00","dateModified":"2017-08-18T06:16:43+00:00","author":{"@id":"https:\/\/likemetkovic.hr\/#\/schema\/person\/a42711f3385a0e2be6f7e0443bfb28f0"},"breadcrumb":{"@id":"https:\/\/likemetkovic.hr\/ukidanjem-parkinga-metkovicu-bavi-se-specijalizirani-portal-gradonacelnik-hr\/#breadcrumb"},"inLanguage":"hr","potentialAction":[{"@type":"ReadAction","target":["https:\/\/likemetkovic.hr\/ukidanjem-parkinga-metkovicu-bavi-se-specijalizirani-portal-gradonacelnik-hr\/"]}]},{"@type":"ImageObject","inLanguage":"hr","@id":"https:\/\/likemetkovic.hr\/ukidanjem-parkinga-metkovicu-bavi-se-specijalizirani-portal-gradonacelnik-hr\/#primaryimage","url":"https:\/\/likemetkovic.hr\/portal\/wp-content\/uploads\/2017\/08\/Untitled-1.jpg","contentUrl":"https:\/\/likemetkovic.hr\/portal\/wp-content\/uploads\/2017\/08\/Untitled-1.jpg","width":800,"height":496},{"@type":"BreadcrumbList","@id":"https:\/\/likemetkovic.hr\/ukidanjem-parkinga-metkovicu-bavi-se-specijalizirani-portal-gradonacelnik-hr\/#breadcrumb","itemListElement":[{"@type":"ListItem","position":1,"name":"Po\u010detna stranica","item":"https:\/\/likemetkovic.hr\/portal\/"},{"@type":"ListItem","position":2,"name":"Ukidanjem parkinga u Metkovi\u0107u bavi se i specijalizirani portal Gradona\u010delnik.hr"}]},{"@type":"WebSite","@id":"https:\/\/likemetkovic.hr\/#website","url":"https:\/\/likemetkovic.hr\/","name":"likemetkovic.hr","description":"Misli pozitivno... \u010ditaj LIKE","potentialAction":[{"@type":"SearchAction","target":{"@type":"EntryPoint","urlTemplate":"https:\/\/likemetkovic.hr\/?s={search_term_string}"},"query-input":{"@type":"PropertyValueSpecification","valueRequired":true,"valueName":"search_term_string"}}],"inLanguage":"hr"},{"@type":"Person","@id":"https:\/\/likemetkovic.hr\/#\/schema\/person\/a42711f3385a0e2be6f7e0443bfb28f0","name":"LIKEmetkovic.hr","sameAs":["http:\/\/likemetkovic.hr"],"url":"https:\/\/likemetkovic.hr\/portal\/author\/likemetkovic-hr\/"}]}},"_links":{"self":[{"href":"https:\/\/likemetkovic.hr\/portal\/wp-json\/wp\/v2\/posts\/46193","targetHints":{"allow":["GET"]}}],"collection":[{"href":"https:\/\/likemetkovic.hr\/portal\/wp-json\/wp\/v2\/posts"}],"about":[{"href":"https:\/\/likemetkovic.hr\/portal\/wp-json\/wp\/v2\/types\/post"}],"author":[{"embeddable":true,"href":"https:\/\/likemetkovic.hr\/portal\/wp-json\/wp\/v2\/users\/7"}],"replies":[{"embeddable":true,"href":"https:\/\/likemetkovic.hr\/portal\/wp-json\/wp\/v2\/comments?post=46193"}],"version-history":[{"count":0,"href":"https:\/\/likemetkovic.hr\/portal\/wp-json\/wp\/v2\/posts\/46193\/revisions"}],"wp:featuredmedia":[{"embeddable":true,"href":"https:\/\/likemetkovic.hr\/portal\/wp-json\/wp\/v2\/media\/46196"}],"wp:attachment":[{"href":"https:\/\/likemetkovic.hr\/portal\/wp-json\/wp\/v2\/media?parent=46193"}],"wp:term":[{"taxonomy":"category","embeddable":true,"href":"https:\/\/likemetkovic.hr\/portal\/wp-json\/wp\/v2\/categories?post=46193"},{"taxonomy":"post_tag","embeddable":true,"href":"https:\/\/likemetkovic.hr\/portal\/wp-json\/wp\/v2\/tags?post=46193"}],"curies":[{"name":"wp","href":"https:\/\/api.w.org\/{rel}","templated":true}]}}