{"id":46249,"date":"2017-08-19T12:10:07","date_gmt":"2017-08-19T10:10:07","guid":{"rendered":"http:\/\/likemetkovic.hr\/?p=46249"},"modified":"2018-06-07T18:21:26","modified_gmt":"2018-06-07T16:21:26","slug":"3-noc-folklorau-vidu","status":"publish","type":"post","link":"https:\/\/likemetkovic.hr\/portal\/3-noc-folklorau-vidu\/","title":{"rendered":"3. No\u0107 folklora u Vidu"},"content":{"rendered":"<p>Po tre\u0107i put u Vidu je odr\u017eana No\u0107 folklora u organizaciji KUD \u017dupa Vid. Na Naronitanskom trgu ispred Arheolo\u0161kog muzeja Narona gledatelji su imali priliku vidjeti nastup doma\u0107eg KUD-a koji se na po\u010detku predstavio pjesmom \u017eenskog dijela\u00a0<i>U Vidu me majka rodi<\/i>. Nakon njih nastupili su KUD \u0160okadija iz Lipovca i KUD ora Struge-Gorica kod \u010capljine. U Zavr\u0161nom dijelu \u010dlanovi KUD Zora otplesali su Lin\u0111o, a pridru\u017eili su im se i doma\u0107ini. Pred ispunjenim gledali\u0161tem i u ugodnoj atomosferi \u00a0ova tre\u0107a No\u0107 folklora ispunila je o\u010dekivanja. Sudionici su nastavili zajedni\u010dko dru\u017eenje tijekom ve\u010deri kod \u017eupne dvorane, prenosi <a href=\"http:\/\/www.vid.hr\/images-dogadjaji\/2017\/8\/nocf\/00.html\">vid.hr<\/a>.<\/p>\n\r\n                <style type=\"text\/css\">\r\n                    \r\n                    #tdi_1  .td-doubleSlider-2 .td-item1 {\r\n                        background: url(https:\/\/likemetkovic.hr\/portal\/wp-content\/uploads\/2017\/08\/vid-folklor-8-80x60.jpg) 0 0 no-repeat;\r\n                    }\r\n                    #tdi_1  .td-doubleSlider-2 .td-item2 {\r\n                        background: url(https:\/\/likemetkovic.hr\/portal\/wp-content\/uploads\/2017\/08\/vid-folklor-1-80x60.jpg) 0 0 no-repeat;\r\n                    }\r\n                    #tdi_1  .td-doubleSlider-2 .td-item3 {\r\n                        background: url(https:\/\/likemetkovic.hr\/portal\/wp-content\/uploads\/2017\/08\/vid-foklor-4-80x60.jpg) 0 0 no-repeat;\r\n                    }\r\n                    #tdi_1  .td-doubleSlider-2 .td-item4 {\r\n                        background: url(https:\/\/likemetkovic.hr\/portal\/wp-content\/uploads\/2017\/08\/vid-folkolr-3-80x60.jpg) 0 0 no-repeat;\r\n                    }\r\n                    #tdi_1  .td-doubleSlider-2 .td-item5 {\r\n                        background: url(https:\/\/likemetkovic.hr\/portal\/wp-content\/uploads\/2017\/08\/vid-folklor-2-80x60.jpg) 0 0 no-repeat;\r\n                    }\r\n                <\/style>\r\n\r\n                <div id=\"tdi_1\" class=\"td-gallery td-slide-on-2-columns\">\r\n                    <div class=\"post_td_gallery\">\r\n                        <div class=\"td-gallery-slide-top\">\r\n                           <div class=\"td-gallery-title\"><\/div>\r\n\r\n                            <div class=\"td-gallery-controls-wrapper\">\r\n                                <div class=\"td-gallery-slide-count\"><span class=\"td-gallery-slide-item-focus\">1<\/span> of 5<\/div>\r\n                                <div class=\"td-gallery-slide-prev-next-but\">\r\n                                    <i class = \"td-icon-left doubleSliderPrevButton\"><\/i>\r\n                                    <i class = \"td-icon-right doubleSliderNextButton\"><\/i>\r\n                                <\/div>\r\n                            <\/div>\r\n                        <\/div>\r\n\r\n                        <div class = \"td-doubleSlider-1 \">\r\n                            <div class = \"td-slider\">\r\n                                \r\n                    <div class = \"td-slide-item td-item1\">\r\n                        <figure class=\"td-slide-galery-figure td-slide-popup-gallery\">\r\n                            <a class=\"slide-gallery-image-link\" href=\"https:\/\/likemetkovic.hr\/portal\/wp-content\/uploads\/2017\/08\/vid-folklor-8.jpg\" title=\"vid folklor 8\"  data-caption=\"\"  data-description=\"\">\r\n                                <img decoding=\"async\" src=\"https:\/\/likemetkovic.hr\/portal\/wp-content\/uploads\/2017\/08\/vid-folklor-8-632x420.jpg\" srcset=\"https:\/\/likemetkovic.hr\/portal\/wp-content\/uploads\/2017\/08\/vid-folklor-8-632x420.jpg 632w, https:\/\/likemetkovic.hr\/portal\/wp-content\/uploads\/2017\/08\/vid-folklor-8-800x532.jpg 800w, https:\/\/likemetkovic.hr\/portal\/wp-content\/uploads\/2017\/08\/vid-folklor-8-768x510.jpg 768w, https:\/\/likemetkovic.hr\/portal\/wp-content\/uploads\/2017\/08\/vid-folklor-8-696x462.jpg 696w, https:\/\/likemetkovic.hr\/portal\/wp-content\/uploads\/2017\/08\/vid-folklor-8.jpg 900w\" sizes=\"(max-width: 632px) 100vw, 632px\" alt=\"\">\r\n                            <\/a>\r\n                            \r\n                        <\/figure>\r\n                    <\/div>\r\n                    <div class = \"td-slide-item td-item2\">\r\n                        <figure class=\"td-slide-galery-figure td-slide-popup-gallery\">\r\n                            <a class=\"slide-gallery-image-link\" href=\"https:\/\/likemetkovic.hr\/portal\/wp-content\/uploads\/2017\/08\/vid-folklor-1.jpg\" title=\"vid folklor 1\"  data-caption=\"\"  data-description=\"\">\r\n                                <img decoding=\"async\" src=\"https:\/\/likemetkovic.hr\/portal\/wp-content\/uploads\/2017\/08\/vid-folklor-1-632x420.jpg\" srcset=\"https:\/\/likemetkovic.hr\/portal\/wp-content\/uploads\/2017\/08\/vid-folklor-1-632x420.jpg 632w, https:\/\/likemetkovic.hr\/portal\/wp-content\/uploads\/2017\/08\/vid-folklor-1-800x532.jpg 800w, https:\/\/likemetkovic.hr\/portal\/wp-content\/uploads\/2017\/08\/vid-folklor-1-768x510.jpg 768w, https:\/\/likemetkovic.hr\/portal\/wp-content\/uploads\/2017\/08\/vid-folklor-1-696x462.jpg 696w, https:\/\/likemetkovic.hr\/portal\/wp-content\/uploads\/2017\/08\/vid-folklor-1.jpg 900w\" sizes=\"(max-width: 632px) 100vw, 632px\" alt=\"\">\r\n                            <\/a>\r\n                            \r\n                        <\/figure>\r\n                    <\/div>\r\n                    <div class = \"td-slide-item td-item3\">\r\n                        <figure class=\"td-slide-galery-figure td-slide-popup-gallery\">\r\n                            <a class=\"slide-gallery-image-link\" href=\"https:\/\/likemetkovic.hr\/portal\/wp-content\/uploads\/2017\/08\/vid-foklor-4.jpg\" title=\"vid foklor 4\"  data-caption=\"\"  data-description=\"\">\r\n                                <img decoding=\"async\" src=\"https:\/\/likemetkovic.hr\/portal\/wp-content\/uploads\/2017\/08\/vid-foklor-4-632x420.jpg\" srcset=\"https:\/\/likemetkovic.hr\/portal\/wp-content\/uploads\/2017\/08\/vid-foklor-4-632x420.jpg 632w, https:\/\/likemetkovic.hr\/portal\/wp-content\/uploads\/2017\/08\/vid-foklor-4-800x532.jpg 800w, https:\/\/likemetkovic.hr\/portal\/wp-content\/uploads\/2017\/08\/vid-foklor-4-768x510.jpg 768w, https:\/\/likemetkovic.hr\/portal\/wp-content\/uploads\/2017\/08\/vid-foklor-4-696x462.jpg 696w, https:\/\/likemetkovic.hr\/portal\/wp-content\/uploads\/2017\/08\/vid-foklor-4.jpg 900w\" sizes=\"(max-width: 632px) 100vw, 632px\" alt=\"\">\r\n                            <\/a>\r\n                            \r\n                        <\/figure>\r\n                    <\/div>\r\n                    <div class = \"td-slide-item td-item4\">\r\n                        <figure class=\"td-slide-galery-figure td-slide-popup-gallery\">\r\n                            <a class=\"slide-gallery-image-link\" href=\"https:\/\/likemetkovic.hr\/portal\/wp-content\/uploads\/2017\/08\/vid-folkolr-3.jpg\" title=\"vid folkolr 3\"  data-caption=\"\"  data-description=\"\">\r\n                                <img decoding=\"async\" src=\"https:\/\/likemetkovic.hr\/portal\/wp-content\/uploads\/2017\/08\/vid-folkolr-3-632x420.jpg\" srcset=\"https:\/\/likemetkovic.hr\/portal\/wp-content\/uploads\/2017\/08\/vid-folkolr-3-632x420.jpg 632w, https:\/\/likemetkovic.hr\/portal\/wp-content\/uploads\/2017\/08\/vid-folkolr-3-800x532.jpg 800w, https:\/\/likemetkovic.hr\/portal\/wp-content\/uploads\/2017\/08\/vid-folkolr-3-768x510.jpg 768w, https:\/\/likemetkovic.hr\/portal\/wp-content\/uploads\/2017\/08\/vid-folkolr-3-696x462.jpg 696w, https:\/\/likemetkovic.hr\/portal\/wp-content\/uploads\/2017\/08\/vid-folkolr-3.jpg 900w\" sizes=\"(max-width: 632px) 100vw, 632px\" alt=\"\">\r\n                            <\/a>\r\n                            \r\n                        <\/figure>\r\n                    <\/div>\r\n                    <div class = \"td-slide-item td-item5\">\r\n                        <figure class=\"td-slide-galery-figure td-slide-popup-gallery\">\r\n                            <a class=\"slide-gallery-image-link\" href=\"https:\/\/likemetkovic.hr\/portal\/wp-content\/uploads\/2017\/08\/vid-folklor-2.jpg\" title=\"vid folklor 2\"  data-caption=\"\"  data-description=\"\">\r\n                                <img decoding=\"async\" src=\"https:\/\/likemetkovic.hr\/portal\/wp-content\/uploads\/2017\/08\/vid-folklor-2-632x420.jpg\" srcset=\"https:\/\/likemetkovic.hr\/portal\/wp-content\/uploads\/2017\/08\/vid-folklor-2-632x420.jpg 632w, https:\/\/likemetkovic.hr\/portal\/wp-content\/uploads\/2017\/08\/vid-folklor-2-800x532.jpg 800w, https:\/\/likemetkovic.hr\/portal\/wp-content\/uploads\/2017\/08\/vid-folklor-2-768x510.jpg 768w, https:\/\/likemetkovic.hr\/portal\/wp-content\/uploads\/2017\/08\/vid-folklor-2-696x462.jpg 696w, https:\/\/likemetkovic.hr\/portal\/wp-content\/uploads\/2017\/08\/vid-folklor-2.jpg 900w\" sizes=\"(max-width: 632px) 100vw, 632px\" alt=\"\">\r\n                            <\/a>\r\n                            \r\n                        <\/figure>\r\n                    <\/div>\r\n                            <\/div>\r\n                        <\/div>\r\n\r\n                        <div class = \"td-doubleSlider-2\">\r\n                            <div class = \"td-slider\">\r\n                                \r\n                    <div class = \"td-button td-item1\">\r\n                        <div class = \"td-border\"><\/div>\r\n                    <\/div>\r\n                    <div class = \"td-button td-item2\">\r\n                        <div class = \"td-border\"><\/div>\r\n                    <\/div>\r\n                    <div class = \"td-button td-item3\">\r\n                        <div class = \"td-border\"><\/div>\r\n                    <\/div>\r\n                    <div class = \"td-button td-item4\">\r\n                        <div class = \"td-border\"><\/div>\r\n                    <\/div>\r\n                    <div class = \"td-button td-item5\">\r\n                        <div class = \"td-border\"><\/div>\r\n                    <\/div>\r\n                            <\/div>\r\n                        <\/div>\r\n\r\n                    <\/div>\r\n\r\n                <\/div>\r\n                \n<p>Foto: vid.hr<\/p>\n","protected":false},"excerpt":{"rendered":"<p>Po tre\u0107i put u Vidu je odr\u017eana No\u0107 folklora u organizaciji KUD \u017dupa Vid. Na Naronitanskom trgu ispred Arheolo\u0161kog muzeja Narona gledatelji su imali priliku vidjeti nastup doma\u0107eg KUD-a koji se na po\u010detku predstavio pjesmom \u017eenskog dijela\u00a0U Vidu me majka rodi. Nakon njih nastupili su KUD \u0160okadija iz Lipovca i KUD ora Struge-Gorica kod \u010capljine. [&hellip;]<\/p>\n","protected":false},"author":7,"featured_media":46262,"comment_status":"open","ping_status":"open","sticky":false,"template":"","format":"standard","meta":{"footnotes":""},"categories":[283,11],"tags":[1138,440],"class_list":{"0":"post-46249","1":"post","2":"type-post","3":"status-publish","4":"format-standard","5":"has-post-thumbnail","7":"category-a","8":"category-metkovic-dolina","9":"tag-noc-folklora","10":"tag-vid"},"yoast_head":"<!-- This site is optimized with the Yoast SEO plugin v25.2 - https:\/\/yoast.com\/wordpress\/plugins\/seo\/ -->\n<title>3. No\u0107 folklora u Vidu - likemetkovic.hr<\/title>\n<meta name=\"robots\" content=\"index, follow, max-snippet:-1, max-image-preview:large, max-video-preview:-1\" \/>\n<link rel=\"canonical\" href=\"https:\/\/likemetkovic.hr\/3-noc-folklorau-vidu\/\" \/>\n<meta property=\"og:locale\" content=\"hr_HR\" \/>\n<meta property=\"og:type\" content=\"article\" \/>\n<meta property=\"og:title\" content=\"3. No\u0107 folklora u Vidu - likemetkovic.hr\" \/>\n<meta property=\"og:description\" content=\"Po tre\u0107i put u Vidu je odr\u017eana No\u0107 folklora u organizaciji KUD \u017dupa Vid. Na Naronitanskom trgu ispred Arheolo\u0161kog muzeja Narona gledatelji su imali priliku vidjeti nastup doma\u0107eg KUD-a koji se na po\u010detku predstavio pjesmom \u017eenskog dijela\u00a0U Vidu me majka rodi. Nakon njih nastupili su KUD \u0160okadija iz Lipovca i KUD ora Struge-Gorica kod \u010capljine. [&hellip;]\" \/>\n<meta property=\"og:url\" content=\"https:\/\/likemetkovic.hr\/3-noc-folklorau-vidu\/\" \/>\n<meta property=\"og:site_name\" content=\"likemetkovic.hr\" \/>\n<meta property=\"article:publisher\" content=\"https:\/\/www.facebook.com\/likemetkovic.hr\/\" \/>\n<meta property=\"article:published_time\" content=\"2017-08-19T10:10:07+00:00\" \/>\n<meta property=\"article:modified_time\" content=\"2018-06-07T16:21:26+00:00\" \/>\n<meta property=\"og:image\" content=\"https:\/\/likemetkovic.hr\/wp-content\/uploads\/2017\/08\/vid-folkolr-3.jpg\" \/>\n\t<meta property=\"og:image:width\" content=\"900\" \/>\n\t<meta property=\"og:image:height\" content=\"598\" \/>\n\t<meta property=\"og:image:type\" content=\"image\/jpeg\" \/>\n<meta name=\"author\" content=\"LIKEmetkovic.hr\" \/>\n<meta name=\"twitter:card\" content=\"summary_large_image\" \/>\n<meta name=\"twitter:label1\" content=\"Napisao\/la\" \/>\n\t<meta name=\"twitter:data1\" content=\"LIKEmetkovic.hr\" \/>\n\t<meta name=\"twitter:label2\" content=\"Procijenjeno vrijeme \u010ditanja\" \/>\n\t<meta name=\"twitter:data2\" content=\"1 minuta\" \/>\n<script type=\"application\/ld+json\" class=\"yoast-schema-graph\">{\"@context\":\"https:\/\/schema.org\",\"@graph\":[{\"@type\":\"WebPage\",\"@id\":\"https:\/\/likemetkovic.hr\/3-noc-folklorau-vidu\/\",\"url\":\"https:\/\/likemetkovic.hr\/3-noc-folklorau-vidu\/\",\"name\":\"3. No\u0107 folklora u Vidu - likemetkovic.hr\",\"isPartOf\":{\"@id\":\"https:\/\/likemetkovic.hr\/#website\"},\"primaryImageOfPage\":{\"@id\":\"https:\/\/likemetkovic.hr\/3-noc-folklorau-vidu\/#primaryimage\"},\"image\":{\"@id\":\"https:\/\/likemetkovic.hr\/3-noc-folklorau-vidu\/#primaryimage\"},\"thumbnailUrl\":\"https:\/\/likemetkovic.hr\/portal\/wp-content\/uploads\/2017\/08\/vid-folkolr-3.jpg\",\"datePublished\":\"2017-08-19T10:10:07+00:00\",\"dateModified\":\"2018-06-07T16:21:26+00:00\",\"author\":{\"@id\":\"https:\/\/likemetkovic.hr\/#\/schema\/person\/a42711f3385a0e2be6f7e0443bfb28f0\"},\"breadcrumb\":{\"@id\":\"https:\/\/likemetkovic.hr\/3-noc-folklorau-vidu\/#breadcrumb\"},\"inLanguage\":\"hr\",\"potentialAction\":[{\"@type\":\"ReadAction\",\"target\":[\"https:\/\/likemetkovic.hr\/3-noc-folklorau-vidu\/\"]}]},{\"@type\":\"ImageObject\",\"inLanguage\":\"hr\",\"@id\":\"https:\/\/likemetkovic.hr\/3-noc-folklorau-vidu\/#primaryimage\",\"url\":\"https:\/\/likemetkovic.hr\/portal\/wp-content\/uploads\/2017\/08\/vid-folkolr-3.jpg\",\"contentUrl\":\"https:\/\/likemetkovic.hr\/portal\/wp-content\/uploads\/2017\/08\/vid-folkolr-3.jpg\",\"width\":900,\"height\":598},{\"@type\":\"BreadcrumbList\",\"@id\":\"https:\/\/likemetkovic.hr\/3-noc-folklorau-vidu\/#breadcrumb\",\"itemListElement\":[{\"@type\":\"ListItem\",\"position\":1,\"name\":\"Po\u010detna stranica\",\"item\":\"https:\/\/likemetkovic.hr\/portal\/\"},{\"@type\":\"ListItem\",\"position\":2,\"name\":\"3. No\u0107 folklora u Vidu\"}]},{\"@type\":\"WebSite\",\"@id\":\"https:\/\/likemetkovic.hr\/#website\",\"url\":\"https:\/\/likemetkovic.hr\/\",\"name\":\"likemetkovic.hr\",\"description\":\"Misli pozitivno... \u010ditaj LIKE\",\"potentialAction\":[{\"@type\":\"SearchAction\",\"target\":{\"@type\":\"EntryPoint\",\"urlTemplate\":\"https:\/\/likemetkovic.hr\/?s={search_term_string}\"},\"query-input\":{\"@type\":\"PropertyValueSpecification\",\"valueRequired\":true,\"valueName\":\"search_term_string\"}}],\"inLanguage\":\"hr\"},{\"@type\":\"Person\",\"@id\":\"https:\/\/likemetkovic.hr\/#\/schema\/person\/a42711f3385a0e2be6f7e0443bfb28f0\",\"name\":\"LIKEmetkovic.hr\",\"sameAs\":[\"http:\/\/likemetkovic.hr\"],\"url\":\"https:\/\/likemetkovic.hr\/portal\/author\/likemetkovic-hr\/\"}]}<\/script>\n<!-- \/ Yoast SEO plugin. -->","yoast_head_json":{"title":"3. No\u0107 folklora u Vidu - likemetkovic.hr","robots":{"index":"index","follow":"follow","max-snippet":"max-snippet:-1","max-image-preview":"max-image-preview:large","max-video-preview":"max-video-preview:-1"},"canonical":"https:\/\/likemetkovic.hr\/3-noc-folklorau-vidu\/","og_locale":"hr_HR","og_type":"article","og_title":"3. No\u0107 folklora u Vidu - likemetkovic.hr","og_description":"Po tre\u0107i put u Vidu je odr\u017eana No\u0107 folklora u organizaciji KUD \u017dupa Vid. Na Naronitanskom trgu ispred Arheolo\u0161kog muzeja Narona gledatelji su imali priliku vidjeti nastup doma\u0107eg KUD-a koji se na po\u010detku predstavio pjesmom \u017eenskog dijela\u00a0U Vidu me majka rodi. Nakon njih nastupili su KUD \u0160okadija iz Lipovca i KUD ora Struge-Gorica kod \u010capljine. [&hellip;]","og_url":"https:\/\/likemetkovic.hr\/3-noc-folklorau-vidu\/","og_site_name":"likemetkovic.hr","article_publisher":"https:\/\/www.facebook.com\/likemetkovic.hr\/","article_published_time":"2017-08-19T10:10:07+00:00","article_modified_time":"2018-06-07T16:21:26+00:00","og_image":[{"width":900,"height":598,"url":"https:\/\/likemetkovic.hr\/wp-content\/uploads\/2017\/08\/vid-folkolr-3.jpg","type":"image\/jpeg"}],"author":"LIKEmetkovic.hr","twitter_card":"summary_large_image","twitter_misc":{"Napisao\/la":"LIKEmetkovic.hr","Procijenjeno vrijeme \u010ditanja":"1 minuta"},"schema":{"@context":"https:\/\/schema.org","@graph":[{"@type":"WebPage","@id":"https:\/\/likemetkovic.hr\/3-noc-folklorau-vidu\/","url":"https:\/\/likemetkovic.hr\/3-noc-folklorau-vidu\/","name":"3. No\u0107 folklora u Vidu - likemetkovic.hr","isPartOf":{"@id":"https:\/\/likemetkovic.hr\/#website"},"primaryImageOfPage":{"@id":"https:\/\/likemetkovic.hr\/3-noc-folklorau-vidu\/#primaryimage"},"image":{"@id":"https:\/\/likemetkovic.hr\/3-noc-folklorau-vidu\/#primaryimage"},"thumbnailUrl":"https:\/\/likemetkovic.hr\/portal\/wp-content\/uploads\/2017\/08\/vid-folkolr-3.jpg","datePublished":"2017-08-19T10:10:07+00:00","dateModified":"2018-06-07T16:21:26+00:00","author":{"@id":"https:\/\/likemetkovic.hr\/#\/schema\/person\/a42711f3385a0e2be6f7e0443bfb28f0"},"breadcrumb":{"@id":"https:\/\/likemetkovic.hr\/3-noc-folklorau-vidu\/#breadcrumb"},"inLanguage":"hr","potentialAction":[{"@type":"ReadAction","target":["https:\/\/likemetkovic.hr\/3-noc-folklorau-vidu\/"]}]},{"@type":"ImageObject","inLanguage":"hr","@id":"https:\/\/likemetkovic.hr\/3-noc-folklorau-vidu\/#primaryimage","url":"https:\/\/likemetkovic.hr\/portal\/wp-content\/uploads\/2017\/08\/vid-folkolr-3.jpg","contentUrl":"https:\/\/likemetkovic.hr\/portal\/wp-content\/uploads\/2017\/08\/vid-folkolr-3.jpg","width":900,"height":598},{"@type":"BreadcrumbList","@id":"https:\/\/likemetkovic.hr\/3-noc-folklorau-vidu\/#breadcrumb","itemListElement":[{"@type":"ListItem","position":1,"name":"Po\u010detna stranica","item":"https:\/\/likemetkovic.hr\/portal\/"},{"@type":"ListItem","position":2,"name":"3. No\u0107 folklora u Vidu"}]},{"@type":"WebSite","@id":"https:\/\/likemetkovic.hr\/#website","url":"https:\/\/likemetkovic.hr\/","name":"likemetkovic.hr","description":"Misli pozitivno... \u010ditaj LIKE","potentialAction":[{"@type":"SearchAction","target":{"@type":"EntryPoint","urlTemplate":"https:\/\/likemetkovic.hr\/?s={search_term_string}"},"query-input":{"@type":"PropertyValueSpecification","valueRequired":true,"valueName":"search_term_string"}}],"inLanguage":"hr"},{"@type":"Person","@id":"https:\/\/likemetkovic.hr\/#\/schema\/person\/a42711f3385a0e2be6f7e0443bfb28f0","name":"LIKEmetkovic.hr","sameAs":["http:\/\/likemetkovic.hr"],"url":"https:\/\/likemetkovic.hr\/portal\/author\/likemetkovic-hr\/"}]}},"_links":{"self":[{"href":"https:\/\/likemetkovic.hr\/portal\/wp-json\/wp\/v2\/posts\/46249","targetHints":{"allow":["GET"]}}],"collection":[{"href":"https:\/\/likemetkovic.hr\/portal\/wp-json\/wp\/v2\/posts"}],"about":[{"href":"https:\/\/likemetkovic.hr\/portal\/wp-json\/wp\/v2\/types\/post"}],"author":[{"embeddable":true,"href":"https:\/\/likemetkovic.hr\/portal\/wp-json\/wp\/v2\/users\/7"}],"replies":[{"embeddable":true,"href":"https:\/\/likemetkovic.hr\/portal\/wp-json\/wp\/v2\/comments?post=46249"}],"version-history":[{"count":0,"href":"https:\/\/likemetkovic.hr\/portal\/wp-json\/wp\/v2\/posts\/46249\/revisions"}],"wp:featuredmedia":[{"embeddable":true,"href":"https:\/\/likemetkovic.hr\/portal\/wp-json\/wp\/v2\/media\/46262"}],"wp:attachment":[{"href":"https:\/\/likemetkovic.hr\/portal\/wp-json\/wp\/v2\/media?parent=46249"}],"wp:term":[{"taxonomy":"category","embeddable":true,"href":"https:\/\/likemetkovic.hr\/portal\/wp-json\/wp\/v2\/categories?post=46249"},{"taxonomy":"post_tag","embeddable":true,"href":"https:\/\/likemetkovic.hr\/portal\/wp-json\/wp\/v2\/tags?post=46249"}],"curies":[{"name":"wp","href":"https:\/\/api.w.org\/{rel}","templated":true}]}}