{"id":46885,"date":"2017-09-11T06:00:20","date_gmt":"2017-09-11T04:00:20","guid":{"rendered":"http:\/\/likemetkovic.hr\/?p=46885"},"modified":"2017-09-10T22:45:18","modified_gmt":"2017-09-10T20:45:18","slug":"metkovci-slozni-ne-granicnom-prijelazu-metkovic-doljani","status":"publish","type":"post","link":"https:\/\/likemetkovic.hr\/portal\/metkovci-slozni-ne-granicnom-prijelazu-metkovic-doljani\/","title":{"rendered":"Metkovci u jednom slo\u017eni: &#8220;Ne!&#8221; ovakvom grani\u010dnom prijelazu Metkovi\u0107 (Doljani)"},"content":{"rendered":"<p>Grani\u010dni prijelaz u Metkovi\u0107u je preuzak pa ne mo\u017ee dobiti uporabnu dozvolu. Postao je beskoristan premda je u njega dr\u017eava\u00a0<em>ulupala<\/em> 20 mil. kuna.\u00a0Lokacija ne odgovara ni ljudima koji \u017eive u toj ulici. Dr\u017eavna granica prolazi im kroz ku\u0107e i preko dvori\u0161ta.<\/p>\n<p>Osim toga, pred grani\u010dnim prijelazom cesta je toliko uska da se dva autobusa ne mogu mimoi\u0107i, a pojedini putnici kada do\u0111u na grani\u010dni prijelaz zastanu jer misle da ih u ku\u0107ici netko \u010deka, no u ku\u0107ici nema nikoga.<\/p>\n<p>Trebao je biti otvoren jo\u0161 u velja\u010di, no uporabnu dozvolu jo\u0161 nema.<\/p>\n<p>Stanari metkovske ulice Stjepana Radi\u0107a koju je novi grani\u010dni prijelaz podijelio, pobje\u0107i ne mogu. Ako prijelaz dobije uporabnu dozvolu, zauvijek \u0107e biti zato\u010deni u hrvatskoj ina\u010dici Schengena.<\/p>\n<p>I novi gradona\u010delnik D. Milan i stara gradona\u010delnica K. Ujdur istog su stava i oboje su se \u017ealili nadle\u017enom ministarstvu.<\/p>\n<p>Autobusi na kat ovuda ne mogu pro\u0107i, oni obi\u010dni ostavljaju retrovizore na ku\u0107icama, ljudima su blokirani domovi, a kroz ku\u0107u se ilegalno prelazi u drugu dr\u017eavu. Protiv takve norme borit \u0107e se svi Metkovci, pa bila ona i schengenska&#8230;<\/p>\n<p>Ovo je sa\u017eetak <a href=\"http:\/\/www.vijesti.rtl.hr\/novosti\/hrvatska\/2720335\/skup-i-beskoristan-granicni-prijelaz-u-metkovicu-autobusi-na-kat-ne-mogu-proci-oni-obicni-ostavljaju-retrovizore-na-kucicama\/\">videopriloga<\/a> o novom grani\u010dnom prijelazu u Metkovi\u0107u kojeg je ju\u010der za RTL napravio Marko Saltari\u0107.<\/p>\n<p>Podsje\u0107amo da je odluka o gradnji GP Metkovi\u0107 donijeta jo\u0161 2014. u okviru pripreme za <em>Schengen\u00a0<\/em>i da nadle\u017eno Ministarstvo financija, te Ministarstvo pomorstva, prometa i infrasturkture do danas nisu imali sluha na argumentirane primjedbe gradske vlasti i gra\u0111ana Metkovi\u0107a koje su joj u vi\u0161e navrata bile predo\u010dene u obliku pismenih predstavki.<\/p>\n","protected":false},"excerpt":{"rendered":"<p>Grani\u010dni prijelaz u Metkovi\u0107u je preuzak pa ne mo\u017ee dobiti uporabnu dozvolu. Postao je beskoristan premda je u njega dr\u017eava\u00a0ulupala 20 mil. kuna.\u00a0Lokacija ne odgovara ni ljudima koji \u017eive u toj ulici. Dr\u017eavna granica prolazi im kroz ku\u0107e i preko dvori\u0161ta. Osim toga, pred grani\u010dnim prijelazom cesta je toliko uska da se dva autobusa ne [&hellip;]<\/p>\n","protected":false},"author":7,"featured_media":46779,"comment_status":"open","ping_status":"open","sticky":false,"template":"","format":"standard","meta":{"footnotes":""},"categories":[283,11],"tags":[1267],"class_list":{"0":"post-46885","1":"post","2":"type-post","3":"status-publish","4":"format-standard","5":"has-post-thumbnail","7":"category-a","8":"category-metkovic-dolina","9":"tag-gp-metkovic"},"yoast_head":"<!-- This site is optimized with the Yoast SEO plugin v25.2 - https:\/\/yoast.com\/wordpress\/plugins\/seo\/ -->\n<title>Metkovci u jednom slo\u017eni: &quot;Ne!&quot; ovakvom grani\u010dnom prijelazu Metkovi\u0107 (Doljani) - likemetkovic.hr<\/title>\n<meta name=\"description\" content=\"Sa\u017eetak videopriloga o novom grani\u010dnom prijelazu u Metkovi\u0107u kojeg je ju\u010der za RTL napravio Marko Saltari\u0107.\" \/>\n<meta name=\"robots\" content=\"index, follow, max-snippet:-1, max-image-preview:large, max-video-preview:-1\" \/>\n<link rel=\"canonical\" href=\"https:\/\/likemetkovic.hr\/metkovci-slozni-ne-granicnom-prijelazu-metkovic-doljani\/\" \/>\n<meta property=\"og:locale\" content=\"hr_HR\" \/>\n<meta property=\"og:type\" content=\"article\" \/>\n<meta property=\"og:title\" content=\"Metkovci u jednom slo\u017eni: &quot;Ne!&quot; ovakvom grani\u010dnom prijelazu Metkovi\u0107 (Doljani) - likemetkovic.hr\" \/>\n<meta property=\"og:description\" content=\"Sa\u017eetak videopriloga o novom grani\u010dnom prijelazu u Metkovi\u0107u kojeg je ju\u010der za RTL napravio Marko Saltari\u0107.\" \/>\n<meta property=\"og:url\" content=\"https:\/\/likemetkovic.hr\/metkovci-slozni-ne-granicnom-prijelazu-metkovic-doljani\/\" \/>\n<meta property=\"og:site_name\" content=\"likemetkovic.hr\" \/>\n<meta property=\"article:publisher\" content=\"https:\/\/www.facebook.com\/likemetkovic.hr\/\" \/>\n<meta property=\"article:published_time\" content=\"2017-09-11T04:00:20+00:00\" \/>\n<meta property=\"og:image\" content=\"https:\/\/likemetkovic.hr\/wp-content\/uploads\/2017\/09\/gp-metkovi\u0107.jpg\" \/>\n\t<meta property=\"og:image:width\" content=\"996\" \/>\n\t<meta property=\"og:image:height\" content=\"562\" \/>\n\t<meta property=\"og:image:type\" content=\"image\/jpeg\" \/>\n<meta name=\"author\" content=\"LIKEmetkovic.hr\" \/>\n<meta name=\"twitter:card\" content=\"summary_large_image\" \/>\n<meta name=\"twitter:label1\" content=\"Napisao\/la\" \/>\n\t<meta name=\"twitter:data1\" content=\"LIKEmetkovic.hr\" \/>\n\t<meta name=\"twitter:label2\" content=\"Procijenjeno vrijeme \u010ditanja\" \/>\n\t<meta name=\"twitter:data2\" content=\"1 minuta\" \/>\n<script type=\"application\/ld+json\" class=\"yoast-schema-graph\">{\"@context\":\"https:\/\/schema.org\",\"@graph\":[{\"@type\":\"WebPage\",\"@id\":\"https:\/\/likemetkovic.hr\/metkovci-slozni-ne-granicnom-prijelazu-metkovic-doljani\/\",\"url\":\"https:\/\/likemetkovic.hr\/metkovci-slozni-ne-granicnom-prijelazu-metkovic-doljani\/\",\"name\":\"Metkovci u jednom slo\u017eni: \\\"Ne!\\\" ovakvom grani\u010dnom prijelazu Metkovi\u0107 (Doljani) - likemetkovic.hr\",\"isPartOf\":{\"@id\":\"https:\/\/likemetkovic.hr\/#website\"},\"primaryImageOfPage\":{\"@id\":\"https:\/\/likemetkovic.hr\/metkovci-slozni-ne-granicnom-prijelazu-metkovic-doljani\/#primaryimage\"},\"image\":{\"@id\":\"https:\/\/likemetkovic.hr\/metkovci-slozni-ne-granicnom-prijelazu-metkovic-doljani\/#primaryimage\"},\"thumbnailUrl\":\"https:\/\/likemetkovic.hr\/portal\/wp-content\/uploads\/2017\/09\/gp-metkovi\u0107.jpg\",\"datePublished\":\"2017-09-11T04:00:20+00:00\",\"author\":{\"@id\":\"https:\/\/likemetkovic.hr\/#\/schema\/person\/a42711f3385a0e2be6f7e0443bfb28f0\"},\"description\":\"Sa\u017eetak videopriloga o novom grani\u010dnom prijelazu u Metkovi\u0107u kojeg je ju\u010der za RTL napravio Marko Saltari\u0107.\",\"breadcrumb\":{\"@id\":\"https:\/\/likemetkovic.hr\/metkovci-slozni-ne-granicnom-prijelazu-metkovic-doljani\/#breadcrumb\"},\"inLanguage\":\"hr\",\"potentialAction\":[{\"@type\":\"ReadAction\",\"target\":[\"https:\/\/likemetkovic.hr\/metkovci-slozni-ne-granicnom-prijelazu-metkovic-doljani\/\"]}]},{\"@type\":\"ImageObject\",\"inLanguage\":\"hr\",\"@id\":\"https:\/\/likemetkovic.hr\/metkovci-slozni-ne-granicnom-prijelazu-metkovic-doljani\/#primaryimage\",\"url\":\"https:\/\/likemetkovic.hr\/portal\/wp-content\/uploads\/2017\/09\/gp-metkovi\u0107.jpg\",\"contentUrl\":\"https:\/\/likemetkovic.hr\/portal\/wp-content\/uploads\/2017\/09\/gp-metkovi\u0107.jpg\",\"width\":996,\"height\":562},{\"@type\":\"BreadcrumbList\",\"@id\":\"https:\/\/likemetkovic.hr\/metkovci-slozni-ne-granicnom-prijelazu-metkovic-doljani\/#breadcrumb\",\"itemListElement\":[{\"@type\":\"ListItem\",\"position\":1,\"name\":\"Po\u010detna stranica\",\"item\":\"https:\/\/likemetkovic.hr\/portal\/\"},{\"@type\":\"ListItem\",\"position\":2,\"name\":\"Metkovci u jednom slo\u017eni: &#8220;Ne!&#8221; ovakvom grani\u010dnom prijelazu Metkovi\u0107 (Doljani)\"}]},{\"@type\":\"WebSite\",\"@id\":\"https:\/\/likemetkovic.hr\/#website\",\"url\":\"https:\/\/likemetkovic.hr\/\",\"name\":\"likemetkovic.hr\",\"description\":\"Misli pozitivno... \u010ditaj LIKE\",\"potentialAction\":[{\"@type\":\"SearchAction\",\"target\":{\"@type\":\"EntryPoint\",\"urlTemplate\":\"https:\/\/likemetkovic.hr\/?s={search_term_string}\"},\"query-input\":{\"@type\":\"PropertyValueSpecification\",\"valueRequired\":true,\"valueName\":\"search_term_string\"}}],\"inLanguage\":\"hr\"},{\"@type\":\"Person\",\"@id\":\"https:\/\/likemetkovic.hr\/#\/schema\/person\/a42711f3385a0e2be6f7e0443bfb28f0\",\"name\":\"LIKEmetkovic.hr\",\"sameAs\":[\"http:\/\/likemetkovic.hr\"],\"url\":\"https:\/\/likemetkovic.hr\/portal\/author\/likemetkovic-hr\/\"}]}<\/script>\n<!-- \/ Yoast SEO plugin. -->","yoast_head_json":{"title":"Metkovci u jednom slo\u017eni: \"Ne!\" ovakvom grani\u010dnom prijelazu Metkovi\u0107 (Doljani) - likemetkovic.hr","description":"Sa\u017eetak videopriloga o novom grani\u010dnom prijelazu u Metkovi\u0107u kojeg je ju\u010der za RTL napravio Marko Saltari\u0107.","robots":{"index":"index","follow":"follow","max-snippet":"max-snippet:-1","max-image-preview":"max-image-preview:large","max-video-preview":"max-video-preview:-1"},"canonical":"https:\/\/likemetkovic.hr\/metkovci-slozni-ne-granicnom-prijelazu-metkovic-doljani\/","og_locale":"hr_HR","og_type":"article","og_title":"Metkovci u jednom slo\u017eni: \"Ne!\" ovakvom grani\u010dnom prijelazu Metkovi\u0107 (Doljani) - likemetkovic.hr","og_description":"Sa\u017eetak videopriloga o novom grani\u010dnom prijelazu u Metkovi\u0107u kojeg je ju\u010der za RTL napravio Marko Saltari\u0107.","og_url":"https:\/\/likemetkovic.hr\/metkovci-slozni-ne-granicnom-prijelazu-metkovic-doljani\/","og_site_name":"likemetkovic.hr","article_publisher":"https:\/\/www.facebook.com\/likemetkovic.hr\/","article_published_time":"2017-09-11T04:00:20+00:00","og_image":[{"width":996,"height":562,"url":"https:\/\/likemetkovic.hr\/wp-content\/uploads\/2017\/09\/gp-metkovi\u0107.jpg","type":"image\/jpeg"}],"author":"LIKEmetkovic.hr","twitter_card":"summary_large_image","twitter_misc":{"Napisao\/la":"LIKEmetkovic.hr","Procijenjeno vrijeme \u010ditanja":"1 minuta"},"schema":{"@context":"https:\/\/schema.org","@graph":[{"@type":"WebPage","@id":"https:\/\/likemetkovic.hr\/metkovci-slozni-ne-granicnom-prijelazu-metkovic-doljani\/","url":"https:\/\/likemetkovic.hr\/metkovci-slozni-ne-granicnom-prijelazu-metkovic-doljani\/","name":"Metkovci u jednom slo\u017eni: \"Ne!\" ovakvom grani\u010dnom prijelazu Metkovi\u0107 (Doljani) - likemetkovic.hr","isPartOf":{"@id":"https:\/\/likemetkovic.hr\/#website"},"primaryImageOfPage":{"@id":"https:\/\/likemetkovic.hr\/metkovci-slozni-ne-granicnom-prijelazu-metkovic-doljani\/#primaryimage"},"image":{"@id":"https:\/\/likemetkovic.hr\/metkovci-slozni-ne-granicnom-prijelazu-metkovic-doljani\/#primaryimage"},"thumbnailUrl":"https:\/\/likemetkovic.hr\/portal\/wp-content\/uploads\/2017\/09\/gp-metkovi\u0107.jpg","datePublished":"2017-09-11T04:00:20+00:00","author":{"@id":"https:\/\/likemetkovic.hr\/#\/schema\/person\/a42711f3385a0e2be6f7e0443bfb28f0"},"description":"Sa\u017eetak videopriloga o novom grani\u010dnom prijelazu u Metkovi\u0107u kojeg je ju\u010der za RTL napravio Marko Saltari\u0107.","breadcrumb":{"@id":"https:\/\/likemetkovic.hr\/metkovci-slozni-ne-granicnom-prijelazu-metkovic-doljani\/#breadcrumb"},"inLanguage":"hr","potentialAction":[{"@type":"ReadAction","target":["https:\/\/likemetkovic.hr\/metkovci-slozni-ne-granicnom-prijelazu-metkovic-doljani\/"]}]},{"@type":"ImageObject","inLanguage":"hr","@id":"https:\/\/likemetkovic.hr\/metkovci-slozni-ne-granicnom-prijelazu-metkovic-doljani\/#primaryimage","url":"https:\/\/likemetkovic.hr\/portal\/wp-content\/uploads\/2017\/09\/gp-metkovi\u0107.jpg","contentUrl":"https:\/\/likemetkovic.hr\/portal\/wp-content\/uploads\/2017\/09\/gp-metkovi\u0107.jpg","width":996,"height":562},{"@type":"BreadcrumbList","@id":"https:\/\/likemetkovic.hr\/metkovci-slozni-ne-granicnom-prijelazu-metkovic-doljani\/#breadcrumb","itemListElement":[{"@type":"ListItem","position":1,"name":"Po\u010detna stranica","item":"https:\/\/likemetkovic.hr\/portal\/"},{"@type":"ListItem","position":2,"name":"Metkovci u jednom slo\u017eni: &#8220;Ne!&#8221; ovakvom grani\u010dnom prijelazu Metkovi\u0107 (Doljani)"}]},{"@type":"WebSite","@id":"https:\/\/likemetkovic.hr\/#website","url":"https:\/\/likemetkovic.hr\/","name":"likemetkovic.hr","description":"Misli pozitivno... \u010ditaj LIKE","potentialAction":[{"@type":"SearchAction","target":{"@type":"EntryPoint","urlTemplate":"https:\/\/likemetkovic.hr\/?s={search_term_string}"},"query-input":{"@type":"PropertyValueSpecification","valueRequired":true,"valueName":"search_term_string"}}],"inLanguage":"hr"},{"@type":"Person","@id":"https:\/\/likemetkovic.hr\/#\/schema\/person\/a42711f3385a0e2be6f7e0443bfb28f0","name":"LIKEmetkovic.hr","sameAs":["http:\/\/likemetkovic.hr"],"url":"https:\/\/likemetkovic.hr\/portal\/author\/likemetkovic-hr\/"}]}},"_links":{"self":[{"href":"https:\/\/likemetkovic.hr\/portal\/wp-json\/wp\/v2\/posts\/46885","targetHints":{"allow":["GET"]}}],"collection":[{"href":"https:\/\/likemetkovic.hr\/portal\/wp-json\/wp\/v2\/posts"}],"about":[{"href":"https:\/\/likemetkovic.hr\/portal\/wp-json\/wp\/v2\/types\/post"}],"author":[{"embeddable":true,"href":"https:\/\/likemetkovic.hr\/portal\/wp-json\/wp\/v2\/users\/7"}],"replies":[{"embeddable":true,"href":"https:\/\/likemetkovic.hr\/portal\/wp-json\/wp\/v2\/comments?post=46885"}],"version-history":[{"count":0,"href":"https:\/\/likemetkovic.hr\/portal\/wp-json\/wp\/v2\/posts\/46885\/revisions"}],"wp:featuredmedia":[{"embeddable":true,"href":"https:\/\/likemetkovic.hr\/portal\/wp-json\/wp\/v2\/media\/46779"}],"wp:attachment":[{"href":"https:\/\/likemetkovic.hr\/portal\/wp-json\/wp\/v2\/media?parent=46885"}],"wp:term":[{"taxonomy":"category","embeddable":true,"href":"https:\/\/likemetkovic.hr\/portal\/wp-json\/wp\/v2\/categories?post=46885"},{"taxonomy":"post_tag","embeddable":true,"href":"https:\/\/likemetkovic.hr\/portal\/wp-json\/wp\/v2\/tags?post=46885"}],"curies":[{"name":"wp","href":"https:\/\/api.w.org\/{rel}","templated":true}]}}