{"id":46947,"date":"2017-09-13T06:00:25","date_gmt":"2017-09-13T04:00:25","guid":{"rendered":"http:\/\/likemetkovic.hr\/?p=46947"},"modified":"2018-06-08T09:02:05","modified_gmt":"2018-06-08T07:02:05","slug":"mlada-skupina-kud-a-metkovic-sudjelovala-je-na-djecjim-vinkovackim-jesenima","status":"publish","type":"post","link":"https:\/\/likemetkovic.hr\/portal\/mlada-skupina-kud-a-metkovic-sudjelovala-je-na-djecjim-vinkovackim-jesenima\/","title":{"rendered":"Mla\u0111a skupina KUD \u2013 a Metkovi\u0107 sudjelovala je na Dje\u010djim vinkova\u010dkim jesenima."},"content":{"rendered":"<p><strong>Mla\u0111a skupina KUD<\/strong> \u2013 a Metkovi\u0107 pro\u0161li vikend sudjelovala je na ovogodi\u0161njim Dje\u010djim vinkova\u010dkim jesenima.<\/p>\n<p>Na manifestaciji je sudjelovalo 58 dje\u010djih folklornih skupina iz svih hrvatskih \u017eupanija, a Metkovci su pod vodstvom <strong>An\u0111eline Jerkovi\u0107<\/strong> i<strong> Anje Batinovi\u0107<\/strong>, predstavljali Dubrova\u010dko- neretvansku \u017eupaniju, za \u0161to ih je predlo\u017eilo stru\u010dno povjerenstvo 33. Smotre folklora \u201eNa Neretvu mise\u010dina pala\u201c. Na ovogodi\u0161njoj smotri predstavila se skupina uzrasta od 12 do 14 godina izvode\u0107i \u201eNeretvansku posko\u010dicu\u201c uz pratnju lijerice.<\/p>\n<p>Prolaze\u0107i u mimohodu, mladi folklora\u0161i su izvodili dijelove svog programa i tako predstavljali kraj iz kojeg dolaze mnogobrojnoj publici, koja ih je pljeskom nagra\u0111ivala cijelim putem mimohoda.<\/p>\n<p>Ponosno nose\u0107i narodnu no\u0161nju svoga mjesta i kraja, pokazali su da su marljivi i ponosni \u010duvari ba\u0161tine koju su naslijedili od svojih predaka.<\/p>\n\r\n                <style type=\"text\/css\">\r\n                    \r\n                    #tdi_1  .td-doubleSlider-2 .td-item1 {\r\n                        background: url(https:\/\/likemetkovic.hr\/portal\/wp-content\/uploads\/2017\/09\/DSC_0609-80x60.jpg) 0 0 no-repeat;\r\n                    }\r\n                    #tdi_1  .td-doubleSlider-2 .td-item2 {\r\n                        background: url(https:\/\/likemetkovic.hr\/portal\/wp-content\/uploads\/2017\/09\/DSC_0626-80x60.jpg) 0 0 no-repeat;\r\n                    }\r\n                    #tdi_1  .td-doubleSlider-2 .td-item3 {\r\n                        background: url(https:\/\/likemetkovic.hr\/portal\/wp-content\/uploads\/2017\/09\/DSC_0659-80x60.jpg) 0 0 no-repeat;\r\n                    }\r\n                <\/style>\r\n\r\n                <div id=\"tdi_1\" class=\"td-gallery td-slide-on-2-columns\">\r\n                    <div class=\"post_td_gallery\">\r\n                        <div class=\"td-gallery-slide-top\">\r\n                           <div class=\"td-gallery-title\"><\/div>\r\n\r\n                            <div class=\"td-gallery-controls-wrapper\">\r\n                                <div class=\"td-gallery-slide-count\"><span class=\"td-gallery-slide-item-focus\">1<\/span> of 3<\/div>\r\n                                <div class=\"td-gallery-slide-prev-next-but\">\r\n                                    <i class = \"td-icon-left doubleSliderPrevButton\"><\/i>\r\n                                    <i class = \"td-icon-right doubleSliderNextButton\"><\/i>\r\n                                <\/div>\r\n                            <\/div>\r\n                        <\/div>\r\n\r\n                        <div class = \"td-doubleSlider-1 \">\r\n                            <div class = \"td-slider\">\r\n                                \r\n                    <div class = \"td-slide-item td-item1\">\r\n                        <figure class=\"td-slide-galery-figure td-slide-popup-gallery\">\r\n                            <a class=\"slide-gallery-image-link\" href=\"https:\/\/likemetkovic.hr\/portal\/wp-content\/uploads\/2017\/09\/DSC_0609.jpg\" title=\"DSC_0609\"  data-caption=\"\"  data-description=\"\">\r\n                                <img decoding=\"async\" src=\"https:\/\/likemetkovic.hr\/portal\/wp-content\/uploads\/2017\/09\/DSC_0609-592x420.jpg\" srcset=\"https:\/\/likemetkovic.hr\/portal\/wp-content\/uploads\/2017\/09\/DSC_0609-592x420.jpg 592w, https:\/\/likemetkovic.hr\/portal\/wp-content\/uploads\/2017\/09\/DSC_0609-800x568.jpg 800w, https:\/\/likemetkovic.hr\/portal\/wp-content\/uploads\/2017\/09\/DSC_0609-768x545.jpg 768w, https:\/\/likemetkovic.hr\/portal\/wp-content\/uploads\/2017\/09\/DSC_0609-100x70.jpg 100w, https:\/\/likemetkovic.hr\/portal\/wp-content\/uploads\/2017\/09\/DSC_0609-696x494.jpg 696w, https:\/\/likemetkovic.hr\/portal\/wp-content\/uploads\/2017\/09\/DSC_0609.jpg 845w\" sizes=\"(max-width: 592px) 100vw, 592px\" alt=\"\">\r\n                            <\/a>\r\n                            \r\n                        <\/figure>\r\n                    <\/div>\r\n                    <div class = \"td-slide-item td-item2\">\r\n                        <figure class=\"td-slide-galery-figure td-slide-popup-gallery\">\r\n                            <a class=\"slide-gallery-image-link\" href=\"https:\/\/likemetkovic.hr\/portal\/wp-content\/uploads\/2017\/09\/DSC_0626.jpg\" title=\"DSC_0626\"  data-caption=\"\"  data-description=\"\">\r\n                                <img decoding=\"async\" src=\"https:\/\/likemetkovic.hr\/portal\/wp-content\/uploads\/2017\/09\/DSC_0626-758x420.jpg\" srcset=\"https:\/\/likemetkovic.hr\/portal\/wp-content\/uploads\/2017\/09\/DSC_0626-758x420.jpg 758w, https:\/\/likemetkovic.hr\/portal\/wp-content\/uploads\/2017\/09\/DSC_0626.jpg 800w, https:\/\/likemetkovic.hr\/portal\/wp-content\/uploads\/2017\/09\/DSC_0626-768x425.jpg 768w, https:\/\/likemetkovic.hr\/portal\/wp-content\/uploads\/2017\/09\/DSC_0626-696x385.jpg 696w\" sizes=\"(max-width: 758px) 100vw, 758px\" alt=\"\">\r\n                            <\/a>\r\n                            \r\n                        <\/figure>\r\n                    <\/div>\r\n                    <div class = \"td-slide-item td-item3\">\r\n                        <figure class=\"td-slide-galery-figure td-slide-popup-gallery\">\r\n                            <a class=\"slide-gallery-image-link\" href=\"https:\/\/likemetkovic.hr\/portal\/wp-content\/uploads\/2017\/09\/DSC_0659.jpg\" title=\"DSC_0659\"  data-caption=\"\"  data-description=\"\">\r\n                                <img decoding=\"async\" src=\"https:\/\/likemetkovic.hr\/portal\/wp-content\/uploads\/2017\/09\/DSC_0659-629x420.jpg\" srcset=\"https:\/\/likemetkovic.hr\/portal\/wp-content\/uploads\/2017\/09\/DSC_0659-629x420.jpg 629w, https:\/\/likemetkovic.hr\/portal\/wp-content\/uploads\/2017\/09\/DSC_0659-800x534.jpg 800w, https:\/\/likemetkovic.hr\/portal\/wp-content\/uploads\/2017\/09\/DSC_0659-768x513.jpg 768w, https:\/\/likemetkovic.hr\/portal\/wp-content\/uploads\/2017\/09\/DSC_0659-696x465.jpg 696w, https:\/\/likemetkovic.hr\/portal\/wp-content\/uploads\/2017\/09\/DSC_0659.jpg 900w\" sizes=\"(max-width: 629px) 100vw, 629px\" alt=\"\">\r\n                            <\/a>\r\n                            \r\n                        <\/figure>\r\n                    <\/div>\r\n                            <\/div>\r\n                        <\/div>\r\n\r\n                        <div class = \"td-doubleSlider-2\">\r\n                            <div class = \"td-slider\">\r\n                                \r\n                    <div class = \"td-button td-item1\">\r\n                        <div class = \"td-border\"><\/div>\r\n                    <\/div>\r\n                    <div class = \"td-button td-item2\">\r\n                        <div class = \"td-border\"><\/div>\r\n                    <\/div>\r\n                    <div class = \"td-button td-item3\">\r\n                        <div class = \"td-border\"><\/div>\r\n                    <\/div>\r\n                            <\/div>\r\n                        <\/div>\r\n\r\n                    <\/div>\r\n\r\n                <\/div>\r\n                \n<p>Foto: KUD Metkovi\u0107<\/p>\n","protected":false},"excerpt":{"rendered":"<p>Mla\u0111a skupina KUD \u2013 a Metkovi\u0107 pro\u0161li vikend sudjelovala je na ovogodi\u0161njim Dje\u010djim vinkova\u010dkim jesenima. Na manifestaciji je sudjelovalo 58 dje\u010djih folklornih skupina iz svih hrvatskih \u017eupanija, a Metkovci su pod vodstvom An\u0111eline Jerkovi\u0107 i Anje Batinovi\u0107, predstavljali Dubrova\u010dko- neretvansku \u017eupaniju, za \u0161to ih je predlo\u017eilo stru\u010dno povjerenstvo 33. Smotre folklora \u201eNa Neretvu mise\u010dina pala\u201c. [&hellip;]<\/p>\n","protected":false},"author":7,"featured_media":46962,"comment_status":"open","ping_status":"open","sticky":false,"template":"","format":"standard","meta":{"footnotes":""},"categories":[296,1028],"tags":[1313,431],"class_list":{"0":"post-46947","1":"post","2":"type-post","3":"status-publish","4":"format-standard","5":"has-post-thumbnail","7":"category-ab","8":"category-kultura-2","9":"tag-djecje-vinkovacke-jeseni","10":"tag-kud-metkovic"},"yoast_head":"<!-- This site is optimized with the Yoast SEO plugin v25.2 - https:\/\/yoast.com\/wordpress\/plugins\/seo\/ -->\n<title>Mla\u0111a skupina KUD \u2013 a Metkovi\u0107 sudjelovala je na Dje\u010djim vinkova\u010dkim jesenima. - likemetkovic.hr<\/title>\n<meta name=\"description\" content=\"Mla\u0111a skupina KUD \u2013 a Metkovi\u0107 pro\u0161li vikend sudjelovala je na ovogodi\u0161njim Dje\u010djim vinkova\u010dkim jesenima. Pogledajte galeriju fotografija s njihova nastupa.\" \/>\n<meta name=\"robots\" content=\"index, follow, max-snippet:-1, max-image-preview:large, max-video-preview:-1\" \/>\n<link rel=\"canonical\" href=\"https:\/\/likemetkovic.hr\/mlada-skupina-kud-a-metkovic-sudjelovala-je-na-djecjim-vinkovackim-jesenima\/\" \/>\n<meta property=\"og:locale\" content=\"hr_HR\" \/>\n<meta property=\"og:type\" content=\"article\" \/>\n<meta property=\"og:title\" content=\"Mla\u0111a skupina KUD \u2013 a Metkovi\u0107 sudjelovala je na Dje\u010djim vinkova\u010dkim jesenima. - likemetkovic.hr\" \/>\n<meta property=\"og:description\" content=\"Mla\u0111a skupina KUD \u2013 a Metkovi\u0107 pro\u0161li vikend sudjelovala je na ovogodi\u0161njim Dje\u010djim vinkova\u010dkim jesenima. Pogledajte galeriju fotografija s njihova nastupa.\" \/>\n<meta property=\"og:url\" content=\"https:\/\/likemetkovic.hr\/mlada-skupina-kud-a-metkovic-sudjelovala-je-na-djecjim-vinkovackim-jesenima\/\" \/>\n<meta property=\"og:site_name\" content=\"likemetkovic.hr\" \/>\n<meta property=\"article:publisher\" content=\"https:\/\/www.facebook.com\/likemetkovic.hr\/\" \/>\n<meta property=\"article:published_time\" content=\"2017-09-13T04:00:25+00:00\" \/>\n<meta property=\"article:modified_time\" content=\"2018-06-08T07:02:05+00:00\" \/>\n<meta property=\"og:image\" content=\"https:\/\/likemetkovic.hr\/wp-content\/uploads\/2017\/09\/DSC_0609-1.jpg\" \/>\n\t<meta property=\"og:image:width\" content=\"845\" \/>\n\t<meta property=\"og:image:height\" content=\"600\" \/>\n\t<meta property=\"og:image:type\" content=\"image\/jpeg\" \/>\n<meta name=\"author\" content=\"LIKEmetkovic.hr\" \/>\n<meta name=\"twitter:card\" content=\"summary_large_image\" \/>\n<meta name=\"twitter:label1\" content=\"Napisao\/la\" \/>\n\t<meta name=\"twitter:data1\" content=\"LIKEmetkovic.hr\" \/>\n\t<meta name=\"twitter:label2\" content=\"Procijenjeno vrijeme \u010ditanja\" \/>\n\t<meta name=\"twitter:data2\" content=\"1 minuta\" \/>\n<script type=\"application\/ld+json\" class=\"yoast-schema-graph\">{\"@context\":\"https:\/\/schema.org\",\"@graph\":[{\"@type\":\"WebPage\",\"@id\":\"https:\/\/likemetkovic.hr\/mlada-skupina-kud-a-metkovic-sudjelovala-je-na-djecjim-vinkovackim-jesenima\/\",\"url\":\"https:\/\/likemetkovic.hr\/mlada-skupina-kud-a-metkovic-sudjelovala-je-na-djecjim-vinkovackim-jesenima\/\",\"name\":\"Mla\u0111a skupina KUD \u2013 a Metkovi\u0107 sudjelovala je na Dje\u010djim vinkova\u010dkim jesenima. - likemetkovic.hr\",\"isPartOf\":{\"@id\":\"https:\/\/likemetkovic.hr\/#website\"},\"primaryImageOfPage\":{\"@id\":\"https:\/\/likemetkovic.hr\/mlada-skupina-kud-a-metkovic-sudjelovala-je-na-djecjim-vinkovackim-jesenima\/#primaryimage\"},\"image\":{\"@id\":\"https:\/\/likemetkovic.hr\/mlada-skupina-kud-a-metkovic-sudjelovala-je-na-djecjim-vinkovackim-jesenima\/#primaryimage\"},\"thumbnailUrl\":\"https:\/\/likemetkovic.hr\/portal\/wp-content\/uploads\/2017\/09\/DSC_0609-1.jpg\",\"datePublished\":\"2017-09-13T04:00:25+00:00\",\"dateModified\":\"2018-06-08T07:02:05+00:00\",\"author\":{\"@id\":\"https:\/\/likemetkovic.hr\/#\/schema\/person\/a42711f3385a0e2be6f7e0443bfb28f0\"},\"description\":\"Mla\u0111a skupina KUD \u2013 a Metkovi\u0107 pro\u0161li vikend sudjelovala je na ovogodi\u0161njim Dje\u010djim vinkova\u010dkim jesenima. Pogledajte galeriju fotografija s njihova nastupa.\",\"breadcrumb\":{\"@id\":\"https:\/\/likemetkovic.hr\/mlada-skupina-kud-a-metkovic-sudjelovala-je-na-djecjim-vinkovackim-jesenima\/#breadcrumb\"},\"inLanguage\":\"hr\",\"potentialAction\":[{\"@type\":\"ReadAction\",\"target\":[\"https:\/\/likemetkovic.hr\/mlada-skupina-kud-a-metkovic-sudjelovala-je-na-djecjim-vinkovackim-jesenima\/\"]}]},{\"@type\":\"ImageObject\",\"inLanguage\":\"hr\",\"@id\":\"https:\/\/likemetkovic.hr\/mlada-skupina-kud-a-metkovic-sudjelovala-je-na-djecjim-vinkovackim-jesenima\/#primaryimage\",\"url\":\"https:\/\/likemetkovic.hr\/portal\/wp-content\/uploads\/2017\/09\/DSC_0609-1.jpg\",\"contentUrl\":\"https:\/\/likemetkovic.hr\/portal\/wp-content\/uploads\/2017\/09\/DSC_0609-1.jpg\",\"width\":845,\"height\":600},{\"@type\":\"BreadcrumbList\",\"@id\":\"https:\/\/likemetkovic.hr\/mlada-skupina-kud-a-metkovic-sudjelovala-je-na-djecjim-vinkovackim-jesenima\/#breadcrumb\",\"itemListElement\":[{\"@type\":\"ListItem\",\"position\":1,\"name\":\"Po\u010detna stranica\",\"item\":\"https:\/\/likemetkovic.hr\/portal\/\"},{\"@type\":\"ListItem\",\"position\":2,\"name\":\"Mla\u0111a skupina KUD \u2013 a Metkovi\u0107 sudjelovala je na Dje\u010djim vinkova\u010dkim jesenima.\"}]},{\"@type\":\"WebSite\",\"@id\":\"https:\/\/likemetkovic.hr\/#website\",\"url\":\"https:\/\/likemetkovic.hr\/\",\"name\":\"likemetkovic.hr\",\"description\":\"Misli pozitivno... \u010ditaj LIKE\",\"potentialAction\":[{\"@type\":\"SearchAction\",\"target\":{\"@type\":\"EntryPoint\",\"urlTemplate\":\"https:\/\/likemetkovic.hr\/?s={search_term_string}\"},\"query-input\":{\"@type\":\"PropertyValueSpecification\",\"valueRequired\":true,\"valueName\":\"search_term_string\"}}],\"inLanguage\":\"hr\"},{\"@type\":\"Person\",\"@id\":\"https:\/\/likemetkovic.hr\/#\/schema\/person\/a42711f3385a0e2be6f7e0443bfb28f0\",\"name\":\"LIKEmetkovic.hr\",\"sameAs\":[\"http:\/\/likemetkovic.hr\"],\"url\":\"https:\/\/likemetkovic.hr\/portal\/author\/likemetkovic-hr\/\"}]}<\/script>\n<!-- \/ Yoast SEO plugin. -->","yoast_head_json":{"title":"Mla\u0111a skupina KUD \u2013 a Metkovi\u0107 sudjelovala je na Dje\u010djim vinkova\u010dkim jesenima. - likemetkovic.hr","description":"Mla\u0111a skupina KUD \u2013 a Metkovi\u0107 pro\u0161li vikend sudjelovala je na ovogodi\u0161njim Dje\u010djim vinkova\u010dkim jesenima. Pogledajte galeriju fotografija s njihova nastupa.","robots":{"index":"index","follow":"follow","max-snippet":"max-snippet:-1","max-image-preview":"max-image-preview:large","max-video-preview":"max-video-preview:-1"},"canonical":"https:\/\/likemetkovic.hr\/mlada-skupina-kud-a-metkovic-sudjelovala-je-na-djecjim-vinkovackim-jesenima\/","og_locale":"hr_HR","og_type":"article","og_title":"Mla\u0111a skupina KUD \u2013 a Metkovi\u0107 sudjelovala je na Dje\u010djim vinkova\u010dkim jesenima. - likemetkovic.hr","og_description":"Mla\u0111a skupina KUD \u2013 a Metkovi\u0107 pro\u0161li vikend sudjelovala je na ovogodi\u0161njim Dje\u010djim vinkova\u010dkim jesenima. Pogledajte galeriju fotografija s njihova nastupa.","og_url":"https:\/\/likemetkovic.hr\/mlada-skupina-kud-a-metkovic-sudjelovala-je-na-djecjim-vinkovackim-jesenima\/","og_site_name":"likemetkovic.hr","article_publisher":"https:\/\/www.facebook.com\/likemetkovic.hr\/","article_published_time":"2017-09-13T04:00:25+00:00","article_modified_time":"2018-06-08T07:02:05+00:00","og_image":[{"width":845,"height":600,"url":"https:\/\/likemetkovic.hr\/wp-content\/uploads\/2017\/09\/DSC_0609-1.jpg","type":"image\/jpeg"}],"author":"LIKEmetkovic.hr","twitter_card":"summary_large_image","twitter_misc":{"Napisao\/la":"LIKEmetkovic.hr","Procijenjeno vrijeme \u010ditanja":"1 minuta"},"schema":{"@context":"https:\/\/schema.org","@graph":[{"@type":"WebPage","@id":"https:\/\/likemetkovic.hr\/mlada-skupina-kud-a-metkovic-sudjelovala-je-na-djecjim-vinkovackim-jesenima\/","url":"https:\/\/likemetkovic.hr\/mlada-skupina-kud-a-metkovic-sudjelovala-je-na-djecjim-vinkovackim-jesenima\/","name":"Mla\u0111a skupina KUD \u2013 a Metkovi\u0107 sudjelovala je na Dje\u010djim vinkova\u010dkim jesenima. - likemetkovic.hr","isPartOf":{"@id":"https:\/\/likemetkovic.hr\/#website"},"primaryImageOfPage":{"@id":"https:\/\/likemetkovic.hr\/mlada-skupina-kud-a-metkovic-sudjelovala-je-na-djecjim-vinkovackim-jesenima\/#primaryimage"},"image":{"@id":"https:\/\/likemetkovic.hr\/mlada-skupina-kud-a-metkovic-sudjelovala-je-na-djecjim-vinkovackim-jesenima\/#primaryimage"},"thumbnailUrl":"https:\/\/likemetkovic.hr\/portal\/wp-content\/uploads\/2017\/09\/DSC_0609-1.jpg","datePublished":"2017-09-13T04:00:25+00:00","dateModified":"2018-06-08T07:02:05+00:00","author":{"@id":"https:\/\/likemetkovic.hr\/#\/schema\/person\/a42711f3385a0e2be6f7e0443bfb28f0"},"description":"Mla\u0111a skupina KUD \u2013 a Metkovi\u0107 pro\u0161li vikend sudjelovala je na ovogodi\u0161njim Dje\u010djim vinkova\u010dkim jesenima. Pogledajte galeriju fotografija s njihova nastupa.","breadcrumb":{"@id":"https:\/\/likemetkovic.hr\/mlada-skupina-kud-a-metkovic-sudjelovala-je-na-djecjim-vinkovackim-jesenima\/#breadcrumb"},"inLanguage":"hr","potentialAction":[{"@type":"ReadAction","target":["https:\/\/likemetkovic.hr\/mlada-skupina-kud-a-metkovic-sudjelovala-je-na-djecjim-vinkovackim-jesenima\/"]}]},{"@type":"ImageObject","inLanguage":"hr","@id":"https:\/\/likemetkovic.hr\/mlada-skupina-kud-a-metkovic-sudjelovala-je-na-djecjim-vinkovackim-jesenima\/#primaryimage","url":"https:\/\/likemetkovic.hr\/portal\/wp-content\/uploads\/2017\/09\/DSC_0609-1.jpg","contentUrl":"https:\/\/likemetkovic.hr\/portal\/wp-content\/uploads\/2017\/09\/DSC_0609-1.jpg","width":845,"height":600},{"@type":"BreadcrumbList","@id":"https:\/\/likemetkovic.hr\/mlada-skupina-kud-a-metkovic-sudjelovala-je-na-djecjim-vinkovackim-jesenima\/#breadcrumb","itemListElement":[{"@type":"ListItem","position":1,"name":"Po\u010detna stranica","item":"https:\/\/likemetkovic.hr\/portal\/"},{"@type":"ListItem","position":2,"name":"Mla\u0111a skupina KUD \u2013 a Metkovi\u0107 sudjelovala je na Dje\u010djim vinkova\u010dkim jesenima."}]},{"@type":"WebSite","@id":"https:\/\/likemetkovic.hr\/#website","url":"https:\/\/likemetkovic.hr\/","name":"likemetkovic.hr","description":"Misli pozitivno... \u010ditaj LIKE","potentialAction":[{"@type":"SearchAction","target":{"@type":"EntryPoint","urlTemplate":"https:\/\/likemetkovic.hr\/?s={search_term_string}"},"query-input":{"@type":"PropertyValueSpecification","valueRequired":true,"valueName":"search_term_string"}}],"inLanguage":"hr"},{"@type":"Person","@id":"https:\/\/likemetkovic.hr\/#\/schema\/person\/a42711f3385a0e2be6f7e0443bfb28f0","name":"LIKEmetkovic.hr","sameAs":["http:\/\/likemetkovic.hr"],"url":"https:\/\/likemetkovic.hr\/portal\/author\/likemetkovic-hr\/"}]}},"_links":{"self":[{"href":"https:\/\/likemetkovic.hr\/portal\/wp-json\/wp\/v2\/posts\/46947","targetHints":{"allow":["GET"]}}],"collection":[{"href":"https:\/\/likemetkovic.hr\/portal\/wp-json\/wp\/v2\/posts"}],"about":[{"href":"https:\/\/likemetkovic.hr\/portal\/wp-json\/wp\/v2\/types\/post"}],"author":[{"embeddable":true,"href":"https:\/\/likemetkovic.hr\/portal\/wp-json\/wp\/v2\/users\/7"}],"replies":[{"embeddable":true,"href":"https:\/\/likemetkovic.hr\/portal\/wp-json\/wp\/v2\/comments?post=46947"}],"version-history":[{"count":0,"href":"https:\/\/likemetkovic.hr\/portal\/wp-json\/wp\/v2\/posts\/46947\/revisions"}],"wp:featuredmedia":[{"embeddable":true,"href":"https:\/\/likemetkovic.hr\/portal\/wp-json\/wp\/v2\/media\/46962"}],"wp:attachment":[{"href":"https:\/\/likemetkovic.hr\/portal\/wp-json\/wp\/v2\/media?parent=46947"}],"wp:term":[{"taxonomy":"category","embeddable":true,"href":"https:\/\/likemetkovic.hr\/portal\/wp-json\/wp\/v2\/categories?post=46947"},{"taxonomy":"post_tag","embeddable":true,"href":"https:\/\/likemetkovic.hr\/portal\/wp-json\/wp\/v2\/tags?post=46947"}],"curies":[{"name":"wp","href":"https:\/\/api.w.org\/{rel}","templated":true}]}}