{"id":46982,"date":"2017-09-14T08:00:12","date_gmt":"2017-09-14T06:00:12","guid":{"rendered":"http:\/\/likemetkovic.hr\/?p=46982"},"modified":"2017-09-14T06:51:58","modified_gmt":"2017-09-14T04:51:58","slug":"iv-sjednica-gradskog-vijeca","status":"publish","type":"post","link":"https:\/\/likemetkovic.hr\/portal\/iv-sjednica-gradskog-vijeca\/","title":{"rendered":"VIDEO: IV. sjednica Gradskog vije\u0107a u znaku rebalansa prora\u010duna i vje\u0107ni\u010dkih pitanja"},"content":{"rendered":"<p>Ju\u010der, 13. rujna 2017., u Zgradi politi\u010dkih stranaka odr\u017eana je IV. sjednica Gradskog vije\u0107a Grada Metkovi\u0107a pod predsjedanjem predsjednika Hrvoja Bebi\u0107a. Dnevni red je imao 12 to\u010daka od kojih su ve\u0107inom bile odluke o uskla\u0111ivanju prora\u010duna s dosada\u0161njim izvr\u0161enjem i planiranje izvr\u0161enja do kraja kalendarske godine. Ukupno su <strong>smanjeni rashodi i prihodi za oko 6 mil. kuna<\/strong>, tj. u 2017.\u00a0predvi\u0111a se prihod od 35.107.362,72 kn i rashod od 35.007.362,72 kn.<\/p>\n<p>Za <strong>izgradnju komunalne infrastrukture<\/strong> osigurat \u0107e se iznos od 6.444.966 kuna, i to: za javne povr\u0161ine 1.535.658,50 kuna: za nerazvrstane cesta 4.474.307,50 kuna, za javnu rasvjetu 405.000 kuna i za ure\u0111enje groblja 30.000 kuna.<\/p>\n<p>Za\u00a0<strong>odr\u017eavanje komunalne infrastrukture<\/strong> na podru\u010dju Grada u 2017. godini osigurat \u0107e se 4.781.529 kuna iz komunalne naknade: za odr\u017eavanje javnih povr\u0161ina 770.865 kuna, za odr\u017eavanje cesta 351.181 kuna, za javnu rasvjetu 1.308.467,46 kuna.<\/p>\n<p>Za\u00a0<strong>programe socijalne skrbi<\/strong> Grada Metkovi\u0107a za 2017. godinu Grad u Prora\u010dunu osigurava 950.200 kuna.<\/p>\n<p>Za <strong>kulturu<\/strong> Grada Metkovi\u0107a za 2017. godinu ukupno se izdvaja 2.510.294 kune: za Ustanovu za kulturu i sport namijenjeno je 1.445.760 kn, za Gradsku knji\u017enicu Metkovi\u0107 712.889,05 kn, za Prirodoslovni muzej Metkovi\u0107 351.519,85 kn te za 10 udruga, koje su se javile na natje\u010daje, 124.000 kn.<\/p>\n<p>Za\u00a0<strong>potrebe u pred\u0161kolskom odgoju<\/strong> Grada Metkovi\u0107a za 2017. godinu DV Metkovi\u0107 dobiva 3.487.486,68 kn, DV Mali Isus i DV Leut po 100.000 kn, a DV P\u010delica 20.700 kn.<\/p>\n<p>Usvojeni su prijedlozi o <strong>otpisu nenaplativih dugova<\/strong> od\u00a0pravomo\u0107no izbrisanih subjekata u iznosu od\u00a0154.266 kuna i o <strong>otpisu potra\u017eivanja temeljem nastupa apsolutne zastare<\/strong> u iznosu od 285.004,20 kn.<\/p>\n<p>Gradsko vije\u0107e potvrdilo je Rje\u0161enje o imenovanju Upravnog vije\u0107a Ustanove za kulturu i sport, a novi \u010dlanovi toga tijela su<strong> Ivana \u010carapina, Danijela Dragobratovi\u0107 i Nino Erceg<\/strong>.<\/p>\n<p>Prihva\u0107en je Prijedlog Odluke o raspore\u0111ivanju sredstava za <strong>financiranje politi\u010dkih stranaka<\/strong> zastupljenih u Gradskom vije\u0107u Grada Metkovi\u0107a za 2017. godinu. Za to je planirano 13.996,80 kn. Tako \u0107e Most NL dobiti ukupno 6.429,90 kn, Koalicija HDZ-a i HSLS-a 4.523,30 kn, HSS 2.533,60 kn, a koalicija SDP-a i HSU-a 510 kn.<\/p>\n<p>Tako\u0111er je prihva\u0107en <strong>Ugovor o pravu gra\u0111enja zamjenske trafostanice<\/strong> Krvavac 3 (Komazini) izme\u0111u Grada Metkovi\u0107a i \u00a0HEP-a.<\/p>\n<p>Drugi dio sjednice, koja je trajala ne\u0161to vi\u0161e od 3 sata, bio je predvi\u0111en za <strong>vje\u0107ni\u010dka pitanja<\/strong> upu\u0107ena gradona\u010delniku Milanu. Vi\u0161e o tome pogledajte u snimci ju\u010dera\u0161nje sjednice Gradskog vije\u0107a.<\/p>\n<p><iframe title=\"4. Sjednica Gradskog vije\u0107a Grada Metkovi\u0107a\" width=\"696\" height=\"392\" src=\"https:\/\/www.youtube.com\/embed\/MEBgtxLMqJc?feature=oembed\" frameborder=\"0\" allow=\"accelerometer; autoplay; encrypted-media; gyroscope; picture-in-picture\" allowfullscreen><\/iframe><\/p>\n<p>Foto: Facebook\/screenshot<\/p>\n<p>&nbsp;<\/p>\n<p>&nbsp;<\/p>\n","protected":false},"excerpt":{"rendered":"<p>Ju\u010der, 13. rujna 2017., u Zgradi politi\u010dkih stranaka odr\u017eana je IV. sjednica Gradskog vije\u0107a Grada Metkovi\u0107a pod predsjedanjem predsjednika Hrvoja Bebi\u0107a. Dnevni red je imao 12 to\u010daka od kojih su ve\u0107inom bile odluke o uskla\u0111ivanju prora\u010duna s dosada\u0161njim izvr\u0161enjem i planiranje izvr\u0161enja do kraja kalendarske godine. Ukupno su smanjeni rashodi i prihodi za oko 6 [&hellip;]<\/p>\n","protected":false},"author":7,"featured_media":47009,"comment_status":"open","ping_status":"open","sticky":false,"template":"","format":"standard","meta":{"footnotes":""},"categories":[283,290],"tags":[340,1321,1322],"class_list":{"0":"post-46982","1":"post","2":"type-post","3":"status-publish","4":"format-standard","5":"has-post-thumbnail","7":"category-a","8":"category-politika","9":"tag-grad-metkovic","10":"tag-gradsko-vijece","11":"tag-rebalans-proracuna"},"yoast_head":"<!-- This site is optimized with the Yoast SEO plugin v25.2 - https:\/\/yoast.com\/wordpress\/plugins\/seo\/ -->\n<title>VIDEO: IV. sjednica Gradskog vije\u0107a u znaku rebalansa prora\u010duna i vje\u0107ni\u010dkih pitanja - likemetkovic.hr<\/title>\n<meta name=\"description\" content=\"Ju\u010der, 13. rujna 2017., odr\u017eana je IV. sjednica Gradskog vije\u0107a Grada Metkovi\u0107a. Od 12 to\u010daka dnevnog reda ve\u0107ina ih je o rebalansu prora\u010duna.\" \/>\n<meta name=\"robots\" content=\"index, follow, max-snippet:-1, max-image-preview:large, max-video-preview:-1\" \/>\n<link rel=\"canonical\" href=\"https:\/\/likemetkovic.hr\/iv-sjednica-gradskog-vijeca\/\" \/>\n<meta property=\"og:locale\" content=\"hr_HR\" \/>\n<meta property=\"og:type\" content=\"article\" \/>\n<meta property=\"og:title\" content=\"VIDEO: IV. sjednica Gradskog vije\u0107a u znaku rebalansa prora\u010duna i vje\u0107ni\u010dkih pitanja - likemetkovic.hr\" \/>\n<meta property=\"og:description\" content=\"Ju\u010der, 13. rujna 2017., odr\u017eana je IV. sjednica Gradskog vije\u0107a Grada Metkovi\u0107a. Od 12 to\u010daka dnevnog reda ve\u0107ina ih je o rebalansu prora\u010duna.\" \/>\n<meta property=\"og:url\" content=\"https:\/\/likemetkovic.hr\/iv-sjednica-gradskog-vijeca\/\" \/>\n<meta property=\"og:site_name\" content=\"likemetkovic.hr\" \/>\n<meta property=\"article:publisher\" content=\"https:\/\/www.facebook.com\/likemetkovic.hr\/\" \/>\n<meta property=\"article:published_time\" content=\"2017-09-14T06:00:12+00:00\" \/>\n<meta property=\"og:image\" content=\"https:\/\/likemetkovic.hr\/wp-content\/uploads\/2017\/09\/GV-2.jpg\" \/>\n\t<meta property=\"og:image:width\" content=\"1067\" \/>\n\t<meta property=\"og:image:height\" content=\"600\" \/>\n\t<meta property=\"og:image:type\" content=\"image\/jpeg\" \/>\n<meta name=\"author\" content=\"LIKEmetkovic.hr\" \/>\n<meta name=\"twitter:card\" content=\"summary_large_image\" \/>\n<meta name=\"twitter:label1\" content=\"Napisao\/la\" \/>\n\t<meta name=\"twitter:data1\" content=\"LIKEmetkovic.hr\" \/>\n\t<meta name=\"twitter:label2\" content=\"Procijenjeno vrijeme \u010ditanja\" \/>\n\t<meta name=\"twitter:data2\" content=\"2 minute\" \/>\n<script type=\"application\/ld+json\" class=\"yoast-schema-graph\">{\"@context\":\"https:\/\/schema.org\",\"@graph\":[{\"@type\":\"WebPage\",\"@id\":\"https:\/\/likemetkovic.hr\/iv-sjednica-gradskog-vijeca\/\",\"url\":\"https:\/\/likemetkovic.hr\/iv-sjednica-gradskog-vijeca\/\",\"name\":\"VIDEO: IV. sjednica Gradskog vije\u0107a u znaku rebalansa prora\u010duna i vje\u0107ni\u010dkih pitanja - likemetkovic.hr\",\"isPartOf\":{\"@id\":\"https:\/\/likemetkovic.hr\/#website\"},\"primaryImageOfPage\":{\"@id\":\"https:\/\/likemetkovic.hr\/iv-sjednica-gradskog-vijeca\/#primaryimage\"},\"image\":{\"@id\":\"https:\/\/likemetkovic.hr\/iv-sjednica-gradskog-vijeca\/#primaryimage\"},\"thumbnailUrl\":\"https:\/\/likemetkovic.hr\/portal\/wp-content\/uploads\/2017\/09\/GV-2.jpg\",\"datePublished\":\"2017-09-14T06:00:12+00:00\",\"author\":{\"@id\":\"https:\/\/likemetkovic.hr\/#\/schema\/person\/a42711f3385a0e2be6f7e0443bfb28f0\"},\"description\":\"Ju\u010der, 13. rujna 2017., odr\u017eana je IV. sjednica Gradskog vije\u0107a Grada Metkovi\u0107a. Od 12 to\u010daka dnevnog reda ve\u0107ina ih je o rebalansu prora\u010duna.\",\"breadcrumb\":{\"@id\":\"https:\/\/likemetkovic.hr\/iv-sjednica-gradskog-vijeca\/#breadcrumb\"},\"inLanguage\":\"hr\",\"potentialAction\":[{\"@type\":\"ReadAction\",\"target\":[\"https:\/\/likemetkovic.hr\/iv-sjednica-gradskog-vijeca\/\"]}]},{\"@type\":\"ImageObject\",\"inLanguage\":\"hr\",\"@id\":\"https:\/\/likemetkovic.hr\/iv-sjednica-gradskog-vijeca\/#primaryimage\",\"url\":\"https:\/\/likemetkovic.hr\/portal\/wp-content\/uploads\/2017\/09\/GV-2.jpg\",\"contentUrl\":\"https:\/\/likemetkovic.hr\/portal\/wp-content\/uploads\/2017\/09\/GV-2.jpg\",\"width\":1067,\"height\":600},{\"@type\":\"BreadcrumbList\",\"@id\":\"https:\/\/likemetkovic.hr\/iv-sjednica-gradskog-vijeca\/#breadcrumb\",\"itemListElement\":[{\"@type\":\"ListItem\",\"position\":1,\"name\":\"Po\u010detna stranica\",\"item\":\"https:\/\/likemetkovic.hr\/portal\/\"},{\"@type\":\"ListItem\",\"position\":2,\"name\":\"VIDEO: IV. sjednica Gradskog vije\u0107a u znaku rebalansa prora\u010duna i vje\u0107ni\u010dkih pitanja\"}]},{\"@type\":\"WebSite\",\"@id\":\"https:\/\/likemetkovic.hr\/#website\",\"url\":\"https:\/\/likemetkovic.hr\/\",\"name\":\"likemetkovic.hr\",\"description\":\"Misli pozitivno... \u010ditaj LIKE\",\"potentialAction\":[{\"@type\":\"SearchAction\",\"target\":{\"@type\":\"EntryPoint\",\"urlTemplate\":\"https:\/\/likemetkovic.hr\/?s={search_term_string}\"},\"query-input\":{\"@type\":\"PropertyValueSpecification\",\"valueRequired\":true,\"valueName\":\"search_term_string\"}}],\"inLanguage\":\"hr\"},{\"@type\":\"Person\",\"@id\":\"https:\/\/likemetkovic.hr\/#\/schema\/person\/a42711f3385a0e2be6f7e0443bfb28f0\",\"name\":\"LIKEmetkovic.hr\",\"sameAs\":[\"http:\/\/likemetkovic.hr\"],\"url\":\"https:\/\/likemetkovic.hr\/portal\/author\/likemetkovic-hr\/\"}]}<\/script>\n<!-- \/ Yoast SEO plugin. -->","yoast_head_json":{"title":"VIDEO: IV. sjednica Gradskog vije\u0107a u znaku rebalansa prora\u010duna i vje\u0107ni\u010dkih pitanja - likemetkovic.hr","description":"Ju\u010der, 13. rujna 2017., odr\u017eana je IV. sjednica Gradskog vije\u0107a Grada Metkovi\u0107a. Od 12 to\u010daka dnevnog reda ve\u0107ina ih je o rebalansu prora\u010duna.","robots":{"index":"index","follow":"follow","max-snippet":"max-snippet:-1","max-image-preview":"max-image-preview:large","max-video-preview":"max-video-preview:-1"},"canonical":"https:\/\/likemetkovic.hr\/iv-sjednica-gradskog-vijeca\/","og_locale":"hr_HR","og_type":"article","og_title":"VIDEO: IV. sjednica Gradskog vije\u0107a u znaku rebalansa prora\u010duna i vje\u0107ni\u010dkih pitanja - likemetkovic.hr","og_description":"Ju\u010der, 13. rujna 2017., odr\u017eana je IV. sjednica Gradskog vije\u0107a Grada Metkovi\u0107a. Od 12 to\u010daka dnevnog reda ve\u0107ina ih je o rebalansu prora\u010duna.","og_url":"https:\/\/likemetkovic.hr\/iv-sjednica-gradskog-vijeca\/","og_site_name":"likemetkovic.hr","article_publisher":"https:\/\/www.facebook.com\/likemetkovic.hr\/","article_published_time":"2017-09-14T06:00:12+00:00","og_image":[{"width":1067,"height":600,"url":"https:\/\/likemetkovic.hr\/wp-content\/uploads\/2017\/09\/GV-2.jpg","type":"image\/jpeg"}],"author":"LIKEmetkovic.hr","twitter_card":"summary_large_image","twitter_misc":{"Napisao\/la":"LIKEmetkovic.hr","Procijenjeno vrijeme \u010ditanja":"2 minute"},"schema":{"@context":"https:\/\/schema.org","@graph":[{"@type":"WebPage","@id":"https:\/\/likemetkovic.hr\/iv-sjednica-gradskog-vijeca\/","url":"https:\/\/likemetkovic.hr\/iv-sjednica-gradskog-vijeca\/","name":"VIDEO: IV. sjednica Gradskog vije\u0107a u znaku rebalansa prora\u010duna i vje\u0107ni\u010dkih pitanja - likemetkovic.hr","isPartOf":{"@id":"https:\/\/likemetkovic.hr\/#website"},"primaryImageOfPage":{"@id":"https:\/\/likemetkovic.hr\/iv-sjednica-gradskog-vijeca\/#primaryimage"},"image":{"@id":"https:\/\/likemetkovic.hr\/iv-sjednica-gradskog-vijeca\/#primaryimage"},"thumbnailUrl":"https:\/\/likemetkovic.hr\/portal\/wp-content\/uploads\/2017\/09\/GV-2.jpg","datePublished":"2017-09-14T06:00:12+00:00","author":{"@id":"https:\/\/likemetkovic.hr\/#\/schema\/person\/a42711f3385a0e2be6f7e0443bfb28f0"},"description":"Ju\u010der, 13. rujna 2017., odr\u017eana je IV. sjednica Gradskog vije\u0107a Grada Metkovi\u0107a. Od 12 to\u010daka dnevnog reda ve\u0107ina ih je o rebalansu prora\u010duna.","breadcrumb":{"@id":"https:\/\/likemetkovic.hr\/iv-sjednica-gradskog-vijeca\/#breadcrumb"},"inLanguage":"hr","potentialAction":[{"@type":"ReadAction","target":["https:\/\/likemetkovic.hr\/iv-sjednica-gradskog-vijeca\/"]}]},{"@type":"ImageObject","inLanguage":"hr","@id":"https:\/\/likemetkovic.hr\/iv-sjednica-gradskog-vijeca\/#primaryimage","url":"https:\/\/likemetkovic.hr\/portal\/wp-content\/uploads\/2017\/09\/GV-2.jpg","contentUrl":"https:\/\/likemetkovic.hr\/portal\/wp-content\/uploads\/2017\/09\/GV-2.jpg","width":1067,"height":600},{"@type":"BreadcrumbList","@id":"https:\/\/likemetkovic.hr\/iv-sjednica-gradskog-vijeca\/#breadcrumb","itemListElement":[{"@type":"ListItem","position":1,"name":"Po\u010detna stranica","item":"https:\/\/likemetkovic.hr\/portal\/"},{"@type":"ListItem","position":2,"name":"VIDEO: IV. sjednica Gradskog vije\u0107a u znaku rebalansa prora\u010duna i vje\u0107ni\u010dkih pitanja"}]},{"@type":"WebSite","@id":"https:\/\/likemetkovic.hr\/#website","url":"https:\/\/likemetkovic.hr\/","name":"likemetkovic.hr","description":"Misli pozitivno... \u010ditaj LIKE","potentialAction":[{"@type":"SearchAction","target":{"@type":"EntryPoint","urlTemplate":"https:\/\/likemetkovic.hr\/?s={search_term_string}"},"query-input":{"@type":"PropertyValueSpecification","valueRequired":true,"valueName":"search_term_string"}}],"inLanguage":"hr"},{"@type":"Person","@id":"https:\/\/likemetkovic.hr\/#\/schema\/person\/a42711f3385a0e2be6f7e0443bfb28f0","name":"LIKEmetkovic.hr","sameAs":["http:\/\/likemetkovic.hr"],"url":"https:\/\/likemetkovic.hr\/portal\/author\/likemetkovic-hr\/"}]}},"_links":{"self":[{"href":"https:\/\/likemetkovic.hr\/portal\/wp-json\/wp\/v2\/posts\/46982","targetHints":{"allow":["GET"]}}],"collection":[{"href":"https:\/\/likemetkovic.hr\/portal\/wp-json\/wp\/v2\/posts"}],"about":[{"href":"https:\/\/likemetkovic.hr\/portal\/wp-json\/wp\/v2\/types\/post"}],"author":[{"embeddable":true,"href":"https:\/\/likemetkovic.hr\/portal\/wp-json\/wp\/v2\/users\/7"}],"replies":[{"embeddable":true,"href":"https:\/\/likemetkovic.hr\/portal\/wp-json\/wp\/v2\/comments?post=46982"}],"version-history":[{"count":0,"href":"https:\/\/likemetkovic.hr\/portal\/wp-json\/wp\/v2\/posts\/46982\/revisions"}],"wp:featuredmedia":[{"embeddable":true,"href":"https:\/\/likemetkovic.hr\/portal\/wp-json\/wp\/v2\/media\/47009"}],"wp:attachment":[{"href":"https:\/\/likemetkovic.hr\/portal\/wp-json\/wp\/v2\/media?parent=46982"}],"wp:term":[{"taxonomy":"category","embeddable":true,"href":"https:\/\/likemetkovic.hr\/portal\/wp-json\/wp\/v2\/categories?post=46982"},{"taxonomy":"post_tag","embeddable":true,"href":"https:\/\/likemetkovic.hr\/portal\/wp-json\/wp\/v2\/tags?post=46982"}],"curies":[{"name":"wp","href":"https:\/\/api.w.org\/{rel}","templated":true}]}}