{"id":47083,"date":"2017-09-17T07:00:57","date_gmt":"2017-09-17T05:00:57","guid":{"rendered":"http:\/\/likemetkovic.hr\/?p=47083"},"modified":"2017-09-16T22:41:09","modified_gmt":"2017-09-16T20:41:09","slug":"intervju-ante-zivkovic-otrcao-jubilarnu-100-utrku-ove-godine","status":"publish","type":"post","link":"https:\/\/likemetkovic.hr\/portal\/intervju-ante-zivkovic-otrcao-jubilarnu-100-utrku-ove-godine\/","title":{"rendered":"INTERVJU: Ante \u017divkovi\u0107 otr\u010dao jubilarnu 100. utrku ove godine"},"content":{"rendered":"<p>Na utrci Kutina-Voloder, odr\u017eanoj prije tjedan dana, Ante \u017divkovi\u0107 otr\u010dao je jubilarnu 100. utrku ove godine. U samo devet mjeseci to je svakako velik broj natjecanja, statisti\u010dki svakih 2,7 dana jedna utrka, i mnogi to smatraju pretjeranim tjelesnim naporom. Istodobno, dojam je da je jo\u0161 ve\u0107i broj onih koji \u017divkovi\u0107u daju potporu njegovoj ljubavi, \u010dak i svojevrsnoj opsesiji prema tr\u010danju. Evo \u0161to on ka\u017ee na temu jubilarne stote utrke ove godine.<\/p>\n<p><strong><img decoding=\"async\" class=\"alignright wp-image-4016\" src=\"http:\/\/magazin-trcanje.com\/wp-content\/uploads\/2017\/09\/ante-zivkovic-1.jpg\" sizes=\"(max-width: 287px) 100vw, 287px\" srcset=\"http:\/\/magazin-trcanje.com\/wp-content\/uploads\/2017\/09\/ante-zivkovic-1.jpg 1068w, http:\/\/magazin-trcanje.com\/wp-content\/uploads\/2017\/09\/ante-zivkovic-1-200x300.jpg 200w, http:\/\/magazin-trcanje.com\/wp-content\/uploads\/2017\/09\/ante-zivkovic-1-768x1151.jpg 768w, http:\/\/magazin-trcanje.com\/wp-content\/uploads\/2017\/09\/ante-zivkovic-1-684x1024.jpg 684w, http:\/\/magazin-trcanje.com\/wp-content\/uploads\/2017\/09\/ante-zivkovic-1-324x485.jpg 324w\" alt=\"\" width=\"287\" height=\"430\" \/>Sto utrka je odra\u0111eno. Otkud toliko snage i energije za tako velik broj utrka?<\/strong><\/p>\n<p>Da, tek stota. Pro\u0161le sezone sam ih odradio 104. i svi su mislili da je to puno utrka i da \u0107u se ozlijediti, pa da ih razuvjerim morao sam ove godine malo poja\u010dati tempo. Uz sve to uspio sam se kvalificirati za Europsko prvenstvo u planinskom tr\u010danju, na kojem sam i nastupio po\u010detkom srpnja u Sloveniji. Otkud snaga i energija? Vjerojatno zato \u0161to \u017eivim tr\u010danje, a ne \u017eivim od tr\u010danja.<\/p>\n<p><strong>Brine li Vas da bi se radi tako velikog broja utrka mogli ozlijediti?<\/strong><\/p>\n<p>Ne, ni najmanje jer slu\u0161am svoje tijelo i znam kad treba usporiti i znam prepoznati mogu\u0107e opasnosti za ozljedu. Jedna takva situacija se upravo dogodila u Kutini gdje sam se od osmog kilometra mu\u010dio s potencijalnom ozljedom. Za razliku od mnogih koji bi forsirali do kraja i vjerojatno se ozlijedili, ja sam usporio i mirno priveo utrku kraju te te\u0161ka srca otkazao popodnevni nastup na UNICEF-ovoj Mlije\u010dnoj stazi. No sprije\u010dio sam ozljedu i danas sam ve\u0107 spreman za novu utrku.<\/p>\n<p><strong>U prosjeku svaku drugu utrku pobje\u0111ujete. Koliko su pobjede va\u017ene, a koliko dobar osje\u0107aj na stazi?<\/strong><\/p>\n<p>Tako nekako ispada Pobjede mi nisu toliko va\u017ene koliko mi je va\u017ean osobni napredak i pobolj\u0161anje rezultata. Samo ako se utrkujemo sami sa sobom uistinu \u0107emo i napredovati, a dokle god se budemo utrkivali s drugima te\u017ei \u0107e put biti ka napretku.<\/p>\n<p><strong>Kako uskla\u0111ujete toliko utrka s treninzima i s poslom u Running Gateu?<\/strong><\/p>\n<p>To je bar lagano. Treniram na utrkama. Ponekad se zeznem pa i odradim neki ve\u010dernji trening poslije posla. Dok nisam imao stalni posao ljudi su komentirali \u2018lako njemu i\u0107i na utrke kad ne radi\u2019, a zapravo nisu znali da sam u to vrijeme i\u0161ao na utrke i radio sezonski posao u Dubrovniku. Ne zaboravite da sezona u Dubrovniku traje devet mjeseci. Uz sve to sam studirao na Kineziolo\u0161kom fakultetu i sam se financirao. Tako je bilo utrka, kao naprimjer utrka u Trako\u0161\u0107anu, subota radna, u ve\u010dernjim satima sjedanje u autobus i pravac prema Zagrebu, a onda kombiniranje novog prijevoza do Trako\u0161\u0107ana, pa onda isti povratak do Dubrovnika jer se u ponedjeljak ujutro trebalo pojaviti na poslu. Jedina poruka i odgovor na sve to je \u2018tko \u017eeli prona\u0111e na\u010dina, a tko ne \u017eeli prona\u0111e izgovor\u2019.<\/p>\n<div>\n<div class=\"centered-text-area\">\n<div class=\"centered-text\">\n<div class=\"ucb69bb56844b37abb50e068badf77c1e-content\"><span class=\"ctaText\">PREPORUKA<\/span>\u00a0\u00a0<span class=\"postTitle\">Dijana Vetturelli: Tr\u010danje i business ili kad kolege postaju prijatelji<\/span><\/div>\n<\/div>\n<\/div>\n<div class=\"ctaButton\"><\/div>\n<\/div>\n<p><strong>Ako nastavite s nastupima u dosada\u0161njem ritmu, do kraja godine bi mogli biti na 130 otr\u010danih utrka. Mo\u017ee li to tvoje tijelo podnijeti?<\/strong><\/p>\n<p>Oko 120 \u0107e biti sigurno, ako sve bude po planu, a te\u0161ko ne\u0161to mo\u017ee poremetiti plan, \u010dak ni mi\u0161ja groznica nije to uspjela. Tad sam s temperaturom tr\u010dao i pobje\u0111ivao.<\/p>\n<p><strong>U tih 100 otr\u010danih utrka vjerujemo da postoji barem nekoliko koje su vam posebno drage. Koje su to i za\u0161to?<\/strong><\/p>\n<p>Nema sumnje da su to pobjede na polumaratonima u Mostaru i Dubrovniku. Pobjeda u Mostaru mi je posebno draga jer sam studirao u tom gradu i na neki na\u010din to je moj drugi dom, tamo sam napravio prve trka\u010dke korake. Jo\u0161 se sje\u0107am ve\u010deri kad je dogovoren nastup na \u0161tafetnoj utrci u Dubrovniku i tad sam instalirao aplikaciju Strava i oti\u0161ao na tr\u010danje. Nakon tr\u010danja sam poslao sliku prijatelju koji je bio za\u010du\u0111en vremenom i du\u017einom tr\u010danja, vjerujem da je bio siguran da sam vozio bicikl, a ne tr\u010dao. Njegovi komentari su mi bili motiv vi\u0161e da nastavim s pripremama za \u0161tafetnu utrku. Pobjeda na polumaratonu u Dubrovniku nije ni\u0161ta manje draga, to je moj prvi slu\u017ebeni polumaraton, tu je bila moja prva utrka, prva pobjeda\u2026 Tako\u0111er u Dubrovniku motiv vi\u0161e za pobjedu je bila doma\u0107a publika. Jo\u0161 i danas se naje\u017eim kada gledam video ulaska u cilj, nema ni\u010deg ljep\u0161eg nego vidjeti drage ljude kako se vesele tvom uspjehu. Tako\u0111er u kategoriju najdra\u017eih utrka bi se mogao ubrojati nastup i pobjeda na 5 kilometara u sklopu ovogodi\u0161njeg Plitvi\u010dkog maratona, gdje sam tr\u010dao samo \u0161est dana nakon izlaska sa zaraznog odjela. Doktor mi je preporu\u010dio strogo mirovanje dva mjeseca i naravno bolovanje kojeg nikada nisam otvorio. Jasno, nisam ni pauzirao od utrka, samo sam ih druga\u010dije poslo\u017eio.<\/p>\n","protected":false},"excerpt":{"rendered":"<p>Na utrci Kutina-Voloder, odr\u017eanoj prije tjedan dana, Ante \u017divkovi\u0107 otr\u010dao je jubilarnu 100. utrku ove godine. U samo devet mjeseci to je svakako velik broj natjecanja, statisti\u010dki svakih 2,7 dana jedna utrka, i mnogi to smatraju pretjeranim tjelesnim naporom. Istodobno, dojam je da je jo\u0161 ve\u0107i broj onih koji \u017divkovi\u0107u daju potporu njegovoj ljubavi, \u010dak [&hellip;]<\/p>\n","protected":false},"author":7,"featured_media":47084,"comment_status":"open","ping_status":"open","sticky":false,"template":"","format":"standard","meta":{"footnotes":""},"categories":[296,10],"tags":[1339,319,1340],"class_list":{"0":"post-47083","1":"post","2":"type-post","3":"status-publish","4":"format-standard","5":"has-post-thumbnail","7":"category-ab","8":"category-sport","9":"tag-100-utrka","10":"tag-ante-zivkovic","11":"tag-polu-maraton"},"yoast_head":"<!-- This site is optimized with the Yoast SEO plugin v25.2 - https:\/\/yoast.com\/wordpress\/plugins\/seo\/ -->\n<title>INTERVJU: Ante \u017divkovi\u0107 otr\u010dao jubilarnu 100. utrku ove godine - likemetkovic.hr<\/title>\n<meta name=\"robots\" content=\"index, follow, max-snippet:-1, max-image-preview:large, max-video-preview:-1\" \/>\n<link rel=\"canonical\" href=\"https:\/\/likemetkovic.hr\/intervju-ante-zivkovic-otrcao-jubilarnu-100-utrku-ove-godine\/\" \/>\n<meta property=\"og:locale\" content=\"hr_HR\" \/>\n<meta property=\"og:type\" content=\"article\" \/>\n<meta property=\"og:title\" content=\"INTERVJU: Ante \u017divkovi\u0107 otr\u010dao jubilarnu 100. utrku ove godine - likemetkovic.hr\" \/>\n<meta property=\"og:description\" content=\"Na utrci Kutina-Voloder, odr\u017eanoj prije tjedan dana, Ante \u017divkovi\u0107 otr\u010dao je jubilarnu 100. utrku ove godine. U samo devet mjeseci to je svakako velik broj natjecanja, statisti\u010dki svakih 2,7 dana jedna utrka, i mnogi to smatraju pretjeranim tjelesnim naporom. Istodobno, dojam je da je jo\u0161 ve\u0107i broj onih koji \u017divkovi\u0107u daju potporu njegovoj ljubavi, \u010dak [&hellip;]\" \/>\n<meta property=\"og:url\" content=\"https:\/\/likemetkovic.hr\/intervju-ante-zivkovic-otrcao-jubilarnu-100-utrku-ove-godine\/\" \/>\n<meta property=\"og:site_name\" content=\"likemetkovic.hr\" \/>\n<meta property=\"article:publisher\" content=\"https:\/\/www.facebook.com\/likemetkovic.hr\/\" \/>\n<meta property=\"article:published_time\" content=\"2017-09-17T05:00:57+00:00\" \/>\n<meta property=\"og:image\" content=\"https:\/\/likemetkovic.hr\/wp-content\/uploads\/2017\/09\/ante-zivkovic-2.jpg\" \/>\n\t<meta property=\"og:image:width\" content=\"2048\" \/>\n\t<meta property=\"og:image:height\" content=\"1365\" \/>\n\t<meta property=\"og:image:type\" content=\"image\/jpeg\" \/>\n<meta name=\"author\" content=\"LIKEmetkovic.hr\" \/>\n<meta name=\"twitter:card\" content=\"summary_large_image\" \/>\n<meta name=\"twitter:label1\" content=\"Napisao\/la\" \/>\n\t<meta name=\"twitter:data1\" content=\"LIKEmetkovic.hr\" \/>\n\t<meta name=\"twitter:label2\" content=\"Procijenjeno vrijeme \u010ditanja\" \/>\n\t<meta name=\"twitter:data2\" content=\"4 minute\" \/>\n<script type=\"application\/ld+json\" class=\"yoast-schema-graph\">{\"@context\":\"https:\/\/schema.org\",\"@graph\":[{\"@type\":\"WebPage\",\"@id\":\"https:\/\/likemetkovic.hr\/intervju-ante-zivkovic-otrcao-jubilarnu-100-utrku-ove-godine\/\",\"url\":\"https:\/\/likemetkovic.hr\/intervju-ante-zivkovic-otrcao-jubilarnu-100-utrku-ove-godine\/\",\"name\":\"INTERVJU: Ante \u017divkovi\u0107 otr\u010dao jubilarnu 100. utrku ove godine - likemetkovic.hr\",\"isPartOf\":{\"@id\":\"https:\/\/likemetkovic.hr\/#website\"},\"primaryImageOfPage\":{\"@id\":\"https:\/\/likemetkovic.hr\/intervju-ante-zivkovic-otrcao-jubilarnu-100-utrku-ove-godine\/#primaryimage\"},\"image\":{\"@id\":\"https:\/\/likemetkovic.hr\/intervju-ante-zivkovic-otrcao-jubilarnu-100-utrku-ove-godine\/#primaryimage\"},\"thumbnailUrl\":\"https:\/\/likemetkovic.hr\/portal\/wp-content\/uploads\/2017\/09\/ante-zivkovic-2.jpg\",\"datePublished\":\"2017-09-17T05:00:57+00:00\",\"author\":{\"@id\":\"https:\/\/likemetkovic.hr\/#\/schema\/person\/a42711f3385a0e2be6f7e0443bfb28f0\"},\"breadcrumb\":{\"@id\":\"https:\/\/likemetkovic.hr\/intervju-ante-zivkovic-otrcao-jubilarnu-100-utrku-ove-godine\/#breadcrumb\"},\"inLanguage\":\"hr\",\"potentialAction\":[{\"@type\":\"ReadAction\",\"target\":[\"https:\/\/likemetkovic.hr\/intervju-ante-zivkovic-otrcao-jubilarnu-100-utrku-ove-godine\/\"]}]},{\"@type\":\"ImageObject\",\"inLanguage\":\"hr\",\"@id\":\"https:\/\/likemetkovic.hr\/intervju-ante-zivkovic-otrcao-jubilarnu-100-utrku-ove-godine\/#primaryimage\",\"url\":\"https:\/\/likemetkovic.hr\/portal\/wp-content\/uploads\/2017\/09\/ante-zivkovic-2.jpg\",\"contentUrl\":\"https:\/\/likemetkovic.hr\/portal\/wp-content\/uploads\/2017\/09\/ante-zivkovic-2.jpg\",\"width\":2048,\"height\":1365},{\"@type\":\"BreadcrumbList\",\"@id\":\"https:\/\/likemetkovic.hr\/intervju-ante-zivkovic-otrcao-jubilarnu-100-utrku-ove-godine\/#breadcrumb\",\"itemListElement\":[{\"@type\":\"ListItem\",\"position\":1,\"name\":\"Po\u010detna stranica\",\"item\":\"https:\/\/likemetkovic.hr\/portal\/\"},{\"@type\":\"ListItem\",\"position\":2,\"name\":\"INTERVJU: Ante \u017divkovi\u0107 otr\u010dao jubilarnu 100. utrku ove godine\"}]},{\"@type\":\"WebSite\",\"@id\":\"https:\/\/likemetkovic.hr\/#website\",\"url\":\"https:\/\/likemetkovic.hr\/\",\"name\":\"likemetkovic.hr\",\"description\":\"Misli pozitivno... \u010ditaj LIKE\",\"potentialAction\":[{\"@type\":\"SearchAction\",\"target\":{\"@type\":\"EntryPoint\",\"urlTemplate\":\"https:\/\/likemetkovic.hr\/?s={search_term_string}\"},\"query-input\":{\"@type\":\"PropertyValueSpecification\",\"valueRequired\":true,\"valueName\":\"search_term_string\"}}],\"inLanguage\":\"hr\"},{\"@type\":\"Person\",\"@id\":\"https:\/\/likemetkovic.hr\/#\/schema\/person\/a42711f3385a0e2be6f7e0443bfb28f0\",\"name\":\"LIKEmetkovic.hr\",\"sameAs\":[\"http:\/\/likemetkovic.hr\"],\"url\":\"https:\/\/likemetkovic.hr\/portal\/author\/likemetkovic-hr\/\"}]}<\/script>\n<!-- \/ Yoast SEO plugin. -->","yoast_head_json":{"title":"INTERVJU: Ante \u017divkovi\u0107 otr\u010dao jubilarnu 100. utrku ove godine - likemetkovic.hr","robots":{"index":"index","follow":"follow","max-snippet":"max-snippet:-1","max-image-preview":"max-image-preview:large","max-video-preview":"max-video-preview:-1"},"canonical":"https:\/\/likemetkovic.hr\/intervju-ante-zivkovic-otrcao-jubilarnu-100-utrku-ove-godine\/","og_locale":"hr_HR","og_type":"article","og_title":"INTERVJU: Ante \u017divkovi\u0107 otr\u010dao jubilarnu 100. utrku ove godine - likemetkovic.hr","og_description":"Na utrci Kutina-Voloder, odr\u017eanoj prije tjedan dana, Ante \u017divkovi\u0107 otr\u010dao je jubilarnu 100. utrku ove godine. U samo devet mjeseci to je svakako velik broj natjecanja, statisti\u010dki svakih 2,7 dana jedna utrka, i mnogi to smatraju pretjeranim tjelesnim naporom. Istodobno, dojam je da je jo\u0161 ve\u0107i broj onih koji \u017divkovi\u0107u daju potporu njegovoj ljubavi, \u010dak [&hellip;]","og_url":"https:\/\/likemetkovic.hr\/intervju-ante-zivkovic-otrcao-jubilarnu-100-utrku-ove-godine\/","og_site_name":"likemetkovic.hr","article_publisher":"https:\/\/www.facebook.com\/likemetkovic.hr\/","article_published_time":"2017-09-17T05:00:57+00:00","og_image":[{"width":2048,"height":1365,"url":"https:\/\/likemetkovic.hr\/wp-content\/uploads\/2017\/09\/ante-zivkovic-2.jpg","type":"image\/jpeg"}],"author":"LIKEmetkovic.hr","twitter_card":"summary_large_image","twitter_misc":{"Napisao\/la":"LIKEmetkovic.hr","Procijenjeno vrijeme \u010ditanja":"4 minute"},"schema":{"@context":"https:\/\/schema.org","@graph":[{"@type":"WebPage","@id":"https:\/\/likemetkovic.hr\/intervju-ante-zivkovic-otrcao-jubilarnu-100-utrku-ove-godine\/","url":"https:\/\/likemetkovic.hr\/intervju-ante-zivkovic-otrcao-jubilarnu-100-utrku-ove-godine\/","name":"INTERVJU: Ante \u017divkovi\u0107 otr\u010dao jubilarnu 100. utrku ove godine - likemetkovic.hr","isPartOf":{"@id":"https:\/\/likemetkovic.hr\/#website"},"primaryImageOfPage":{"@id":"https:\/\/likemetkovic.hr\/intervju-ante-zivkovic-otrcao-jubilarnu-100-utrku-ove-godine\/#primaryimage"},"image":{"@id":"https:\/\/likemetkovic.hr\/intervju-ante-zivkovic-otrcao-jubilarnu-100-utrku-ove-godine\/#primaryimage"},"thumbnailUrl":"https:\/\/likemetkovic.hr\/portal\/wp-content\/uploads\/2017\/09\/ante-zivkovic-2.jpg","datePublished":"2017-09-17T05:00:57+00:00","author":{"@id":"https:\/\/likemetkovic.hr\/#\/schema\/person\/a42711f3385a0e2be6f7e0443bfb28f0"},"breadcrumb":{"@id":"https:\/\/likemetkovic.hr\/intervju-ante-zivkovic-otrcao-jubilarnu-100-utrku-ove-godine\/#breadcrumb"},"inLanguage":"hr","potentialAction":[{"@type":"ReadAction","target":["https:\/\/likemetkovic.hr\/intervju-ante-zivkovic-otrcao-jubilarnu-100-utrku-ove-godine\/"]}]},{"@type":"ImageObject","inLanguage":"hr","@id":"https:\/\/likemetkovic.hr\/intervju-ante-zivkovic-otrcao-jubilarnu-100-utrku-ove-godine\/#primaryimage","url":"https:\/\/likemetkovic.hr\/portal\/wp-content\/uploads\/2017\/09\/ante-zivkovic-2.jpg","contentUrl":"https:\/\/likemetkovic.hr\/portal\/wp-content\/uploads\/2017\/09\/ante-zivkovic-2.jpg","width":2048,"height":1365},{"@type":"BreadcrumbList","@id":"https:\/\/likemetkovic.hr\/intervju-ante-zivkovic-otrcao-jubilarnu-100-utrku-ove-godine\/#breadcrumb","itemListElement":[{"@type":"ListItem","position":1,"name":"Po\u010detna stranica","item":"https:\/\/likemetkovic.hr\/portal\/"},{"@type":"ListItem","position":2,"name":"INTERVJU: Ante \u017divkovi\u0107 otr\u010dao jubilarnu 100. utrku ove godine"}]},{"@type":"WebSite","@id":"https:\/\/likemetkovic.hr\/#website","url":"https:\/\/likemetkovic.hr\/","name":"likemetkovic.hr","description":"Misli pozitivno... \u010ditaj LIKE","potentialAction":[{"@type":"SearchAction","target":{"@type":"EntryPoint","urlTemplate":"https:\/\/likemetkovic.hr\/?s={search_term_string}"},"query-input":{"@type":"PropertyValueSpecification","valueRequired":true,"valueName":"search_term_string"}}],"inLanguage":"hr"},{"@type":"Person","@id":"https:\/\/likemetkovic.hr\/#\/schema\/person\/a42711f3385a0e2be6f7e0443bfb28f0","name":"LIKEmetkovic.hr","sameAs":["http:\/\/likemetkovic.hr"],"url":"https:\/\/likemetkovic.hr\/portal\/author\/likemetkovic-hr\/"}]}},"_links":{"self":[{"href":"https:\/\/likemetkovic.hr\/portal\/wp-json\/wp\/v2\/posts\/47083","targetHints":{"allow":["GET"]}}],"collection":[{"href":"https:\/\/likemetkovic.hr\/portal\/wp-json\/wp\/v2\/posts"}],"about":[{"href":"https:\/\/likemetkovic.hr\/portal\/wp-json\/wp\/v2\/types\/post"}],"author":[{"embeddable":true,"href":"https:\/\/likemetkovic.hr\/portal\/wp-json\/wp\/v2\/users\/7"}],"replies":[{"embeddable":true,"href":"https:\/\/likemetkovic.hr\/portal\/wp-json\/wp\/v2\/comments?post=47083"}],"version-history":[{"count":0,"href":"https:\/\/likemetkovic.hr\/portal\/wp-json\/wp\/v2\/posts\/47083\/revisions"}],"wp:featuredmedia":[{"embeddable":true,"href":"https:\/\/likemetkovic.hr\/portal\/wp-json\/wp\/v2\/media\/47084"}],"wp:attachment":[{"href":"https:\/\/likemetkovic.hr\/portal\/wp-json\/wp\/v2\/media?parent=47083"}],"wp:term":[{"taxonomy":"category","embeddable":true,"href":"https:\/\/likemetkovic.hr\/portal\/wp-json\/wp\/v2\/categories?post=47083"},{"taxonomy":"post_tag","embeddable":true,"href":"https:\/\/likemetkovic.hr\/portal\/wp-json\/wp\/v2\/tags?post=47083"}],"curies":[{"name":"wp","href":"https:\/\/api.w.org\/{rel}","templated":true}]}}