{"id":47110,"date":"2017-09-17T19:03:05","date_gmt":"2017-09-17T17:03:05","guid":{"rendered":"http:\/\/likemetkovic.hr\/?p=47110"},"modified":"2017-09-17T20:45:46","modified_gmt":"2017-09-17T18:45:46","slug":"preminuo-igor-penava-dobri-duh-grada-metkovica","status":"publish","type":"post","link":"https:\/\/likemetkovic.hr\/portal\/preminuo-igor-penava-dobri-duh-grada-metkovica\/","title":{"rendered":"Preminuo Igor Penava &#8211; dobri duh Grada Metkovi\u0107a"},"content":{"rendered":"<p>Primili smo tu\u017enu vijest da je danas iznenada preminuo Igor Penava, Plo\u010danin, kolega, \u010dovjek, prijatelj\u2026<\/p>\n<p>Javno je postao poznat i izvan svojih Plo\u010da obavljaju\u0107i posao prometnog redara u Metkovi\u0107u, a isti je posao nastavio obavljati u Gradu Dubrovniku. Navodno je preminuo od zatajenja srca.<\/p>\n<p>Igor je bio primjer \u010dovjeka koji savjesno obavljao svoj posao i koji je prema svakom imao iste kriterije. Ovo dru\u0161tvo bi bilo puno sretnije i ure\u0111enije kad bi svi svoj posao i du\u017enost obavljali savjesno i odgovorno kao \u0161to je to on \u010dinio.<\/p>\n<p>Igor je iza sebe ostavio suprugu i troje djece. Iskrena su\u0107ut obitelji i prijateljima..<\/p>\n<p><strong>Ispra\u0107aj pok. Igora bit \u0107e sutra, 18. rujna (ponedjeljak) u 14,30 sati na groblju sv. Ivana u Metkovi\u0107u.<\/strong> Po\u010divao u miru Bo\u017ejem!<\/p>\n","protected":false},"excerpt":{"rendered":"<p>Primili smo tu\u017enu vijest da je danas iznenada preminuo Igor Penava, Plo\u010danin, kolega, \u010dovjek, prijatelj\u2026 Javno je postao poznat i izvan svojih Plo\u010da obavljaju\u0107i posao prometnog redara u Metkovi\u0107u, a isti je posao nastavio obavljati u Gradu Dubrovniku. Navodno je preminuo od zatajenja srca. Igor je bio primjer \u010dovjeka koji savjesno obavljao svoj posao i [&hellip;]<\/p>\n","protected":false},"author":7,"featured_media":47111,"comment_status":"open","ping_status":"open","sticky":false,"template":"","format":"standard","meta":{"footnotes":""},"categories":[296,11],"tags":[1350],"class_list":{"0":"post-47110","1":"post","2":"type-post","3":"status-publish","4":"format-standard","5":"has-post-thumbnail","7":"category-ab","8":"category-metkovic-dolina","9":"tag-igor-penava"},"yoast_head":"<!-- This site is optimized with the Yoast SEO plugin v25.2 - https:\/\/yoast.com\/wordpress\/plugins\/seo\/ -->\n<title>Preminuo Igor Penava - dobri duh Grada Metkovi\u0107a - likemetkovic.hr<\/title>\n<meta name=\"robots\" content=\"index, follow, max-snippet:-1, max-image-preview:large, max-video-preview:-1\" \/>\n<link rel=\"canonical\" href=\"https:\/\/likemetkovic.hr\/preminuo-igor-penava-dobri-duh-grada-metkovica\/\" \/>\n<meta property=\"og:locale\" content=\"hr_HR\" \/>\n<meta property=\"og:type\" content=\"article\" \/>\n<meta property=\"og:title\" content=\"Preminuo Igor Penava - dobri duh Grada Metkovi\u0107a - likemetkovic.hr\" \/>\n<meta property=\"og:description\" content=\"Primili smo tu\u017enu vijest da je danas iznenada preminuo Igor Penava, Plo\u010danin, kolega, \u010dovjek, prijatelj\u2026 Javno je postao poznat i izvan svojih Plo\u010da obavljaju\u0107i posao prometnog redara u Metkovi\u0107u, a isti je posao nastavio obavljati u Gradu Dubrovniku. Navodno je preminuo od zatajenja srca. Igor je bio primjer \u010dovjeka koji savjesno obavljao svoj posao i [&hellip;]\" \/>\n<meta property=\"og:url\" content=\"https:\/\/likemetkovic.hr\/preminuo-igor-penava-dobri-duh-grada-metkovica\/\" \/>\n<meta property=\"og:site_name\" content=\"likemetkovic.hr\" \/>\n<meta property=\"article:publisher\" content=\"https:\/\/www.facebook.com\/likemetkovic.hr\/\" \/>\n<meta property=\"article:published_time\" content=\"2017-09-17T17:03:05+00:00\" \/>\n<meta property=\"article:modified_time\" content=\"2017-09-17T18:45:46+00:00\" \/>\n<meta property=\"og:image\" content=\"https:\/\/likemetkovic.hr\/wp-content\/uploads\/2017\/09\/igor-penava.jpg\" \/>\n\t<meta property=\"og:image:width\" content=\"871\" \/>\n\t<meta property=\"og:image:height\" content=\"600\" \/>\n\t<meta property=\"og:image:type\" content=\"image\/jpeg\" \/>\n<meta name=\"author\" content=\"LIKEmetkovic.hr\" \/>\n<meta name=\"twitter:card\" content=\"summary_large_image\" \/>\n<meta name=\"twitter:label1\" content=\"Napisao\/la\" \/>\n\t<meta name=\"twitter:data1\" content=\"LIKEmetkovic.hr\" \/>\n\t<meta name=\"twitter:label2\" content=\"Procijenjeno vrijeme \u010ditanja\" \/>\n\t<meta name=\"twitter:data2\" content=\"1 minuta\" \/>\n<script type=\"application\/ld+json\" class=\"yoast-schema-graph\">{\"@context\":\"https:\/\/schema.org\",\"@graph\":[{\"@type\":\"WebPage\",\"@id\":\"https:\/\/likemetkovic.hr\/preminuo-igor-penava-dobri-duh-grada-metkovica\/\",\"url\":\"https:\/\/likemetkovic.hr\/preminuo-igor-penava-dobri-duh-grada-metkovica\/\",\"name\":\"Preminuo Igor Penava - dobri duh Grada Metkovi\u0107a - likemetkovic.hr\",\"isPartOf\":{\"@id\":\"https:\/\/likemetkovic.hr\/#website\"},\"primaryImageOfPage\":{\"@id\":\"https:\/\/likemetkovic.hr\/preminuo-igor-penava-dobri-duh-grada-metkovica\/#primaryimage\"},\"image\":{\"@id\":\"https:\/\/likemetkovic.hr\/preminuo-igor-penava-dobri-duh-grada-metkovica\/#primaryimage\"},\"thumbnailUrl\":\"https:\/\/likemetkovic.hr\/portal\/wp-content\/uploads\/2017\/09\/igor-penava.jpg\",\"datePublished\":\"2017-09-17T17:03:05+00:00\",\"dateModified\":\"2017-09-17T18:45:46+00:00\",\"author\":{\"@id\":\"https:\/\/likemetkovic.hr\/#\/schema\/person\/a42711f3385a0e2be6f7e0443bfb28f0\"},\"breadcrumb\":{\"@id\":\"https:\/\/likemetkovic.hr\/preminuo-igor-penava-dobri-duh-grada-metkovica\/#breadcrumb\"},\"inLanguage\":\"hr\",\"potentialAction\":[{\"@type\":\"ReadAction\",\"target\":[\"https:\/\/likemetkovic.hr\/preminuo-igor-penava-dobri-duh-grada-metkovica\/\"]}]},{\"@type\":\"ImageObject\",\"inLanguage\":\"hr\",\"@id\":\"https:\/\/likemetkovic.hr\/preminuo-igor-penava-dobri-duh-grada-metkovica\/#primaryimage\",\"url\":\"https:\/\/likemetkovic.hr\/portal\/wp-content\/uploads\/2017\/09\/igor-penava.jpg\",\"contentUrl\":\"https:\/\/likemetkovic.hr\/portal\/wp-content\/uploads\/2017\/09\/igor-penava.jpg\",\"width\":871,\"height\":600},{\"@type\":\"BreadcrumbList\",\"@id\":\"https:\/\/likemetkovic.hr\/preminuo-igor-penava-dobri-duh-grada-metkovica\/#breadcrumb\",\"itemListElement\":[{\"@type\":\"ListItem\",\"position\":1,\"name\":\"Po\u010detna stranica\",\"item\":\"https:\/\/likemetkovic.hr\/portal\/\"},{\"@type\":\"ListItem\",\"position\":2,\"name\":\"Preminuo Igor Penava &#8211; dobri duh Grada Metkovi\u0107a\"}]},{\"@type\":\"WebSite\",\"@id\":\"https:\/\/likemetkovic.hr\/#website\",\"url\":\"https:\/\/likemetkovic.hr\/\",\"name\":\"likemetkovic.hr\",\"description\":\"Misli pozitivno... \u010ditaj LIKE\",\"potentialAction\":[{\"@type\":\"SearchAction\",\"target\":{\"@type\":\"EntryPoint\",\"urlTemplate\":\"https:\/\/likemetkovic.hr\/?s={search_term_string}\"},\"query-input\":{\"@type\":\"PropertyValueSpecification\",\"valueRequired\":true,\"valueName\":\"search_term_string\"}}],\"inLanguage\":\"hr\"},{\"@type\":\"Person\",\"@id\":\"https:\/\/likemetkovic.hr\/#\/schema\/person\/a42711f3385a0e2be6f7e0443bfb28f0\",\"name\":\"LIKEmetkovic.hr\",\"sameAs\":[\"http:\/\/likemetkovic.hr\"],\"url\":\"https:\/\/likemetkovic.hr\/portal\/author\/likemetkovic-hr\/\"}]}<\/script>\n<!-- \/ Yoast SEO plugin. -->","yoast_head_json":{"title":"Preminuo Igor Penava - dobri duh Grada Metkovi\u0107a - likemetkovic.hr","robots":{"index":"index","follow":"follow","max-snippet":"max-snippet:-1","max-image-preview":"max-image-preview:large","max-video-preview":"max-video-preview:-1"},"canonical":"https:\/\/likemetkovic.hr\/preminuo-igor-penava-dobri-duh-grada-metkovica\/","og_locale":"hr_HR","og_type":"article","og_title":"Preminuo Igor Penava - dobri duh Grada Metkovi\u0107a - likemetkovic.hr","og_description":"Primili smo tu\u017enu vijest da je danas iznenada preminuo Igor Penava, Plo\u010danin, kolega, \u010dovjek, prijatelj\u2026 Javno je postao poznat i izvan svojih Plo\u010da obavljaju\u0107i posao prometnog redara u Metkovi\u0107u, a isti je posao nastavio obavljati u Gradu Dubrovniku. Navodno je preminuo od zatajenja srca. Igor je bio primjer \u010dovjeka koji savjesno obavljao svoj posao i [&hellip;]","og_url":"https:\/\/likemetkovic.hr\/preminuo-igor-penava-dobri-duh-grada-metkovica\/","og_site_name":"likemetkovic.hr","article_publisher":"https:\/\/www.facebook.com\/likemetkovic.hr\/","article_published_time":"2017-09-17T17:03:05+00:00","article_modified_time":"2017-09-17T18:45:46+00:00","og_image":[{"width":871,"height":600,"url":"https:\/\/likemetkovic.hr\/wp-content\/uploads\/2017\/09\/igor-penava.jpg","type":"image\/jpeg"}],"author":"LIKEmetkovic.hr","twitter_card":"summary_large_image","twitter_misc":{"Napisao\/la":"LIKEmetkovic.hr","Procijenjeno vrijeme \u010ditanja":"1 minuta"},"schema":{"@context":"https:\/\/schema.org","@graph":[{"@type":"WebPage","@id":"https:\/\/likemetkovic.hr\/preminuo-igor-penava-dobri-duh-grada-metkovica\/","url":"https:\/\/likemetkovic.hr\/preminuo-igor-penava-dobri-duh-grada-metkovica\/","name":"Preminuo Igor Penava - dobri duh Grada Metkovi\u0107a - likemetkovic.hr","isPartOf":{"@id":"https:\/\/likemetkovic.hr\/#website"},"primaryImageOfPage":{"@id":"https:\/\/likemetkovic.hr\/preminuo-igor-penava-dobri-duh-grada-metkovica\/#primaryimage"},"image":{"@id":"https:\/\/likemetkovic.hr\/preminuo-igor-penava-dobri-duh-grada-metkovica\/#primaryimage"},"thumbnailUrl":"https:\/\/likemetkovic.hr\/portal\/wp-content\/uploads\/2017\/09\/igor-penava.jpg","datePublished":"2017-09-17T17:03:05+00:00","dateModified":"2017-09-17T18:45:46+00:00","author":{"@id":"https:\/\/likemetkovic.hr\/#\/schema\/person\/a42711f3385a0e2be6f7e0443bfb28f0"},"breadcrumb":{"@id":"https:\/\/likemetkovic.hr\/preminuo-igor-penava-dobri-duh-grada-metkovica\/#breadcrumb"},"inLanguage":"hr","potentialAction":[{"@type":"ReadAction","target":["https:\/\/likemetkovic.hr\/preminuo-igor-penava-dobri-duh-grada-metkovica\/"]}]},{"@type":"ImageObject","inLanguage":"hr","@id":"https:\/\/likemetkovic.hr\/preminuo-igor-penava-dobri-duh-grada-metkovica\/#primaryimage","url":"https:\/\/likemetkovic.hr\/portal\/wp-content\/uploads\/2017\/09\/igor-penava.jpg","contentUrl":"https:\/\/likemetkovic.hr\/portal\/wp-content\/uploads\/2017\/09\/igor-penava.jpg","width":871,"height":600},{"@type":"BreadcrumbList","@id":"https:\/\/likemetkovic.hr\/preminuo-igor-penava-dobri-duh-grada-metkovica\/#breadcrumb","itemListElement":[{"@type":"ListItem","position":1,"name":"Po\u010detna stranica","item":"https:\/\/likemetkovic.hr\/portal\/"},{"@type":"ListItem","position":2,"name":"Preminuo Igor Penava &#8211; dobri duh Grada Metkovi\u0107a"}]},{"@type":"WebSite","@id":"https:\/\/likemetkovic.hr\/#website","url":"https:\/\/likemetkovic.hr\/","name":"likemetkovic.hr","description":"Misli pozitivno... \u010ditaj LIKE","potentialAction":[{"@type":"SearchAction","target":{"@type":"EntryPoint","urlTemplate":"https:\/\/likemetkovic.hr\/?s={search_term_string}"},"query-input":{"@type":"PropertyValueSpecification","valueRequired":true,"valueName":"search_term_string"}}],"inLanguage":"hr"},{"@type":"Person","@id":"https:\/\/likemetkovic.hr\/#\/schema\/person\/a42711f3385a0e2be6f7e0443bfb28f0","name":"LIKEmetkovic.hr","sameAs":["http:\/\/likemetkovic.hr"],"url":"https:\/\/likemetkovic.hr\/portal\/author\/likemetkovic-hr\/"}]}},"_links":{"self":[{"href":"https:\/\/likemetkovic.hr\/portal\/wp-json\/wp\/v2\/posts\/47110","targetHints":{"allow":["GET"]}}],"collection":[{"href":"https:\/\/likemetkovic.hr\/portal\/wp-json\/wp\/v2\/posts"}],"about":[{"href":"https:\/\/likemetkovic.hr\/portal\/wp-json\/wp\/v2\/types\/post"}],"author":[{"embeddable":true,"href":"https:\/\/likemetkovic.hr\/portal\/wp-json\/wp\/v2\/users\/7"}],"replies":[{"embeddable":true,"href":"https:\/\/likemetkovic.hr\/portal\/wp-json\/wp\/v2\/comments?post=47110"}],"version-history":[{"count":0,"href":"https:\/\/likemetkovic.hr\/portal\/wp-json\/wp\/v2\/posts\/47110\/revisions"}],"wp:featuredmedia":[{"embeddable":true,"href":"https:\/\/likemetkovic.hr\/portal\/wp-json\/wp\/v2\/media\/47111"}],"wp:attachment":[{"href":"https:\/\/likemetkovic.hr\/portal\/wp-json\/wp\/v2\/media?parent=47110"}],"wp:term":[{"taxonomy":"category","embeddable":true,"href":"https:\/\/likemetkovic.hr\/portal\/wp-json\/wp\/v2\/categories?post=47110"},{"taxonomy":"post_tag","embeddable":true,"href":"https:\/\/likemetkovic.hr\/portal\/wp-json\/wp\/v2\/tags?post=47110"}],"curies":[{"name":"wp","href":"https:\/\/api.w.org\/{rel}","templated":true}]}}