{"id":47459,"date":"2017-09-26T12:37:27","date_gmt":"2017-09-26T10:37:27","guid":{"rendered":"http:\/\/likemetkovic.hr\/?p=47459"},"modified":"2017-09-26T12:38:14","modified_gmt":"2017-09-26T10:38:14","slug":"san-ljetne-noci-izlozba","status":"publish","type":"post","link":"https:\/\/likemetkovic.hr\/portal\/san-ljetne-noci-izlozba\/","title":{"rendered":"&#8220;San ljetne no\u0107i&#8221; izlo\u017eba koja spaja fotografiju i slikarstvo"},"content":{"rendered":"<p>U srijedu, 27. rujna, s po\u010detkom u 19,30 u Galeriji GKS-a otvorenje je izlo\u017ebe\u00a0<b>\u201dSan ljetne no\u0107i\u201d\u00a0<\/b>slikarice Mercedes Brato\u0161.\u00a0Kustos izlo\u017ebe je povjesni\u010dar umjetnosti Marin Ivanovi\u0107.<\/p>\n<p><em>-Ideja za ova djela mi je do\u0161la prije dvije godine, a ona je bila povezati fotografiju sa slikarstvom i Dubrova\u010dkim ljetnim igrama. Pro\u0161le godine sam fotografirala sa prijateljem Mijom Vesovi\u0107em fotografije koje sada vidite na mojim djelima. Svaka slika ima svoj naziv koji je vezan za jednog od svjetskih pisaca ili njegova djela<\/em>&#8211; poru\u010dila je Brato\u0161 na otvorenju iste izlo\u017ebe ljetos u Dubrovniku.<\/p>\n<p><strong>Mercedes Brato\u0161<\/strong>\u00a0ro\u0111ena je 1979. godine u Dubrovniku gdje je zavr\u0161ila osnovnu i srednju Umjetni\u010dku \u0161kolu Luke Sorko\u010devi\u0107a. Diplomirala je slikarstvo 2005. godine na Accademia di belle arti u Firenci u klasi prof. Umberta Borelle. Zavr\u0161ila je te\u010daj izrade vitraja 2007. godine u Zagrebu. Trenutno studira na U\u010diteljskom fakultetu u Zagrebu. \u010clanica je HDLU-a od 2007. godine i HULULK-a. Do sada je izlagala na devetnaest skupnih i sedamnaest samostalnih izlo\u017ebi te je sudjelovala na nekoliko likovnih kolonija i manifestacija. \u017divi i radi u Zagrebu.<\/p>\n<p>Izlo\u017eba \u0107e biti otvorena do 14. listopada 2017.<\/p>\n","protected":false},"excerpt":{"rendered":"<p>U srijedu, 27. rujna, s po\u010detkom u 19,30 u Galeriji GKS-a otvorenje je izlo\u017ebe\u00a0\u201dSan ljetne no\u0107i\u201d\u00a0slikarice Mercedes Brato\u0161.\u00a0Kustos izlo\u017ebe je povjesni\u010dar umjetnosti Marin Ivanovi\u0107. -Ideja za ova djela mi je do\u0161la prije dvije godine, a ona je bila povezati fotografiju sa slikarstvom i Dubrova\u010dkim ljetnim igrama. Pro\u0161le godine sam fotografirala sa prijateljem Mijom Vesovi\u0107em fotografije [&hellip;]<\/p>\n","protected":false},"author":7,"featured_media":47460,"comment_status":"open","ping_status":"open","sticky":false,"template":"","format":"standard","meta":{"footnotes":""},"categories":[296,1028],"tags":[472,1429,380,1430],"class_list":{"0":"post-47459","1":"post","2":"type-post","3":"status-publish","4":"format-standard","5":"has-post-thumbnail","7":"category-ab","8":"category-kultura-2","9":"tag-izlozba","10":"tag-mercedes-bratos","11":"tag-metkovic","12":"tag-san-ljetne-noci"},"yoast_head":"<!-- This site is optimized with the Yoast SEO plugin v25.2 - https:\/\/yoast.com\/wordpress\/plugins\/seo\/ -->\n<title>&quot;San ljetne no\u0107i&quot; izlo\u017eba koja spaja fotografiju i slikarstvo - likemetkovic.hr<\/title>\n<meta name=\"description\" content=\"U srijedu, 27. rujna, u 19,30 u Galeriji GKS-a otvorenje je izlo\u017ebe\u00a0\u201dSan ljetne no\u0107i\u201d\u00a0slikarice Mercedes Brato\u0161.\u00a0Kustos izlo\u017ebe je prof. Marin Ivanovi\u0107.\" \/>\n<meta name=\"robots\" content=\"index, follow, max-snippet:-1, max-image-preview:large, max-video-preview:-1\" \/>\n<link rel=\"canonical\" href=\"https:\/\/likemetkovic.hr\/san-ljetne-noci-izlozba\/\" \/>\n<meta property=\"og:locale\" content=\"hr_HR\" \/>\n<meta property=\"og:type\" content=\"article\" \/>\n<meta property=\"og:title\" content=\"&quot;San ljetne no\u0107i&quot; izlo\u017eba koja spaja fotografiju i slikarstvo - likemetkovic.hr\" \/>\n<meta property=\"og:description\" content=\"U srijedu, 27. rujna, u 19,30 u Galeriji GKS-a otvorenje je izlo\u017ebe\u00a0\u201dSan ljetne no\u0107i\u201d\u00a0slikarice Mercedes Brato\u0161.\u00a0Kustos izlo\u017ebe je prof. Marin Ivanovi\u0107.\" \/>\n<meta property=\"og:url\" content=\"https:\/\/likemetkovic.hr\/san-ljetne-noci-izlozba\/\" \/>\n<meta property=\"og:site_name\" content=\"likemetkovic.hr\" \/>\n<meta property=\"article:publisher\" content=\"https:\/\/www.facebook.com\/likemetkovic.hr\/\" \/>\n<meta property=\"article:published_time\" content=\"2017-09-26T10:37:27+00:00\" \/>\n<meta property=\"article:modified_time\" content=\"2017-09-26T10:38:14+00:00\" \/>\n<meta property=\"og:image\" content=\"https:\/\/likemetkovic.hr\/wp-content\/uploads\/2017\/09\/brato\u0161-mercedes-izlo\u017eba.jpg\" \/>\n\t<meta property=\"og:image:width\" content=\"800\" \/>\n\t<meta property=\"og:image:height\" content=\"595\" \/>\n\t<meta property=\"og:image:type\" content=\"image\/jpeg\" \/>\n<meta name=\"author\" content=\"LIKEmetkovic.hr\" \/>\n<meta name=\"twitter:card\" content=\"summary_large_image\" \/>\n<meta name=\"twitter:label1\" content=\"Napisao\/la\" \/>\n\t<meta name=\"twitter:data1\" content=\"LIKEmetkovic.hr\" \/>\n\t<meta name=\"twitter:label2\" content=\"Procijenjeno vrijeme \u010ditanja\" \/>\n\t<meta name=\"twitter:data2\" content=\"1 minuta\" \/>\n<script type=\"application\/ld+json\" class=\"yoast-schema-graph\">{\"@context\":\"https:\/\/schema.org\",\"@graph\":[{\"@type\":\"WebPage\",\"@id\":\"https:\/\/likemetkovic.hr\/san-ljetne-noci-izlozba\/\",\"url\":\"https:\/\/likemetkovic.hr\/san-ljetne-noci-izlozba\/\",\"name\":\"\\\"San ljetne no\u0107i\\\" izlo\u017eba koja spaja fotografiju i slikarstvo - likemetkovic.hr\",\"isPartOf\":{\"@id\":\"https:\/\/likemetkovic.hr\/#website\"},\"primaryImageOfPage\":{\"@id\":\"https:\/\/likemetkovic.hr\/san-ljetne-noci-izlozba\/#primaryimage\"},\"image\":{\"@id\":\"https:\/\/likemetkovic.hr\/san-ljetne-noci-izlozba\/#primaryimage\"},\"thumbnailUrl\":\"https:\/\/likemetkovic.hr\/portal\/wp-content\/uploads\/2017\/09\/brato\u0161-mercedes-izlo\u017eba.jpg\",\"datePublished\":\"2017-09-26T10:37:27+00:00\",\"dateModified\":\"2017-09-26T10:38:14+00:00\",\"author\":{\"@id\":\"https:\/\/likemetkovic.hr\/#\/schema\/person\/a42711f3385a0e2be6f7e0443bfb28f0\"},\"description\":\"U srijedu, 27. rujna, u 19,30 u Galeriji GKS-a otvorenje je izlo\u017ebe\u00a0\u201dSan ljetne no\u0107i\u201d\u00a0slikarice Mercedes Brato\u0161.\u00a0Kustos izlo\u017ebe je prof. Marin Ivanovi\u0107.\",\"breadcrumb\":{\"@id\":\"https:\/\/likemetkovic.hr\/san-ljetne-noci-izlozba\/#breadcrumb\"},\"inLanguage\":\"hr\",\"potentialAction\":[{\"@type\":\"ReadAction\",\"target\":[\"https:\/\/likemetkovic.hr\/san-ljetne-noci-izlozba\/\"]}]},{\"@type\":\"ImageObject\",\"inLanguage\":\"hr\",\"@id\":\"https:\/\/likemetkovic.hr\/san-ljetne-noci-izlozba\/#primaryimage\",\"url\":\"https:\/\/likemetkovic.hr\/portal\/wp-content\/uploads\/2017\/09\/brato\u0161-mercedes-izlo\u017eba.jpg\",\"contentUrl\":\"https:\/\/likemetkovic.hr\/portal\/wp-content\/uploads\/2017\/09\/brato\u0161-mercedes-izlo\u017eba.jpg\",\"width\":800,\"height\":595},{\"@type\":\"BreadcrumbList\",\"@id\":\"https:\/\/likemetkovic.hr\/san-ljetne-noci-izlozba\/#breadcrumb\",\"itemListElement\":[{\"@type\":\"ListItem\",\"position\":1,\"name\":\"Po\u010detna stranica\",\"item\":\"https:\/\/likemetkovic.hr\/portal\/\"},{\"@type\":\"ListItem\",\"position\":2,\"name\":\"&#8220;San ljetne no\u0107i&#8221; izlo\u017eba koja spaja fotografiju i slikarstvo\"}]},{\"@type\":\"WebSite\",\"@id\":\"https:\/\/likemetkovic.hr\/#website\",\"url\":\"https:\/\/likemetkovic.hr\/\",\"name\":\"likemetkovic.hr\",\"description\":\"Misli pozitivno... \u010ditaj LIKE\",\"potentialAction\":[{\"@type\":\"SearchAction\",\"target\":{\"@type\":\"EntryPoint\",\"urlTemplate\":\"https:\/\/likemetkovic.hr\/?s={search_term_string}\"},\"query-input\":{\"@type\":\"PropertyValueSpecification\",\"valueRequired\":true,\"valueName\":\"search_term_string\"}}],\"inLanguage\":\"hr\"},{\"@type\":\"Person\",\"@id\":\"https:\/\/likemetkovic.hr\/#\/schema\/person\/a42711f3385a0e2be6f7e0443bfb28f0\",\"name\":\"LIKEmetkovic.hr\",\"sameAs\":[\"http:\/\/likemetkovic.hr\"],\"url\":\"https:\/\/likemetkovic.hr\/portal\/author\/likemetkovic-hr\/\"}]}<\/script>\n<!-- \/ Yoast SEO plugin. -->","yoast_head_json":{"title":"\"San ljetne no\u0107i\" izlo\u017eba koja spaja fotografiju i slikarstvo - likemetkovic.hr","description":"U srijedu, 27. rujna, u 19,30 u Galeriji GKS-a otvorenje je izlo\u017ebe\u00a0\u201dSan ljetne no\u0107i\u201d\u00a0slikarice Mercedes Brato\u0161.\u00a0Kustos izlo\u017ebe je prof. Marin Ivanovi\u0107.","robots":{"index":"index","follow":"follow","max-snippet":"max-snippet:-1","max-image-preview":"max-image-preview:large","max-video-preview":"max-video-preview:-1"},"canonical":"https:\/\/likemetkovic.hr\/san-ljetne-noci-izlozba\/","og_locale":"hr_HR","og_type":"article","og_title":"\"San ljetne no\u0107i\" izlo\u017eba koja spaja fotografiju i slikarstvo - likemetkovic.hr","og_description":"U srijedu, 27. rujna, u 19,30 u Galeriji GKS-a otvorenje je izlo\u017ebe\u00a0\u201dSan ljetne no\u0107i\u201d\u00a0slikarice Mercedes Brato\u0161.\u00a0Kustos izlo\u017ebe je prof. Marin Ivanovi\u0107.","og_url":"https:\/\/likemetkovic.hr\/san-ljetne-noci-izlozba\/","og_site_name":"likemetkovic.hr","article_publisher":"https:\/\/www.facebook.com\/likemetkovic.hr\/","article_published_time":"2017-09-26T10:37:27+00:00","article_modified_time":"2017-09-26T10:38:14+00:00","og_image":[{"width":800,"height":595,"url":"https:\/\/likemetkovic.hr\/wp-content\/uploads\/2017\/09\/brato\u0161-mercedes-izlo\u017eba.jpg","type":"image\/jpeg"}],"author":"LIKEmetkovic.hr","twitter_card":"summary_large_image","twitter_misc":{"Napisao\/la":"LIKEmetkovic.hr","Procijenjeno vrijeme \u010ditanja":"1 minuta"},"schema":{"@context":"https:\/\/schema.org","@graph":[{"@type":"WebPage","@id":"https:\/\/likemetkovic.hr\/san-ljetne-noci-izlozba\/","url":"https:\/\/likemetkovic.hr\/san-ljetne-noci-izlozba\/","name":"\"San ljetne no\u0107i\" izlo\u017eba koja spaja fotografiju i slikarstvo - likemetkovic.hr","isPartOf":{"@id":"https:\/\/likemetkovic.hr\/#website"},"primaryImageOfPage":{"@id":"https:\/\/likemetkovic.hr\/san-ljetne-noci-izlozba\/#primaryimage"},"image":{"@id":"https:\/\/likemetkovic.hr\/san-ljetne-noci-izlozba\/#primaryimage"},"thumbnailUrl":"https:\/\/likemetkovic.hr\/portal\/wp-content\/uploads\/2017\/09\/brato\u0161-mercedes-izlo\u017eba.jpg","datePublished":"2017-09-26T10:37:27+00:00","dateModified":"2017-09-26T10:38:14+00:00","author":{"@id":"https:\/\/likemetkovic.hr\/#\/schema\/person\/a42711f3385a0e2be6f7e0443bfb28f0"},"description":"U srijedu, 27. rujna, u 19,30 u Galeriji GKS-a otvorenje je izlo\u017ebe\u00a0\u201dSan ljetne no\u0107i\u201d\u00a0slikarice Mercedes Brato\u0161.\u00a0Kustos izlo\u017ebe je prof. Marin Ivanovi\u0107.","breadcrumb":{"@id":"https:\/\/likemetkovic.hr\/san-ljetne-noci-izlozba\/#breadcrumb"},"inLanguage":"hr","potentialAction":[{"@type":"ReadAction","target":["https:\/\/likemetkovic.hr\/san-ljetne-noci-izlozba\/"]}]},{"@type":"ImageObject","inLanguage":"hr","@id":"https:\/\/likemetkovic.hr\/san-ljetne-noci-izlozba\/#primaryimage","url":"https:\/\/likemetkovic.hr\/portal\/wp-content\/uploads\/2017\/09\/brato\u0161-mercedes-izlo\u017eba.jpg","contentUrl":"https:\/\/likemetkovic.hr\/portal\/wp-content\/uploads\/2017\/09\/brato\u0161-mercedes-izlo\u017eba.jpg","width":800,"height":595},{"@type":"BreadcrumbList","@id":"https:\/\/likemetkovic.hr\/san-ljetne-noci-izlozba\/#breadcrumb","itemListElement":[{"@type":"ListItem","position":1,"name":"Po\u010detna stranica","item":"https:\/\/likemetkovic.hr\/portal\/"},{"@type":"ListItem","position":2,"name":"&#8220;San ljetne no\u0107i&#8221; izlo\u017eba koja spaja fotografiju i slikarstvo"}]},{"@type":"WebSite","@id":"https:\/\/likemetkovic.hr\/#website","url":"https:\/\/likemetkovic.hr\/","name":"likemetkovic.hr","description":"Misli pozitivno... \u010ditaj LIKE","potentialAction":[{"@type":"SearchAction","target":{"@type":"EntryPoint","urlTemplate":"https:\/\/likemetkovic.hr\/?s={search_term_string}"},"query-input":{"@type":"PropertyValueSpecification","valueRequired":true,"valueName":"search_term_string"}}],"inLanguage":"hr"},{"@type":"Person","@id":"https:\/\/likemetkovic.hr\/#\/schema\/person\/a42711f3385a0e2be6f7e0443bfb28f0","name":"LIKEmetkovic.hr","sameAs":["http:\/\/likemetkovic.hr"],"url":"https:\/\/likemetkovic.hr\/portal\/author\/likemetkovic-hr\/"}]}},"_links":{"self":[{"href":"https:\/\/likemetkovic.hr\/portal\/wp-json\/wp\/v2\/posts\/47459","targetHints":{"allow":["GET"]}}],"collection":[{"href":"https:\/\/likemetkovic.hr\/portal\/wp-json\/wp\/v2\/posts"}],"about":[{"href":"https:\/\/likemetkovic.hr\/portal\/wp-json\/wp\/v2\/types\/post"}],"author":[{"embeddable":true,"href":"https:\/\/likemetkovic.hr\/portal\/wp-json\/wp\/v2\/users\/7"}],"replies":[{"embeddable":true,"href":"https:\/\/likemetkovic.hr\/portal\/wp-json\/wp\/v2\/comments?post=47459"}],"version-history":[{"count":0,"href":"https:\/\/likemetkovic.hr\/portal\/wp-json\/wp\/v2\/posts\/47459\/revisions"}],"wp:featuredmedia":[{"embeddable":true,"href":"https:\/\/likemetkovic.hr\/portal\/wp-json\/wp\/v2\/media\/47460"}],"wp:attachment":[{"href":"https:\/\/likemetkovic.hr\/portal\/wp-json\/wp\/v2\/media?parent=47459"}],"wp:term":[{"taxonomy":"category","embeddable":true,"href":"https:\/\/likemetkovic.hr\/portal\/wp-json\/wp\/v2\/categories?post=47459"},{"taxonomy":"post_tag","embeddable":true,"href":"https:\/\/likemetkovic.hr\/portal\/wp-json\/wp\/v2\/tags?post=47459"}],"curies":[{"name":"wp","href":"https:\/\/api.w.org\/{rel}","templated":true}]}}