{"id":47475,"date":"2017-09-27T14:05:58","date_gmt":"2017-09-27T12:05:58","guid":{"rendered":"http:\/\/likemetkovic.hr\/?p=47475"},"modified":"2017-09-27T14:05:58","modified_gmt":"2017-09-27T12:05:58","slug":"nece-biti-noci-ladara-kominu","status":"publish","type":"post","link":"https:\/\/likemetkovic.hr\/portal\/nece-biti-noci-ladara-kominu\/","title":{"rendered":"Kominjani odlu\u010dili: Ove godine bez No\u0107i pobjednika zbog lo\u0161ih vremenskih uvijeta"},"content":{"rendered":"<p>Ove godine\u00a0<strong>ne\u0107e biti<\/strong>\u00a0tradicionalne \u201cfe\u0161te\u201d koju organiziraju pobjednici Maratona la\u0111a na Neretvi, objavljuje\u00a0<a href=\"http:\/\/www.rogotin.hr\/2017\/09\/27\/udruga-ladara-gusari-komin-nazalost-nece-biti-noci-prvaka-ove-godine\/\">rogotin.hr<\/a>.<\/p>\n<p>Kako su potvrdili iz uprave\u00a0<strong>Udruge la\u0111ara \u201cGusari Komin\u201d<\/strong>, plan je bio da se No\u0107 prvaka odr\u017ei\u00a0<strong>ovaj petak<\/strong>\u00a0(29. rujna 2017. godine), ali i ovaj put, a to je ujedno tre\u0107i put zaredom, postoji mogu\u0107nost nepovoljnih vremenskih uvjeta.<\/p>\n<p>No\u0107 prvaka ne\u0107e biti, i to je ujedno posljednja odluka organizacijskog odbora, tj. Upravnog vije\u0107a Udruge la\u0111ara \u201cGusari Komin\u201d, kao i svih la\u0111ara i simpatizera koji su ove godine \u010dinili tim\u00a0<strong>najtrofejnijih la\u0111ara u povijesti Maratona la\u0111a. <\/strong>Te\u0161ko da \u0107e u budu\u0107em razdoblju biti povoljni vremenski uvijeti za takav doga\u0111aj na otvorenom.<\/p>\n<p>Podsje\u0107amo vas da je zbog vremenskih neprilika<strong>\u00a0No\u0107 prvaka u Kominu<\/strong>\u00a0ove godine odga\u0111ana dva puta u \u201czadnji \u010das\u201d, ipak ne\u0107e je biti i time kominski Gusari ne\u0107e formalno proslaviti godinu u kojoj su postali najtrofejniji u Neretvi, skinuv\u0161i s vrha uvijek\u00a0<strong>\u201cljutog\u201d rivala<\/strong>, ekipu Rogotina!<\/p>\n<p>Pi\u0161e: Augustin Markota<\/p>\n","protected":false},"excerpt":{"rendered":"<p>Ove godine\u00a0ne\u0107e biti\u00a0tradicionalne \u201cfe\u0161te\u201d koju organiziraju pobjednici Maratona la\u0111a na Neretvi, objavljuje\u00a0rogotin.hr. Kako su potvrdili iz uprave\u00a0Udruge la\u0111ara \u201cGusari Komin\u201d, plan je bio da se No\u0107 prvaka odr\u017ei\u00a0ovaj petak\u00a0(29. rujna 2017. godine), ali i ovaj put, a to je ujedno tre\u0107i put zaredom, postoji mogu\u0107nost nepovoljnih vremenskih uvjeta. No\u0107 prvaka ne\u0107e biti, i to je [&hellip;]<\/p>\n","protected":false},"author":7,"featured_media":46757,"comment_status":"open","ping_status":"open","sticky":false,"template":"","format":"standard","meta":{"footnotes":""},"categories":[296,11],"tags":[1147,1146,1439],"class_list":{"0":"post-47475","1":"post","2":"type-post","3":"status-publish","4":"format-standard","5":"has-post-thumbnail","7":"category-ab","8":"category-metkovic-dolina","9":"tag-komin","10":"tag-noc-pobjednika","11":"tag-ul-gusari"},"yoast_head":"<!-- This site is optimized with the Yoast SEO plugin v25.2 - https:\/\/yoast.com\/wordpress\/plugins\/seo\/ -->\n<title>Kominjani odlu\u010dili: Ove godine bez No\u0107i pobjednika zbog lo\u0161ih vremenskih uvijeta - likemetkovic.hr<\/title>\n<meta name=\"description\" content=\"Bio je plan da se No\u0107 prvaka odr\u017ei\u00a0ovog petaka\u00a0(29. rujna). Na\u017ealost i ovaj put, tre\u0107i zaredom, postoji mogu\u0107nost nepovoljnih vremenskih uvjeta.\" \/>\n<meta name=\"robots\" content=\"index, follow, max-snippet:-1, max-image-preview:large, max-video-preview:-1\" \/>\n<link rel=\"canonical\" href=\"https:\/\/likemetkovic.hr\/nece-biti-noci-ladara-kominu\/\" \/>\n<meta property=\"og:locale\" content=\"hr_HR\" \/>\n<meta property=\"og:type\" content=\"article\" \/>\n<meta property=\"og:title\" content=\"Kominjani odlu\u010dili: Ove godine bez No\u0107i pobjednika zbog lo\u0161ih vremenskih uvijeta - likemetkovic.hr\" \/>\n<meta property=\"og:description\" content=\"Bio je plan da se No\u0107 prvaka odr\u017ei\u00a0ovog petaka\u00a0(29. rujna). Na\u017ealost i ovaj put, tre\u0107i zaredom, postoji mogu\u0107nost nepovoljnih vremenskih uvjeta.\" \/>\n<meta property=\"og:url\" content=\"https:\/\/likemetkovic.hr\/nece-biti-noci-ladara-kominu\/\" \/>\n<meta property=\"og:site_name\" content=\"likemetkovic.hr\" \/>\n<meta property=\"article:publisher\" content=\"https:\/\/www.facebook.com\/likemetkovic.hr\/\" \/>\n<meta property=\"article:published_time\" content=\"2017-09-27T12:05:58+00:00\" \/>\n<meta property=\"og:image\" content=\"https:\/\/likemetkovic.hr\/wp-content\/uploads\/2017\/09\/udruga-ladjara-gusari-komin.jpg\" \/>\n\t<meta property=\"og:image:width\" content=\"1200\" \/>\n\t<meta property=\"og:image:height\" content=\"600\" \/>\n\t<meta property=\"og:image:type\" content=\"image\/jpeg\" \/>\n<meta name=\"author\" content=\"LIKEmetkovic.hr\" \/>\n<meta name=\"twitter:card\" content=\"summary_large_image\" \/>\n<meta name=\"twitter:label1\" content=\"Napisao\/la\" \/>\n\t<meta name=\"twitter:data1\" content=\"LIKEmetkovic.hr\" \/>\n\t<meta name=\"twitter:label2\" content=\"Procijenjeno vrijeme \u010ditanja\" \/>\n\t<meta name=\"twitter:data2\" content=\"1 minuta\" \/>\n<script type=\"application\/ld+json\" class=\"yoast-schema-graph\">{\"@context\":\"https:\/\/schema.org\",\"@graph\":[{\"@type\":\"WebPage\",\"@id\":\"https:\/\/likemetkovic.hr\/nece-biti-noci-ladara-kominu\/\",\"url\":\"https:\/\/likemetkovic.hr\/nece-biti-noci-ladara-kominu\/\",\"name\":\"Kominjani odlu\u010dili: Ove godine bez No\u0107i pobjednika zbog lo\u0161ih vremenskih uvijeta - likemetkovic.hr\",\"isPartOf\":{\"@id\":\"https:\/\/likemetkovic.hr\/#website\"},\"primaryImageOfPage\":{\"@id\":\"https:\/\/likemetkovic.hr\/nece-biti-noci-ladara-kominu\/#primaryimage\"},\"image\":{\"@id\":\"https:\/\/likemetkovic.hr\/nece-biti-noci-ladara-kominu\/#primaryimage\"},\"thumbnailUrl\":\"https:\/\/likemetkovic.hr\/portal\/wp-content\/uploads\/2017\/09\/udruga-ladjara-gusari-komin.jpg\",\"datePublished\":\"2017-09-27T12:05:58+00:00\",\"author\":{\"@id\":\"https:\/\/likemetkovic.hr\/#\/schema\/person\/a42711f3385a0e2be6f7e0443bfb28f0\"},\"description\":\"Bio je plan da se No\u0107 prvaka odr\u017ei\u00a0ovog petaka\u00a0(29. rujna). Na\u017ealost i ovaj put, tre\u0107i zaredom, postoji mogu\u0107nost nepovoljnih vremenskih uvjeta.\",\"breadcrumb\":{\"@id\":\"https:\/\/likemetkovic.hr\/nece-biti-noci-ladara-kominu\/#breadcrumb\"},\"inLanguage\":\"hr\",\"potentialAction\":[{\"@type\":\"ReadAction\",\"target\":[\"https:\/\/likemetkovic.hr\/nece-biti-noci-ladara-kominu\/\"]}]},{\"@type\":\"ImageObject\",\"inLanguage\":\"hr\",\"@id\":\"https:\/\/likemetkovic.hr\/nece-biti-noci-ladara-kominu\/#primaryimage\",\"url\":\"https:\/\/likemetkovic.hr\/portal\/wp-content\/uploads\/2017\/09\/udruga-ladjara-gusari-komin.jpg\",\"contentUrl\":\"https:\/\/likemetkovic.hr\/portal\/wp-content\/uploads\/2017\/09\/udruga-ladjara-gusari-komin.jpg\",\"width\":1200,\"height\":600},{\"@type\":\"BreadcrumbList\",\"@id\":\"https:\/\/likemetkovic.hr\/nece-biti-noci-ladara-kominu\/#breadcrumb\",\"itemListElement\":[{\"@type\":\"ListItem\",\"position\":1,\"name\":\"Po\u010detna stranica\",\"item\":\"https:\/\/likemetkovic.hr\/portal\/\"},{\"@type\":\"ListItem\",\"position\":2,\"name\":\"Kominjani odlu\u010dili: Ove godine bez No\u0107i pobjednika zbog lo\u0161ih vremenskih uvijeta\"}]},{\"@type\":\"WebSite\",\"@id\":\"https:\/\/likemetkovic.hr\/#website\",\"url\":\"https:\/\/likemetkovic.hr\/\",\"name\":\"likemetkovic.hr\",\"description\":\"Misli pozitivno... \u010ditaj LIKE\",\"potentialAction\":[{\"@type\":\"SearchAction\",\"target\":{\"@type\":\"EntryPoint\",\"urlTemplate\":\"https:\/\/likemetkovic.hr\/?s={search_term_string}\"},\"query-input\":{\"@type\":\"PropertyValueSpecification\",\"valueRequired\":true,\"valueName\":\"search_term_string\"}}],\"inLanguage\":\"hr\"},{\"@type\":\"Person\",\"@id\":\"https:\/\/likemetkovic.hr\/#\/schema\/person\/a42711f3385a0e2be6f7e0443bfb28f0\",\"name\":\"LIKEmetkovic.hr\",\"sameAs\":[\"http:\/\/likemetkovic.hr\"],\"url\":\"https:\/\/likemetkovic.hr\/portal\/author\/likemetkovic-hr\/\"}]}<\/script>\n<!-- \/ Yoast SEO plugin. -->","yoast_head_json":{"title":"Kominjani odlu\u010dili: Ove godine bez No\u0107i pobjednika zbog lo\u0161ih vremenskih uvijeta - likemetkovic.hr","description":"Bio je plan da se No\u0107 prvaka odr\u017ei\u00a0ovog petaka\u00a0(29. rujna). Na\u017ealost i ovaj put, tre\u0107i zaredom, postoji mogu\u0107nost nepovoljnih vremenskih uvjeta.","robots":{"index":"index","follow":"follow","max-snippet":"max-snippet:-1","max-image-preview":"max-image-preview:large","max-video-preview":"max-video-preview:-1"},"canonical":"https:\/\/likemetkovic.hr\/nece-biti-noci-ladara-kominu\/","og_locale":"hr_HR","og_type":"article","og_title":"Kominjani odlu\u010dili: Ove godine bez No\u0107i pobjednika zbog lo\u0161ih vremenskih uvijeta - likemetkovic.hr","og_description":"Bio je plan da se No\u0107 prvaka odr\u017ei\u00a0ovog petaka\u00a0(29. rujna). Na\u017ealost i ovaj put, tre\u0107i zaredom, postoji mogu\u0107nost nepovoljnih vremenskih uvjeta.","og_url":"https:\/\/likemetkovic.hr\/nece-biti-noci-ladara-kominu\/","og_site_name":"likemetkovic.hr","article_publisher":"https:\/\/www.facebook.com\/likemetkovic.hr\/","article_published_time":"2017-09-27T12:05:58+00:00","og_image":[{"width":1200,"height":600,"url":"https:\/\/likemetkovic.hr\/wp-content\/uploads\/2017\/09\/udruga-ladjara-gusari-komin.jpg","type":"image\/jpeg"}],"author":"LIKEmetkovic.hr","twitter_card":"summary_large_image","twitter_misc":{"Napisao\/la":"LIKEmetkovic.hr","Procijenjeno vrijeme \u010ditanja":"1 minuta"},"schema":{"@context":"https:\/\/schema.org","@graph":[{"@type":"WebPage","@id":"https:\/\/likemetkovic.hr\/nece-biti-noci-ladara-kominu\/","url":"https:\/\/likemetkovic.hr\/nece-biti-noci-ladara-kominu\/","name":"Kominjani odlu\u010dili: Ove godine bez No\u0107i pobjednika zbog lo\u0161ih vremenskih uvijeta - likemetkovic.hr","isPartOf":{"@id":"https:\/\/likemetkovic.hr\/#website"},"primaryImageOfPage":{"@id":"https:\/\/likemetkovic.hr\/nece-biti-noci-ladara-kominu\/#primaryimage"},"image":{"@id":"https:\/\/likemetkovic.hr\/nece-biti-noci-ladara-kominu\/#primaryimage"},"thumbnailUrl":"https:\/\/likemetkovic.hr\/portal\/wp-content\/uploads\/2017\/09\/udruga-ladjara-gusari-komin.jpg","datePublished":"2017-09-27T12:05:58+00:00","author":{"@id":"https:\/\/likemetkovic.hr\/#\/schema\/person\/a42711f3385a0e2be6f7e0443bfb28f0"},"description":"Bio je plan da se No\u0107 prvaka odr\u017ei\u00a0ovog petaka\u00a0(29. rujna). Na\u017ealost i ovaj put, tre\u0107i zaredom, postoji mogu\u0107nost nepovoljnih vremenskih uvjeta.","breadcrumb":{"@id":"https:\/\/likemetkovic.hr\/nece-biti-noci-ladara-kominu\/#breadcrumb"},"inLanguage":"hr","potentialAction":[{"@type":"ReadAction","target":["https:\/\/likemetkovic.hr\/nece-biti-noci-ladara-kominu\/"]}]},{"@type":"ImageObject","inLanguage":"hr","@id":"https:\/\/likemetkovic.hr\/nece-biti-noci-ladara-kominu\/#primaryimage","url":"https:\/\/likemetkovic.hr\/portal\/wp-content\/uploads\/2017\/09\/udruga-ladjara-gusari-komin.jpg","contentUrl":"https:\/\/likemetkovic.hr\/portal\/wp-content\/uploads\/2017\/09\/udruga-ladjara-gusari-komin.jpg","width":1200,"height":600},{"@type":"BreadcrumbList","@id":"https:\/\/likemetkovic.hr\/nece-biti-noci-ladara-kominu\/#breadcrumb","itemListElement":[{"@type":"ListItem","position":1,"name":"Po\u010detna stranica","item":"https:\/\/likemetkovic.hr\/portal\/"},{"@type":"ListItem","position":2,"name":"Kominjani odlu\u010dili: Ove godine bez No\u0107i pobjednika zbog lo\u0161ih vremenskih uvijeta"}]},{"@type":"WebSite","@id":"https:\/\/likemetkovic.hr\/#website","url":"https:\/\/likemetkovic.hr\/","name":"likemetkovic.hr","description":"Misli pozitivno... \u010ditaj LIKE","potentialAction":[{"@type":"SearchAction","target":{"@type":"EntryPoint","urlTemplate":"https:\/\/likemetkovic.hr\/?s={search_term_string}"},"query-input":{"@type":"PropertyValueSpecification","valueRequired":true,"valueName":"search_term_string"}}],"inLanguage":"hr"},{"@type":"Person","@id":"https:\/\/likemetkovic.hr\/#\/schema\/person\/a42711f3385a0e2be6f7e0443bfb28f0","name":"LIKEmetkovic.hr","sameAs":["http:\/\/likemetkovic.hr"],"url":"https:\/\/likemetkovic.hr\/portal\/author\/likemetkovic-hr\/"}]}},"_links":{"self":[{"href":"https:\/\/likemetkovic.hr\/portal\/wp-json\/wp\/v2\/posts\/47475","targetHints":{"allow":["GET"]}}],"collection":[{"href":"https:\/\/likemetkovic.hr\/portal\/wp-json\/wp\/v2\/posts"}],"about":[{"href":"https:\/\/likemetkovic.hr\/portal\/wp-json\/wp\/v2\/types\/post"}],"author":[{"embeddable":true,"href":"https:\/\/likemetkovic.hr\/portal\/wp-json\/wp\/v2\/users\/7"}],"replies":[{"embeddable":true,"href":"https:\/\/likemetkovic.hr\/portal\/wp-json\/wp\/v2\/comments?post=47475"}],"version-history":[{"count":0,"href":"https:\/\/likemetkovic.hr\/portal\/wp-json\/wp\/v2\/posts\/47475\/revisions"}],"wp:featuredmedia":[{"embeddable":true,"href":"https:\/\/likemetkovic.hr\/portal\/wp-json\/wp\/v2\/media\/46757"}],"wp:attachment":[{"href":"https:\/\/likemetkovic.hr\/portal\/wp-json\/wp\/v2\/media?parent=47475"}],"wp:term":[{"taxonomy":"category","embeddable":true,"href":"https:\/\/likemetkovic.hr\/portal\/wp-json\/wp\/v2\/categories?post=47475"},{"taxonomy":"post_tag","embeddable":true,"href":"https:\/\/likemetkovic.hr\/portal\/wp-json\/wp\/v2\/tags?post=47475"}],"curies":[{"name":"wp","href":"https:\/\/api.w.org\/{rel}","templated":true}]}}