{"id":47551,"date":"2017-09-29T18:46:19","date_gmt":"2017-09-29T16:46:19","guid":{"rendered":"http:\/\/likemetkovic.hr\/?p=47551"},"modified":"2018-06-08T09:16:27","modified_gmt":"2018-06-08T07:16:27","slug":"policija-proslavila-svoj-dan-trgu-kralja-tomislava","status":"publish","type":"post","link":"https:\/\/likemetkovic.hr\/portal\/policija-proslavila-svoj-dan-trgu-kralja-tomislava\/","title":{"rendered":"Policija proslavila svoj Dan na Trgu kralja Tomislava"},"content":{"rendered":"<p>Blagdan sv. Mihovila ujedno i Dan hrvatske policije. Tom prigodom policijski slu\u017ebenici iz PP Metkovi\u0107 i PGP Metkovi\u0107 s braniteljima i roditeljima poginulih branitelja polo\u017eili su vijence i zapalili svije\u0107e kod Spomenika hrvatskim braniteljima na Velikoj rivi.<\/p>\n<p>Nakon toga su<strong> na Trgu kralja Tomislava izlo\u017eiti zaimteresiranoj javnosti opremu i vozila<\/strong> koju\u00a0 koriste u svakodnevnom radu (oprema za uzimanje otisaka prstiju, slu\u017ebeno vozilo za prijevoz uhi\u0107enih osoba, ure\u0111aji za mjerenje brzine, slu\u017ebeni motocikl, \u201eschengen bus\u201c &#8211; multifunkcionalno vozilo za nadzor dr\u017eavne granice).<\/p>\n\r\n                <style type=\"text\/css\">\r\n                    \r\n                    #tdi_1  .td-doubleSlider-2 .td-item1 {\r\n                        background: url(https:\/\/likemetkovic.hr\/portal\/wp-content\/uploads\/2017\/09\/Policija-005-80x60.jpg) 0 0 no-repeat;\r\n                    }\r\n                    #tdi_1  .td-doubleSlider-2 .td-item2 {\r\n                        background: url(https:\/\/likemetkovic.hr\/portal\/wp-content\/uploads\/2017\/09\/Policija-006-80x60.jpg) 0 0 no-repeat;\r\n                    }\r\n                    #tdi_1  .td-doubleSlider-2 .td-item3 {\r\n                        background: url(https:\/\/likemetkovic.hr\/portal\/wp-content\/uploads\/2017\/09\/Policija-007-80x60.jpg) 0 0 no-repeat;\r\n                    }\r\n                    #tdi_1  .td-doubleSlider-2 .td-item4 {\r\n                        background: url(https:\/\/likemetkovic.hr\/portal\/wp-content\/uploads\/2017\/09\/Policija-008-80x60.jpg) 0 0 no-repeat;\r\n                    }\r\n                    #tdi_1  .td-doubleSlider-2 .td-item5 {\r\n                        background: url(https:\/\/likemetkovic.hr\/portal\/wp-content\/uploads\/2017\/09\/Policija-012-80x60.jpg) 0 0 no-repeat;\r\n                    }\r\n                    #tdi_1  .td-doubleSlider-2 .td-item6 {\r\n                        background: url(https:\/\/likemetkovic.hr\/portal\/wp-content\/uploads\/2017\/09\/Policija-013-80x60.jpg) 0 0 no-repeat;\r\n                    }\r\n                    #tdi_1  .td-doubleSlider-2 .td-item7 {\r\n                        background: url(https:\/\/likemetkovic.hr\/portal\/wp-content\/uploads\/2017\/09\/Policija-015-80x60.jpg) 0 0 no-repeat;\r\n                    }\r\n                    #tdi_1  .td-doubleSlider-2 .td-item8 {\r\n                        background: url(https:\/\/likemetkovic.hr\/portal\/wp-content\/uploads\/2017\/09\/Policija-016-80x60.jpg) 0 0 no-repeat;\r\n                    }\r\n                <\/style>\r\n\r\n                <div id=\"tdi_1\" class=\"td-gallery td-slide-on-2-columns\">\r\n                    <div class=\"post_td_gallery\">\r\n                        <div class=\"td-gallery-slide-top\">\r\n                           <div class=\"td-gallery-title\"><\/div>\r\n\r\n                            <div class=\"td-gallery-controls-wrapper\">\r\n                                <div class=\"td-gallery-slide-count\"><span class=\"td-gallery-slide-item-focus\">1<\/span> of 8<\/div>\r\n                                <div class=\"td-gallery-slide-prev-next-but\">\r\n                                    <i class = \"td-icon-left doubleSliderPrevButton\"><\/i>\r\n                                    <i class = \"td-icon-right doubleSliderNextButton\"><\/i>\r\n                                <\/div>\r\n                            <\/div>\r\n                        <\/div>\r\n\r\n                        <div class = \"td-doubleSlider-1 \">\r\n                            <div class = \"td-slider\">\r\n                                \r\n                    <div class = \"td-slide-item td-item1\">\r\n                        <figure class=\"td-slide-galery-figure td-slide-popup-gallery\">\r\n                            <a class=\"slide-gallery-image-link\" href=\"https:\/\/likemetkovic.hr\/portal\/wp-content\/uploads\/2017\/09\/Policija-005.jpg\" title=\"Policija - 005\"  data-caption=\"\"  data-description=\"\">\r\n                                <img decoding=\"async\" src=\"https:\/\/likemetkovic.hr\/portal\/wp-content\/uploads\/2017\/09\/Policija-005-634x420.jpg\" srcset=\"https:\/\/likemetkovic.hr\/portal\/wp-content\/uploads\/2017\/09\/Policija-005-634x420.jpg 634w, https:\/\/likemetkovic.hr\/portal\/wp-content\/uploads\/2017\/09\/Policija-005-800x530.jpg 800w, https:\/\/likemetkovic.hr\/portal\/wp-content\/uploads\/2017\/09\/Policija-005-768x509.jpg 768w, https:\/\/likemetkovic.hr\/portal\/wp-content\/uploads\/2017\/09\/Policija-005-696x461.jpg 696w, https:\/\/likemetkovic.hr\/portal\/wp-content\/uploads\/2017\/09\/Policija-005.jpg 900w\" sizes=\"(max-width: 634px) 100vw, 634px\" alt=\"\">\r\n                            <\/a>\r\n                            \r\n                        <\/figure>\r\n                    <\/div>\r\n                    <div class = \"td-slide-item td-item2\">\r\n                        <figure class=\"td-slide-galery-figure td-slide-popup-gallery\">\r\n                            <a class=\"slide-gallery-image-link\" href=\"https:\/\/likemetkovic.hr\/portal\/wp-content\/uploads\/2017\/09\/Policija-006.jpg\" title=\"Policija - 006\"  data-caption=\"\"  data-description=\"\">\r\n                                <img decoding=\"async\" src=\"https:\/\/likemetkovic.hr\/portal\/wp-content\/uploads\/2017\/09\/Policija-006-634x420.jpg\" srcset=\"https:\/\/likemetkovic.hr\/portal\/wp-content\/uploads\/2017\/09\/Policija-006-634x420.jpg 634w, https:\/\/likemetkovic.hr\/portal\/wp-content\/uploads\/2017\/09\/Policija-006-800x530.jpg 800w, https:\/\/likemetkovic.hr\/portal\/wp-content\/uploads\/2017\/09\/Policija-006-768x509.jpg 768w, https:\/\/likemetkovic.hr\/portal\/wp-content\/uploads\/2017\/09\/Policija-006-696x461.jpg 696w, https:\/\/likemetkovic.hr\/portal\/wp-content\/uploads\/2017\/09\/Policija-006.jpg 900w\" sizes=\"(max-width: 634px) 100vw, 634px\" alt=\"\">\r\n                            <\/a>\r\n                            \r\n                        <\/figure>\r\n                    <\/div>\r\n                    <div class = \"td-slide-item td-item3\">\r\n                        <figure class=\"td-slide-galery-figure td-slide-popup-gallery\">\r\n                            <a class=\"slide-gallery-image-link\" href=\"https:\/\/likemetkovic.hr\/portal\/wp-content\/uploads\/2017\/09\/Policija-007.jpg\" title=\"Policija - 007\"  data-caption=\"\"  data-description=\"\">\r\n                                <img decoding=\"async\" src=\"https:\/\/likemetkovic.hr\/portal\/wp-content\/uploads\/2017\/09\/Policija-007-634x420.jpg\" srcset=\"https:\/\/likemetkovic.hr\/portal\/wp-content\/uploads\/2017\/09\/Policija-007-634x420.jpg 634w, https:\/\/likemetkovic.hr\/portal\/wp-content\/uploads\/2017\/09\/Policija-007-800x530.jpg 800w, https:\/\/likemetkovic.hr\/portal\/wp-content\/uploads\/2017\/09\/Policija-007-768x509.jpg 768w, https:\/\/likemetkovic.hr\/portal\/wp-content\/uploads\/2017\/09\/Policija-007-696x461.jpg 696w, https:\/\/likemetkovic.hr\/portal\/wp-content\/uploads\/2017\/09\/Policija-007.jpg 900w\" sizes=\"(max-width: 634px) 100vw, 634px\" alt=\"\">\r\n                            <\/a>\r\n                            \r\n                        <\/figure>\r\n                    <\/div>\r\n                    <div class = \"td-slide-item td-item4\">\r\n                        <figure class=\"td-slide-galery-figure td-slide-popup-gallery\">\r\n                            <a class=\"slide-gallery-image-link\" href=\"https:\/\/likemetkovic.hr\/portal\/wp-content\/uploads\/2017\/09\/Policija-008.jpg\" title=\"Policija - 008\"  data-caption=\"\"  data-description=\"\">\r\n                                <img decoding=\"async\" src=\"https:\/\/likemetkovic.hr\/portal\/wp-content\/uploads\/2017\/09\/Policija-008-634x420.jpg\" srcset=\"https:\/\/likemetkovic.hr\/portal\/wp-content\/uploads\/2017\/09\/Policija-008-634x420.jpg 634w, https:\/\/likemetkovic.hr\/portal\/wp-content\/uploads\/2017\/09\/Policija-008-800x530.jpg 800w, https:\/\/likemetkovic.hr\/portal\/wp-content\/uploads\/2017\/09\/Policija-008-768x509.jpg 768w, https:\/\/likemetkovic.hr\/portal\/wp-content\/uploads\/2017\/09\/Policija-008-696x461.jpg 696w, https:\/\/likemetkovic.hr\/portal\/wp-content\/uploads\/2017\/09\/Policija-008.jpg 900w\" sizes=\"(max-width: 634px) 100vw, 634px\" alt=\"\">\r\n                            <\/a>\r\n                            \r\n                        <\/figure>\r\n                    <\/div>\r\n                    <div class = \"td-slide-item td-item5\">\r\n                        <figure class=\"td-slide-galery-figure td-slide-popup-gallery\">\r\n                            <a class=\"slide-gallery-image-link\" href=\"https:\/\/likemetkovic.hr\/portal\/wp-content\/uploads\/2017\/09\/Policija-012.jpg\" title=\"Policija - 012\"  data-caption=\"\"  data-description=\"\">\r\n                                <img decoding=\"async\" src=\"https:\/\/likemetkovic.hr\/portal\/wp-content\/uploads\/2017\/09\/Policija-012-634x420.jpg\" srcset=\"https:\/\/likemetkovic.hr\/portal\/wp-content\/uploads\/2017\/09\/Policija-012-634x420.jpg 634w, https:\/\/likemetkovic.hr\/portal\/wp-content\/uploads\/2017\/09\/Policija-012-800x530.jpg 800w, https:\/\/likemetkovic.hr\/portal\/wp-content\/uploads\/2017\/09\/Policija-012-768x509.jpg 768w, https:\/\/likemetkovic.hr\/portal\/wp-content\/uploads\/2017\/09\/Policija-012-696x461.jpg 696w, https:\/\/likemetkovic.hr\/portal\/wp-content\/uploads\/2017\/09\/Policija-012.jpg 900w\" sizes=\"(max-width: 634px) 100vw, 634px\" alt=\"\">\r\n                            <\/a>\r\n                            \r\n                        <\/figure>\r\n                    <\/div>\r\n                    <div class = \"td-slide-item td-item6\">\r\n                        <figure class=\"td-slide-galery-figure td-slide-popup-gallery\">\r\n                            <a class=\"slide-gallery-image-link\" href=\"https:\/\/likemetkovic.hr\/portal\/wp-content\/uploads\/2017\/09\/Policija-013.jpg\" title=\"Policija - 013\"  data-caption=\"\"  data-description=\"\">\r\n                                <img decoding=\"async\" src=\"https:\/\/likemetkovic.hr\/portal\/wp-content\/uploads\/2017\/09\/Policija-013-634x420.jpg\" srcset=\"https:\/\/likemetkovic.hr\/portal\/wp-content\/uploads\/2017\/09\/Policija-013-634x420.jpg 634w, https:\/\/likemetkovic.hr\/portal\/wp-content\/uploads\/2017\/09\/Policija-013-800x530.jpg 800w, https:\/\/likemetkovic.hr\/portal\/wp-content\/uploads\/2017\/09\/Policija-013-768x509.jpg 768w, https:\/\/likemetkovic.hr\/portal\/wp-content\/uploads\/2017\/09\/Policija-013-696x461.jpg 696w, https:\/\/likemetkovic.hr\/portal\/wp-content\/uploads\/2017\/09\/Policija-013.jpg 900w\" sizes=\"(max-width: 634px) 100vw, 634px\" alt=\"\">\r\n                            <\/a>\r\n                            \r\n                        <\/figure>\r\n                    <\/div>\r\n                    <div class = \"td-slide-item td-item7\">\r\n                        <figure class=\"td-slide-galery-figure td-slide-popup-gallery\">\r\n                            <a class=\"slide-gallery-image-link\" href=\"https:\/\/likemetkovic.hr\/portal\/wp-content\/uploads\/2017\/09\/Policija-015.jpg\" title=\"Policija - 015\"  data-caption=\"\"  data-description=\"\">\r\n                                <img decoding=\"async\" src=\"https:\/\/likemetkovic.hr\/portal\/wp-content\/uploads\/2017\/09\/Policija-015-634x420.jpg\" srcset=\"https:\/\/likemetkovic.hr\/portal\/wp-content\/uploads\/2017\/09\/Policija-015-634x420.jpg 634w, https:\/\/likemetkovic.hr\/portal\/wp-content\/uploads\/2017\/09\/Policija-015-800x530.jpg 800w, https:\/\/likemetkovic.hr\/portal\/wp-content\/uploads\/2017\/09\/Policija-015-768x509.jpg 768w, https:\/\/likemetkovic.hr\/portal\/wp-content\/uploads\/2017\/09\/Policija-015-696x461.jpg 696w, https:\/\/likemetkovic.hr\/portal\/wp-content\/uploads\/2017\/09\/Policija-015.jpg 900w\" sizes=\"(max-width: 634px) 100vw, 634px\" alt=\"\">\r\n                            <\/a>\r\n                            \r\n                        <\/figure>\r\n                    <\/div>\r\n                    <div class = \"td-slide-item td-item8\">\r\n                        <figure class=\"td-slide-galery-figure td-slide-popup-gallery\">\r\n                            <a class=\"slide-gallery-image-link\" href=\"https:\/\/likemetkovic.hr\/portal\/wp-content\/uploads\/2017\/09\/Policija-016.jpg\" title=\"Policija - 016\"  data-caption=\"\"  data-description=\"\">\r\n                                <img decoding=\"async\" src=\"https:\/\/likemetkovic.hr\/portal\/wp-content\/uploads\/2017\/09\/Policija-016-634x420.jpg\" srcset=\"https:\/\/likemetkovic.hr\/portal\/wp-content\/uploads\/2017\/09\/Policija-016-634x420.jpg 634w, https:\/\/likemetkovic.hr\/portal\/wp-content\/uploads\/2017\/09\/Policija-016-800x530.jpg 800w, https:\/\/likemetkovic.hr\/portal\/wp-content\/uploads\/2017\/09\/Policija-016-768x509.jpg 768w, https:\/\/likemetkovic.hr\/portal\/wp-content\/uploads\/2017\/09\/Policija-016-696x461.jpg 696w, https:\/\/likemetkovic.hr\/portal\/wp-content\/uploads\/2017\/09\/Policija-016.jpg 900w\" sizes=\"(max-width: 634px) 100vw, 634px\" alt=\"\">\r\n                            <\/a>\r\n                            \r\n                        <\/figure>\r\n                    <\/div>\r\n                            <\/div>\r\n                        <\/div>\r\n\r\n                        <div class = \"td-doubleSlider-2\">\r\n                            <div class = \"td-slider\">\r\n                                \r\n                    <div class = \"td-button td-item1\">\r\n                        <div class = \"td-border\"><\/div>\r\n                    <\/div>\r\n                    <div class = \"td-button td-item2\">\r\n                        <div class = \"td-border\"><\/div>\r\n                    <\/div>\r\n                    <div class = \"td-button td-item3\">\r\n                        <div class = \"td-border\"><\/div>\r\n                    <\/div>\r\n                    <div class = \"td-button td-item4\">\r\n                        <div class = \"td-border\"><\/div>\r\n                    <\/div>\r\n                    <div class = \"td-button td-item5\">\r\n                        <div class = \"td-border\"><\/div>\r\n                    <\/div>\r\n                    <div class = \"td-button td-item6\">\r\n                        <div class = \"td-border\"><\/div>\r\n                    <\/div>\r\n                    <div class = \"td-button td-item7\">\r\n                        <div class = \"td-border\"><\/div>\r\n                    <\/div>\r\n                    <div class = \"td-button td-item8\">\r\n                        <div class = \"td-border\"><\/div>\r\n                    <\/div>\r\n                            <\/div>\r\n                        <\/div>\r\n\r\n                    <\/div>\r\n\r\n                <\/div>\r\n                \n","protected":false},"excerpt":{"rendered":"<p>Blagdan sv. Mihovila ujedno i Dan hrvatske policije. Tom prigodom policijski slu\u017ebenici iz PP Metkovi\u0107 i PGP Metkovi\u0107 s braniteljima i roditeljima poginulih branitelja polo\u017eili su vijence i zapalili svije\u0107e kod Spomenika hrvatskim braniteljima na Velikoj rivi. Nakon toga su na Trgu kralja Tomislava izlo\u017eiti zaimteresiranoj javnosti opremu i vozila koju\u00a0 koriste u svakodnevnom radu [&hellip;]<\/p>\n","protected":false},"author":7,"featured_media":0,"comment_status":"open","ping_status":"open","sticky":false,"template":"","format":"standard","meta":{"footnotes":""},"categories":[283,11],"tags":[1469,1447,380],"class_list":{"0":"post-47551","1":"post","2":"type-post","3":"status-publish","4":"format-standard","6":"category-a","7":"category-metkovic-dolina","8":"tag-blagdan-sv-mihovila","9":"tag-dan-policije","10":"tag-metkovic"},"yoast_head":"<!-- This site is optimized with the Yoast SEO plugin v25.2 - https:\/\/yoast.com\/wordpress\/plugins\/seo\/ -->\n<title>Policija proslavila svoj Dan na Trgu kralja Tomislava<\/title>\n<meta name=\"description\" content=\"Blagdan sv. Mihovila je i Dan policije. Tom prigodom su polo\u017eeni vijenci kod Spomenika poginulim braniteljima i javno na Trgu izlo\u017eena sredstva i oprema.\" \/>\n<meta name=\"robots\" content=\"index, follow, max-snippet:-1, max-image-preview:large, max-video-preview:-1\" \/>\n<link rel=\"canonical\" href=\"https:\/\/likemetkovic.hr\/policija-proslavila-svoj-dan-trgu-kralja-tomislava\/\" \/>\n<meta property=\"og:locale\" content=\"hr_HR\" \/>\n<meta property=\"og:type\" content=\"article\" \/>\n<meta property=\"og:title\" content=\"Policija proslavila svoj Dan na Trgu kralja Tomislava\" \/>\n<meta property=\"og:description\" content=\"Blagdan sv. Mihovila je i Dan policije. Tom prigodom su polo\u017eeni vijenci kod Spomenika poginulim braniteljima i javno na Trgu izlo\u017eena sredstva i oprema.\" \/>\n<meta property=\"og:url\" content=\"https:\/\/likemetkovic.hr\/policija-proslavila-svoj-dan-trgu-kralja-tomislava\/\" \/>\n<meta property=\"og:site_name\" content=\"likemetkovic.hr\" \/>\n<meta property=\"article:publisher\" content=\"https:\/\/www.facebook.com\/likemetkovic.hr\/\" \/>\n<meta property=\"article:published_time\" content=\"2017-09-29T16:46:19+00:00\" \/>\n<meta property=\"article:modified_time\" content=\"2018-06-08T07:16:27+00:00\" \/>\n<meta property=\"og:image\" content=\"https:\/\/likemetkovic.hr\/wp-content\/uploads\/2017\/09\/Policija-005-634x420.jpg\" \/>\n<meta name=\"author\" content=\"LIKEmetkovic.hr\" \/>\n<meta name=\"twitter:card\" content=\"summary_large_image\" \/>\n<meta name=\"twitter:label1\" content=\"Napisao\/la\" \/>\n\t<meta name=\"twitter:data1\" content=\"LIKEmetkovic.hr\" \/>\n<script type=\"application\/ld+json\" class=\"yoast-schema-graph\">{\"@context\":\"https:\/\/schema.org\",\"@graph\":[{\"@type\":\"WebPage\",\"@id\":\"https:\/\/likemetkovic.hr\/policija-proslavila-svoj-dan-trgu-kralja-tomislava\/\",\"url\":\"https:\/\/likemetkovic.hr\/policija-proslavila-svoj-dan-trgu-kralja-tomislava\/\",\"name\":\"Policija proslavila svoj Dan na Trgu kralja Tomislava\",\"isPartOf\":{\"@id\":\"https:\/\/likemetkovic.hr\/#website\"},\"datePublished\":\"2017-09-29T16:46:19+00:00\",\"dateModified\":\"2018-06-08T07:16:27+00:00\",\"author\":{\"@id\":\"https:\/\/likemetkovic.hr\/#\/schema\/person\/a42711f3385a0e2be6f7e0443bfb28f0\"},\"description\":\"Blagdan sv. Mihovila je i Dan policije. Tom prigodom su polo\u017eeni vijenci kod Spomenika poginulim braniteljima i javno na Trgu izlo\u017eena sredstva i oprema.\",\"breadcrumb\":{\"@id\":\"https:\/\/likemetkovic.hr\/policija-proslavila-svoj-dan-trgu-kralja-tomislava\/#breadcrumb\"},\"inLanguage\":\"hr\",\"potentialAction\":[{\"@type\":\"ReadAction\",\"target\":[\"https:\/\/likemetkovic.hr\/policija-proslavila-svoj-dan-trgu-kralja-tomislava\/\"]}]},{\"@type\":\"BreadcrumbList\",\"@id\":\"https:\/\/likemetkovic.hr\/policija-proslavila-svoj-dan-trgu-kralja-tomislava\/#breadcrumb\",\"itemListElement\":[{\"@type\":\"ListItem\",\"position\":1,\"name\":\"Po\u010detna stranica\",\"item\":\"https:\/\/likemetkovic.hr\/portal\/\"},{\"@type\":\"ListItem\",\"position\":2,\"name\":\"Policija proslavila svoj Dan na Trgu kralja Tomislava\"}]},{\"@type\":\"WebSite\",\"@id\":\"https:\/\/likemetkovic.hr\/#website\",\"url\":\"https:\/\/likemetkovic.hr\/\",\"name\":\"likemetkovic.hr\",\"description\":\"Misli pozitivno... \u010ditaj LIKE\",\"potentialAction\":[{\"@type\":\"SearchAction\",\"target\":{\"@type\":\"EntryPoint\",\"urlTemplate\":\"https:\/\/likemetkovic.hr\/?s={search_term_string}\"},\"query-input\":{\"@type\":\"PropertyValueSpecification\",\"valueRequired\":true,\"valueName\":\"search_term_string\"}}],\"inLanguage\":\"hr\"},{\"@type\":\"Person\",\"@id\":\"https:\/\/likemetkovic.hr\/#\/schema\/person\/a42711f3385a0e2be6f7e0443bfb28f0\",\"name\":\"LIKEmetkovic.hr\",\"sameAs\":[\"http:\/\/likemetkovic.hr\"],\"url\":\"https:\/\/likemetkovic.hr\/portal\/author\/likemetkovic-hr\/\"}]}<\/script>\n<!-- \/ Yoast SEO plugin. -->","yoast_head_json":{"title":"Policija proslavila svoj Dan na Trgu kralja Tomislava","description":"Blagdan sv. Mihovila je i Dan policije. Tom prigodom su polo\u017eeni vijenci kod Spomenika poginulim braniteljima i javno na Trgu izlo\u017eena sredstva i oprema.","robots":{"index":"index","follow":"follow","max-snippet":"max-snippet:-1","max-image-preview":"max-image-preview:large","max-video-preview":"max-video-preview:-1"},"canonical":"https:\/\/likemetkovic.hr\/policija-proslavila-svoj-dan-trgu-kralja-tomislava\/","og_locale":"hr_HR","og_type":"article","og_title":"Policija proslavila svoj Dan na Trgu kralja Tomislava","og_description":"Blagdan sv. Mihovila je i Dan policije. Tom prigodom su polo\u017eeni vijenci kod Spomenika poginulim braniteljima i javno na Trgu izlo\u017eena sredstva i oprema.","og_url":"https:\/\/likemetkovic.hr\/policija-proslavila-svoj-dan-trgu-kralja-tomislava\/","og_site_name":"likemetkovic.hr","article_publisher":"https:\/\/www.facebook.com\/likemetkovic.hr\/","article_published_time":"2017-09-29T16:46:19+00:00","article_modified_time":"2018-06-08T07:16:27+00:00","og_image":[{"url":"https:\/\/likemetkovic.hr\/wp-content\/uploads\/2017\/09\/Policija-005-634x420.jpg","type":"","width":"","height":""}],"author":"LIKEmetkovic.hr","twitter_card":"summary_large_image","twitter_misc":{"Napisao\/la":"LIKEmetkovic.hr"},"schema":{"@context":"https:\/\/schema.org","@graph":[{"@type":"WebPage","@id":"https:\/\/likemetkovic.hr\/policija-proslavila-svoj-dan-trgu-kralja-tomislava\/","url":"https:\/\/likemetkovic.hr\/policija-proslavila-svoj-dan-trgu-kralja-tomislava\/","name":"Policija proslavila svoj Dan na Trgu kralja Tomislava","isPartOf":{"@id":"https:\/\/likemetkovic.hr\/#website"},"datePublished":"2017-09-29T16:46:19+00:00","dateModified":"2018-06-08T07:16:27+00:00","author":{"@id":"https:\/\/likemetkovic.hr\/#\/schema\/person\/a42711f3385a0e2be6f7e0443bfb28f0"},"description":"Blagdan sv. Mihovila je i Dan policije. Tom prigodom su polo\u017eeni vijenci kod Spomenika poginulim braniteljima i javno na Trgu izlo\u017eena sredstva i oprema.","breadcrumb":{"@id":"https:\/\/likemetkovic.hr\/policija-proslavila-svoj-dan-trgu-kralja-tomislava\/#breadcrumb"},"inLanguage":"hr","potentialAction":[{"@type":"ReadAction","target":["https:\/\/likemetkovic.hr\/policija-proslavila-svoj-dan-trgu-kralja-tomislava\/"]}]},{"@type":"BreadcrumbList","@id":"https:\/\/likemetkovic.hr\/policija-proslavila-svoj-dan-trgu-kralja-tomislava\/#breadcrumb","itemListElement":[{"@type":"ListItem","position":1,"name":"Po\u010detna stranica","item":"https:\/\/likemetkovic.hr\/portal\/"},{"@type":"ListItem","position":2,"name":"Policija proslavila svoj Dan na Trgu kralja Tomislava"}]},{"@type":"WebSite","@id":"https:\/\/likemetkovic.hr\/#website","url":"https:\/\/likemetkovic.hr\/","name":"likemetkovic.hr","description":"Misli pozitivno... \u010ditaj LIKE","potentialAction":[{"@type":"SearchAction","target":{"@type":"EntryPoint","urlTemplate":"https:\/\/likemetkovic.hr\/?s={search_term_string}"},"query-input":{"@type":"PropertyValueSpecification","valueRequired":true,"valueName":"search_term_string"}}],"inLanguage":"hr"},{"@type":"Person","@id":"https:\/\/likemetkovic.hr\/#\/schema\/person\/a42711f3385a0e2be6f7e0443bfb28f0","name":"LIKEmetkovic.hr","sameAs":["http:\/\/likemetkovic.hr"],"url":"https:\/\/likemetkovic.hr\/portal\/author\/likemetkovic-hr\/"}]}},"_links":{"self":[{"href":"https:\/\/likemetkovic.hr\/portal\/wp-json\/wp\/v2\/posts\/47551","targetHints":{"allow":["GET"]}}],"collection":[{"href":"https:\/\/likemetkovic.hr\/portal\/wp-json\/wp\/v2\/posts"}],"about":[{"href":"https:\/\/likemetkovic.hr\/portal\/wp-json\/wp\/v2\/types\/post"}],"author":[{"embeddable":true,"href":"https:\/\/likemetkovic.hr\/portal\/wp-json\/wp\/v2\/users\/7"}],"replies":[{"embeddable":true,"href":"https:\/\/likemetkovic.hr\/portal\/wp-json\/wp\/v2\/comments?post=47551"}],"version-history":[{"count":0,"href":"https:\/\/likemetkovic.hr\/portal\/wp-json\/wp\/v2\/posts\/47551\/revisions"}],"wp:attachment":[{"href":"https:\/\/likemetkovic.hr\/portal\/wp-json\/wp\/v2\/media?parent=47551"}],"wp:term":[{"taxonomy":"category","embeddable":true,"href":"https:\/\/likemetkovic.hr\/portal\/wp-json\/wp\/v2\/categories?post=47551"},{"taxonomy":"post_tag","embeddable":true,"href":"https:\/\/likemetkovic.hr\/portal\/wp-json\/wp\/v2\/tags?post=47551"}],"curies":[{"name":"wp","href":"https:\/\/api.w.org\/{rel}","templated":true}]}}