{"id":47643,"date":"2017-10-01T21:23:06","date_gmt":"2017-10-01T19:23:06","guid":{"rendered":"http:\/\/likemetkovic.hr\/?p=47643"},"modified":"2017-10-01T21:23:06","modified_gmt":"2017-10-01T19:23:06","slug":"fra-kristijan-silic-se-oprostio-zupljana-zupe-sv-ilije","status":"publish","type":"post","link":"https:\/\/likemetkovic.hr\/portal\/fra-kristijan-silic-se-oprostio-zupljana-zupe-sv-ilije\/","title":{"rendered":"Fra Kristijan \u0160ili\u0107 se oprostio od \u017eupljana \u017dupe sv. Ilije"},"content":{"rendered":"<p>Mnoge je danas iznenadila vijest da nam odlazi fra Kristijan. Naime, prije nekoliko tjedana uprava Provincije Presvetog Otkupitelja donijela je odluku da fra Kristijan \u0160ili\u0107, \u017eupni vikar u \u017eupi sv. Ilije Mekovi\u0107, prije\u0111e na novu du\u017enosti u Hrvatsku katoli\u010dku misiju u Frankfurtu.<\/p>\n<p>Danas je tijekom nedjeljnih sv. misa \u017eupnik fra Ante Bilokapi\u0107 obavijestio \u017eupljane o odlasku fra Kristijana na novu slu\u017ebu. Zahvalio mu se na njegovu predanom radu te rekao da \u0107emo ga pamtiti po lijepoj pjesmi i susretljivosti koju su mnogi mogli osjetiti. Pri tome je navjestio da uskoro mo\u017eemo o\u010dekivati dolazak novog fratra u \u017eupu., vjerojatno \u0111akona.<\/p>\n<p>Fra Kristijan se svima zahvalio te rekao:\u00a0<em>Bilo mi je lijepo u Metkovi\u0107u, osje\u0107ao sam se kao kod ku\u0107e. Evo, sada me Gospodin \u0161alje u drugi vinograd.<\/em><\/p>\n<p>Fra Krisitjanu \u017eelimo puno uspjeha i obilje Bo\u017ejeg blagoslova i neka ne zaboravi Neretvu i Metkovi\u0107 gdje je zapo\u010deo svoj sve\u0107eni\u010dki \u017eivot u slu\u017ebi \u017eupnog vikara \u017dupe sv. Ilije.<\/p>\n","protected":false},"excerpt":{"rendered":"<p>Mnoge je danas iznenadila vijest da nam odlazi fra Kristijan. Naime, prije nekoliko tjedana uprava Provincije Presvetog Otkupitelja donijela je odluku da fra Kristijan \u0160ili\u0107, \u017eupni vikar u \u017eupi sv. Ilije Mekovi\u0107, prije\u0111e na novu du\u017enosti u Hrvatsku katoli\u010dku misiju u Frankfurtu. Danas je tijekom nedjeljnih sv. misa \u017eupnik fra Ante Bilokapi\u0107 obavijestio \u017eupljane o [&hellip;]<\/p>\n","protected":false},"author":7,"featured_media":46874,"comment_status":"open","ping_status":"open","sticky":false,"template":"","format":"standard","meta":{"footnotes":""},"categories":[296,27],"tags":[1292,1489,380,1488],"class_list":{"0":"post-47643","1":"post","2":"type-post","3":"status-publish","4":"format-standard","5":"has-post-thumbnail","7":"category-ab","8":"category-vjera-i-zivot","9":"tag-fra-kristijan-silic","10":"tag-hkm-frankfurt","11":"tag-metkovic","12":"tag-zupa-sv-ilije"},"yoast_head":"<!-- This site is optimized with the Yoast SEO plugin v25.2 - https:\/\/yoast.com\/wordpress\/plugins\/seo\/ -->\n<title>Fra Kristijan \u0160ili\u0107 se oprostio od \u017eupljana \u017dupe sv. Ilije - likemetkovic.hr<\/title>\n<meta name=\"robots\" content=\"index, follow, max-snippet:-1, max-image-preview:large, max-video-preview:-1\" \/>\n<link rel=\"canonical\" href=\"https:\/\/likemetkovic.hr\/fra-kristijan-silic-se-oprostio-zupljana-zupe-sv-ilije\/\" \/>\n<meta property=\"og:locale\" content=\"hr_HR\" \/>\n<meta property=\"og:type\" content=\"article\" \/>\n<meta property=\"og:title\" content=\"Fra Kristijan \u0160ili\u0107 se oprostio od \u017eupljana \u017dupe sv. Ilije - likemetkovic.hr\" \/>\n<meta property=\"og:description\" content=\"Mnoge je danas iznenadila vijest da nam odlazi fra Kristijan. Naime, prije nekoliko tjedana uprava Provincije Presvetog Otkupitelja donijela je odluku da fra Kristijan \u0160ili\u0107, \u017eupni vikar u \u017eupi sv. Ilije Mekovi\u0107, prije\u0111e na novu du\u017enosti u Hrvatsku katoli\u010dku misiju u Frankfurtu. Danas je tijekom nedjeljnih sv. misa \u017eupnik fra Ante Bilokapi\u0107 obavijestio \u017eupljane o [&hellip;]\" \/>\n<meta property=\"og:url\" content=\"https:\/\/likemetkovic.hr\/fra-kristijan-silic-se-oprostio-zupljana-zupe-sv-ilije\/\" \/>\n<meta property=\"og:site_name\" content=\"likemetkovic.hr\" \/>\n<meta property=\"article:publisher\" content=\"https:\/\/www.facebook.com\/likemetkovic.hr\/\" \/>\n<meta property=\"article:published_time\" content=\"2017-10-01T19:23:06+00:00\" \/>\n<meta property=\"og:image\" content=\"https:\/\/likemetkovic.hr\/wp-content\/uploads\/2017\/09\/blagoslov-\u0161kola-13.jpg\" \/>\n\t<meta property=\"og:image:width\" content=\"900\" \/>\n\t<meta property=\"og:image:height\" content=\"600\" \/>\n\t<meta property=\"og:image:type\" content=\"image\/jpeg\" \/>\n<meta name=\"author\" content=\"LIKEmetkovic.hr\" \/>\n<meta name=\"twitter:card\" content=\"summary_large_image\" \/>\n<meta name=\"twitter:label1\" content=\"Napisao\/la\" \/>\n\t<meta name=\"twitter:data1\" content=\"LIKEmetkovic.hr\" \/>\n\t<meta name=\"twitter:label2\" content=\"Procijenjeno vrijeme \u010ditanja\" \/>\n\t<meta name=\"twitter:data2\" content=\"1 minuta\" \/>\n<script type=\"application\/ld+json\" class=\"yoast-schema-graph\">{\"@context\":\"https:\/\/schema.org\",\"@graph\":[{\"@type\":\"WebPage\",\"@id\":\"https:\/\/likemetkovic.hr\/fra-kristijan-silic-se-oprostio-zupljana-zupe-sv-ilije\/\",\"url\":\"https:\/\/likemetkovic.hr\/fra-kristijan-silic-se-oprostio-zupljana-zupe-sv-ilije\/\",\"name\":\"Fra Kristijan \u0160ili\u0107 se oprostio od \u017eupljana \u017dupe sv. Ilije - likemetkovic.hr\",\"isPartOf\":{\"@id\":\"https:\/\/likemetkovic.hr\/#website\"},\"primaryImageOfPage\":{\"@id\":\"https:\/\/likemetkovic.hr\/fra-kristijan-silic-se-oprostio-zupljana-zupe-sv-ilije\/#primaryimage\"},\"image\":{\"@id\":\"https:\/\/likemetkovic.hr\/fra-kristijan-silic-se-oprostio-zupljana-zupe-sv-ilije\/#primaryimage\"},\"thumbnailUrl\":\"https:\/\/likemetkovic.hr\/portal\/wp-content\/uploads\/2017\/09\/blagoslov-\u0161kola-13.jpg\",\"datePublished\":\"2017-10-01T19:23:06+00:00\",\"author\":{\"@id\":\"https:\/\/likemetkovic.hr\/#\/schema\/person\/a42711f3385a0e2be6f7e0443bfb28f0\"},\"breadcrumb\":{\"@id\":\"https:\/\/likemetkovic.hr\/fra-kristijan-silic-se-oprostio-zupljana-zupe-sv-ilije\/#breadcrumb\"},\"inLanguage\":\"hr\",\"potentialAction\":[{\"@type\":\"ReadAction\",\"target\":[\"https:\/\/likemetkovic.hr\/fra-kristijan-silic-se-oprostio-zupljana-zupe-sv-ilije\/\"]}]},{\"@type\":\"ImageObject\",\"inLanguage\":\"hr\",\"@id\":\"https:\/\/likemetkovic.hr\/fra-kristijan-silic-se-oprostio-zupljana-zupe-sv-ilije\/#primaryimage\",\"url\":\"https:\/\/likemetkovic.hr\/portal\/wp-content\/uploads\/2017\/09\/blagoslov-\u0161kola-13.jpg\",\"contentUrl\":\"https:\/\/likemetkovic.hr\/portal\/wp-content\/uploads\/2017\/09\/blagoslov-\u0161kola-13.jpg\",\"width\":900,\"height\":600},{\"@type\":\"BreadcrumbList\",\"@id\":\"https:\/\/likemetkovic.hr\/fra-kristijan-silic-se-oprostio-zupljana-zupe-sv-ilije\/#breadcrumb\",\"itemListElement\":[{\"@type\":\"ListItem\",\"position\":1,\"name\":\"Po\u010detna stranica\",\"item\":\"https:\/\/likemetkovic.hr\/portal\/\"},{\"@type\":\"ListItem\",\"position\":2,\"name\":\"Fra Kristijan \u0160ili\u0107 se oprostio od \u017eupljana \u017dupe sv. Ilije\"}]},{\"@type\":\"WebSite\",\"@id\":\"https:\/\/likemetkovic.hr\/#website\",\"url\":\"https:\/\/likemetkovic.hr\/\",\"name\":\"likemetkovic.hr\",\"description\":\"Misli pozitivno... \u010ditaj LIKE\",\"potentialAction\":[{\"@type\":\"SearchAction\",\"target\":{\"@type\":\"EntryPoint\",\"urlTemplate\":\"https:\/\/likemetkovic.hr\/?s={search_term_string}\"},\"query-input\":{\"@type\":\"PropertyValueSpecification\",\"valueRequired\":true,\"valueName\":\"search_term_string\"}}],\"inLanguage\":\"hr\"},{\"@type\":\"Person\",\"@id\":\"https:\/\/likemetkovic.hr\/#\/schema\/person\/a42711f3385a0e2be6f7e0443bfb28f0\",\"name\":\"LIKEmetkovic.hr\",\"sameAs\":[\"http:\/\/likemetkovic.hr\"],\"url\":\"https:\/\/likemetkovic.hr\/portal\/author\/likemetkovic-hr\/\"}]}<\/script>\n<!-- \/ Yoast SEO plugin. -->","yoast_head_json":{"title":"Fra Kristijan \u0160ili\u0107 se oprostio od \u017eupljana \u017dupe sv. Ilije - likemetkovic.hr","robots":{"index":"index","follow":"follow","max-snippet":"max-snippet:-1","max-image-preview":"max-image-preview:large","max-video-preview":"max-video-preview:-1"},"canonical":"https:\/\/likemetkovic.hr\/fra-kristijan-silic-se-oprostio-zupljana-zupe-sv-ilije\/","og_locale":"hr_HR","og_type":"article","og_title":"Fra Kristijan \u0160ili\u0107 se oprostio od \u017eupljana \u017dupe sv. Ilije - likemetkovic.hr","og_description":"Mnoge je danas iznenadila vijest da nam odlazi fra Kristijan. Naime, prije nekoliko tjedana uprava Provincije Presvetog Otkupitelja donijela je odluku da fra Kristijan \u0160ili\u0107, \u017eupni vikar u \u017eupi sv. Ilije Mekovi\u0107, prije\u0111e na novu du\u017enosti u Hrvatsku katoli\u010dku misiju u Frankfurtu. Danas je tijekom nedjeljnih sv. misa \u017eupnik fra Ante Bilokapi\u0107 obavijestio \u017eupljane o [&hellip;]","og_url":"https:\/\/likemetkovic.hr\/fra-kristijan-silic-se-oprostio-zupljana-zupe-sv-ilije\/","og_site_name":"likemetkovic.hr","article_publisher":"https:\/\/www.facebook.com\/likemetkovic.hr\/","article_published_time":"2017-10-01T19:23:06+00:00","og_image":[{"width":900,"height":600,"url":"https:\/\/likemetkovic.hr\/wp-content\/uploads\/2017\/09\/blagoslov-\u0161kola-13.jpg","type":"image\/jpeg"}],"author":"LIKEmetkovic.hr","twitter_card":"summary_large_image","twitter_misc":{"Napisao\/la":"LIKEmetkovic.hr","Procijenjeno vrijeme \u010ditanja":"1 minuta"},"schema":{"@context":"https:\/\/schema.org","@graph":[{"@type":"WebPage","@id":"https:\/\/likemetkovic.hr\/fra-kristijan-silic-se-oprostio-zupljana-zupe-sv-ilije\/","url":"https:\/\/likemetkovic.hr\/fra-kristijan-silic-se-oprostio-zupljana-zupe-sv-ilije\/","name":"Fra Kristijan \u0160ili\u0107 se oprostio od \u017eupljana \u017dupe sv. Ilije - likemetkovic.hr","isPartOf":{"@id":"https:\/\/likemetkovic.hr\/#website"},"primaryImageOfPage":{"@id":"https:\/\/likemetkovic.hr\/fra-kristijan-silic-se-oprostio-zupljana-zupe-sv-ilije\/#primaryimage"},"image":{"@id":"https:\/\/likemetkovic.hr\/fra-kristijan-silic-se-oprostio-zupljana-zupe-sv-ilije\/#primaryimage"},"thumbnailUrl":"https:\/\/likemetkovic.hr\/portal\/wp-content\/uploads\/2017\/09\/blagoslov-\u0161kola-13.jpg","datePublished":"2017-10-01T19:23:06+00:00","author":{"@id":"https:\/\/likemetkovic.hr\/#\/schema\/person\/a42711f3385a0e2be6f7e0443bfb28f0"},"breadcrumb":{"@id":"https:\/\/likemetkovic.hr\/fra-kristijan-silic-se-oprostio-zupljana-zupe-sv-ilije\/#breadcrumb"},"inLanguage":"hr","potentialAction":[{"@type":"ReadAction","target":["https:\/\/likemetkovic.hr\/fra-kristijan-silic-se-oprostio-zupljana-zupe-sv-ilije\/"]}]},{"@type":"ImageObject","inLanguage":"hr","@id":"https:\/\/likemetkovic.hr\/fra-kristijan-silic-se-oprostio-zupljana-zupe-sv-ilije\/#primaryimage","url":"https:\/\/likemetkovic.hr\/portal\/wp-content\/uploads\/2017\/09\/blagoslov-\u0161kola-13.jpg","contentUrl":"https:\/\/likemetkovic.hr\/portal\/wp-content\/uploads\/2017\/09\/blagoslov-\u0161kola-13.jpg","width":900,"height":600},{"@type":"BreadcrumbList","@id":"https:\/\/likemetkovic.hr\/fra-kristijan-silic-se-oprostio-zupljana-zupe-sv-ilije\/#breadcrumb","itemListElement":[{"@type":"ListItem","position":1,"name":"Po\u010detna stranica","item":"https:\/\/likemetkovic.hr\/portal\/"},{"@type":"ListItem","position":2,"name":"Fra Kristijan \u0160ili\u0107 se oprostio od \u017eupljana \u017dupe sv. Ilije"}]},{"@type":"WebSite","@id":"https:\/\/likemetkovic.hr\/#website","url":"https:\/\/likemetkovic.hr\/","name":"likemetkovic.hr","description":"Misli pozitivno... \u010ditaj LIKE","potentialAction":[{"@type":"SearchAction","target":{"@type":"EntryPoint","urlTemplate":"https:\/\/likemetkovic.hr\/?s={search_term_string}"},"query-input":{"@type":"PropertyValueSpecification","valueRequired":true,"valueName":"search_term_string"}}],"inLanguage":"hr"},{"@type":"Person","@id":"https:\/\/likemetkovic.hr\/#\/schema\/person\/a42711f3385a0e2be6f7e0443bfb28f0","name":"LIKEmetkovic.hr","sameAs":["http:\/\/likemetkovic.hr"],"url":"https:\/\/likemetkovic.hr\/portal\/author\/likemetkovic-hr\/"}]}},"_links":{"self":[{"href":"https:\/\/likemetkovic.hr\/portal\/wp-json\/wp\/v2\/posts\/47643","targetHints":{"allow":["GET"]}}],"collection":[{"href":"https:\/\/likemetkovic.hr\/portal\/wp-json\/wp\/v2\/posts"}],"about":[{"href":"https:\/\/likemetkovic.hr\/portal\/wp-json\/wp\/v2\/types\/post"}],"author":[{"embeddable":true,"href":"https:\/\/likemetkovic.hr\/portal\/wp-json\/wp\/v2\/users\/7"}],"replies":[{"embeddable":true,"href":"https:\/\/likemetkovic.hr\/portal\/wp-json\/wp\/v2\/comments?post=47643"}],"version-history":[{"count":0,"href":"https:\/\/likemetkovic.hr\/portal\/wp-json\/wp\/v2\/posts\/47643\/revisions"}],"wp:featuredmedia":[{"embeddable":true,"href":"https:\/\/likemetkovic.hr\/portal\/wp-json\/wp\/v2\/media\/46874"}],"wp:attachment":[{"href":"https:\/\/likemetkovic.hr\/portal\/wp-json\/wp\/v2\/media?parent=47643"}],"wp:term":[{"taxonomy":"category","embeddable":true,"href":"https:\/\/likemetkovic.hr\/portal\/wp-json\/wp\/v2\/categories?post=47643"},{"taxonomy":"post_tag","embeddable":true,"href":"https:\/\/likemetkovic.hr\/portal\/wp-json\/wp\/v2\/tags?post=47643"}],"curies":[{"name":"wp","href":"https:\/\/api.w.org\/{rel}","templated":true}]}}